{"id":93515,"date":"2021-02-12T13:00:02","date_gmt":"2021-02-12T18:00:02","guid":{"rendered":"https:\/\/graziamagazine.com\/mx\/?post_type=articles&#038;p=93515"},"modified":"2021-02-15T09:22:36","modified_gmt":"2021-02-15T14:22:36","slug":"este-san-valentin-2021-queremos-celebrar-contigo-el-amor-propio","status":"publish","type":"articles","link":"https:\/\/graziamagazine.com\/mx\/articles\/este-san-valentin-2021-queremos-celebrar-contigo-el-amor-propio\/","title":{"rendered":"Este San Valent\u00edn 2021 queremos celebrar contigo el amor propio"},"content":{"rendered":"<p>Muchas veces parece que, con la llegada de San Valent\u00edn, nos damos cuenta m\u00e1s que nunca de la importancia del amor, pero casi siempre se trata ese amor entendido entre la pareja, sea del sexo que sea. Muy pocas veces en ese 14 de febrero mencionamos un amor que es s\u00faper importante, no solo ese d\u00eda, cada d\u00eda de nuestra vida. Estamos hablando del amor propio, un amor hacia nosotros mismos<\/p>\n<p>Si tenemos en cuenta a la <strong>Real Academia de la Lengua Espa\u00f1ola<\/strong>, \u00e9sta define el amor propio de dos maneras. Por un lado encontramos que es un &#8220;<em>amor que alguien se profesa a s\u00ed mismo, y especialmente a su prestigio<\/em>&#8220;, y por otro un &#8220;<em>af\u00e1n de mejorar la propia actuaci\u00f3n<\/em>&#8220;.<\/p>\n<p>Sabemos que hay muchas maneras de definir el amor propio, y que para cada persona es una cosa diferente y trabaja en ello para encontrarlo o conseguirlo, pero <strong>desde el equipo de Grazia M\u00e9xico y Latinoam\u00e9rica hemos querido compartir con nuestros lectores qu\u00e9 es el amor propio para cada uno de lo que lo formamos<\/strong>. Aqu\u00ed te lo compartimos con mucho amor.<\/p>\n<p><strong>\u00a1Feliz San Valent\u00edn con mucho amor propio!\u00a0<\/strong><\/p>\n<h3>Toni Salamanca, Director Editorial<\/h3>\n<blockquote><p>Quererme a m\u00ed es lo mejor que me ha pasado, y <strong>me tom\u00f3 tiempo, no es algo instant\u00e1neo<\/strong>. Si no me quisiera, no podr\u00eda empezar nada, absolutamente nada. Es a partir de que me caigo bien, <strong>me gusto, me divierto, me respeto, me pienso, me conozco<\/strong>, me la paso bien conmigo misma que puedo amarme y por tanto amar a los dem\u00e1s. Eso no quiere decir que sea perfecta y que no trabaje en mis defectos, o que ya me conozca tan bien que me aburra o deje de sorprenderme una parte nueva o una acci\u00f3n impredecible de m\u00ed; quiere decir que a partir de mi propia aceptaci\u00f3n y de <strong>estar en paz conmigo en mi propia soledad<\/strong>, es m\u00e1s f\u00e1cil compartir y ver la vida. Es saber que tenerme, es suficiente.<\/p><\/blockquote>\n<h3>Eduardo Scheffler Zawadzki, Director Digital<\/h3>\n<blockquote><p>Amor propio <strong>es escuchar, entender y aceptar la voz que llevas dentro<\/strong>. Es priorizar tus necesidades y darte a respetar; comprender que mientras no est\u00e9s bien contigo mismo, jam\u00e1s estar\u00e1s bien con los dem\u00e1s. Amor propio <strong>es perdonarte cuando hayas fallado<\/strong> para darte siempre una nueva oportunidad.<\/p><\/blockquote>\n<h3>Susy Ogando, Coordinadora print<\/h3>\n<blockquote><p>Amor propio es <strong>quererte y respetarte primero a ti misma<\/strong>, para poder aplicarlo en los dem\u00e1s<\/p><\/blockquote>\n<h3>Mariana beraldi, operaciones<\/h3>\n<blockquote><p>El amor propio es conocerme, aceptarme y quererme. Sentirte orgullosa de tus logros, de tu autenticidad, <strong>ser capaz de divertirte estando contigo misma, de valorarte y disfrutarte<\/strong>. Siempre puedes compartir qui\u00e9n eres contigo, pero nunca permitir ser qui\u00e9n no eres para agradarle a los dem\u00e1s. \u00a1Eres \u00fanica e irrepetible!<\/p><\/blockquote>\n<h3>Ruth Mart\u00edn, Editora web<\/h3>\n<blockquote><p>Quererse a uno mismo es una de las tareas m\u00e1s dif\u00edciles que tenemos en la vida, porque es mucho m\u00e1s f\u00e1cil mirar hacia fuera que hacia dentro, y porque habitualmente nos ense\u00f1an a querer a los dem\u00e1s y no a nosotros mismos. El amor propio <strong>es un viaje profundo hacia qui\u00e9n somos y c\u00f3mo somos<\/strong>, con lo bueno y lo malo, aprendiendo sobre todo a respetar la persona que somos y en qui\u00e9n nos hemos convertido con el paso del tiempo. Conseguirlo es trabajar cada d\u00eda para estar en calma y ser libres, sobre todo de nuestras propias exigencias.<\/p><\/blockquote>\n<h3>Valeria Viniegra, Coordinadora digital<\/h3>\n<blockquote><p>El amor propio es aprender de ti, de tus errores y tambi\u00e9n de tus aciertos. <strong>Todos so\u00f1amos con la mejor versi\u00f3n de nosotros mismos, y el amor propio es hacer algo todos los d\u00edas que nos acerque a ella<\/strong>. Es conocerte, tener la fuerza y el coraje de cambiar lo que no te gusta de ti y de tu entorno, aceptarte y crecer contigo. Es dejar de ponerte l\u00edmites por miedo, enfrentarte contigo mismo para ser mejor y hacerte siempre feliz.<\/p><\/blockquote>\n<h3>Salvador \u00c1lvarez, arte digital<\/h3>\n<blockquote><p>Inicias tu d\u00eda y te encuentras con el sentimiento de sentirte tuyo, sentirte c\u00f3modo como cuando abrazas una almohada fresca y suave, <strong>porque te sabes, porque te hueles, porque sabes cada ma\u00f1ana que estar\u00e1s ah\u00ed, con todo y tus buenos o malos d\u00edas o simplemente con tus d\u00edas<\/strong>. Ah\u00ed en ese lugar que siempre ser\u00e1 tuyo tan cambiante como la tierra misma, tan posible como el universo&#8230; Pero siendo siempre <strong>tu hogar, tu santuario, al que a pesar de todo, siempre volver\u00e1s<\/strong>, siempre habitar\u00e1s y abrazar\u00e1s con el amor que aunque no lo sepas siempre te has tenido.<\/p><\/blockquote>\n<h3>Brenda Axotla, redacci\u00f3n web<\/h3>\n<blockquote><p>Si tuviera que elegir una frase que me digo, ser\u00eda &#8220;por suerte, siempre me tengo a m\u00ed&#8221;. Y si tuviera que decirle a alguien c\u00f3mo conseguir ese amor propio, le dir\u00eda &#8220;t\u00f3mate un tiempo para apreciar lo incre\u00edble que eres&#8221;. Un consejo: si buscas un amor que dure eternamente, busca dentro de ti mismo.<\/p><\/blockquote>\n<h3 id=\"MMlp7hO\" class=\"m\">Cynthia Modesto Castro, redacci\u00f3n web<\/h3>\n<blockquote><p>Para m\u00ed el amor propio es no abandonarme. Crec\u00ed con el concepto de que al ser mam\u00e1 \u201cdejas todo por los hijos\u201d, y aunque es cierto en muchos sentidos, yo no me lo tomo literal. Para m\u00ed es importante que mi hija crezca viendo c\u00f3mo su mam\u00e1 sigue haciendo lo que m\u00e1s le gusta: ser periodista, escribir, contar historias. Por eso, aunque la maternidad me ha ofrecido momentos desbordados de felicidad y emociones insuperables &#8211; y tambi\u00e9n demasiados retos &#8211; <strong>no est\u00e1 en mis planes dejar de superarme y crecer profesionalmente<\/strong>. Eso es amor propio para m\u00ed, seguir mis sue\u00f1os a pesar de los estigmas sociales en torno a la maternidad, ser yo misma; regalarme siempre esos <strong>necesarios espacios conmigo misma, a solas<\/strong>, ya sea para escribir o para no hacer nada. De esta manera mi amor propio se convierte en amor para mi hija, para mi pareja, para las dem\u00e1s personas que amo, ya que les transmito mi optimismo, alent\u00e1ndolos todo el tiempo a no abandonar sus sue\u00f1os propios, aunque esos sue\u00f1os contradigan a \u201clo esperado\u201d.<\/p><\/blockquote>\n<h3>Alejandra Olmedo, redacci\u00f3n web<\/h3>\n<blockquote><p>Para m\u00ed el amor propio es la aceptaci\u00f3n hacia nosotros mismos, es <strong>la relaci\u00f3n con nuestro cuerpo y mente<\/strong>. No necesitar que alguien nos diga que somos bellas o que valemos para saberlo, y vivir con ese orgullo de ser qui\u00e9n somos.<\/p><\/blockquote>\n<h3>Mitch Alfaro, redacci\u00f3n web<\/h3>\n<blockquote><p>Para m\u00ed el amor propio es tener ese <strong>balance contigo mismo<\/strong>, sentirte c\u00f3modo con lo que haces y te pones. No restringirte de nada. Para m\u00ed el amor propio es apreciarte cada momento y decirte lo hermosa que eres cada vez que te miras al espejo, y <strong>sentir cada una de tus fibras, aceptarlas y amarlas<\/strong>.<\/p><\/blockquote>\n<p><em><strong>*IMAGEN: Instagram Jennifer Aniston<\/strong><\/em><\/p>\n","protected":false},"author":11636,"featured_media":93527,"template":"","format":"standard","categories":[114],"acf":[],"yoast_head":"<!-- This site is optimized with the Yoast SEO Premium plugin v18.5 (Yoast SEO v20.4) - https:\/\/yoast.com\/wordpress\/plugins\/seo\/ -->\n<title>Este San Valent\u00edn 2021 queremos celebrar contigo el amor propio | Grazia M\u00e9xico y Latinoam\u00e9rica<\/title>\n<meta name=\"description\" content=\"Desde el equipo Grazia M\u00e9xico y Latinoam\u00e9rica nos dimos a la tarea de preguntarnos qu\u00e9 es para cada uno de nosotros qu\u00e9 es el amor propio. \u00a1Aqu\u00ed te lo compartimos!\" \/>\n<meta name=\"robots\" content=\"index, follow, max-snippet:-1, max-image-preview:large, max-video-preview:-1\" \/>\n<link rel=\"canonical\" href=\"https:\/\/graziamagazine.com\/mx\/articles\/este-san-valentin-2021-queremos-celebrar-contigo-el-amor-propio\/\" \/>\n<meta property=\"og:locale\" content=\"es_MX\" \/>\n<meta property=\"og:type\" content=\"article\" \/>\n<meta property=\"og:title\" content=\"Este San Valent\u00edn 2021 queremos celebrar contigo el amor propio\" \/>\n<meta property=\"og:description\" content=\"Desde el equipo Grazia M\u00e9xico y Latinoam\u00e9rica nos dimos a la tarea de preguntarnos qu\u00e9 es para cada uno de nosotros qu\u00e9 es el amor propio. \u00a1Aqu\u00ed te lo compartimos!\" \/>\n<meta property=\"og:url\" content=\"https:\/\/graziamagazine.com\/mx\/articles\/este-san-valentin-2021-queremos-celebrar-contigo-el-amor-propio\/\" \/>\n<meta property=\"og:site_name\" content=\"Grazia M\u00e9xico y Latinoam\u00e9rica\" \/>\n<meta property=\"article:modified_time\" content=\"2021-02-15T14:22:36+00:00\" \/>\n<meta property=\"og:image\" content=\"https:\/\/graziamagazine.com\/mx\/wp-content\/uploads\/sites\/13\/2021\/02\/jenifer_876.jpg?fit=800%2C602\" \/>\n\t<meta property=\"og:image:width\" content=\"800\" \/>\n\t<meta property=\"og:image:height\" content=\"602\" \/>\n\t<meta property=\"og:image:type\" content=\"image\/jpeg\" \/>\n<meta name=\"twitter:card\" content=\"summary_large_image\" \/>\n<meta name=\"twitter:label1\" content=\"Est. reading time\" \/>\n\t<meta name=\"twitter:data1\" content=\"6 minutos\" \/>\n<script type=\"application\/ld+json\" class=\"yoast-schema-graph\">{\"@context\":\"https:\/\/schema.org\",\"@graph\":[{\"@type\":\"WebPage\",\"@id\":\"https:\/\/graziamagazine.com\/mx\/articles\/este-san-valentin-2021-queremos-celebrar-contigo-el-amor-propio\/\",\"url\":\"https:\/\/graziamagazine.com\/mx\/articles\/este-san-valentin-2021-queremos-celebrar-contigo-el-amor-propio\/\",\"name\":\"Este San Valent\u00edn 2021 queremos celebrar contigo el amor propio | Grazia M\u00e9xico y Latinoam\u00e9rica\",\"isPartOf\":{\"@id\":\"https:\/\/graziamagazine.com\/mx\/#website\"},\"datePublished\":\"2021-02-12T18:00:02+00:00\",\"dateModified\":\"2021-02-15T14:22:36+00:00\",\"description\":\"Desde el equipo Grazia M\u00e9xico y Latinoam\u00e9rica nos dimos a la tarea de preguntarnos qu\u00e9 es para cada uno de nosotros qu\u00e9 es el amor propio. \u00a1Aqu\u00ed te lo compartimos!\",\"breadcrumb\":{\"@id\":\"https:\/\/graziamagazine.com\/mx\/articles\/este-san-valentin-2021-queremos-celebrar-contigo-el-amor-propio\/#breadcrumb\"},\"inLanguage\":\"es-MX\",\"potentialAction\":[{\"@type\":\"ReadAction\",\"target\":[\"https:\/\/graziamagazine.com\/mx\/articles\/este-san-valentin-2021-queremos-celebrar-contigo-el-amor-propio\/\"]}]},{\"@type\":\"BreadcrumbList\",\"@id\":\"https:\/\/graziamagazine.com\/mx\/articles\/este-san-valentin-2021-queremos-celebrar-contigo-el-amor-propio\/#breadcrumb\",\"itemListElement\":[{\"@type\":\"ListItem\",\"position\":1,\"name\":\"Home\",\"item\":\"https:\/\/graziamagazine.com\/mx\/\"},{\"@type\":\"ListItem\",\"position\":2,\"name\":\"Este San Valent\u00edn 2021 queremos celebrar contigo el amor propio\"}]},{\"@type\":\"WebSite\",\"@id\":\"https:\/\/graziamagazine.com\/mx\/#website\",\"url\":\"https:\/\/graziamagazine.com\/mx\/\",\"name\":\"Grazia M\u00e9xico y Latinoam\u00e9rica\",\"description\":\"Grazia es moda, belleza y noticias  de actualidad \",\"potentialAction\":[{\"@type\":\"SearchAction\",\"target\":{\"@type\":\"EntryPoint\",\"urlTemplate\":\"https:\/\/graziamagazine.com\/mx\/?s={search_term_string}\"},\"query-input\":\"required name=search_term_string\"}],\"inLanguage\":\"es-MX\"}]}<\/script>\n<!-- \/ Yoast SEO Premium plugin. -->","yoast_head_json":{"title":"Este San Valent\u00edn 2021 queremos celebrar contigo el amor propio | Grazia M\u00e9xico y Latinoam\u00e9rica","description":"Desde el equipo Grazia M\u00e9xico y Latinoam\u00e9rica nos dimos a la tarea de preguntarnos qu\u00e9 es para cada uno de nosotros qu\u00e9 es el amor propio. \u00a1Aqu\u00ed te lo compartimos!","robots":{"index":"index","follow":"follow","max-snippet":"max-snippet:-1","max-image-preview":"max-image-preview:large","max-video-preview":"max-video-preview:-1"},"canonical":"https:\/\/graziamagazine.com\/mx\/articles\/este-san-valentin-2021-queremos-celebrar-contigo-el-amor-propio\/","og_locale":"es_MX","og_type":"article","og_title":"Este San Valent\u00edn 2021 queremos celebrar contigo el amor propio","og_description":"Desde el equipo Grazia M\u00e9xico y Latinoam\u00e9rica nos dimos a la tarea de preguntarnos qu\u00e9 es para cada uno de nosotros qu\u00e9 es el amor propio. \u00a1Aqu\u00ed te lo compartimos!","og_url":"https:\/\/graziamagazine.com\/mx\/articles\/este-san-valentin-2021-queremos-celebrar-contigo-el-amor-propio\/","og_site_name":"Grazia M\u00e9xico y Latinoam\u00e9rica","article_modified_time":"2021-02-15T14:22:36+00:00","og_image":[{"width":800,"height":602,"url":"https:\/\/graziamagazine.com\/mx\/wp-content\/uploads\/sites\/13\/2021\/02\/jenifer_876.jpg?fit=800%2C602","type":"image\/jpeg"}],"twitter_card":"summary_large_image","twitter_misc":{"Est. reading time":"6 minutos"},"schema":{"@context":"https:\/\/schema.org","@graph":[{"@type":"WebPage","@id":"https:\/\/graziamagazine.com\/mx\/articles\/este-san-valentin-2021-queremos-celebrar-contigo-el-amor-propio\/","url":"https:\/\/graziamagazine.com\/mx\/articles\/este-san-valentin-2021-queremos-celebrar-contigo-el-amor-propio\/","name":"Este San Valent\u00edn 2021 queremos celebrar contigo el amor propio | Grazia M\u00e9xico y Latinoam\u00e9rica","isPartOf":{"@id":"https:\/\/graziamagazine.com\/mx\/#website"},"datePublished":"2021-02-12T18:00:02+00:00","dateModified":"2021-02-15T14:22:36+00:00","description":"Desde el equipo Grazia M\u00e9xico y Latinoam\u00e9rica nos dimos a la tarea de preguntarnos qu\u00e9 es para cada uno de nosotros qu\u00e9 es el amor propio. \u00a1Aqu\u00ed te lo compartimos!","breadcrumb":{"@id":"https:\/\/graziamagazine.com\/mx\/articles\/este-san-valentin-2021-queremos-celebrar-contigo-el-amor-propio\/#breadcrumb"},"inLanguage":"es-MX","potentialAction":[{"@type":"ReadAction","target":["https:\/\/graziamagazine.com\/mx\/articles\/este-san-valentin-2021-queremos-celebrar-contigo-el-amor-propio\/"]}]},{"@type":"BreadcrumbList","@id":"https:\/\/graziamagazine.com\/mx\/articles\/este-san-valentin-2021-queremos-celebrar-contigo-el-amor-propio\/#breadcrumb","itemListElement":[{"@type":"ListItem","position":1,"name":"Home","item":"https:\/\/graziamagazine.com\/mx\/"},{"@type":"ListItem","position":2,"name":"Este San Valent\u00edn 2021 queremos celebrar contigo el amor propio"}]},{"@type":"WebSite","@id":"https:\/\/graziamagazine.com\/mx\/#website","url":"https:\/\/graziamagazine.com\/mx\/","name":"Grazia M\u00e9xico y Latinoam\u00e9rica","description":"Grazia es moda, belleza y noticias  de actualidad ","potentialAction":[{"@type":"SearchAction","target":{"@type":"EntryPoint","urlTemplate":"https:\/\/graziamagazine.com\/mx\/?s={search_term_string}"},"query-input":"required name=search_term_string"}],"inLanguage":"es-MX"}]}},"jetpack_sharing_enabled":true,"distributor_meta":false,"distributor_terms":false,"distributor_media":false,"distributor_original_site_name":"Grazia M\u00e9xico y Latinoam\u00e9rica","distributor_original_site_url":"https:\/\/graziamagazine.com\/mx","push-errors":false,"_links":{"self":[{"href":"https:\/\/graziamagazine.com\/mx\/wp-json\/wp\/v2\/articles\/93515"}],"collection":[{"href":"https:\/\/graziamagazine.com\/mx\/wp-json\/wp\/v2\/articles"}],"about":[{"href":"https:\/\/graziamagazine.com\/mx\/wp-json\/wp\/v2\/types\/articles"}],"author":[{"embeddable":true,"href":"https:\/\/graziamagazine.com\/mx\/wp-json\/wp\/v2\/users\/11636"}],"wp:featuredmedia":[{"embeddable":true,"href":"https:\/\/graziamagazine.com\/mx\/wp-json\/wp\/v2\/media\/93527"}],"wp:attachment":[{"href":"https:\/\/graziamagazine.com\/mx\/wp-json\/wp\/v2\/media?parent=93515"}],"wp:term":[{"taxonomy":"category","embeddable":true,"href":"https:\/\/graziamagazine.com\/mx\/wp-json\/wp\/v2\/categories?post=93515"}],"curies":[{"name":"wp","href":"https:\/\/api.w.org\/{rel}","templated":true}]}}