{"id":93468,"date":"2021-02-11T18:06:26","date_gmt":"2021-02-11T23:06:26","guid":{"rendered":"https:\/\/graziamagazine.com\/mx\/?post_type=articles&#038;p=93468"},"modified":"2021-02-11T19:06:35","modified_gmt":"2021-02-12T00:06:35","slug":"google-celebra-a-la-compositora-mexicana-maria-grever-con-un-doodle-especial","status":"publish","type":"articles","link":"https:\/\/graziamagazine.com\/mx\/articles\/google-celebra-a-la-compositora-mexicana-maria-grever-con-un-doodle-especial\/","title":{"rendered":"Google celebra a la compositora mexicana Mar\u00eda Grever con un Doodle especial"},"content":{"rendered":"<p><strong>\u00bfYa conoc\u00edas a Mar\u00eda Grever? <\/strong>Queremos que sepas que fue una exitosa\u00a0cantante y compositora mexicana, quien triunf\u00f3 por su inigualable talento, destac\u00f3 internacionalmente en terrenos exclusivos para el g\u00e9nero masculino y escribi\u00f3 m\u00e1s de 800 \u00e9xitos populares.<\/p>\n<p>Su nombre real es<strong> Mar\u00eda Joaquina de la Portilla Torres<\/strong>, naci\u00f3 en septiembre de 1885 en Le\u00f3n, Guanajuato, y se le considera una de las m\u00e1s grandes compositoras en la historia de nuestro pa\u00eds. Mar\u00eda escribi\u00f3 su primera canci\u00f3n a los 18 a\u00f1os e incursion\u00f3 en m\u00fasica para conciertos, filmes, documentales, poemas sonoros y boleros. <strong>&#8220;Ti-Pi-Tin&#8221; <\/strong>es una de sus piezas m\u00e1s famosas, que artistas como\u00a0Libertad Lamarque, The Andrews Sisters,\u00a0Bing Crosby y\u00a0Eva Ortega, entre otros, interpretaron. Por ella, el famoso\u00a0<em>#GoogleDoodle<\/em>\u00a0le rinde hoy un merecido homenaje y de la mejor manera:<\/p>\n<blockquote class=\"twitter-tweet\" data-width=\"500\" data-dnt=\"true\">\n<p lang=\"es\" dir=\"ltr\">Google rinde homenaje a Mar\u00eda Grever, una de las mejores compositoras y cantantes en la historia musical del pa\u00eds \ud83c\uddf2\ud83c\uddfd\ud83c\udfb5<\/p>\n<p>Produjo cientos de canciones, algunas de ellas interpretadas por artistas como Aretha Franklin y Frank Sinatra \ud83d\ude0d <a href=\"https:\/\/twitter.com\/hashtag\/GoogleDoodle?src=hash&amp;ref_src=twsrc%5Etfw\" target=\"_blank\">#GoogleDoodle<\/a> \u2192 <a href=\"https:\/\/t.co\/mUPcckbFFJ\" target=\"_blank\">https:\/\/t.co\/mUPcckbFFJ<\/a> <a href=\"https:\/\/t.co\/j9aSCK64mB\" target=\"_blank\">pic.twitter.com\/j9aSCK64mB<\/a><\/p>\n<p>&mdash; Google M\u00e9xico (@googlemexico) <a href=\"https:\/\/twitter.com\/googlemexico\/status\/1359955369875951622?ref_src=twsrc%5Etfw\" target=\"_blank\">February 11, 2021<\/a><\/p><\/blockquote>\n<p><script async src=\"https:\/\/platform.twitter.com\/widgets.js\" charset=\"utf-8\"><\/script><\/p>\n<p>De acuerdo con el <i>Instituto Mexicano de la Radio, <\/i>cantantes\u00a0como <strong>Jos\u00e9 Mojica, Andy Russell, Dean Martin, Nicol\u00e1s Urselay, Bobby Darin, Aretha Franklin, Sara Vaughan, Gloria Estefan, Marco Antonio Mu\u00f1iz, Amy Winehouse, Carmela y Rafael, Luis Miguel, Rod Stewart, Jos\u00e9 Carreras, Natalie Cole, Tania Libertad, Javier Sol\u00eds, Natalia Lafourcade y Eugenia Le\u00f3n,<\/strong> entre otros, encabezan la lista de talentos que interpretaron sus canciones.<\/p>\n<p>Tanto en YouTube como en Spotify y Apple Music, puedes escuchar sus m\u00e1s grandes \u00e9xitos y sentirte orgullosa, igual que nosotras.<\/p>\n<h5><em>*IMAGEN: Getty Images<\/em><\/h5>\n","protected":false},"author":11656,"featured_media":93469,"template":"","format":"standard","categories":[114],"acf":[],"yoast_head":"<!-- This site is optimized with the Yoast SEO Premium plugin v18.5 (Yoast SEO v20.4) - https:\/\/yoast.com\/wordpress\/plugins\/seo\/ -->\n<title>Google celebra a la compositora mexicana Mar\u00eda Grever con un Doodle especial | Grazia M\u00e9xico y Latinoam\u00e9rica<\/title>\n<meta name=\"description\" content=\"Hoy la talentosa cantante y compositora mexicana es protagonista en el buscador de Google y te contamos por qu\u00e9. \u00a1Orgullo nacional!\" \/>\n<meta name=\"robots\" content=\"index, follow, max-snippet:-1, max-image-preview:large, max-video-preview:-1\" \/>\n<link rel=\"canonical\" href=\"https:\/\/graziamagazine.com\/mx\/articles\/google-celebra-a-la-compositora-mexicana-maria-grever-con-un-doodle-especial\/\" \/>\n<meta property=\"og:locale\" content=\"es_MX\" \/>\n<meta property=\"og:type\" content=\"article\" \/>\n<meta property=\"og:title\" content=\"Google celebra a la compositora mexicana Mar\u00eda Grever con un Doodle especial\" \/>\n<meta property=\"og:description\" content=\"Hoy la talentosa cantante y compositora mexicana es protagonista en el buscador de Google y te contamos por qu\u00e9. \u00a1Orgullo nacional!\" \/>\n<meta property=\"og:url\" content=\"https:\/\/graziamagazine.com\/mx\/articles\/google-celebra-a-la-compositora-mexicana-maria-grever-con-un-doodle-especial\/\" \/>\n<meta property=\"og:site_name\" content=\"Grazia M\u00e9xico y Latinoam\u00e9rica\" \/>\n<meta property=\"article:modified_time\" content=\"2021-02-12T00:06:35+00:00\" \/>\n<meta property=\"og:image\" content=\"https:\/\/graziamagazine.com\/mx\/wp-content\/uploads\/sites\/13\/2021\/02\/gettyimages-515169392-1024x1024-1.jpg?fit=818%2C461\" \/>\n\t<meta property=\"og:image:width\" content=\"818\" \/>\n\t<meta property=\"og:image:height\" content=\"461\" \/>\n\t<meta property=\"og:image:type\" content=\"image\/jpeg\" \/>\n<meta name=\"twitter:card\" content=\"summary_large_image\" \/>\n<meta name=\"twitter:label1\" content=\"Est. reading time\" \/>\n\t<meta name=\"twitter:data1\" content=\"1 minuto\" \/>\n<script type=\"application\/ld+json\" class=\"yoast-schema-graph\">{\"@context\":\"https:\/\/schema.org\",\"@graph\":[{\"@type\":\"WebPage\",\"@id\":\"https:\/\/graziamagazine.com\/mx\/articles\/google-celebra-a-la-compositora-mexicana-maria-grever-con-un-doodle-especial\/\",\"url\":\"https:\/\/graziamagazine.com\/mx\/articles\/google-celebra-a-la-compositora-mexicana-maria-grever-con-un-doodle-especial\/\",\"name\":\"Google celebra a la compositora mexicana Mar\u00eda Grever con un Doodle especial | Grazia M\u00e9xico y Latinoam\u00e9rica\",\"isPartOf\":{\"@id\":\"https:\/\/graziamagazine.com\/mx\/#website\"},\"datePublished\":\"2021-02-11T23:06:26+00:00\",\"dateModified\":\"2021-02-12T00:06:35+00:00\",\"description\":\"Hoy la talentosa cantante y compositora mexicana es protagonista en el buscador de Google y te contamos por qu\u00e9. \u00a1Orgullo nacional!\",\"breadcrumb\":{\"@id\":\"https:\/\/graziamagazine.com\/mx\/articles\/google-celebra-a-la-compositora-mexicana-maria-grever-con-un-doodle-especial\/#breadcrumb\"},\"inLanguage\":\"es-MX\",\"potentialAction\":[{\"@type\":\"ReadAction\",\"target\":[\"https:\/\/graziamagazine.com\/mx\/articles\/google-celebra-a-la-compositora-mexicana-maria-grever-con-un-doodle-especial\/\"]}]},{\"@type\":\"BreadcrumbList\",\"@id\":\"https:\/\/graziamagazine.com\/mx\/articles\/google-celebra-a-la-compositora-mexicana-maria-grever-con-un-doodle-especial\/#breadcrumb\",\"itemListElement\":[{\"@type\":\"ListItem\",\"position\":1,\"name\":\"Home\",\"item\":\"https:\/\/graziamagazine.com\/mx\/\"},{\"@type\":\"ListItem\",\"position\":2,\"name\":\"Google celebra a la compositora mexicana Mar\u00eda Grever con un Doodle especial\"}]},{\"@type\":\"WebSite\",\"@id\":\"https:\/\/graziamagazine.com\/mx\/#website\",\"url\":\"https:\/\/graziamagazine.com\/mx\/\",\"name\":\"Grazia M\u00e9xico y Latinoam\u00e9rica\",\"description\":\"Grazia es moda, belleza y noticias  de actualidad \",\"potentialAction\":[{\"@type\":\"SearchAction\",\"target\":{\"@type\":\"EntryPoint\",\"urlTemplate\":\"https:\/\/graziamagazine.com\/mx\/?s={search_term_string}\"},\"query-input\":\"required name=search_term_string\"}],\"inLanguage\":\"es-MX\"}]}<\/script>\n<!-- \/ Yoast SEO Premium plugin. -->","yoast_head_json":{"title":"Google celebra a la compositora mexicana Mar\u00eda Grever con un Doodle especial | Grazia M\u00e9xico y Latinoam\u00e9rica","description":"Hoy la talentosa cantante y compositora mexicana es protagonista en el buscador de Google y te contamos por qu\u00e9. \u00a1Orgullo nacional!","robots":{"index":"index","follow":"follow","max-snippet":"max-snippet:-1","max-image-preview":"max-image-preview:large","max-video-preview":"max-video-preview:-1"},"canonical":"https:\/\/graziamagazine.com\/mx\/articles\/google-celebra-a-la-compositora-mexicana-maria-grever-con-un-doodle-especial\/","og_locale":"es_MX","og_type":"article","og_title":"Google celebra a la compositora mexicana Mar\u00eda Grever con un Doodle especial","og_description":"Hoy la talentosa cantante y compositora mexicana es protagonista en el buscador de Google y te contamos por qu\u00e9. \u00a1Orgullo nacional!","og_url":"https:\/\/graziamagazine.com\/mx\/articles\/google-celebra-a-la-compositora-mexicana-maria-grever-con-un-doodle-especial\/","og_site_name":"Grazia M\u00e9xico y Latinoam\u00e9rica","article_modified_time":"2021-02-12T00:06:35+00:00","og_image":[{"width":818,"height":461,"url":"https:\/\/graziamagazine.com\/mx\/wp-content\/uploads\/sites\/13\/2021\/02\/gettyimages-515169392-1024x1024-1.jpg?fit=818%2C461","type":"image\/jpeg"}],"twitter_card":"summary_large_image","twitter_misc":{"Est. reading time":"1 minuto"},"schema":{"@context":"https:\/\/schema.org","@graph":[{"@type":"WebPage","@id":"https:\/\/graziamagazine.com\/mx\/articles\/google-celebra-a-la-compositora-mexicana-maria-grever-con-un-doodle-especial\/","url":"https:\/\/graziamagazine.com\/mx\/articles\/google-celebra-a-la-compositora-mexicana-maria-grever-con-un-doodle-especial\/","name":"Google celebra a la compositora mexicana Mar\u00eda Grever con un Doodle especial | Grazia M\u00e9xico y Latinoam\u00e9rica","isPartOf":{"@id":"https:\/\/graziamagazine.com\/mx\/#website"},"datePublished":"2021-02-11T23:06:26+00:00","dateModified":"2021-02-12T00:06:35+00:00","description":"Hoy la talentosa cantante y compositora mexicana es protagonista en el buscador de Google y te contamos por qu\u00e9. \u00a1Orgullo nacional!","breadcrumb":{"@id":"https:\/\/graziamagazine.com\/mx\/articles\/google-celebra-a-la-compositora-mexicana-maria-grever-con-un-doodle-especial\/#breadcrumb"},"inLanguage":"es-MX","potentialAction":[{"@type":"ReadAction","target":["https:\/\/graziamagazine.com\/mx\/articles\/google-celebra-a-la-compositora-mexicana-maria-grever-con-un-doodle-especial\/"]}]},{"@type":"BreadcrumbList","@id":"https:\/\/graziamagazine.com\/mx\/articles\/google-celebra-a-la-compositora-mexicana-maria-grever-con-un-doodle-especial\/#breadcrumb","itemListElement":[{"@type":"ListItem","position":1,"name":"Home","item":"https:\/\/graziamagazine.com\/mx\/"},{"@type":"ListItem","position":2,"name":"Google celebra a la compositora mexicana Mar\u00eda Grever con un Doodle especial"}]},{"@type":"WebSite","@id":"https:\/\/graziamagazine.com\/mx\/#website","url":"https:\/\/graziamagazine.com\/mx\/","name":"Grazia M\u00e9xico y Latinoam\u00e9rica","description":"Grazia es moda, belleza y noticias  de actualidad ","potentialAction":[{"@type":"SearchAction","target":{"@type":"EntryPoint","urlTemplate":"https:\/\/graziamagazine.com\/mx\/?s={search_term_string}"},"query-input":"required name=search_term_string"}],"inLanguage":"es-MX"}]}},"jetpack_sharing_enabled":true,"distributor_meta":false,"distributor_terms":false,"distributor_media":false,"distributor_original_site_name":"Grazia M\u00e9xico y Latinoam\u00e9rica","distributor_original_site_url":"https:\/\/graziamagazine.com\/mx","push-errors":false,"_links":{"self":[{"href":"https:\/\/graziamagazine.com\/mx\/wp-json\/wp\/v2\/articles\/93468"}],"collection":[{"href":"https:\/\/graziamagazine.com\/mx\/wp-json\/wp\/v2\/articles"}],"about":[{"href":"https:\/\/graziamagazine.com\/mx\/wp-json\/wp\/v2\/types\/articles"}],"author":[{"embeddable":true,"href":"https:\/\/graziamagazine.com\/mx\/wp-json\/wp\/v2\/users\/11656"}],"wp:featuredmedia":[{"embeddable":true,"href":"https:\/\/graziamagazine.com\/mx\/wp-json\/wp\/v2\/media\/93469"}],"wp:attachment":[{"href":"https:\/\/graziamagazine.com\/mx\/wp-json\/wp\/v2\/media?parent=93468"}],"wp:term":[{"taxonomy":"category","embeddable":true,"href":"https:\/\/graziamagazine.com\/mx\/wp-json\/wp\/v2\/categories?post=93468"}],"curies":[{"name":"wp","href":"https:\/\/api.w.org\/{rel}","templated":true}]}}