{"id":93348,"date":"2021-02-09T12:28:11","date_gmt":"2021-02-09T17:28:11","guid":{"rendered":"https:\/\/graziamagazine.com\/mx\/?post_type=articles&#038;p=93348"},"modified":"2021-02-09T14:26:04","modified_gmt":"2021-02-09T19:26:04","slug":"el-principe-enrique-y-james-corden-de-fiesta-en-un-autobus-de-dos-pisos-solo-para-ellos","status":"publish","type":"articles","link":"https:\/\/graziamagazine.com\/mx\/articles\/el-principe-enrique-y-james-corden-de-fiesta-en-un-autobus-de-dos-pisos-solo-para-ellos\/","title":{"rendered":"El Pr\u00edncipe Enrique y James Corden, \u201cde fiesta\u201d en un autob\u00fas de dos pisos solo para ellos"},"content":{"rendered":"<p><span style=\"font-weight: 400\">\u00a1El <\/span><b>Pr\u00edncipe Harry y James Corden<\/b><span style=\"font-weight: 400\"> se reunieron esta semana para divertirse y grabar una c\u00e1psula para <\/span><b><i>Carpool Karaoke<\/i><\/b><span style=\"font-weight: 400\">! Como recordar\u00e1s, este segmento de <\/span><b><i>Late Late Show<\/i><\/b><span style=\"font-weight: 400\"> se grababa en una camioneta, por lo que con estas medidas de sana distancia no es seguro hacerlo en un veh\u00edculo peque\u00f1o. Y entonces, se fueron a lo grande, \u00a1rentando un autob\u00fas de dos pisos para ellos dos!<\/span><\/p>\n<p><span style=\"font-weight: 400\">El turib\u00fas llev\u00f3 a Enrique y James a pasear por Los Angeles, California, estado donde ahora viven <\/span><b>Meghan, Enrique y Archie<\/b><span style=\"font-weight: 400\">, pasando por lugares tan representativos como <\/span><b>Hollywood<\/b><span style=\"font-weight: 400\"> o<\/span><b> Rodeo Drive<\/b><span style=\"font-weight: 400\">, y seg\u00fan testigos y fuentes cercanas, \u201cla pasaron muy bien\u201d.\u00a0<\/span><\/p>\n<p><span style=\"font-weight: 400\">&#8220;<em>Grabaron un segmento de <\/em><\/span><em><span style=\"font-weight: 400\">Carpool Karaoke<\/span><\/em><span style=\"font-weight: 400\"><em> apropiado para COVID-19 en el doble piso. Han sido amigos durante a\u00f1os y la pasaron muy bien. Muchas bromas y risas. Hicieron una gira por Hollywood y James le mostr\u00f3 a Enrique algunos puntos de referencia especiales. Tambi\u00e9n conversaron sobre la vida de Enrique en los Estados Unidos y su enfoque ahora<\/em>&#8220;, dijo una fuente cercana a estos amigos.<\/span><\/p>\n<p><span style=\"font-weight: 400\">&#8220;Ambos (los duques de Sussex) aman California, y Santa B\u00e1rbara tiene una magia: las monta\u00f1as, los oc\u00e9anos, los vi\u00f1edos, las flores, los jardines. Es tan hermoso\u201d, a\u00f1adi\u00f3 la fuente.<\/span><\/p>\n<p><span style=\"font-weight: 400\">Peeero, al parecer no se nos har\u00e1 ver a el duque de Sussex cantando, pues supuestamente esta \u201cedici\u00f3n real\u201d fue m\u00e1s a modo de pl\u00e1tica de amigos que el karaoke que estamos acostumbrados a ver.\u00a0<\/span><\/p>\n<p><span style=\"font-weight: 400\">Enrique y James son amigos desde hace tiempo. De hecho, el comediante fue uno de los exclusivos invitados a la boda entre Meghan y el hijo menor de <\/span><b>Lady Diana<\/b><span style=\"font-weight: 400\">. &#8220;Fue tan encantador. Conozco al pr\u00edncipe Enrique desde hace siete a\u00f1os y fue maravilloso. Fue una de las ceremonias m\u00e1s hermosas en las que he estado. Fue hermoso, fue todo un asunto, fue feliz, fue alegre, fue edificante&#8221;, dijo Corden despu\u00e9s del gran evento.\u00a0<\/span><\/p>\n<p><span style=\"font-weight: 400\">Por supuesto, adem\u00e1s del pr\u00edncipe y del presentador, estuvo un camar\u00f3grafo a bordo del turib\u00fas, una escolta policial, y el equipo de seguridad personal de Enrique. \u00a1Claro! A pesar de no ser miembro honorario de la realeza, no puede salir a pasear como cualquier mortal. \u00a1Ya queremos ver esta edici\u00f3n de <\/span><i><span style=\"font-weight: 400\">Late Late Show<\/span><\/i><span style=\"font-weight: 400\">!<\/span><\/p>\n<p><strong><em>*IMAGEN: Getty Images<\/em><\/strong><\/p>\n","protected":false},"author":11628,"featured_media":93358,"template":"","format":"standard","categories":[2],"acf":[],"yoast_head":"<!-- This site is optimized with the Yoast SEO Premium plugin v18.5 (Yoast SEO v20.4) - https:\/\/yoast.com\/wordpress\/plugins\/seo\/ -->\n<title>El Pr\u00edncipe Enrique y James Corden, \u201cde fiesta\u201d en un autob\u00fas de dos pisos solo para ellos | Grazia M\u00e9xico y Latinoam\u00e9rica<\/title>\n<meta name=\"description\" content=\"El nieto de la Reina abri\u00f3 su coraz\u00f3n a su amigo y presentador.\" \/>\n<meta name=\"robots\" content=\"index, follow, max-snippet:-1, max-image-preview:large, max-video-preview:-1\" \/>\n<link rel=\"canonical\" href=\"https:\/\/graziamagazine.com\/mx\/articles\/el-principe-enrique-y-james-corden-de-fiesta-en-un-autobus-de-dos-pisos-solo-para-ellos\/\" \/>\n<meta property=\"og:locale\" content=\"es_MX\" \/>\n<meta property=\"og:type\" content=\"article\" \/>\n<meta property=\"og:title\" content=\"El Pr\u00edncipe Enrique y James Corden, \u201cde fiesta\u201d en un autob\u00fas de dos pisos solo para ellos\" \/>\n<meta property=\"og:description\" content=\"El nieto de la Reina abri\u00f3 su coraz\u00f3n a su amigo y presentador.\" \/>\n<meta property=\"og:url\" content=\"https:\/\/graziamagazine.com\/mx\/articles\/el-principe-enrique-y-james-corden-de-fiesta-en-un-autobus-de-dos-pisos-solo-para-ellos\/\" \/>\n<meta property=\"og:site_name\" content=\"Grazia M\u00e9xico y Latinoam\u00e9rica\" \/>\n<meta property=\"article:modified_time\" content=\"2021-02-09T19:26:04+00:00\" \/>\n<meta property=\"og:image\" content=\"https:\/\/graziamagazine.com\/mx\/wp-content\/uploads\/sites\/13\/2021\/02\/asi-reacciono-prince-harry-ante-un-piropo-comprometedor-destacada.jpg?fit=970%2C546\" \/>\n\t<meta property=\"og:image:width\" content=\"970\" \/>\n\t<meta property=\"og:image:height\" content=\"546\" \/>\n\t<meta property=\"og:image:type\" content=\"image\/jpeg\" \/>\n<meta name=\"twitter:card\" content=\"summary_large_image\" \/>\n<meta name=\"twitter:label1\" content=\"Est. reading time\" \/>\n\t<meta name=\"twitter:data1\" content=\"2 minutos\" \/>\n<script type=\"application\/ld+json\" class=\"yoast-schema-graph\">{\"@context\":\"https:\/\/schema.org\",\"@graph\":[{\"@type\":\"WebPage\",\"@id\":\"https:\/\/graziamagazine.com\/mx\/articles\/el-principe-enrique-y-james-corden-de-fiesta-en-un-autobus-de-dos-pisos-solo-para-ellos\/\",\"url\":\"https:\/\/graziamagazine.com\/mx\/articles\/el-principe-enrique-y-james-corden-de-fiesta-en-un-autobus-de-dos-pisos-solo-para-ellos\/\",\"name\":\"El Pr\u00edncipe Enrique y James Corden, \u201cde fiesta\u201d en un autob\u00fas de dos pisos solo para ellos | Grazia M\u00e9xico y Latinoam\u00e9rica\",\"isPartOf\":{\"@id\":\"https:\/\/graziamagazine.com\/mx\/#website\"},\"datePublished\":\"2021-02-09T17:28:11+00:00\",\"dateModified\":\"2021-02-09T19:26:04+00:00\",\"description\":\"El nieto de la Reina abri\u00f3 su coraz\u00f3n a su amigo y presentador.\",\"breadcrumb\":{\"@id\":\"https:\/\/graziamagazine.com\/mx\/articles\/el-principe-enrique-y-james-corden-de-fiesta-en-un-autobus-de-dos-pisos-solo-para-ellos\/#breadcrumb\"},\"inLanguage\":\"es-MX\",\"potentialAction\":[{\"@type\":\"ReadAction\",\"target\":[\"https:\/\/graziamagazine.com\/mx\/articles\/el-principe-enrique-y-james-corden-de-fiesta-en-un-autobus-de-dos-pisos-solo-para-ellos\/\"]}]},{\"@type\":\"BreadcrumbList\",\"@id\":\"https:\/\/graziamagazine.com\/mx\/articles\/el-principe-enrique-y-james-corden-de-fiesta-en-un-autobus-de-dos-pisos-solo-para-ellos\/#breadcrumb\",\"itemListElement\":[{\"@type\":\"ListItem\",\"position\":1,\"name\":\"Home\",\"item\":\"https:\/\/graziamagazine.com\/mx\/\"},{\"@type\":\"ListItem\",\"position\":2,\"name\":\"El Pr\u00edncipe Enrique y James Corden, \u201cde fiesta\u201d en un autob\u00fas de dos pisos solo para ellos\"}]},{\"@type\":\"WebSite\",\"@id\":\"https:\/\/graziamagazine.com\/mx\/#website\",\"url\":\"https:\/\/graziamagazine.com\/mx\/\",\"name\":\"Grazia M\u00e9xico y Latinoam\u00e9rica\",\"description\":\"Grazia es moda, belleza y noticias  de actualidad \",\"potentialAction\":[{\"@type\":\"SearchAction\",\"target\":{\"@type\":\"EntryPoint\",\"urlTemplate\":\"https:\/\/graziamagazine.com\/mx\/?s={search_term_string}\"},\"query-input\":\"required name=search_term_string\"}],\"inLanguage\":\"es-MX\"}]}<\/script>\n<!-- \/ Yoast SEO Premium plugin. -->","yoast_head_json":{"title":"El Pr\u00edncipe Enrique y James Corden, \u201cde fiesta\u201d en un autob\u00fas de dos pisos solo para ellos | Grazia M\u00e9xico y Latinoam\u00e9rica","description":"El nieto de la Reina abri\u00f3 su coraz\u00f3n a su amigo y presentador.","robots":{"index":"index","follow":"follow","max-snippet":"max-snippet:-1","max-image-preview":"max-image-preview:large","max-video-preview":"max-video-preview:-1"},"canonical":"https:\/\/graziamagazine.com\/mx\/articles\/el-principe-enrique-y-james-corden-de-fiesta-en-un-autobus-de-dos-pisos-solo-para-ellos\/","og_locale":"es_MX","og_type":"article","og_title":"El Pr\u00edncipe Enrique y James Corden, \u201cde fiesta\u201d en un autob\u00fas de dos pisos solo para ellos","og_description":"El nieto de la Reina abri\u00f3 su coraz\u00f3n a su amigo y presentador.","og_url":"https:\/\/graziamagazine.com\/mx\/articles\/el-principe-enrique-y-james-corden-de-fiesta-en-un-autobus-de-dos-pisos-solo-para-ellos\/","og_site_name":"Grazia M\u00e9xico y Latinoam\u00e9rica","article_modified_time":"2021-02-09T19:26:04+00:00","og_image":[{"width":970,"height":546,"url":"https:\/\/graziamagazine.com\/mx\/wp-content\/uploads\/sites\/13\/2021\/02\/asi-reacciono-prince-harry-ante-un-piropo-comprometedor-destacada.jpg?fit=970%2C546","type":"image\/jpeg"}],"twitter_card":"summary_large_image","twitter_misc":{"Est. reading time":"2 minutos"},"schema":{"@context":"https:\/\/schema.org","@graph":[{"@type":"WebPage","@id":"https:\/\/graziamagazine.com\/mx\/articles\/el-principe-enrique-y-james-corden-de-fiesta-en-un-autobus-de-dos-pisos-solo-para-ellos\/","url":"https:\/\/graziamagazine.com\/mx\/articles\/el-principe-enrique-y-james-corden-de-fiesta-en-un-autobus-de-dos-pisos-solo-para-ellos\/","name":"El Pr\u00edncipe Enrique y James Corden, \u201cde fiesta\u201d en un autob\u00fas de dos pisos solo para ellos | Grazia M\u00e9xico y Latinoam\u00e9rica","isPartOf":{"@id":"https:\/\/graziamagazine.com\/mx\/#website"},"datePublished":"2021-02-09T17:28:11+00:00","dateModified":"2021-02-09T19:26:04+00:00","description":"El nieto de la Reina abri\u00f3 su coraz\u00f3n a su amigo y presentador.","breadcrumb":{"@id":"https:\/\/graziamagazine.com\/mx\/articles\/el-principe-enrique-y-james-corden-de-fiesta-en-un-autobus-de-dos-pisos-solo-para-ellos\/#breadcrumb"},"inLanguage":"es-MX","potentialAction":[{"@type":"ReadAction","target":["https:\/\/graziamagazine.com\/mx\/articles\/el-principe-enrique-y-james-corden-de-fiesta-en-un-autobus-de-dos-pisos-solo-para-ellos\/"]}]},{"@type":"BreadcrumbList","@id":"https:\/\/graziamagazine.com\/mx\/articles\/el-principe-enrique-y-james-corden-de-fiesta-en-un-autobus-de-dos-pisos-solo-para-ellos\/#breadcrumb","itemListElement":[{"@type":"ListItem","position":1,"name":"Home","item":"https:\/\/graziamagazine.com\/mx\/"},{"@type":"ListItem","position":2,"name":"El Pr\u00edncipe Enrique y James Corden, \u201cde fiesta\u201d en un autob\u00fas de dos pisos solo para ellos"}]},{"@type":"WebSite","@id":"https:\/\/graziamagazine.com\/mx\/#website","url":"https:\/\/graziamagazine.com\/mx\/","name":"Grazia M\u00e9xico y Latinoam\u00e9rica","description":"Grazia es moda, belleza y noticias  de actualidad ","potentialAction":[{"@type":"SearchAction","target":{"@type":"EntryPoint","urlTemplate":"https:\/\/graziamagazine.com\/mx\/?s={search_term_string}"},"query-input":"required name=search_term_string"}],"inLanguage":"es-MX"}]}},"jetpack_sharing_enabled":true,"distributor_meta":false,"distributor_terms":false,"distributor_media":false,"distributor_original_site_name":"Grazia M\u00e9xico y Latinoam\u00e9rica","distributor_original_site_url":"https:\/\/graziamagazine.com\/mx","push-errors":false,"_links":{"self":[{"href":"https:\/\/graziamagazine.com\/mx\/wp-json\/wp\/v2\/articles\/93348"}],"collection":[{"href":"https:\/\/graziamagazine.com\/mx\/wp-json\/wp\/v2\/articles"}],"about":[{"href":"https:\/\/graziamagazine.com\/mx\/wp-json\/wp\/v2\/types\/articles"}],"author":[{"embeddable":true,"href":"https:\/\/graziamagazine.com\/mx\/wp-json\/wp\/v2\/users\/11628"}],"wp:featuredmedia":[{"embeddable":true,"href":"https:\/\/graziamagazine.com\/mx\/wp-json\/wp\/v2\/media\/93358"}],"wp:attachment":[{"href":"https:\/\/graziamagazine.com\/mx\/wp-json\/wp\/v2\/media?parent=93348"}],"wp:term":[{"taxonomy":"category","embeddable":true,"href":"https:\/\/graziamagazine.com\/mx\/wp-json\/wp\/v2\/categories?post=93348"}],"curies":[{"name":"wp","href":"https:\/\/api.w.org\/{rel}","templated":true}]}}