{"id":93074,"date":"2021-01-29T10:32:36","date_gmt":"2021-01-29T15:32:36","guid":{"rendered":"https:\/\/graziamagazine.com\/mx\/?post_type=articles&#038;p=93074"},"modified":"2021-01-29T11:24:57","modified_gmt":"2021-01-29T16:24:57","slug":"el-oscar-de-jared-leto-esta-perdido-desde-hace-3-anos","status":"publish","type":"articles","link":"https:\/\/graziamagazine.com\/mx\/articles\/el-oscar-de-jared-leto-esta-perdido-desde-hace-3-anos\/","title":{"rendered":"\u00a1El Oscar de Jared Leto est\u00e1 perdido desde hace 3 a\u00f1os (igual que su cabeza Gucci)!"},"content":{"rendered":"<p><span style=\"font-weight: 400\">Algunos actores tardan a\u00f1os y a\u00f1os en ser merecedores de un premio Oscar (\u00bfverdad <\/span><b>Leonardo DiCaprio<\/b><span style=\"font-weight: 400\">?) mientras que otros, como <\/span><b>Jared Leto<\/b><span style=\"font-weight: 400\">, lo ganan y luego, con la mano en la cintura pierden la estatuilla. <\/span><i><span style=\"font-weight: 400\">What?!<\/span><\/i><span style=\"font-weight: 400\"> S\u00ed, el actor que gan\u00f3 como Mejor Actor de Reparto en 2014 por su papel en <\/span><b><i>Dallas Buyers Club<\/i><\/b><span style=\"font-weight: 400\">, confes\u00f3 que desde hace 3 a\u00f1os no ha visto su Oscar por ning\u00fan lado.<\/span><\/p>\n<p><span style=\"font-weight: 400\">La gran revelaci\u00f3n sucedi\u00f3 durante la entrevista que otorg\u00f3 a <\/span><b>James Corden<\/b><span style=\"font-weight: 400\"> en <\/span><b><i>The Late Late Show<\/i><\/b><span style=\"font-weight: 400\">, mientras promocionaba su nueva pel\u00edcula, <\/span><b><i>The Little Things<\/i><\/b><span style=\"font-weight: 400\">. &#8220;Descubr\u00ed que hab\u00eda desaparecido desde hace tres a\u00f1os. No lo sab\u00eda, no creo que nadie quisiera dec\u00edrmelo&#8221;, dijo.<\/span><\/p>\n<p><span style=\"font-weight: 400\">&#8220;Podr\u00eda estar en alg\u00fan lugar, pero todo el mundo lo ha buscado por todas partes. Espero que est\u00e9 en buenas manos donde quiera que est\u00e9. No lo hemos visto desde hace bastante tiempo&#8221;, a\u00f1adi\u00f3.\u00a0<\/span><\/p>\n<p><span style=\"font-weight: 400\">Cuando Corden le pregunt\u00f3 si realmente pensaba que alguien se lo hab\u00eda llevado, Leto dijo: &#8220;Creo que es una buena posibilidad, no es algo que alguien arroje accidentalmente a la basura. Recuerdo la noche que lo recib\u00ed, se lo pas\u00e9 a tanta gente. Estaba golpeado y rayado, pero la gente se divirti\u00f3 tomando fotos con \u00e9l. Es bueno compartirlo, as\u00ed que espero que alguien lo est\u00e9 cuidando bien&#8221;, coment\u00f3.\u00a0<\/span><\/p>\n<p><span style=\"font-weight: 400\">Pero esto no es de sorprender &#8211; bueno, s\u00ed deber\u00eda, pero no lo es &#8211; porque resulta que los da\u00f1os a su Oscar comenzaron desde el d\u00eda que lo recibi\u00f3, a las pocas horas, por lo que en realidad nunca ha sido tan cuidadoso con \u00e9l. En 2014 dijo &#8220;Historia real: estaba dejando que algunas de las personas con las que trabajo se tomaran una foto con el Oscar. Lo cargaba por las escaleras y, boom, lo golpe\u00e9 contra la barandilla y le hice un peque\u00f1o corte en la parte de atr\u00e1s&#8221;. \u00a1Nooo bueno!<\/span><\/p>\n<p>Pero este no es el \u00fanico objeto de valor que el actor ha perdido. En la Met Gala de 2019, \u00bfrecuerdas? Dise\u00f1ada por Alessandro Michele para Gucci y que hasta la fecha nadie sabe en d\u00f3nde est\u00e1.<\/p>\n<p><span style=\"font-weight: 400\">La \u00fanica buena noticia en este caso es que de encontrarse una cabeza Gucci o un Oscar perdido por ah\u00ed, en alg\u00fan lugar del mundo, ser\u00eda completamente identificable.<\/span><\/p>\n<h5><em>*IMAGEN: Getty Images<\/em><\/h5>\n","protected":false},"author":11628,"featured_media":93085,"template":"","format":"standard","categories":[2],"acf":[],"yoast_head":"<!-- This site is optimized with the Yoast SEO Premium plugin v18.5 (Yoast SEO v20.4) - https:\/\/yoast.com\/wordpress\/plugins\/seo\/ -->\n<title>\u00a1El Oscar de Jared Leto est\u00e1 perdido desde hace 3 a\u00f1os (igual que su cabeza Gucci)! | Grazia M\u00e9xico y Latinoam\u00e9rica<\/title>\n<meta name=\"description\" content=\"Y con ustedes, la nueva historia de un Oscar perdido que no logra encontrar a su due\u00f1o.\" \/>\n<meta name=\"robots\" content=\"index, follow, max-snippet:-1, max-image-preview:large, max-video-preview:-1\" \/>\n<link rel=\"canonical\" href=\"https:\/\/graziamagazine.com\/mx\/articles\/el-oscar-de-jared-leto-esta-perdido-desde-hace-3-anos\/\" \/>\n<meta property=\"og:locale\" content=\"es_MX\" \/>\n<meta property=\"og:type\" content=\"article\" \/>\n<meta property=\"og:title\" content=\"\u00a1El Oscar de Jared Leto est\u00e1 perdido desde hace 3 a\u00f1os (igual que su cabeza Gucci)!\" \/>\n<meta property=\"og:description\" content=\"Y con ustedes, la nueva historia de un Oscar perdido que no logra encontrar a su due\u00f1o.\" \/>\n<meta property=\"og:url\" content=\"https:\/\/graziamagazine.com\/mx\/articles\/el-oscar-de-jared-leto-esta-perdido-desde-hace-3-anos\/\" \/>\n<meta property=\"og:site_name\" content=\"Grazia M\u00e9xico y Latinoam\u00e9rica\" \/>\n<meta property=\"article:modified_time\" content=\"2021-01-29T16:24:57+00:00\" \/>\n<meta property=\"og:image\" content=\"https:\/\/graziamagazine.com\/mx\/wp-content\/uploads\/sites\/13\/2021\/01\/jared-leto-standing-posing-for-the-camera-jared-leto-getty-images__557015_.jpg?fit=799%2C607\" \/>\n\t<meta property=\"og:image:width\" content=\"799\" \/>\n\t<meta property=\"og:image:height\" content=\"607\" \/>\n\t<meta property=\"og:image:type\" content=\"image\/jpeg\" \/>\n<meta name=\"twitter:card\" content=\"summary_large_image\" \/>\n<meta name=\"twitter:label1\" content=\"Est. reading time\" \/>\n\t<meta name=\"twitter:data1\" content=\"2 minutos\" \/>\n<script type=\"application\/ld+json\" class=\"yoast-schema-graph\">{\"@context\":\"https:\/\/schema.org\",\"@graph\":[{\"@type\":\"WebPage\",\"@id\":\"https:\/\/graziamagazine.com\/mx\/articles\/el-oscar-de-jared-leto-esta-perdido-desde-hace-3-anos\/\",\"url\":\"https:\/\/graziamagazine.com\/mx\/articles\/el-oscar-de-jared-leto-esta-perdido-desde-hace-3-anos\/\",\"name\":\"\u00a1El Oscar de Jared Leto est\u00e1 perdido desde hace 3 a\u00f1os (igual que su cabeza Gucci)! | Grazia M\u00e9xico y Latinoam\u00e9rica\",\"isPartOf\":{\"@id\":\"https:\/\/graziamagazine.com\/mx\/#website\"},\"datePublished\":\"2021-01-29T15:32:36+00:00\",\"dateModified\":\"2021-01-29T16:24:57+00:00\",\"description\":\"Y con ustedes, la nueva historia de un Oscar perdido que no logra encontrar a su due\u00f1o.\",\"breadcrumb\":{\"@id\":\"https:\/\/graziamagazine.com\/mx\/articles\/el-oscar-de-jared-leto-esta-perdido-desde-hace-3-anos\/#breadcrumb\"},\"inLanguage\":\"es-MX\",\"potentialAction\":[{\"@type\":\"ReadAction\",\"target\":[\"https:\/\/graziamagazine.com\/mx\/articles\/el-oscar-de-jared-leto-esta-perdido-desde-hace-3-anos\/\"]}]},{\"@type\":\"BreadcrumbList\",\"@id\":\"https:\/\/graziamagazine.com\/mx\/articles\/el-oscar-de-jared-leto-esta-perdido-desde-hace-3-anos\/#breadcrumb\",\"itemListElement\":[{\"@type\":\"ListItem\",\"position\":1,\"name\":\"Home\",\"item\":\"https:\/\/graziamagazine.com\/mx\/\"},{\"@type\":\"ListItem\",\"position\":2,\"name\":\"\u00a1El Oscar de Jared Leto est\u00e1 perdido desde hace 3 a\u00f1os (igual que su cabeza Gucci)!\"}]},{\"@type\":\"WebSite\",\"@id\":\"https:\/\/graziamagazine.com\/mx\/#website\",\"url\":\"https:\/\/graziamagazine.com\/mx\/\",\"name\":\"Grazia M\u00e9xico y Latinoam\u00e9rica\",\"description\":\"Grazia es moda, belleza y noticias  de actualidad \",\"potentialAction\":[{\"@type\":\"SearchAction\",\"target\":{\"@type\":\"EntryPoint\",\"urlTemplate\":\"https:\/\/graziamagazine.com\/mx\/?s={search_term_string}\"},\"query-input\":\"required name=search_term_string\"}],\"inLanguage\":\"es-MX\"}]}<\/script>\n<!-- \/ Yoast SEO Premium plugin. -->","yoast_head_json":{"title":"\u00a1El Oscar de Jared Leto est\u00e1 perdido desde hace 3 a\u00f1os (igual que su cabeza Gucci)! | Grazia M\u00e9xico y Latinoam\u00e9rica","description":"Y con ustedes, la nueva historia de un Oscar perdido que no logra encontrar a su due\u00f1o.","robots":{"index":"index","follow":"follow","max-snippet":"max-snippet:-1","max-image-preview":"max-image-preview:large","max-video-preview":"max-video-preview:-1"},"canonical":"https:\/\/graziamagazine.com\/mx\/articles\/el-oscar-de-jared-leto-esta-perdido-desde-hace-3-anos\/","og_locale":"es_MX","og_type":"article","og_title":"\u00a1El Oscar de Jared Leto est\u00e1 perdido desde hace 3 a\u00f1os (igual que su cabeza Gucci)!","og_description":"Y con ustedes, la nueva historia de un Oscar perdido que no logra encontrar a su due\u00f1o.","og_url":"https:\/\/graziamagazine.com\/mx\/articles\/el-oscar-de-jared-leto-esta-perdido-desde-hace-3-anos\/","og_site_name":"Grazia M\u00e9xico y Latinoam\u00e9rica","article_modified_time":"2021-01-29T16:24:57+00:00","og_image":[{"width":799,"height":607,"url":"https:\/\/graziamagazine.com\/mx\/wp-content\/uploads\/sites\/13\/2021\/01\/jared-leto-standing-posing-for-the-camera-jared-leto-getty-images__557015_.jpg?fit=799%2C607","type":"image\/jpeg"}],"twitter_card":"summary_large_image","twitter_misc":{"Est. reading time":"2 minutos"},"schema":{"@context":"https:\/\/schema.org","@graph":[{"@type":"WebPage","@id":"https:\/\/graziamagazine.com\/mx\/articles\/el-oscar-de-jared-leto-esta-perdido-desde-hace-3-anos\/","url":"https:\/\/graziamagazine.com\/mx\/articles\/el-oscar-de-jared-leto-esta-perdido-desde-hace-3-anos\/","name":"\u00a1El Oscar de Jared Leto est\u00e1 perdido desde hace 3 a\u00f1os (igual que su cabeza Gucci)! | Grazia M\u00e9xico y Latinoam\u00e9rica","isPartOf":{"@id":"https:\/\/graziamagazine.com\/mx\/#website"},"datePublished":"2021-01-29T15:32:36+00:00","dateModified":"2021-01-29T16:24:57+00:00","description":"Y con ustedes, la nueva historia de un Oscar perdido que no logra encontrar a su due\u00f1o.","breadcrumb":{"@id":"https:\/\/graziamagazine.com\/mx\/articles\/el-oscar-de-jared-leto-esta-perdido-desde-hace-3-anos\/#breadcrumb"},"inLanguage":"es-MX","potentialAction":[{"@type":"ReadAction","target":["https:\/\/graziamagazine.com\/mx\/articles\/el-oscar-de-jared-leto-esta-perdido-desde-hace-3-anos\/"]}]},{"@type":"BreadcrumbList","@id":"https:\/\/graziamagazine.com\/mx\/articles\/el-oscar-de-jared-leto-esta-perdido-desde-hace-3-anos\/#breadcrumb","itemListElement":[{"@type":"ListItem","position":1,"name":"Home","item":"https:\/\/graziamagazine.com\/mx\/"},{"@type":"ListItem","position":2,"name":"\u00a1El Oscar de Jared Leto est\u00e1 perdido desde hace 3 a\u00f1os (igual que su cabeza Gucci)!"}]},{"@type":"WebSite","@id":"https:\/\/graziamagazine.com\/mx\/#website","url":"https:\/\/graziamagazine.com\/mx\/","name":"Grazia M\u00e9xico y Latinoam\u00e9rica","description":"Grazia es moda, belleza y noticias  de actualidad ","potentialAction":[{"@type":"SearchAction","target":{"@type":"EntryPoint","urlTemplate":"https:\/\/graziamagazine.com\/mx\/?s={search_term_string}"},"query-input":"required name=search_term_string"}],"inLanguage":"es-MX"}]}},"jetpack_sharing_enabled":true,"distributor_meta":false,"distributor_terms":false,"distributor_media":false,"distributor_original_site_name":"Grazia M\u00e9xico y Latinoam\u00e9rica","distributor_original_site_url":"https:\/\/graziamagazine.com\/mx","push-errors":false,"_links":{"self":[{"href":"https:\/\/graziamagazine.com\/mx\/wp-json\/wp\/v2\/articles\/93074"}],"collection":[{"href":"https:\/\/graziamagazine.com\/mx\/wp-json\/wp\/v2\/articles"}],"about":[{"href":"https:\/\/graziamagazine.com\/mx\/wp-json\/wp\/v2\/types\/articles"}],"author":[{"embeddable":true,"href":"https:\/\/graziamagazine.com\/mx\/wp-json\/wp\/v2\/users\/11628"}],"wp:featuredmedia":[{"embeddable":true,"href":"https:\/\/graziamagazine.com\/mx\/wp-json\/wp\/v2\/media\/93085"}],"wp:attachment":[{"href":"https:\/\/graziamagazine.com\/mx\/wp-json\/wp\/v2\/media?parent=93074"}],"wp:term":[{"taxonomy":"category","embeddable":true,"href":"https:\/\/graziamagazine.com\/mx\/wp-json\/wp\/v2\/categories?post=93074"}],"curies":[{"name":"wp","href":"https:\/\/api.w.org\/{rel}","templated":true}]}}