{"id":92694,"date":"2021-01-21T11:41:54","date_gmt":"2021-01-21T16:41:54","guid":{"rendered":"https:\/\/graziamagazine.com\/mx\/?post_type=articles&#038;p=92694"},"modified":"2021-01-21T15:00:28","modified_gmt":"2021-01-21T20:00:28","slug":"15-vestidos-super-comodos-para-estar-en-casa-que-no-vas-a-querer-quitarte","status":"publish","type":"articles","link":"https:\/\/graziamagazine.com\/mx\/articles\/15-vestidos-super-comodos-para-estar-en-casa-que-no-vas-a-querer-quitarte\/","title":{"rendered":"15 vestidos s\u00faper c\u00f3modos para estar en casa que no vas a querer quitarte"},"content":{"rendered":"<p>Hoy estoy cumpliendo una semana m\u00e1s de trabajar en casa, sentada frente a la computadora, tomando un caf\u00e9 y revisando todos los pendientes del d\u00eda. Aunque es mi rutina de todos los d\u00edas, siempre trato de encontrar algo que me haga sentir motivada, que me inspire y me quite la sensaci\u00f3n de ansiedad por el encierro y las restricciones sanitarias. No s\u00e9 si tambi\u00e9n te pasa como a m\u00ed, que la ropa afecta directamente en mis ganas de hacer todas las actividades.<\/p>\n<p>Es un hecho que quedarse en pijama todo el d\u00eda confunde al cuerpo y te baja la energ\u00eda, por eso diario me levanto de la cama, tomo un ba\u00f1o y me visto con lo que m\u00e1s me gusta del cl\u00f3set para subir el \u00e1nimo. Claro que es un reto tratar de estar c\u00f3moda, no usar los mismos <em>leggings<\/em> todos los d\u00edas y mantener tu estilo, todo al mismo tiempo, aunque sea para las juntas por Zoom y pasar todo el d\u00eda en el mismo lugar de la casa.<\/p>\n<p>Con este problema en mente, recurr\u00ed la semana pasada a todas mis apps para hacer compras, entre ellas <strong>Zara, Farfetch, H&amp;M, Oysho y Uterq\u00fce<\/strong>,\u00a0que se han convertido en mis <em>top<\/em> cinco desde que inici\u00f3 la cuarentena. Pasando por las secciones, encontr\u00e9 much\u00edsimos vestidos, agradables a primera vista y que se ve\u00edan c\u00f3modos, perfectos para acompa\u00f1arme todos los d\u00edas. Sin embargo, mi personalidad siempre me hace ir un poco m\u00e1s all\u00e1. Tengo tres reglas para comprar una prenda: la primera es que el material y la textura sean agradables, la segunda es que el corte me favorezca pero que tambi\u00e9n me de libertad de movimiento, y la tercera es que sea f\u00e1cil de lavar, porque odio ir seguido a la tintorer\u00eda. Tomando todo esto en cuenta, encontr\u00e9 estos 15 vestidos de los que te vas a enamorar y no vas a querer quitarte para estar en casa (la mejor parte es que tambi\u00e9n podr\u00e1s usarlos cuando para el exterior):<\/p>\n<h3><strong>1<\/strong><\/h3>\n<p>Este es de Uterq\u00fce y me encanta por la textura acolchada, el color y la silueta. Las mangas abombadas son un <em>must<\/em> para el 2021, y esta opci\u00f3n de vestido corto es perfecta para llevar en casa o convertirla en un <em>outfit<\/em> para salir a cenar.\u00a0Encu\u00e9ntralo dando <a href=\"https:\/\/www.uterque.com\/mx\/colecci%C3%B3n\/vestidos-y-monos\/vestido-nylon-acolchado-c1748462p9132424.html?colorId=407\" target=\"_blank\" rel=\"noopener\" target=\"_blank\">click <strong>aqu\u00ed<\/strong><\/a>.<\/p>\n<div class=\"content-gallery\"><div class=\"gallery-placeholder\"><div class=\"spinner\"><\/div><\/div><span class=\"gallery-pagination\"><\/span><div id=\"gallery-1\" class=\"gallery galleryid-92694 gallery-columns- gallery-size-\"><figure class=\"gallery-item\"><div class=\"gallery-icon landscape\"><img loading=\"lazy\" decoding=\"async\" width=\"900\" height=\"1235\" src=\"https:\/\/graziamagazine.com\/mx\/wp-content\/uploads\/sites\/13\/2021\/01\/Uterque-.jpg\" class=\"lazy\" alt=\"\" \/><\/div><\/figure><figure class=\"gallery-item\"><div class=\"gallery-icon landscape\"><img loading=\"lazy\" decoding=\"async\" width=\"900\" height=\"1235\" src=\"https:\/\/graziamagazine.com\/mx\/wp-content\/uploads\/sites\/13\/2021\/01\/Uterque-acolchado-.jpg\" class=\"lazy\" alt=\"\" \/><\/div><\/figure><\/div><\/div>\n<p><em>*Im\u00e1genes: Cortes\u00eda Uterq\u00fce<\/em><\/p>\n<h3>2<\/h3>\n<p>Un <em>must<\/em>, sin duda, es el <em>Serita Dress<\/em> de Cult Gaia. Todas las <em>it-girls<\/em> ya lo tienen y seguro ya lo viste en todos lados. Obsesi\u00f3nate con \u00e9l y encu\u00e9ntralo en su <a href=\"https:\/\/cultgaia.com\/products\/serita-dress-sand\" target=\"_blank\" rel=\"noopener\" target=\"_blank\">sitio oficial<\/a>.<\/p>\n<div class=\"content-gallery\"><div class=\"gallery-placeholder\"><div class=\"spinner\"><\/div><\/div><span class=\"gallery-pagination\"><\/span><div id=\"gallery-2\" class=\"gallery galleryid-92694 gallery-columns- gallery-size-\"><figure class=\"gallery-item\"><div class=\"gallery-icon landscape\"><img loading=\"lazy\" decoding=\"async\" width=\"1195\" height=\"1792\" src=\"https:\/\/graziamagazine.com\/mx\/wp-content\/uploads\/sites\/13\/2021\/01\/MK4_4899_WEB.jpg\" class=\"lazy\" alt=\"\" \/><\/div><\/figure><figure class=\"gallery-item\"><div class=\"gallery-icon landscape\"><img loading=\"lazy\" decoding=\"async\" width=\"1195\" height=\"1792\" src=\"https:\/\/graziamagazine.com\/mx\/wp-content\/uploads\/sites\/13\/2021\/01\/MK4_4909_WEB.jpg\" class=\"lazy\" alt=\"\" \/><\/div><\/figure><\/div><\/div>\n<p><em>*Im\u00e1genes: Cortes\u00eda Cult Gaia<\/em><\/p>\n<h3>3<\/h3>\n<p>Un vestido ligero y a cuadros no puede faltar en tu cl\u00f3set. La mejor opci\u00f3n es este de H&amp;M.\u00a0Lo encuentras <a href=\"https:\/\/www2.hm.com\/es_mx\/productpage.0940005001.html\" target=\"_blank\" rel=\"noopener\" target=\"_blank\"><strong>aqu\u00ed<\/strong><\/a>.<\/p>\n<div class=\"content-gallery\"><div class=\"gallery-placeholder\"><div class=\"spinner\"><\/div><\/div><span class=\"gallery-pagination\"><\/span><div id=\"gallery-3\" class=\"gallery galleryid-92694 gallery-columns- gallery-size-\"><figure class=\"gallery-item\"><div class=\"gallery-icon landscape\"><img loading=\"lazy\" decoding=\"async\" width=\"1536\" height=\"2304\" src=\"https:\/\/graziamagazine.com\/mx\/wp-content\/uploads\/sites\/13\/2021\/01\/hm-1.jpeg\" class=\"lazy\" alt=\"\" \/><\/div><\/figure><figure class=\"gallery-item\"><div class=\"gallery-icon landscape\"><img loading=\"lazy\" decoding=\"async\" width=\"1536\" height=\"2304\" src=\"https:\/\/graziamagazine.com\/mx\/wp-content\/uploads\/sites\/13\/2021\/01\/hm-2.jpeg\" class=\"lazy\" alt=\"\" \/><\/div><\/figure><\/div><\/div>\n<p><em>*Im\u00e1genes: Cortes\u00eda H&amp;M<\/em><\/p>\n<h3>4<\/h3>\n<p>Enam\u00f3rate del color, el material y la silueta. Es de Matteau y lo encuentras en <a href=\"https:\/\/www.farfetch.com\/mx\/shopping\/women\/matteau-vestido-largo-con-capas-escalonadas-item-15224461.aspx?shortlink=b9f5e5d2&amp;pid=app-product-share&amp;c=screenshotbanner_nativeshare&amp;is_retargeting=true\" target=\"_blank\" rel=\"noopener\" target=\"_blank\">Farfetch<\/a>.<\/p>\n<div class=\"content-gallery\"><div class=\"gallery-placeholder\"><div class=\"spinner\"><\/div><\/div><span class=\"gallery-pagination\"><\/span><div id=\"gallery-4\" class=\"gallery galleryid-92694 gallery-columns- gallery-size-\"><figure class=\"gallery-item\"><div class=\"gallery-icon landscape\"><img loading=\"lazy\" decoding=\"async\" width=\"828\" height=\"1068\" src=\"https:\/\/graziamagazine.com\/mx\/wp-content\/uploads\/sites\/13\/2021\/01\/IMG-1675.jpg\" class=\"lazy\" alt=\"\" \/><\/div><\/figure><figure class=\"gallery-item\"><div class=\"gallery-icon landscape\"><img loading=\"lazy\" decoding=\"async\" width=\"828\" height=\"1091\" src=\"https:\/\/graziamagazine.com\/mx\/wp-content\/uploads\/sites\/13\/2021\/01\/IMG-1676.jpg\" class=\"lazy\" alt=\"\" \/><\/div><\/figure><\/div><\/div>\n<p><em>*Im\u00e1genes: Cortes\u00eda Farfetch<\/em><\/p>\n<h3>5<\/h3>\n<p>Zara tiene siempre los mejores b\u00e1sicos. Un vestido camisero es esencial para sentirte con la mejor vibra en casa. <a href=\"https:\/\/www.zara.com\/mx\/es\/vestido-volumem-cintur%C3%B3n-p07385336.html?utm_campaign=productShare&amp;utm_medium=mobile_sharing_iOS&amp;utm_source=red_social_movil&amp;v1=78515227\" target=\"_blank\" rel=\"noopener\" target=\"_blank\"><strong>Aqu\u00ed<\/strong><\/a> lo consigues.<\/p>\n<div class=\"content-gallery\"><div class=\"gallery-placeholder\"><div class=\"spinner\"><\/div><\/div><span class=\"gallery-pagination\"><\/span><div id=\"gallery-5\" class=\"gallery galleryid-92694 gallery-columns- gallery-size-\"><figure class=\"gallery-item\"><div class=\"gallery-icon landscape\"><img loading=\"lazy\" decoding=\"async\" width=\"683\" height=\"1024\" src=\"https:\/\/graziamagazine.com\/mx\/wp-content\/uploads\/sites\/13\/2021\/01\/fc595432-94b3-49eb-8b22-14d03762c401-1.jpg\" class=\"lazy\" alt=\"\" \/><\/div><\/figure><figure class=\"gallery-item\"><div class=\"gallery-icon landscape\"><img loading=\"lazy\" decoding=\"async\" width=\"683\" height=\"1024\" src=\"https:\/\/graziamagazine.com\/mx\/wp-content\/uploads\/sites\/13\/2021\/01\/3d24fa6f-be0f-45a9-a632-9b0eac9d32d5-1.jpg\" class=\"lazy\" alt=\"\" \/><\/div><\/figure><\/div><\/div>\n<p><em>*Im\u00e1genes: Cortes\u00eda Zara<\/em><\/p>\n<h3>6<\/h3>\n<p>El <em>denim<\/em> es un imprescindible. Alguien como Miranda Hobbes lo usar\u00eda y me encanta. Es de H&amp;M y <a href=\"https:\/\/www2.hm.com\/es_mx\/productpage.0902528006.html\" target=\"_blank\" rel=\"noopener\" target=\"_blank\"><strong>aqu\u00ed<\/strong><\/a> lo encuentras.<\/p>\n<div class=\"content-gallery\"><div class=\"gallery-placeholder\"><div class=\"spinner\"><\/div><\/div><span class=\"gallery-pagination\"><\/span><div id=\"gallery-6\" class=\"gallery galleryid-92694 gallery-columns- gallery-size-\"><figure class=\"gallery-item\"><div class=\"gallery-icon landscape\"><img loading=\"lazy\" decoding=\"async\" width=\"1536\" height=\"2304\" src=\"https:\/\/graziamagazine.com\/mx\/wp-content\/uploads\/sites\/13\/2021\/01\/hm-3-.jpeg\" class=\"lazy\" alt=\"\" \/><\/div><\/figure><figure class=\"gallery-item\"><div class=\"gallery-icon landscape\"><img loading=\"lazy\" decoding=\"async\" width=\"1536\" height=\"2304\" src=\"https:\/\/graziamagazine.com\/mx\/wp-content\/uploads\/sites\/13\/2021\/01\/hm-4.jpeg\" class=\"lazy\" alt=\"\" \/><\/div><\/figure><\/div><\/div>\n<p><em>*Im\u00e1genes: Cortes\u00eda H&amp;M<\/em><\/p>\n<h3>7<\/h3>\n<p>De punto y de rayas: ideal para sentirte c\u00f3moda y con estilo todos los d\u00edas. Es de Uterq\u00fce y lo encuentras <strong><a href=\"https:\/\/www.uterque.com\/mx\/colecci%C3%B3n\/vestidos-y-monos\/vestido-punto-listado-c1748462p8943829.html?colorId=306&amp;stylism=02&amp;xmset=2\" target=\"_blank\" rel=\"noopener\" target=\"_blank\">aqu\u00ed<\/a><\/strong>.<\/p>\n<div class=\"content-gallery\"><div class=\"gallery-placeholder\"><div class=\"spinner\"><\/div><\/div><span class=\"gallery-pagination\"><\/span><div id=\"gallery-7\" class=\"gallery galleryid-92694 gallery-columns- gallery-size-\"><figure class=\"gallery-item\"><div class=\"gallery-icon landscape\"><img loading=\"lazy\" decoding=\"async\" width=\"900\" height=\"1235\" src=\"https:\/\/graziamagazine.com\/mx\/wp-content\/uploads\/sites\/13\/2021\/01\/Uterque-rayass.jpg\" class=\"lazy\" alt=\"\" \/><\/div><\/figure><figure class=\"gallery-item\"><div class=\"gallery-icon landscape\"><img loading=\"lazy\" decoding=\"async\" width=\"900\" height=\"1235\" src=\"https:\/\/graziamagazine.com\/mx\/wp-content\/uploads\/sites\/13\/2021\/01\/Uterque-rayas-.jpg\" class=\"lazy\" alt=\"\" \/><\/div><\/figure><\/div><\/div>\n<p><em>*Im\u00e1genes: Cortes\u00eda Uterq\u00fce<\/em><\/p>\n<h3>8<\/h3>\n<p>De Reformation, este vestido cursi, rom\u00e1ntico y fresco lo encuentras en <a href=\"https:\/\/www.farfetch.com\/mx\/shopping\/women\/reformation-vestido-midi-sable-item-15402401.aspx?shortlink=b9f5e5d2&amp;pid=app-product-share&amp;c=screenshotbanner_nativeshare&amp;is_retargeting=true\" target=\"_blank\" rel=\"noopener\" target=\"_blank\">Farfetch<\/a>.<\/p>\n<div class=\"content-gallery\"><div class=\"gallery-placeholder\"><div class=\"spinner\"><\/div><\/div><span class=\"gallery-pagination\"><\/span><div id=\"gallery-8\" class=\"gallery galleryid-92694 gallery-columns- gallery-size-\"><figure class=\"gallery-item\"><div class=\"gallery-icon landscape\"><img loading=\"lazy\" decoding=\"async\" width=\"828\" height=\"1098\" src=\"https:\/\/graziamagazine.com\/mx\/wp-content\/uploads\/sites\/13\/2021\/01\/IMG-1677.jpg\" class=\"lazy\" alt=\"\" \/><\/div><\/figure><figure class=\"gallery-item\"><div class=\"gallery-icon landscape\"><img loading=\"lazy\" decoding=\"async\" width=\"828\" height=\"1090\" src=\"https:\/\/graziamagazine.com\/mx\/wp-content\/uploads\/sites\/13\/2021\/01\/IMG-1678.jpg\" class=\"lazy\" alt=\"\" \/><\/div><\/figure><\/div><\/div>\n<p><em>*Im\u00e1genes: Cortes\u00eda Farfetch<\/em><\/p>\n<h3>9<\/h3>\n<p>Para ver pel\u00edculas, cocinar y estar todo el fin de semana en casa, me encanta este vestido de punto. Es un b\u00e1sico que no puede faltar en tu armario y <a href=\"https:\/\/www.zara.com\/mx\/es\/vestido-midi-punto-p00264042.html?utm_campaign=productShare&amp;utm_medium=mobile_sharing_iOS&amp;utm_source=red_social_movil&amp;v1=88224333\" target=\"_blank\" rel=\"noopener\" target=\"_blank\"><strong>aqu\u00ed<\/strong><\/a> lo encuentras.<\/p>\n<div class=\"content-gallery\"><div class=\"gallery-placeholder\"><div class=\"spinner\"><\/div><\/div><span class=\"gallery-pagination\"><\/span><div id=\"gallery-9\" class=\"gallery galleryid-92694 gallery-columns- gallery-size-\"><figure class=\"gallery-item\"><div class=\"gallery-icon landscape\"><img loading=\"lazy\" decoding=\"async\" width=\"683\" height=\"1024\" src=\"https:\/\/graziamagazine.com\/mx\/wp-content\/uploads\/sites\/13\/2021\/01\/88635b58-9c15-44f2-b4a7-7db8ebf686d4-1.jpg\" class=\"lazy\" alt=\"\" \/><\/div><\/figure><figure class=\"gallery-item\"><div class=\"gallery-icon landscape\"><img loading=\"lazy\" decoding=\"async\" width=\"683\" height=\"1024\" src=\"https:\/\/graziamagazine.com\/mx\/wp-content\/uploads\/sites\/13\/2021\/01\/8770d00c-67fe-4a07-a1fd-fa42289fd90d-1.jpg\" class=\"lazy\" alt=\"\" \/><\/div><\/figure><\/div><\/div>\n<p><em>*Im\u00e1genes: Cortes\u00eda Zara<\/em><\/p>\n<h3>10<\/h3>\n<p>Si hablamos de prendas c\u00f3modas, Adidas no puede faltar en la lista. Este vestido estampado y floral es perfecto si te gusta de vez en cuando vestirte casual, relajada y ligera. Da click <a href=\"https:\/\/www.adidas.mx\/vestido-playera-estampada\/FL4100.html\" target=\"_blank\" rel=\"noopener\" target=\"_blank\"><strong>aqu\u00ed<\/strong><\/a>.<\/p>\n<div class=\"content-gallery\"><div class=\"gallery-placeholder\"><div class=\"spinner\"><\/div><\/div><span class=\"gallery-pagination\"><\/span><div id=\"gallery-10\" class=\"gallery galleryid-92694 gallery-columns- gallery-size-\"><figure class=\"gallery-item\"><div class=\"gallery-icon landscape\"><img loading=\"lazy\" decoding=\"async\" width=\"840\" height=\"840\" src=\"https:\/\/graziamagazine.com\/mx\/wp-content\/uploads\/sites\/13\/2021\/01\/Vestido_Playera_Estampada_Multicolor_FL4100_21_model.jpg\" class=\"lazy\" alt=\"\" \/><\/div><\/figure><figure class=\"gallery-item\"><div class=\"gallery-icon landscape\"><img loading=\"lazy\" decoding=\"async\" width=\"840\" height=\"840\" src=\"https:\/\/graziamagazine.com\/mx\/wp-content\/uploads\/sites\/13\/2021\/01\/Vestido_Playera_Estampada_Multicolor_FL4100_01_laydown.jpg\" class=\"lazy\" alt=\"\" \/><\/div><\/figure><\/div><\/div>\n<p><em>*Im\u00e1genes: Cortes\u00eda Adidas<\/em><\/p>\n<h3>11<\/h3>\n<p>Oysho tiene siempre las mejores opciones y las tendencias clave de la temporada. No dejes que falte un vestido de algod\u00f3n estampado en Tie-dye en tu armario. <a href=\"https:\/\/www.oysho.com\/mx\/ba%C3%B1o-y-beachwear\/vestido-tie-dye-c1010231501p102426340.html\" target=\"_blank\" rel=\"noopener\" target=\"_blank\"><strong>Aqu\u00ed<\/strong><\/a> lo encuentras.<\/p>\n<div class=\"content-gallery\"><div class=\"gallery-placeholder\"><div class=\"spinner\"><\/div><\/div><span class=\"gallery-pagination\"><\/span><div id=\"gallery-11\" class=\"gallery galleryid-92694 gallery-columns- gallery-size-\"><figure class=\"gallery-item\"><div class=\"gallery-icon landscape\"><img loading=\"lazy\" decoding=\"async\" width=\"694\" height=\"1215\" src=\"https:\/\/graziamagazine.com\/mx\/wp-content\/uploads\/sites\/13\/2021\/01\/IMG-1688.jpg\" class=\"lazy\" alt=\"\" \/><\/div><\/figure><figure class=\"gallery-item\"><div class=\"gallery-icon landscape\"><img loading=\"lazy\" decoding=\"async\" width=\"704\" height=\"1179\" src=\"https:\/\/graziamagazine.com\/mx\/wp-content\/uploads\/sites\/13\/2021\/01\/IMG-1689.jpg\" class=\"lazy\" alt=\"\" \/><\/div><\/figure><\/div><\/div>\n<p><em>*Im\u00e1genes: Cortes\u00eda Oysho<\/em><\/p>\n<h3>12<\/h3>\n<p>Paco Rabanne tiene la pieza perfecta para esas reuniones de Zoom. El contraste de verde y negro es tendencia y puedes conseguirlo en <a href=\"https:\/\/www.farfetch.com\/mx\/shopping\/women\/paco-rabanne-vestido-midi-con-estampado-geometrico-item-15762895.aspx?shortlink=b9f5e5d2&amp;pid=app-product-share&amp;c=screenshotbanner_nativeshare&amp;is_retargeting=true\" target=\"_blank\" rel=\"noopener\" target=\"_blank\">Farfetch<\/a>.<\/p>\n<div class=\"content-gallery\"><div class=\"gallery-placeholder\"><div class=\"spinner\"><\/div><\/div><span class=\"gallery-pagination\"><\/span><div id=\"gallery-12\" class=\"gallery galleryid-92694 gallery-columns- gallery-size-\"><figure class=\"gallery-item\"><div class=\"gallery-icon landscape\"><img loading=\"lazy\" decoding=\"async\" width=\"828\" height=\"1158\" src=\"https:\/\/graziamagazine.com\/mx\/wp-content\/uploads\/sites\/13\/2021\/01\/IMG-1673.jpg\" class=\"lazy\" alt=\"\" \/><\/div><\/figure><figure class=\"gallery-item\"><div class=\"gallery-icon landscape\"><img loading=\"lazy\" decoding=\"async\" width=\"828\" height=\"1094\" src=\"https:\/\/graziamagazine.com\/mx\/wp-content\/uploads\/sites\/13\/2021\/01\/IMG-1674.jpg\" class=\"lazy\" alt=\"\" \/><\/div><\/figure><\/div><\/div>\n<p><em>*Im\u00e1genes: Cortes\u00eda Farfetch<\/em><\/p>\n<h3>13<\/h3>\n<p>Si\u00e9ntete sexy, segura y confiada aunque est\u00e9s en casa. Usa este vestido para cenar, tomar una copa de vino con tu pareja o pasar la tarde en la sala de tu hogar. Es de Jacquemus y est\u00e1 disponible en <a href=\"https:\/\/www.farfetch.com\/mx\/shopping\/women\/jacquemus-vestido-la-robe-lavandou-item-15124497.aspx?shortlink=b9f5e5d2&amp;pid=app-product-share&amp;c=screenshotbanner_nativeshare&amp;is_retargeting=true\" target=\"_blank\" rel=\"noopener\" target=\"_blank\">Farfetch<\/a>.<\/p>\n<div class=\"content-gallery\"><div class=\"gallery-placeholder\"><div class=\"spinner\"><\/div><\/div><span class=\"gallery-pagination\"><\/span><div id=\"gallery-13\" class=\"gallery galleryid-92694 gallery-columns- gallery-size-\"><figure class=\"gallery-item\"><div class=\"gallery-icon landscape\"><img loading=\"lazy\" decoding=\"async\" width=\"828\" height=\"1079\" src=\"https:\/\/graziamagazine.com\/mx\/wp-content\/uploads\/sites\/13\/2021\/01\/IMG-1672.jpg\" class=\"lazy\" alt=\"\" \/><\/div><\/figure><figure class=\"gallery-item\"><div class=\"gallery-icon landscape\"><img loading=\"lazy\" decoding=\"async\" width=\"828\" height=\"1091\" src=\"https:\/\/graziamagazine.com\/mx\/wp-content\/uploads\/sites\/13\/2021\/01\/IMG-1670.jpg\" class=\"lazy\" alt=\"\" \/><\/div><\/figure><\/div><\/div>\n<p><em>*Im\u00e1genes: Cortes\u00eda Farfetch<\/em><\/p>\n<h3>14<\/h3>\n<p>Cancino es una marca mexicana y este vestido tiene todo el sabor latino, hecho con materiales naturales. Encu\u00e9ntralo <a href=\"https:\/\/cancino.co\/products\/vestido-acanto\" target=\"_blank\" rel=\"noopener\" target=\"_blank\">aqu\u00ed<\/a>.<\/p>\n<div class=\"content-gallery\"><div class=\"gallery-placeholder\"><div class=\"spinner\"><\/div><\/div><span class=\"gallery-pagination\"><\/span><div id=\"gallery-14\" class=\"gallery galleryid-92694 gallery-columns- gallery-size-\"><figure class=\"gallery-item\"><div class=\"gallery-icon landscape\"><img loading=\"lazy\" decoding=\"async\" width=\"590\" height=\"737\" src=\"https:\/\/graziamagazine.com\/mx\/wp-content\/uploads\/sites\/13\/2021\/01\/DSC_6868_590x.png\" class=\"lazy\" alt=\"\" \/><\/div><\/figure><figure class=\"gallery-item\"><div class=\"gallery-icon landscape\"><img loading=\"lazy\" decoding=\"async\" width=\"590\" height=\"738\" src=\"https:\/\/graziamagazine.com\/mx\/wp-content\/uploads\/sites\/13\/2021\/01\/DSC_6891_590x.png\" class=\"lazy\" alt=\"\" \/><\/div><\/figure><\/div><\/div>\n<p><em>*Im\u00e1genes: Cortes\u00eda Cancino<\/em><\/p>\n<h3>15<\/h3>\n<p>Y aqu\u00ed uno m\u00e1s de Oysho, para aquellas que les gustan los detalles asim\u00e9tricos y las siluetas de punto. Da click <a href=\"https:\/\/www.google.com\/url?q=https:\/\/www.oysho.com\/m\/mx\/ba%25C3%25B1o-y-beachwear\/vestido-negro-asim%25C3%25A9trico-c1010231501p102426531.html&amp;source=gmail&amp;ust=1611344276571000&amp;usg=AFQjCNGayVf8-EfoDK5YEVXFKznVA3M7mQ\" target=\"_blank\" rel=\"noopener\" target=\"_blank\"><strong>aqu\u00ed<\/strong><\/a>.<\/p>\n<div class=\"content-gallery\"><div class=\"gallery-placeholder\"><div class=\"spinner\"><\/div><\/div><span class=\"gallery-pagination\"><\/span><div id=\"gallery-15\" class=\"gallery galleryid-92694 gallery-columns- gallery-size-\"><figure class=\"gallery-item\"><div class=\"gallery-icon landscape\"><img loading=\"lazy\" decoding=\"async\" width=\"731\" height=\"1299\" src=\"https:\/\/graziamagazine.com\/mx\/wp-content\/uploads\/sites\/13\/2021\/01\/IMG-1687.jpg\" class=\"lazy\" alt=\"\" \/><\/div><\/figure><figure class=\"gallery-item\"><div class=\"gallery-icon landscape\"><img loading=\"lazy\" decoding=\"async\" width=\"731\" height=\"1320\" src=\"https:\/\/graziamagazine.com\/mx\/wp-content\/uploads\/sites\/13\/2021\/01\/IMG-1686.jpg\" class=\"lazy\" alt=\"\" \/><\/div><\/figure><\/div><\/div>\n<p><em>*Im\u00e1genes: Cortes\u00eda Oysho<\/em><\/p>\n<p>&nbsp;<\/p>\n","protected":false},"author":11656,"featured_media":92756,"template":"","format":"standard","categories":[4],"acf":[],"yoast_head":"<!-- This site is optimized with the Yoast SEO Premium plugin v18.5 (Yoast SEO v20.4) - https:\/\/yoast.com\/wordpress\/plugins\/seo\/ -->\n<title>15 vestidos s\u00faper c\u00f3modos para estar en casa que no vas a querer quitarte | Grazia M\u00e9xico y Latinoam\u00e9rica<\/title>\n<meta name=\"description\" content=\"Si te quieres sentir c\u00f3moda sin comprometer tu estilo, te dejamos quince opciones de vestidos para que te inspires y d\u00f3nde encontrarlos. \u00a1Enam\u00f3rate de todos!\" \/>\n<meta name=\"robots\" content=\"index, follow, max-snippet:-1, max-image-preview:large, max-video-preview:-1\" \/>\n<link rel=\"canonical\" href=\"https:\/\/graziamagazine.com\/mx\/articles\/15-vestidos-super-comodos-para-estar-en-casa-que-no-vas-a-querer-quitarte\/\" \/>\n<meta property=\"og:locale\" content=\"es_MX\" \/>\n<meta property=\"og:type\" content=\"article\" \/>\n<meta property=\"og:title\" content=\"15 vestidos s\u00faper c\u00f3modos para estar en casa que no vas a querer quitarte\" \/>\n<meta property=\"og:description\" content=\"Si te quieres sentir c\u00f3moda sin comprometer tu estilo, te dejamos quince opciones de vestidos para que te inspires y d\u00f3nde encontrarlos. \u00a1Enam\u00f3rate de todos!\" \/>\n<meta property=\"og:url\" content=\"https:\/\/graziamagazine.com\/mx\/articles\/15-vestidos-super-comodos-para-estar-en-casa-que-no-vas-a-querer-quitarte\/\" \/>\n<meta property=\"og:site_name\" content=\"Grazia M\u00e9xico y Latinoam\u00e9rica\" \/>\n<meta property=\"article:modified_time\" content=\"2021-01-21T20:00:28+00:00\" \/>\n<meta property=\"og:image\" content=\"https:\/\/graziamagazine.com\/mx\/wp-content\/uploads\/sites\/13\/2021\/01\/MK4_4899_WEB-1.jpg?fit=1195%2C677\" \/>\n\t<meta property=\"og:image:width\" content=\"1195\" \/>\n\t<meta property=\"og:image:height\" content=\"677\" \/>\n\t<meta property=\"og:image:type\" content=\"image\/jpeg\" \/>\n<meta name=\"twitter:card\" content=\"summary_large_image\" \/>\n<meta name=\"twitter:label1\" content=\"Est. reading time\" \/>\n\t<meta name=\"twitter:data1\" content=\"4 minutos\" \/>\n<script type=\"application\/ld+json\" class=\"yoast-schema-graph\">{\"@context\":\"https:\/\/schema.org\",\"@graph\":[{\"@type\":\"WebPage\",\"@id\":\"https:\/\/graziamagazine.com\/mx\/articles\/15-vestidos-super-comodos-para-estar-en-casa-que-no-vas-a-querer-quitarte\/\",\"url\":\"https:\/\/graziamagazine.com\/mx\/articles\/15-vestidos-super-comodos-para-estar-en-casa-que-no-vas-a-querer-quitarte\/\",\"name\":\"15 vestidos s\u00faper c\u00f3modos para estar en casa que no vas a querer quitarte | Grazia M\u00e9xico y Latinoam\u00e9rica\",\"isPartOf\":{\"@id\":\"https:\/\/graziamagazine.com\/mx\/#website\"},\"datePublished\":\"2021-01-21T16:41:54+00:00\",\"dateModified\":\"2021-01-21T20:00:28+00:00\",\"description\":\"Si te quieres sentir c\u00f3moda sin comprometer tu estilo, te dejamos quince opciones de vestidos para que te inspires y d\u00f3nde encontrarlos. \u00a1Enam\u00f3rate de todos!\",\"breadcrumb\":{\"@id\":\"https:\/\/graziamagazine.com\/mx\/articles\/15-vestidos-super-comodos-para-estar-en-casa-que-no-vas-a-querer-quitarte\/#breadcrumb\"},\"inLanguage\":\"es-MX\",\"potentialAction\":[{\"@type\":\"ReadAction\",\"target\":[\"https:\/\/graziamagazine.com\/mx\/articles\/15-vestidos-super-comodos-para-estar-en-casa-que-no-vas-a-querer-quitarte\/\"]}]},{\"@type\":\"BreadcrumbList\",\"@id\":\"https:\/\/graziamagazine.com\/mx\/articles\/15-vestidos-super-comodos-para-estar-en-casa-que-no-vas-a-querer-quitarte\/#breadcrumb\",\"itemListElement\":[{\"@type\":\"ListItem\",\"position\":1,\"name\":\"Home\",\"item\":\"https:\/\/graziamagazine.com\/mx\/\"},{\"@type\":\"ListItem\",\"position\":2,\"name\":\"15 vestidos s\u00faper c\u00f3modos para estar en casa que no vas a querer quitarte\"}]},{\"@type\":\"WebSite\",\"@id\":\"https:\/\/graziamagazine.com\/mx\/#website\",\"url\":\"https:\/\/graziamagazine.com\/mx\/\",\"name\":\"Grazia M\u00e9xico y Latinoam\u00e9rica\",\"description\":\"Grazia es moda, belleza y noticias  de actualidad \",\"potentialAction\":[{\"@type\":\"SearchAction\",\"target\":{\"@type\":\"EntryPoint\",\"urlTemplate\":\"https:\/\/graziamagazine.com\/mx\/?s={search_term_string}\"},\"query-input\":\"required name=search_term_string\"}],\"inLanguage\":\"es-MX\"}]}<\/script>\n<!-- \/ Yoast SEO Premium plugin. -->","yoast_head_json":{"title":"15 vestidos s\u00faper c\u00f3modos para estar en casa que no vas a querer quitarte | Grazia M\u00e9xico y Latinoam\u00e9rica","description":"Si te quieres sentir c\u00f3moda sin comprometer tu estilo, te dejamos quince opciones de vestidos para que te inspires y d\u00f3nde encontrarlos. \u00a1Enam\u00f3rate de todos!","robots":{"index":"index","follow":"follow","max-snippet":"max-snippet:-1","max-image-preview":"max-image-preview:large","max-video-preview":"max-video-preview:-1"},"canonical":"https:\/\/graziamagazine.com\/mx\/articles\/15-vestidos-super-comodos-para-estar-en-casa-que-no-vas-a-querer-quitarte\/","og_locale":"es_MX","og_type":"article","og_title":"15 vestidos s\u00faper c\u00f3modos para estar en casa que no vas a querer quitarte","og_description":"Si te quieres sentir c\u00f3moda sin comprometer tu estilo, te dejamos quince opciones de vestidos para que te inspires y d\u00f3nde encontrarlos. \u00a1Enam\u00f3rate de todos!","og_url":"https:\/\/graziamagazine.com\/mx\/articles\/15-vestidos-super-comodos-para-estar-en-casa-que-no-vas-a-querer-quitarte\/","og_site_name":"Grazia M\u00e9xico y Latinoam\u00e9rica","article_modified_time":"2021-01-21T20:00:28+00:00","og_image":[{"width":1195,"height":677,"url":"https:\/\/graziamagazine.com\/mx\/wp-content\/uploads\/sites\/13\/2021\/01\/MK4_4899_WEB-1.jpg?fit=1195%2C677","type":"image\/jpeg"}],"twitter_card":"summary_large_image","twitter_misc":{"Est. reading time":"4 minutos"},"schema":{"@context":"https:\/\/schema.org","@graph":[{"@type":"WebPage","@id":"https:\/\/graziamagazine.com\/mx\/articles\/15-vestidos-super-comodos-para-estar-en-casa-que-no-vas-a-querer-quitarte\/","url":"https:\/\/graziamagazine.com\/mx\/articles\/15-vestidos-super-comodos-para-estar-en-casa-que-no-vas-a-querer-quitarte\/","name":"15 vestidos s\u00faper c\u00f3modos para estar en casa que no vas a querer quitarte | Grazia M\u00e9xico y Latinoam\u00e9rica","isPartOf":{"@id":"https:\/\/graziamagazine.com\/mx\/#website"},"datePublished":"2021-01-21T16:41:54+00:00","dateModified":"2021-01-21T20:00:28+00:00","description":"Si te quieres sentir c\u00f3moda sin comprometer tu estilo, te dejamos quince opciones de vestidos para que te inspires y d\u00f3nde encontrarlos. \u00a1Enam\u00f3rate de todos!","breadcrumb":{"@id":"https:\/\/graziamagazine.com\/mx\/articles\/15-vestidos-super-comodos-para-estar-en-casa-que-no-vas-a-querer-quitarte\/#breadcrumb"},"inLanguage":"es-MX","potentialAction":[{"@type":"ReadAction","target":["https:\/\/graziamagazine.com\/mx\/articles\/15-vestidos-super-comodos-para-estar-en-casa-que-no-vas-a-querer-quitarte\/"]}]},{"@type":"BreadcrumbList","@id":"https:\/\/graziamagazine.com\/mx\/articles\/15-vestidos-super-comodos-para-estar-en-casa-que-no-vas-a-querer-quitarte\/#breadcrumb","itemListElement":[{"@type":"ListItem","position":1,"name":"Home","item":"https:\/\/graziamagazine.com\/mx\/"},{"@type":"ListItem","position":2,"name":"15 vestidos s\u00faper c\u00f3modos para estar en casa que no vas a querer quitarte"}]},{"@type":"WebSite","@id":"https:\/\/graziamagazine.com\/mx\/#website","url":"https:\/\/graziamagazine.com\/mx\/","name":"Grazia M\u00e9xico y Latinoam\u00e9rica","description":"Grazia es moda, belleza y noticias  de actualidad ","potentialAction":[{"@type":"SearchAction","target":{"@type":"EntryPoint","urlTemplate":"https:\/\/graziamagazine.com\/mx\/?s={search_term_string}"},"query-input":"required name=search_term_string"}],"inLanguage":"es-MX"}]}},"jetpack_sharing_enabled":true,"distributor_meta":false,"distributor_terms":false,"distributor_media":false,"distributor_original_site_name":"Grazia M\u00e9xico y Latinoam\u00e9rica","distributor_original_site_url":"https:\/\/graziamagazine.com\/mx","push-errors":false,"_links":{"self":[{"href":"https:\/\/graziamagazine.com\/mx\/wp-json\/wp\/v2\/articles\/92694"}],"collection":[{"href":"https:\/\/graziamagazine.com\/mx\/wp-json\/wp\/v2\/articles"}],"about":[{"href":"https:\/\/graziamagazine.com\/mx\/wp-json\/wp\/v2\/types\/articles"}],"author":[{"embeddable":true,"href":"https:\/\/graziamagazine.com\/mx\/wp-json\/wp\/v2\/users\/11656"}],"wp:featuredmedia":[{"embeddable":true,"href":"https:\/\/graziamagazine.com\/mx\/wp-json\/wp\/v2\/media\/92756"}],"wp:attachment":[{"href":"https:\/\/graziamagazine.com\/mx\/wp-json\/wp\/v2\/media?parent=92694"}],"wp:term":[{"taxonomy":"category","embeddable":true,"href":"https:\/\/graziamagazine.com\/mx\/wp-json\/wp\/v2\/categories?post=92694"}],"curies":[{"name":"wp","href":"https:\/\/api.w.org\/{rel}","templated":true}]}}