{"id":92548,"date":"2021-01-18T09:12:16","date_gmt":"2021-01-18T14:12:16","guid":{"rendered":"https:\/\/graziamagazine.com\/mx\/?post_type=articles&#038;p=92548"},"modified":"2021-01-18T10:12:35","modified_gmt":"2021-01-18T15:12:35","slug":"ben-affleck-rompe-el-silencio-y-habla-por-primera-vez-de-su-relacion-con-jennifer-lopez","status":"publish","type":"articles","link":"https:\/\/graziamagazine.com\/mx\/articles\/ben-affleck-rompe-el-silencio-y-habla-por-primera-vez-de-su-relacion-con-jennifer-lopez\/","title":{"rendered":"Ben Affleck rompe el silencio y habla por primera vez de su relaci\u00f3n con Jennifer Lopez"},"content":{"rendered":"<p><span style=\"font-weight: 400\">Han pasado 17 a\u00f1os desde que <strong>Ben Affleck y Jennifer Lopez<\/strong> terminaron su compromiso y sus vidas tomaron caminos separados. Pero ha sido hasta ahora que el actor ha decidido hablar al respecto y, como todo un caballero, defendi\u00f3 a J.Lo del mal trato que le dieron los medios de comunicaci\u00f3n en aquel entonces tanto a ella como persona, como a su relaci\u00f3n.<\/span><\/p>\n<p><span style=\"font-weight: 400\">Claro que la carrera de Jennifer Lopez ha subido como la espuma desde entonces, pero de acuerdo con las declaraciones de Affleck &#8211; quien gan\u00f3 el Oscar como Mejor Director a\u00f1os despu\u00e9s &#8211; la prensa sensacionalista no la trataba con respeto, todo lo contrario. &#8220;La gente era tan jodidamente mala con ella: sexista, racista&#8221;, dijo el actor.<\/span><\/p>\n<p><span style=\"font-weight: 400\">&#8220;Se escribi\u00f3 una mierda fea y viciosa sobre ella de una manera que si la escribes ahora, literalmente ser\u00edas despedido por decir esas cosas que dijiste. Ahora es como si la adoraran y la respetaran por el trabajo que hizo, de d\u00f3nde vino, lo que logr\u00f3, \u00a1as\u00ed como debe ser!&#8221;, dijo Affleck durante su participaci\u00f3n en un podcast de <em>The Hollywood Reporter.<\/em><\/span><\/p>\n<p><span style=\"font-weight: 400\">Todas las portadas de tabloides sensacionalistas que protagoniz\u00f3 en aquel entonces, fueron porque Ben acarici\u00f3 los gl\u00fateos de J.Lo en el videoclip de <em><strong>Jenny From The Block<\/strong><\/em>, y la prensa simplemente nunca lo super\u00f3. De ah\u00ed se le relacion\u00f3 \u00fanicamente con publicaciones vulgares e irrespetuosas, olvidando que en realidad la pareja estaba enamorada y comprometida.<\/span><\/p>\n<p><span style=\"font-weight: 400\">Ben asegura que fue un verdadero problema haberse convertido en la \u201cnota sensacionalista\u201d que inund\u00f3 a la prensa durante meses. \u201cSabes, siempre hay una historia del mes, y yo saliendo con Jennifer Lopez result\u00f3 ser esa historia sensacionalista en el momento en que ese negocio creci\u00f3 exponencialmente\u201d. Esta presi\u00f3n medi\u00e1tica provoc\u00f3 su separaci\u00f3n en 2004, tras haber estado comprometidos desde 2002.\u00a0<\/span><\/p>\n<p><span style=\"font-weight: 400\">De hecho, en 2018 Jennifer dijo en una entrevista que recibi\u00f3 m\u00e1s atenci\u00f3n en 2002 saliendo con Ben, que ahora con <strong>Alex Rodr\u00edguez<\/strong>, con quien tambi\u00e9n est\u00e1 comprometida. &#8220;En realidad fue peor entonces. Fue una locura. Ahora al menos puedo mostrarte un poco qui\u00e9n soy. En ese entonces, simplemente cre\u00edas todo lo que le\u00edas en la portada de un tabloide. Muchas veces no fue verdad, o fue como un tercio de la verdad&#8221;, dijo.<\/span><\/p>\n<p><span style=\"font-weight: 400\">Desde entonces, Ben se cas\u00f3 y se divorci\u00f3 de <strong>Jennifer Garner,<\/strong> y ahora est\u00e1 saliendo con <strong>Ana de Armas<\/strong>, y J.Lo se cas\u00f3 y se divorci\u00f3 de <strong>Marc Anthony<\/strong> y ahora est\u00e1 comprometida con Alex Rodr\u00edguez. \u00bfHubiera sido diferente sin la mala jugada que les jug\u00f3 la prensa en aquel momento?<\/span><\/p>\n<h5><em>*IMAGEN: Getty Images<\/em><\/h5>\n","protected":false},"author":11628,"featured_media":92555,"template":"","format":"standard","categories":[2],"acf":[],"yoast_head":"<!-- This site is optimized with the Yoast SEO Premium plugin v18.5 (Yoast SEO v20.4) - https:\/\/yoast.com\/wordpress\/plugins\/seo\/ -->\n<title>Ben Affleck rompe el silencio y habla por primera vez de su relaci\u00f3n con Jennifer Lopez | Grazia M\u00e9xico y Latinoam\u00e9rica<\/title>\n<meta name=\"description\" content=\"Nunca es tarde para aclarar la verdad.\" \/>\n<meta name=\"robots\" content=\"index, follow, max-snippet:-1, max-image-preview:large, max-video-preview:-1\" \/>\n<link rel=\"canonical\" href=\"https:\/\/graziamagazine.com\/mx\/articles\/ben-affleck-rompe-el-silencio-y-habla-por-primera-vez-de-su-relacion-con-jennifer-lopez\/\" \/>\n<meta property=\"og:locale\" content=\"es_MX\" \/>\n<meta property=\"og:type\" content=\"article\" \/>\n<meta property=\"og:title\" content=\"Ben Affleck rompe el silencio y habla por primera vez de su relaci\u00f3n con Jennifer Lopez\" \/>\n<meta property=\"og:description\" content=\"Nunca es tarde para aclarar la verdad.\" \/>\n<meta property=\"og:url\" content=\"https:\/\/graziamagazine.com\/mx\/articles\/ben-affleck-rompe-el-silencio-y-habla-por-primera-vez-de-su-relacion-con-jennifer-lopez\/\" \/>\n<meta property=\"og:site_name\" content=\"Grazia M\u00e9xico y Latinoam\u00e9rica\" \/>\n<meta property=\"article:modified_time\" content=\"2021-01-18T15:12:35+00:00\" \/>\n<meta property=\"og:image\" content=\"https:\/\/graziamagazine.com\/mx\/wp-content\/uploads\/sites\/13\/2021\/01\/837b8c21789d2f4d0d6d125e4278bbe0.jpg?fit=960%2C720\" \/>\n\t<meta property=\"og:image:width\" content=\"960\" \/>\n\t<meta property=\"og:image:height\" content=\"720\" \/>\n\t<meta property=\"og:image:type\" content=\"image\/jpeg\" \/>\n<meta name=\"twitter:card\" content=\"summary_large_image\" \/>\n<meta name=\"twitter:label1\" content=\"Est. reading time\" \/>\n\t<meta name=\"twitter:data1\" content=\"2 minutos\" \/>\n<script type=\"application\/ld+json\" class=\"yoast-schema-graph\">{\"@context\":\"https:\/\/schema.org\",\"@graph\":[{\"@type\":\"WebPage\",\"@id\":\"https:\/\/graziamagazine.com\/mx\/articles\/ben-affleck-rompe-el-silencio-y-habla-por-primera-vez-de-su-relacion-con-jennifer-lopez\/\",\"url\":\"https:\/\/graziamagazine.com\/mx\/articles\/ben-affleck-rompe-el-silencio-y-habla-por-primera-vez-de-su-relacion-con-jennifer-lopez\/\",\"name\":\"Ben Affleck rompe el silencio y habla por primera vez de su relaci\u00f3n con Jennifer Lopez | Grazia M\u00e9xico y Latinoam\u00e9rica\",\"isPartOf\":{\"@id\":\"https:\/\/graziamagazine.com\/mx\/#website\"},\"datePublished\":\"2021-01-18T14:12:16+00:00\",\"dateModified\":\"2021-01-18T15:12:35+00:00\",\"description\":\"Nunca es tarde para aclarar la verdad.\",\"breadcrumb\":{\"@id\":\"https:\/\/graziamagazine.com\/mx\/articles\/ben-affleck-rompe-el-silencio-y-habla-por-primera-vez-de-su-relacion-con-jennifer-lopez\/#breadcrumb\"},\"inLanguage\":\"es-MX\",\"potentialAction\":[{\"@type\":\"ReadAction\",\"target\":[\"https:\/\/graziamagazine.com\/mx\/articles\/ben-affleck-rompe-el-silencio-y-habla-por-primera-vez-de-su-relacion-con-jennifer-lopez\/\"]}]},{\"@type\":\"BreadcrumbList\",\"@id\":\"https:\/\/graziamagazine.com\/mx\/articles\/ben-affleck-rompe-el-silencio-y-habla-por-primera-vez-de-su-relacion-con-jennifer-lopez\/#breadcrumb\",\"itemListElement\":[{\"@type\":\"ListItem\",\"position\":1,\"name\":\"Home\",\"item\":\"https:\/\/graziamagazine.com\/mx\/\"},{\"@type\":\"ListItem\",\"position\":2,\"name\":\"Ben Affleck rompe el silencio y habla por primera vez de su relaci\u00f3n con Jennifer Lopez\"}]},{\"@type\":\"WebSite\",\"@id\":\"https:\/\/graziamagazine.com\/mx\/#website\",\"url\":\"https:\/\/graziamagazine.com\/mx\/\",\"name\":\"Grazia M\u00e9xico y Latinoam\u00e9rica\",\"description\":\"Grazia es moda, belleza y noticias  de actualidad \",\"potentialAction\":[{\"@type\":\"SearchAction\",\"target\":{\"@type\":\"EntryPoint\",\"urlTemplate\":\"https:\/\/graziamagazine.com\/mx\/?s={search_term_string}\"},\"query-input\":\"required name=search_term_string\"}],\"inLanguage\":\"es-MX\"}]}<\/script>\n<!-- \/ Yoast SEO Premium plugin. -->","yoast_head_json":{"title":"Ben Affleck rompe el silencio y habla por primera vez de su relaci\u00f3n con Jennifer Lopez | Grazia M\u00e9xico y Latinoam\u00e9rica","description":"Nunca es tarde para aclarar la verdad.","robots":{"index":"index","follow":"follow","max-snippet":"max-snippet:-1","max-image-preview":"max-image-preview:large","max-video-preview":"max-video-preview:-1"},"canonical":"https:\/\/graziamagazine.com\/mx\/articles\/ben-affleck-rompe-el-silencio-y-habla-por-primera-vez-de-su-relacion-con-jennifer-lopez\/","og_locale":"es_MX","og_type":"article","og_title":"Ben Affleck rompe el silencio y habla por primera vez de su relaci\u00f3n con Jennifer Lopez","og_description":"Nunca es tarde para aclarar la verdad.","og_url":"https:\/\/graziamagazine.com\/mx\/articles\/ben-affleck-rompe-el-silencio-y-habla-por-primera-vez-de-su-relacion-con-jennifer-lopez\/","og_site_name":"Grazia M\u00e9xico y Latinoam\u00e9rica","article_modified_time":"2021-01-18T15:12:35+00:00","og_image":[{"width":960,"height":720,"url":"https:\/\/graziamagazine.com\/mx\/wp-content\/uploads\/sites\/13\/2021\/01\/837b8c21789d2f4d0d6d125e4278bbe0.jpg?fit=960%2C720","type":"image\/jpeg"}],"twitter_card":"summary_large_image","twitter_misc":{"Est. reading time":"2 minutos"},"schema":{"@context":"https:\/\/schema.org","@graph":[{"@type":"WebPage","@id":"https:\/\/graziamagazine.com\/mx\/articles\/ben-affleck-rompe-el-silencio-y-habla-por-primera-vez-de-su-relacion-con-jennifer-lopez\/","url":"https:\/\/graziamagazine.com\/mx\/articles\/ben-affleck-rompe-el-silencio-y-habla-por-primera-vez-de-su-relacion-con-jennifer-lopez\/","name":"Ben Affleck rompe el silencio y habla por primera vez de su relaci\u00f3n con Jennifer Lopez | Grazia M\u00e9xico y Latinoam\u00e9rica","isPartOf":{"@id":"https:\/\/graziamagazine.com\/mx\/#website"},"datePublished":"2021-01-18T14:12:16+00:00","dateModified":"2021-01-18T15:12:35+00:00","description":"Nunca es tarde para aclarar la verdad.","breadcrumb":{"@id":"https:\/\/graziamagazine.com\/mx\/articles\/ben-affleck-rompe-el-silencio-y-habla-por-primera-vez-de-su-relacion-con-jennifer-lopez\/#breadcrumb"},"inLanguage":"es-MX","potentialAction":[{"@type":"ReadAction","target":["https:\/\/graziamagazine.com\/mx\/articles\/ben-affleck-rompe-el-silencio-y-habla-por-primera-vez-de-su-relacion-con-jennifer-lopez\/"]}]},{"@type":"BreadcrumbList","@id":"https:\/\/graziamagazine.com\/mx\/articles\/ben-affleck-rompe-el-silencio-y-habla-por-primera-vez-de-su-relacion-con-jennifer-lopez\/#breadcrumb","itemListElement":[{"@type":"ListItem","position":1,"name":"Home","item":"https:\/\/graziamagazine.com\/mx\/"},{"@type":"ListItem","position":2,"name":"Ben Affleck rompe el silencio y habla por primera vez de su relaci\u00f3n con Jennifer Lopez"}]},{"@type":"WebSite","@id":"https:\/\/graziamagazine.com\/mx\/#website","url":"https:\/\/graziamagazine.com\/mx\/","name":"Grazia M\u00e9xico y Latinoam\u00e9rica","description":"Grazia es moda, belleza y noticias  de actualidad ","potentialAction":[{"@type":"SearchAction","target":{"@type":"EntryPoint","urlTemplate":"https:\/\/graziamagazine.com\/mx\/?s={search_term_string}"},"query-input":"required name=search_term_string"}],"inLanguage":"es-MX"}]}},"jetpack_sharing_enabled":true,"distributor_meta":false,"distributor_terms":false,"distributor_media":false,"distributor_original_site_name":"Grazia M\u00e9xico y Latinoam\u00e9rica","distributor_original_site_url":"https:\/\/graziamagazine.com\/mx","push-errors":false,"_links":{"self":[{"href":"https:\/\/graziamagazine.com\/mx\/wp-json\/wp\/v2\/articles\/92548"}],"collection":[{"href":"https:\/\/graziamagazine.com\/mx\/wp-json\/wp\/v2\/articles"}],"about":[{"href":"https:\/\/graziamagazine.com\/mx\/wp-json\/wp\/v2\/types\/articles"}],"author":[{"embeddable":true,"href":"https:\/\/graziamagazine.com\/mx\/wp-json\/wp\/v2\/users\/11628"}],"wp:featuredmedia":[{"embeddable":true,"href":"https:\/\/graziamagazine.com\/mx\/wp-json\/wp\/v2\/media\/92555"}],"wp:attachment":[{"href":"https:\/\/graziamagazine.com\/mx\/wp-json\/wp\/v2\/media?parent=92548"}],"wp:term":[{"taxonomy":"category","embeddable":true,"href":"https:\/\/graziamagazine.com\/mx\/wp-json\/wp\/v2\/categories?post=92548"}],"curies":[{"name":"wp","href":"https:\/\/api.w.org\/{rel}","templated":true}]}}