{"id":92546,"date":"2021-01-18T08:50:06","date_gmt":"2021-01-18T13:50:06","guid":{"rendered":"https:\/\/graziamagazine.com\/mx\/?post_type=articles&#038;p=92546"},"modified":"2021-01-18T09:56:52","modified_gmt":"2021-01-18T14:56:52","slug":"patrick-dempsey-confirma-su-participacion-en-enchanted-2-junto-a-amy-adams","status":"publish","type":"articles","link":"https:\/\/graziamagazine.com\/mx\/articles\/patrick-dempsey-confirma-su-participacion-en-enchanted-2-junto-a-amy-adams\/","title":{"rendered":"\u00a1Patrick Dempsey confirma su participaci\u00f3n en Enchanted 2 junto a Amy Adams!"},"content":{"rendered":"<p><span style=\"font-weight: 400\">\u00a1Qu\u00e9 buena noticia! 14 a\u00f1os despu\u00e9s del estreno de aquella comedia rom\u00e1ntica musical protagonizada por <strong>Amy Adams y Patrick Dempsey,<\/strong> <em><strong>Enchanted<\/strong><\/em>, llegar\u00e1 a nuestras pantallas la segunda parte, <strong>Disenchanted<\/strong>, y lo mejor es que ambos actores \u00a1han confirmado su participaci\u00f3n en esta secuela!\u00a0<\/span><\/p>\n<p><span style=\"font-weight: 400\">La nueva cinta que est\u00e1 planeada para estrenarse en <strong>Disney+<\/strong>, &#8220;trata de la vida de Giselle (Amy Adams) 10 a\u00f1os despu\u00e9s\u201d, seg\u00fan ha trascendido. Y adem\u00e1s, plantea una duda al aire cuya respuesta en la pel\u00edcula ser\u00e1 muy interesante de observar: \u201c\u00bfQu\u00e9 es un feliz para siempre?\u201d.<\/span><\/p>\n<p><span style=\"font-weight: 400\">La noticia de la producci\u00f3n de esta segunda parte fue comunicada por Patrick Dempsey, quien da vida al abogado Robert Philip, durante su participaci\u00f3n en un programa estadounidense: &#8220;Acabo de recibir este gui\u00f3n para la segunda pel\u00edcula y luego empiezo a revisar y tomar notas. Se habla de que comenzaremos a filmar en primavera, lo cual es emocionante&#8221;.<\/span><\/p>\n<p><span style=\"font-weight: 400\">El actor de <em><strong>Grey&#8217;s Anatomy<\/strong> <\/em>tambi\u00e9n elogi\u00f3 la actuaci\u00f3n de Adams en la primera pel\u00edcula al interpretar a Giselle, la princesa de cuento de hadas que es desterrada a la ciudad de Nueva York por una reina malvada (<strong>Susan Sarandon<\/strong>) antes de casarse con el encantador Pr\u00edncipe Eduardo (<strong>James Marsden<\/strong>). Pero la vida ten\u00eda preparados otros planes para ella, pues se enamora de Robert en la Gran Manzana. &#8220;Amy Adams es tan asombrosa en esa pel\u00edcula. Fue un proyecto divertido de formar parte\u201d, dijo.<\/span><\/p>\n<p><span style=\"font-weight: 400\">Hasta ahora no hay mayores detalles, pero te los iremos informando conforme vayan surgiendo.\u00a0<\/span><\/p>\n","protected":false},"author":11628,"featured_media":92552,"template":"","format":"standard","categories":[114,2],"acf":[],"yoast_head":"<!-- This site is optimized with the Yoast SEO Premium plugin v18.5 (Yoast SEO v20.4) - https:\/\/yoast.com\/wordpress\/plugins\/seo\/ -->\n<title>\u00a1Patrick Dempsey confirma su participaci\u00f3n en Enchanted 2 junto a Amy Adams! | Grazia M\u00e9xico y Latinoam\u00e9rica<\/title>\n<meta name=\"description\" content=\"\u00a1Una de nuestras pel\u00edculas favoritas de Disney estar\u00e1 de regreso muy pronto!\" \/>\n<meta name=\"robots\" content=\"index, follow, max-snippet:-1, max-image-preview:large, max-video-preview:-1\" \/>\n<link rel=\"canonical\" href=\"https:\/\/graziamagazine.com\/mx\/articles\/patrick-dempsey-confirma-su-participacion-en-enchanted-2-junto-a-amy-adams\/\" \/>\n<meta property=\"og:locale\" content=\"es_MX\" \/>\n<meta property=\"og:type\" content=\"article\" \/>\n<meta property=\"og:title\" content=\"\u00a1Patrick Dempsey confirma su participaci\u00f3n en Enchanted 2 junto a Amy Adams!\" \/>\n<meta property=\"og:description\" content=\"\u00a1Una de nuestras pel\u00edculas favoritas de Disney estar\u00e1 de regreso muy pronto!\" \/>\n<meta property=\"og:url\" content=\"https:\/\/graziamagazine.com\/mx\/articles\/patrick-dempsey-confirma-su-participacion-en-enchanted-2-junto-a-amy-adams\/\" \/>\n<meta property=\"og:site_name\" content=\"Grazia M\u00e9xico y Latinoam\u00e9rica\" \/>\n<meta property=\"article:modified_time\" content=\"2021-01-18T14:56:52+00:00\" \/>\n<meta property=\"og:image\" content=\"https:\/\/graziamagazine.com\/mx\/wp-content\/uploads\/sites\/13\/2021\/01\/2c53023801.0.jpeg?fit=1200%2C800\" \/>\n\t<meta property=\"og:image:width\" content=\"1200\" \/>\n\t<meta property=\"og:image:height\" content=\"800\" \/>\n\t<meta property=\"og:image:type\" content=\"image\/jpeg\" \/>\n<meta name=\"twitter:card\" content=\"summary_large_image\" \/>\n<meta name=\"twitter:label1\" content=\"Est. reading time\" \/>\n\t<meta name=\"twitter:data1\" content=\"1 minuto\" \/>\n<script type=\"application\/ld+json\" class=\"yoast-schema-graph\">{\"@context\":\"https:\/\/schema.org\",\"@graph\":[{\"@type\":\"WebPage\",\"@id\":\"https:\/\/graziamagazine.com\/mx\/articles\/patrick-dempsey-confirma-su-participacion-en-enchanted-2-junto-a-amy-adams\/\",\"url\":\"https:\/\/graziamagazine.com\/mx\/articles\/patrick-dempsey-confirma-su-participacion-en-enchanted-2-junto-a-amy-adams\/\",\"name\":\"\u00a1Patrick Dempsey confirma su participaci\u00f3n en Enchanted 2 junto a Amy Adams! | Grazia M\u00e9xico y Latinoam\u00e9rica\",\"isPartOf\":{\"@id\":\"https:\/\/graziamagazine.com\/mx\/#website\"},\"datePublished\":\"2021-01-18T13:50:06+00:00\",\"dateModified\":\"2021-01-18T14:56:52+00:00\",\"description\":\"\u00a1Una de nuestras pel\u00edculas favoritas de Disney estar\u00e1 de regreso muy pronto!\",\"breadcrumb\":{\"@id\":\"https:\/\/graziamagazine.com\/mx\/articles\/patrick-dempsey-confirma-su-participacion-en-enchanted-2-junto-a-amy-adams\/#breadcrumb\"},\"inLanguage\":\"es-MX\",\"potentialAction\":[{\"@type\":\"ReadAction\",\"target\":[\"https:\/\/graziamagazine.com\/mx\/articles\/patrick-dempsey-confirma-su-participacion-en-enchanted-2-junto-a-amy-adams\/\"]}]},{\"@type\":\"BreadcrumbList\",\"@id\":\"https:\/\/graziamagazine.com\/mx\/articles\/patrick-dempsey-confirma-su-participacion-en-enchanted-2-junto-a-amy-adams\/#breadcrumb\",\"itemListElement\":[{\"@type\":\"ListItem\",\"position\":1,\"name\":\"Home\",\"item\":\"https:\/\/graziamagazine.com\/mx\/\"},{\"@type\":\"ListItem\",\"position\":2,\"name\":\"\u00a1Patrick Dempsey confirma su participaci\u00f3n en Enchanted 2 junto a Amy Adams!\"}]},{\"@type\":\"WebSite\",\"@id\":\"https:\/\/graziamagazine.com\/mx\/#website\",\"url\":\"https:\/\/graziamagazine.com\/mx\/\",\"name\":\"Grazia M\u00e9xico y Latinoam\u00e9rica\",\"description\":\"Grazia es moda, belleza y noticias  de actualidad \",\"potentialAction\":[{\"@type\":\"SearchAction\",\"target\":{\"@type\":\"EntryPoint\",\"urlTemplate\":\"https:\/\/graziamagazine.com\/mx\/?s={search_term_string}\"},\"query-input\":\"required name=search_term_string\"}],\"inLanguage\":\"es-MX\"}]}<\/script>\n<!-- \/ Yoast SEO Premium plugin. -->","yoast_head_json":{"title":"\u00a1Patrick Dempsey confirma su participaci\u00f3n en Enchanted 2 junto a Amy Adams! | Grazia M\u00e9xico y Latinoam\u00e9rica","description":"\u00a1Una de nuestras pel\u00edculas favoritas de Disney estar\u00e1 de regreso muy pronto!","robots":{"index":"index","follow":"follow","max-snippet":"max-snippet:-1","max-image-preview":"max-image-preview:large","max-video-preview":"max-video-preview:-1"},"canonical":"https:\/\/graziamagazine.com\/mx\/articles\/patrick-dempsey-confirma-su-participacion-en-enchanted-2-junto-a-amy-adams\/","og_locale":"es_MX","og_type":"article","og_title":"\u00a1Patrick Dempsey confirma su participaci\u00f3n en Enchanted 2 junto a Amy Adams!","og_description":"\u00a1Una de nuestras pel\u00edculas favoritas de Disney estar\u00e1 de regreso muy pronto!","og_url":"https:\/\/graziamagazine.com\/mx\/articles\/patrick-dempsey-confirma-su-participacion-en-enchanted-2-junto-a-amy-adams\/","og_site_name":"Grazia M\u00e9xico y Latinoam\u00e9rica","article_modified_time":"2021-01-18T14:56:52+00:00","og_image":[{"width":1200,"height":800,"url":"https:\/\/graziamagazine.com\/mx\/wp-content\/uploads\/sites\/13\/2021\/01\/2c53023801.0.jpeg?fit=1200%2C800","type":"image\/jpeg"}],"twitter_card":"summary_large_image","twitter_misc":{"Est. reading time":"1 minuto"},"schema":{"@context":"https:\/\/schema.org","@graph":[{"@type":"WebPage","@id":"https:\/\/graziamagazine.com\/mx\/articles\/patrick-dempsey-confirma-su-participacion-en-enchanted-2-junto-a-amy-adams\/","url":"https:\/\/graziamagazine.com\/mx\/articles\/patrick-dempsey-confirma-su-participacion-en-enchanted-2-junto-a-amy-adams\/","name":"\u00a1Patrick Dempsey confirma su participaci\u00f3n en Enchanted 2 junto a Amy Adams! | Grazia M\u00e9xico y Latinoam\u00e9rica","isPartOf":{"@id":"https:\/\/graziamagazine.com\/mx\/#website"},"datePublished":"2021-01-18T13:50:06+00:00","dateModified":"2021-01-18T14:56:52+00:00","description":"\u00a1Una de nuestras pel\u00edculas favoritas de Disney estar\u00e1 de regreso muy pronto!","breadcrumb":{"@id":"https:\/\/graziamagazine.com\/mx\/articles\/patrick-dempsey-confirma-su-participacion-en-enchanted-2-junto-a-amy-adams\/#breadcrumb"},"inLanguage":"es-MX","potentialAction":[{"@type":"ReadAction","target":["https:\/\/graziamagazine.com\/mx\/articles\/patrick-dempsey-confirma-su-participacion-en-enchanted-2-junto-a-amy-adams\/"]}]},{"@type":"BreadcrumbList","@id":"https:\/\/graziamagazine.com\/mx\/articles\/patrick-dempsey-confirma-su-participacion-en-enchanted-2-junto-a-amy-adams\/#breadcrumb","itemListElement":[{"@type":"ListItem","position":1,"name":"Home","item":"https:\/\/graziamagazine.com\/mx\/"},{"@type":"ListItem","position":2,"name":"\u00a1Patrick Dempsey confirma su participaci\u00f3n en Enchanted 2 junto a Amy Adams!"}]},{"@type":"WebSite","@id":"https:\/\/graziamagazine.com\/mx\/#website","url":"https:\/\/graziamagazine.com\/mx\/","name":"Grazia M\u00e9xico y Latinoam\u00e9rica","description":"Grazia es moda, belleza y noticias  de actualidad ","potentialAction":[{"@type":"SearchAction","target":{"@type":"EntryPoint","urlTemplate":"https:\/\/graziamagazine.com\/mx\/?s={search_term_string}"},"query-input":"required name=search_term_string"}],"inLanguage":"es-MX"}]}},"jetpack_sharing_enabled":true,"distributor_meta":false,"distributor_terms":false,"distributor_media":false,"distributor_original_site_name":"Grazia M\u00e9xico y Latinoam\u00e9rica","distributor_original_site_url":"https:\/\/graziamagazine.com\/mx","push-errors":false,"_links":{"self":[{"href":"https:\/\/graziamagazine.com\/mx\/wp-json\/wp\/v2\/articles\/92546"}],"collection":[{"href":"https:\/\/graziamagazine.com\/mx\/wp-json\/wp\/v2\/articles"}],"about":[{"href":"https:\/\/graziamagazine.com\/mx\/wp-json\/wp\/v2\/types\/articles"}],"author":[{"embeddable":true,"href":"https:\/\/graziamagazine.com\/mx\/wp-json\/wp\/v2\/users\/11628"}],"wp:featuredmedia":[{"embeddable":true,"href":"https:\/\/graziamagazine.com\/mx\/wp-json\/wp\/v2\/media\/92552"}],"wp:attachment":[{"href":"https:\/\/graziamagazine.com\/mx\/wp-json\/wp\/v2\/media?parent=92546"}],"wp:term":[{"taxonomy":"category","embeddable":true,"href":"https:\/\/graziamagazine.com\/mx\/wp-json\/wp\/v2\/categories?post=92546"}],"curies":[{"name":"wp","href":"https:\/\/api.w.org\/{rel}","templated":true}]}}