{"id":92473,"date":"2021-01-14T08:30:52","date_gmt":"2021-01-14T13:30:52","guid":{"rendered":"https:\/\/graziamagazine.com\/mx\/?post_type=articles&#038;p=92473"},"modified":"2021-01-14T08:39:58","modified_gmt":"2021-01-14T13:39:58","slug":"ahora-puedes-vestirte-con-las-prendas-favoritas-del-armario-de-mary-kate-y-ashley-olsen","status":"publish","type":"articles","link":"https:\/\/graziamagazine.com\/mx\/articles\/ahora-puedes-vestirte-con-las-prendas-favoritas-del-armario-de-mary-kate-y-ashley-olsen\/","title":{"rendered":"Ahora puedes vestirte con las prendas favoritas del armario de Mary-Kate y Ashley Olsen"},"content":{"rendered":"<p><span style=\"font-weight: 400\">Las hermanas <strong>Mary-Kate y Ashley Olsen<\/strong> han dejado en claro a trav\u00e9s de su marca de ropa &#8211; <em><strong>The Row<\/strong><\/em> &#8211;\u00a0 el talento que tienen como dise\u00f1adoras y lo mucho que les apasiona el mundo de la moda. Ahora, el d\u00fao din\u00e1mico est\u00e1 haciendo limpieza de las miles de prendas que seguramente tienen en sus armarios, sacando prendas de algunas de las marcas m\u00e1s lujosas, y poni\u00e9ndolas a la venta.<\/span><\/p>\n<p><span style=\"font-weight: 400\">Ser\u00e1 justamente a trav\u00e9s de sus escaparates en <em>The Row<\/em>, que las gemelas pondr\u00e1n a la venta piezas de marcas como <strong>Pierre Cardin, Chanel, John Galliano y Yohji Yamamoto<\/strong>, entre otras. \u00a1Ya podr\u00e1s imaginarte los precios de estas prendas vintage! Pero si el precio no es un impedimento para ti, ap\u00fantate en la lista de espera que ya existe.<\/span><\/p>\n<p><span style=\"font-weight: 400\">En la colecci\u00f3n hay varios art\u00edculos de <strong>Comme des Gar\u00e7on<\/strong>s, como un chaleco azul marino con aberturas, una falda geom\u00e9trica con cierre de alfiler y un vestido de algod\u00f3n blanco de manga larga. Otras prendas destacadas son un traje Chanel de alta costura en color azul marino con ribetes rojos, y un vestido kimono negro dise\u00f1ado por John Galliano.<\/span><\/p>\n<p><span style=\"font-weight: 400\">Tambi\u00e9n hay una serie de abrigos vintage de<strong> Issey Miyake<\/strong>, que incluyen un impermeable extragrande de 1979, y un abrigo reversible con doble fila de botones de la d\u00e9cada de 1990, tambi\u00e9n en color azul marino.<\/span><\/p>\n<p><span style=\"font-weight: 400\">\u00bfTe apuntar\u00e1s en la lista? Toda la informaci\u00f3n sobre las prendas y la posibilidad de solicitar el precio en privado, lo encuentras en el sitio oficial de <a href=\"https:\/\/www.therow.com\/mx\/experience\/galerie\" target=\"_blank\"><em>The Row.<\/em><\/a><\/span><\/p>\n<p><em><strong>*IMAGEN: Getty Images<\/strong><\/em><\/p>\n","protected":false},"author":11628,"featured_media":92496,"template":"","format":"standard","categories":[4],"acf":[],"yoast_head":"<!-- This site is optimized with the Yoast SEO Premium plugin v18.5 (Yoast SEO v20.4) - https:\/\/yoast.com\/wordpress\/plugins\/seo\/ -->\n<title>Ahora puedes vestirte con las prendas favoritas del armario de Mary-Kate y Ashley Olsen | Grazia M\u00e9xico y Latinoam\u00e9rica<\/title>\n<meta name=\"description\" content=\"Hoy m\u00e1s que nunca tener el cl\u00f3set de las gemelas m\u00e1s famosas de la pantalla chica es s\u00faper f\u00e1cil y te contamos c\u00f3mo conseguirlo.\" \/>\n<meta name=\"robots\" content=\"index, follow, max-snippet:-1, max-image-preview:large, max-video-preview:-1\" \/>\n<link rel=\"canonical\" href=\"https:\/\/graziamagazine.com\/mx\/articles\/ahora-puedes-vestirte-con-las-prendas-favoritas-del-armario-de-mary-kate-y-ashley-olsen\/\" \/>\n<meta property=\"og:locale\" content=\"es_MX\" \/>\n<meta property=\"og:type\" content=\"article\" \/>\n<meta property=\"og:title\" content=\"Ahora puedes vestirte con las prendas favoritas del armario de Mary-Kate y Ashley Olsen\" \/>\n<meta property=\"og:description\" content=\"Hoy m\u00e1s que nunca tener el cl\u00f3set de las gemelas m\u00e1s famosas de la pantalla chica es s\u00faper f\u00e1cil y te contamos c\u00f3mo conseguirlo.\" \/>\n<meta property=\"og:url\" content=\"https:\/\/graziamagazine.com\/mx\/articles\/ahora-puedes-vestirte-con-las-prendas-favoritas-del-armario-de-mary-kate-y-ashley-olsen\/\" \/>\n<meta property=\"og:site_name\" content=\"Grazia M\u00e9xico y Latinoam\u00e9rica\" \/>\n<meta property=\"article:modified_time\" content=\"2021-01-14T13:39:58+00:00\" \/>\n<meta property=\"og:image\" content=\"https:\/\/graziamagazine.com\/mx\/wp-content\/uploads\/sites\/13\/2021\/01\/preparate-para-la-primera-coleccion-menswear-de-las-gemelas-olsen-destacada.jpg?fit=1024%2C722\" \/>\n\t<meta property=\"og:image:width\" content=\"1024\" \/>\n\t<meta property=\"og:image:height\" content=\"722\" \/>\n\t<meta property=\"og:image:type\" content=\"image\/jpeg\" \/>\n<meta name=\"twitter:card\" content=\"summary_large_image\" \/>\n<meta name=\"twitter:label1\" content=\"Est. reading time\" \/>\n\t<meta name=\"twitter:data1\" content=\"1 minuto\" \/>\n<script type=\"application\/ld+json\" class=\"yoast-schema-graph\">{\"@context\":\"https:\/\/schema.org\",\"@graph\":[{\"@type\":\"WebPage\",\"@id\":\"https:\/\/graziamagazine.com\/mx\/articles\/ahora-puedes-vestirte-con-las-prendas-favoritas-del-armario-de-mary-kate-y-ashley-olsen\/\",\"url\":\"https:\/\/graziamagazine.com\/mx\/articles\/ahora-puedes-vestirte-con-las-prendas-favoritas-del-armario-de-mary-kate-y-ashley-olsen\/\",\"name\":\"Ahora puedes vestirte con las prendas favoritas del armario de Mary-Kate y Ashley Olsen | Grazia M\u00e9xico y Latinoam\u00e9rica\",\"isPartOf\":{\"@id\":\"https:\/\/graziamagazine.com\/mx\/#website\"},\"datePublished\":\"2021-01-14T13:30:52+00:00\",\"dateModified\":\"2021-01-14T13:39:58+00:00\",\"description\":\"Hoy m\u00e1s que nunca tener el cl\u00f3set de las gemelas m\u00e1s famosas de la pantalla chica es s\u00faper f\u00e1cil y te contamos c\u00f3mo conseguirlo.\",\"breadcrumb\":{\"@id\":\"https:\/\/graziamagazine.com\/mx\/articles\/ahora-puedes-vestirte-con-las-prendas-favoritas-del-armario-de-mary-kate-y-ashley-olsen\/#breadcrumb\"},\"inLanguage\":\"es-MX\",\"potentialAction\":[{\"@type\":\"ReadAction\",\"target\":[\"https:\/\/graziamagazine.com\/mx\/articles\/ahora-puedes-vestirte-con-las-prendas-favoritas-del-armario-de-mary-kate-y-ashley-olsen\/\"]}]},{\"@type\":\"BreadcrumbList\",\"@id\":\"https:\/\/graziamagazine.com\/mx\/articles\/ahora-puedes-vestirte-con-las-prendas-favoritas-del-armario-de-mary-kate-y-ashley-olsen\/#breadcrumb\",\"itemListElement\":[{\"@type\":\"ListItem\",\"position\":1,\"name\":\"Home\",\"item\":\"https:\/\/graziamagazine.com\/mx\/\"},{\"@type\":\"ListItem\",\"position\":2,\"name\":\"Ahora puedes vestirte con las prendas favoritas del armario de Mary-Kate y Ashley Olsen\"}]},{\"@type\":\"WebSite\",\"@id\":\"https:\/\/graziamagazine.com\/mx\/#website\",\"url\":\"https:\/\/graziamagazine.com\/mx\/\",\"name\":\"Grazia M\u00e9xico y Latinoam\u00e9rica\",\"description\":\"Grazia es moda, belleza y noticias  de actualidad \",\"potentialAction\":[{\"@type\":\"SearchAction\",\"target\":{\"@type\":\"EntryPoint\",\"urlTemplate\":\"https:\/\/graziamagazine.com\/mx\/?s={search_term_string}\"},\"query-input\":\"required name=search_term_string\"}],\"inLanguage\":\"es-MX\"}]}<\/script>\n<!-- \/ Yoast SEO Premium plugin. -->","yoast_head_json":{"title":"Ahora puedes vestirte con las prendas favoritas del armario de Mary-Kate y Ashley Olsen | Grazia M\u00e9xico y Latinoam\u00e9rica","description":"Hoy m\u00e1s que nunca tener el cl\u00f3set de las gemelas m\u00e1s famosas de la pantalla chica es s\u00faper f\u00e1cil y te contamos c\u00f3mo conseguirlo.","robots":{"index":"index","follow":"follow","max-snippet":"max-snippet:-1","max-image-preview":"max-image-preview:large","max-video-preview":"max-video-preview:-1"},"canonical":"https:\/\/graziamagazine.com\/mx\/articles\/ahora-puedes-vestirte-con-las-prendas-favoritas-del-armario-de-mary-kate-y-ashley-olsen\/","og_locale":"es_MX","og_type":"article","og_title":"Ahora puedes vestirte con las prendas favoritas del armario de Mary-Kate y Ashley Olsen","og_description":"Hoy m\u00e1s que nunca tener el cl\u00f3set de las gemelas m\u00e1s famosas de la pantalla chica es s\u00faper f\u00e1cil y te contamos c\u00f3mo conseguirlo.","og_url":"https:\/\/graziamagazine.com\/mx\/articles\/ahora-puedes-vestirte-con-las-prendas-favoritas-del-armario-de-mary-kate-y-ashley-olsen\/","og_site_name":"Grazia M\u00e9xico y Latinoam\u00e9rica","article_modified_time":"2021-01-14T13:39:58+00:00","og_image":[{"width":1024,"height":722,"url":"https:\/\/graziamagazine.com\/mx\/wp-content\/uploads\/sites\/13\/2021\/01\/preparate-para-la-primera-coleccion-menswear-de-las-gemelas-olsen-destacada.jpg?fit=1024%2C722","type":"image\/jpeg"}],"twitter_card":"summary_large_image","twitter_misc":{"Est. reading time":"1 minuto"},"schema":{"@context":"https:\/\/schema.org","@graph":[{"@type":"WebPage","@id":"https:\/\/graziamagazine.com\/mx\/articles\/ahora-puedes-vestirte-con-las-prendas-favoritas-del-armario-de-mary-kate-y-ashley-olsen\/","url":"https:\/\/graziamagazine.com\/mx\/articles\/ahora-puedes-vestirte-con-las-prendas-favoritas-del-armario-de-mary-kate-y-ashley-olsen\/","name":"Ahora puedes vestirte con las prendas favoritas del armario de Mary-Kate y Ashley Olsen | Grazia M\u00e9xico y Latinoam\u00e9rica","isPartOf":{"@id":"https:\/\/graziamagazine.com\/mx\/#website"},"datePublished":"2021-01-14T13:30:52+00:00","dateModified":"2021-01-14T13:39:58+00:00","description":"Hoy m\u00e1s que nunca tener el cl\u00f3set de las gemelas m\u00e1s famosas de la pantalla chica es s\u00faper f\u00e1cil y te contamos c\u00f3mo conseguirlo.","breadcrumb":{"@id":"https:\/\/graziamagazine.com\/mx\/articles\/ahora-puedes-vestirte-con-las-prendas-favoritas-del-armario-de-mary-kate-y-ashley-olsen\/#breadcrumb"},"inLanguage":"es-MX","potentialAction":[{"@type":"ReadAction","target":["https:\/\/graziamagazine.com\/mx\/articles\/ahora-puedes-vestirte-con-las-prendas-favoritas-del-armario-de-mary-kate-y-ashley-olsen\/"]}]},{"@type":"BreadcrumbList","@id":"https:\/\/graziamagazine.com\/mx\/articles\/ahora-puedes-vestirte-con-las-prendas-favoritas-del-armario-de-mary-kate-y-ashley-olsen\/#breadcrumb","itemListElement":[{"@type":"ListItem","position":1,"name":"Home","item":"https:\/\/graziamagazine.com\/mx\/"},{"@type":"ListItem","position":2,"name":"Ahora puedes vestirte con las prendas favoritas del armario de Mary-Kate y Ashley Olsen"}]},{"@type":"WebSite","@id":"https:\/\/graziamagazine.com\/mx\/#website","url":"https:\/\/graziamagazine.com\/mx\/","name":"Grazia M\u00e9xico y Latinoam\u00e9rica","description":"Grazia es moda, belleza y noticias  de actualidad ","potentialAction":[{"@type":"SearchAction","target":{"@type":"EntryPoint","urlTemplate":"https:\/\/graziamagazine.com\/mx\/?s={search_term_string}"},"query-input":"required name=search_term_string"}],"inLanguage":"es-MX"}]}},"jetpack_sharing_enabled":true,"distributor_meta":false,"distributor_terms":false,"distributor_media":false,"distributor_original_site_name":"Grazia M\u00e9xico y Latinoam\u00e9rica","distributor_original_site_url":"https:\/\/graziamagazine.com\/mx","push-errors":false,"_links":{"self":[{"href":"https:\/\/graziamagazine.com\/mx\/wp-json\/wp\/v2\/articles\/92473"}],"collection":[{"href":"https:\/\/graziamagazine.com\/mx\/wp-json\/wp\/v2\/articles"}],"about":[{"href":"https:\/\/graziamagazine.com\/mx\/wp-json\/wp\/v2\/types\/articles"}],"author":[{"embeddable":true,"href":"https:\/\/graziamagazine.com\/mx\/wp-json\/wp\/v2\/users\/11628"}],"wp:featuredmedia":[{"embeddable":true,"href":"https:\/\/graziamagazine.com\/mx\/wp-json\/wp\/v2\/media\/92496"}],"wp:attachment":[{"href":"https:\/\/graziamagazine.com\/mx\/wp-json\/wp\/v2\/media?parent=92473"}],"wp:term":[{"taxonomy":"category","embeddable":true,"href":"https:\/\/graziamagazine.com\/mx\/wp-json\/wp\/v2\/categories?post=92473"}],"curies":[{"name":"wp","href":"https:\/\/api.w.org\/{rel}","templated":true}]}}