{"id":92213,"date":"2021-01-06T10:19:37","date_gmt":"2021-01-06T15:19:37","guid":{"rendered":"https:\/\/graziamagazine.com\/mx\/?post_type=articles&#038;p=92213"},"modified":"2021-01-06T12:05:29","modified_gmt":"2021-01-06T17:05:29","slug":"el-guardaespaldas-de-karl-lagerfeld-escribio-un-libro-sobre-su-vida","status":"publish","type":"articles","link":"https:\/\/graziamagazine.com\/mx\/articles\/el-guardaespaldas-de-karl-lagerfeld-escribio-un-libro-sobre-su-vida\/","title":{"rendered":"El guardaespaldas de Karl Lagerfeld escribi\u00f3 un libro sobre su vida"},"content":{"rendered":"<p><strong>S\u00e9bastien Jondeau<\/strong>, el guardaespaldas y asistente personal de<strong> Karl Lagerfeld<\/strong>, era como un hijo para el legendario dise\u00f1ador como muchos saben en la industria de la moda, y acaba de anunciar a trav\u00e9s de Instagram que lanzar\u00e1 un libro sobre su experiencia y la vida del famoso alem\u00e1n.<\/p>\n<p>Titulado &#8220;\u00c7a va, cher Karl?&#8221; (\u00bfC\u00f3mo est\u00e1s, querido Karl? En espa\u00f1ol), ser\u00e1 una memoria que llevar\u00e1 en sus 220 p\u00e1ginas fotograf\u00edas y descripciones escritas por S\u00e9bastien y la periodista y cr\u00edtica de moda francesa Virginie Mouzat. Seg\u00fan los reportes de <a href=\"https:\/\/wwd.com\/fashion-news\/fashion-scoops\/karl-lagerfeld-book-bodyguard-jondeau-1234690302\/\" target=\"_blank\" rel=\"noopener\" target=\"_blank\"><em>WWD<\/em><\/a>, Virginie lo describi\u00f3 como &#8220;un viaje duro y m\u00e1gico, desde los 95 suburbios hasta el s\u00faper lujoso Quai Voltaire, una historia de lucha, amor, admiraci\u00f3n y resistencia&#8221;. Interesante, \u00bfno? Conocer la visi\u00f3n y perspectiva de una de las personas que estuvo a su lado y fue su apoyo por m\u00e1s de 20 a\u00f1os. Muchas versiones ha habido sobre la vida del k\u00e1iser de la moda, pero esta, sin duda, ser\u00e1 una completamente diferente y emocionante para cualquier amante de la moda y de su trayectoria.<\/p>\n<p>&#8220;Me desped\u00ed de Karl esta ma\u00f1ana. Para siempre. Su alma y su cuerpo se han ido. En este d\u00eda ca\u00f3tico, mucha gente. Demasiada gente. Y luego los amigos, los verdaderos unos, que vinieron a cenar aqu\u00ed. \u00bfEl programa de ma\u00f1ana? Casi nada. No quiero irme a la cama. Guardo todo, me lavo, limpio. Soy as\u00ed, me gusta que est\u00e9 limpio, impecable. Vac\u00edo los ceniceros, enjuagar los vasos. No bebo, casi nunca fumo, pero esta noche &#8230; &#8220;, dice la contraportada acerca de aqu\u00e9l d\u00eda (febrero de 2019) que el mundo le dijo adi\u00f3s a Karl.<\/p>\n<p>Jondeau conoci\u00f3 a Lagerfeld cuando ten\u00eda solo 15 a\u00f1os en Par\u00eds, y ahora contin\u00faa siendo parte de los desfiles de Chanel, adem\u00e1s de ser modelo para diferentes campa\u00f1as, embajador de la firma Karl Lagerfeld y colaborador de Fendi.<\/p>\n<p>&#8220;\u00c7a va, cher Karl?&#8221; estar\u00e1 disponible a partir del 27 de enero por $19,90 euros.<\/p>\n<h5><em>*IMAGEN: Getty Images<\/em><\/h5>\n","protected":false},"author":11656,"featured_media":92214,"template":"","format":"standard","categories":[114,4],"acf":[],"yoast_head":"<!-- This site is optimized with the Yoast SEO Premium plugin v18.5 (Yoast SEO v20.4) - https:\/\/yoast.com\/wordpress\/plugins\/seo\/ -->\n<title>El guardaespaldas de Karl Lagerfeld escribi\u00f3 un libro sobre su vida | Grazia M\u00e9xico y Latinoam\u00e9rica<\/title>\n<meta name=\"description\" content=\"S\u00e9bastien Jondeau, el guardaespaldas y asistente personal de Karl Lagerfeld, era como un hijo para el legendario dise\u00f1ador como muchos saben en la\" \/>\n<meta name=\"robots\" content=\"index, follow, max-snippet:-1, max-image-preview:large, max-video-preview:-1\" \/>\n<link rel=\"canonical\" href=\"https:\/\/graziamagazine.com\/mx\/articles\/el-guardaespaldas-de-karl-lagerfeld-escribio-un-libro-sobre-su-vida\/\" \/>\n<meta property=\"og:locale\" content=\"es_MX\" \/>\n<meta property=\"og:type\" content=\"article\" \/>\n<meta property=\"og:title\" content=\"El guardaespaldas de Karl Lagerfeld escribi\u00f3 un libro sobre su vida\" \/>\n<meta property=\"og:description\" content=\"S\u00e9bastien Jondeau, el guardaespaldas y asistente personal de Karl Lagerfeld, era como un hijo para el legendario dise\u00f1ador como muchos saben en la\" \/>\n<meta property=\"og:url\" content=\"https:\/\/graziamagazine.com\/mx\/articles\/el-guardaespaldas-de-karl-lagerfeld-escribio-un-libro-sobre-su-vida\/\" \/>\n<meta property=\"og:site_name\" content=\"Grazia M\u00e9xico y Latinoam\u00e9rica\" \/>\n<meta property=\"article:modified_time\" content=\"2021-01-06T17:05:29+00:00\" \/>\n<meta property=\"og:image\" content=\"https:\/\/graziamagazine.com\/mx\/wp-content\/uploads\/sites\/13\/2021\/01\/180918131450-03-karl-lagerfeld-fashion-full-169.jpg?fit=940%2C530\" \/>\n\t<meta property=\"og:image:width\" content=\"940\" \/>\n\t<meta property=\"og:image:height\" content=\"530\" \/>\n\t<meta property=\"og:image:type\" content=\"image\/jpeg\" \/>\n<meta name=\"twitter:card\" content=\"summary_large_image\" \/>\n<meta name=\"twitter:label1\" content=\"Est. reading time\" \/>\n\t<meta name=\"twitter:data1\" content=\"2 minutos\" \/>\n<script type=\"application\/ld+json\" class=\"yoast-schema-graph\">{\"@context\":\"https:\/\/schema.org\",\"@graph\":[{\"@type\":\"WebPage\",\"@id\":\"https:\/\/graziamagazine.com\/mx\/articles\/el-guardaespaldas-de-karl-lagerfeld-escribio-un-libro-sobre-su-vida\/\",\"url\":\"https:\/\/graziamagazine.com\/mx\/articles\/el-guardaespaldas-de-karl-lagerfeld-escribio-un-libro-sobre-su-vida\/\",\"name\":\"El guardaespaldas de Karl Lagerfeld escribi\u00f3 un libro sobre su vida | Grazia M\u00e9xico y Latinoam\u00e9rica\",\"isPartOf\":{\"@id\":\"https:\/\/graziamagazine.com\/mx\/#website\"},\"datePublished\":\"2021-01-06T15:19:37+00:00\",\"dateModified\":\"2021-01-06T17:05:29+00:00\",\"description\":\"S\u00e9bastien Jondeau, el guardaespaldas y asistente personal de Karl Lagerfeld, era como un hijo para el legendario dise\u00f1ador como muchos saben en la\",\"breadcrumb\":{\"@id\":\"https:\/\/graziamagazine.com\/mx\/articles\/el-guardaespaldas-de-karl-lagerfeld-escribio-un-libro-sobre-su-vida\/#breadcrumb\"},\"inLanguage\":\"es-MX\",\"potentialAction\":[{\"@type\":\"ReadAction\",\"target\":[\"https:\/\/graziamagazine.com\/mx\/articles\/el-guardaespaldas-de-karl-lagerfeld-escribio-un-libro-sobre-su-vida\/\"]}]},{\"@type\":\"BreadcrumbList\",\"@id\":\"https:\/\/graziamagazine.com\/mx\/articles\/el-guardaespaldas-de-karl-lagerfeld-escribio-un-libro-sobre-su-vida\/#breadcrumb\",\"itemListElement\":[{\"@type\":\"ListItem\",\"position\":1,\"name\":\"Home\",\"item\":\"https:\/\/graziamagazine.com\/mx\/\"},{\"@type\":\"ListItem\",\"position\":2,\"name\":\"El guardaespaldas de Karl Lagerfeld escribi\u00f3 un libro sobre su vida\"}]},{\"@type\":\"WebSite\",\"@id\":\"https:\/\/graziamagazine.com\/mx\/#website\",\"url\":\"https:\/\/graziamagazine.com\/mx\/\",\"name\":\"Grazia M\u00e9xico y Latinoam\u00e9rica\",\"description\":\"Grazia es moda, belleza y noticias  de actualidad \",\"potentialAction\":[{\"@type\":\"SearchAction\",\"target\":{\"@type\":\"EntryPoint\",\"urlTemplate\":\"https:\/\/graziamagazine.com\/mx\/?s={search_term_string}\"},\"query-input\":\"required name=search_term_string\"}],\"inLanguage\":\"es-MX\"}]}<\/script>\n<!-- \/ Yoast SEO Premium plugin. -->","yoast_head_json":{"title":"El guardaespaldas de Karl Lagerfeld escribi\u00f3 un libro sobre su vida | Grazia M\u00e9xico y Latinoam\u00e9rica","description":"S\u00e9bastien Jondeau, el guardaespaldas y asistente personal de Karl Lagerfeld, era como un hijo para el legendario dise\u00f1ador como muchos saben en la","robots":{"index":"index","follow":"follow","max-snippet":"max-snippet:-1","max-image-preview":"max-image-preview:large","max-video-preview":"max-video-preview:-1"},"canonical":"https:\/\/graziamagazine.com\/mx\/articles\/el-guardaespaldas-de-karl-lagerfeld-escribio-un-libro-sobre-su-vida\/","og_locale":"es_MX","og_type":"article","og_title":"El guardaespaldas de Karl Lagerfeld escribi\u00f3 un libro sobre su vida","og_description":"S\u00e9bastien Jondeau, el guardaespaldas y asistente personal de Karl Lagerfeld, era como un hijo para el legendario dise\u00f1ador como muchos saben en la","og_url":"https:\/\/graziamagazine.com\/mx\/articles\/el-guardaespaldas-de-karl-lagerfeld-escribio-un-libro-sobre-su-vida\/","og_site_name":"Grazia M\u00e9xico y Latinoam\u00e9rica","article_modified_time":"2021-01-06T17:05:29+00:00","og_image":[{"width":940,"height":530,"url":"https:\/\/graziamagazine.com\/mx\/wp-content\/uploads\/sites\/13\/2021\/01\/180918131450-03-karl-lagerfeld-fashion-full-169.jpg?fit=940%2C530","type":"image\/jpeg"}],"twitter_card":"summary_large_image","twitter_misc":{"Est. reading time":"2 minutos"},"schema":{"@context":"https:\/\/schema.org","@graph":[{"@type":"WebPage","@id":"https:\/\/graziamagazine.com\/mx\/articles\/el-guardaespaldas-de-karl-lagerfeld-escribio-un-libro-sobre-su-vida\/","url":"https:\/\/graziamagazine.com\/mx\/articles\/el-guardaespaldas-de-karl-lagerfeld-escribio-un-libro-sobre-su-vida\/","name":"El guardaespaldas de Karl Lagerfeld escribi\u00f3 un libro sobre su vida | Grazia M\u00e9xico y Latinoam\u00e9rica","isPartOf":{"@id":"https:\/\/graziamagazine.com\/mx\/#website"},"datePublished":"2021-01-06T15:19:37+00:00","dateModified":"2021-01-06T17:05:29+00:00","description":"S\u00e9bastien Jondeau, el guardaespaldas y asistente personal de Karl Lagerfeld, era como un hijo para el legendario dise\u00f1ador como muchos saben en la","breadcrumb":{"@id":"https:\/\/graziamagazine.com\/mx\/articles\/el-guardaespaldas-de-karl-lagerfeld-escribio-un-libro-sobre-su-vida\/#breadcrumb"},"inLanguage":"es-MX","potentialAction":[{"@type":"ReadAction","target":["https:\/\/graziamagazine.com\/mx\/articles\/el-guardaespaldas-de-karl-lagerfeld-escribio-un-libro-sobre-su-vida\/"]}]},{"@type":"BreadcrumbList","@id":"https:\/\/graziamagazine.com\/mx\/articles\/el-guardaespaldas-de-karl-lagerfeld-escribio-un-libro-sobre-su-vida\/#breadcrumb","itemListElement":[{"@type":"ListItem","position":1,"name":"Home","item":"https:\/\/graziamagazine.com\/mx\/"},{"@type":"ListItem","position":2,"name":"El guardaespaldas de Karl Lagerfeld escribi\u00f3 un libro sobre su vida"}]},{"@type":"WebSite","@id":"https:\/\/graziamagazine.com\/mx\/#website","url":"https:\/\/graziamagazine.com\/mx\/","name":"Grazia M\u00e9xico y Latinoam\u00e9rica","description":"Grazia es moda, belleza y noticias  de actualidad ","potentialAction":[{"@type":"SearchAction","target":{"@type":"EntryPoint","urlTemplate":"https:\/\/graziamagazine.com\/mx\/?s={search_term_string}"},"query-input":"required name=search_term_string"}],"inLanguage":"es-MX"}]}},"jetpack_sharing_enabled":true,"distributor_meta":false,"distributor_terms":false,"distributor_media":false,"distributor_original_site_name":"Grazia M\u00e9xico y Latinoam\u00e9rica","distributor_original_site_url":"https:\/\/graziamagazine.com\/mx","push-errors":false,"_links":{"self":[{"href":"https:\/\/graziamagazine.com\/mx\/wp-json\/wp\/v2\/articles\/92213"}],"collection":[{"href":"https:\/\/graziamagazine.com\/mx\/wp-json\/wp\/v2\/articles"}],"about":[{"href":"https:\/\/graziamagazine.com\/mx\/wp-json\/wp\/v2\/types\/articles"}],"author":[{"embeddable":true,"href":"https:\/\/graziamagazine.com\/mx\/wp-json\/wp\/v2\/users\/11656"}],"wp:featuredmedia":[{"embeddable":true,"href":"https:\/\/graziamagazine.com\/mx\/wp-json\/wp\/v2\/media\/92214"}],"wp:attachment":[{"href":"https:\/\/graziamagazine.com\/mx\/wp-json\/wp\/v2\/media?parent=92213"}],"wp:term":[{"taxonomy":"category","embeddable":true,"href":"https:\/\/graziamagazine.com\/mx\/wp-json\/wp\/v2\/categories?post=92213"}],"curies":[{"name":"wp","href":"https:\/\/api.w.org\/{rel}","templated":true}]}}