{"id":92100,"date":"2021-01-04T07:30:12","date_gmt":"2021-01-04T12:30:12","guid":{"rendered":"https:\/\/graziamagazine.com\/mx\/?post_type=articles&#038;p=92100"},"modified":"2021-01-04T11:08:45","modified_gmt":"2021-01-04T16:08:45","slug":"5-basicos-que-no-te-puedes-perder-en-las-rebajas-de-zara","status":"publish","type":"articles","link":"https:\/\/graziamagazine.com\/mx\/articles\/5-basicos-que-no-te-puedes-perder-en-las-rebajas-de-zara\/","title":{"rendered":"5 b\u00e1sicos que no te puedes perder en las rebajas de Zara"},"content":{"rendered":"<p>Uno (o varios) de los momentos m\u00e1s esperados para las adictas a las compras son sin duda las rebajas, y es que, si compramos de forma inteligente podemos sacar mucho partido a nuestra inversi\u00f3n. Lo importante no es dejarnos llevar por cualquier prenda, o cualquier precio bajo, lo importante es elegir bien qu\u00e9 prendas compramos y c\u00f3mo podemos sacar el mayor partido en nuestros looks.<\/p>\n<p>En Zara las rebajas ya comenzaron y hemos encontrado algunas prendas b\u00e1sicas que no solo vas a poder lucir esta temporada, si no que van a formar parte de tu fondo de armario m\u00e1s temporadas. Te dejamos 5 b\u00e1sicos favoritos.<\/p>\n<h3>Para el fr\u00edo<\/h3>\n<p>Un abrigo acolchado nunca pasa de moda y ahora es momento de aprovechar los descuentos. Hemos encontrado \u00e9ste, que adem\u00e1s cuenta con tecnolog\u00eda water repellent, para que tambi\u00e9n te proteja de la lluvia. <a href=\"https:\/\/www.zara.com\/mx\/es\/abrigo-acolchado-water-repellent-p02969261.html?v1=84783318&amp;v2=1700036\" target=\"_blank\">Su precio actual es de 1.499 pesos (antes 1.999mxn).\u00a0<\/a><\/p>\n<p><img loading=\"lazy\" decoding=\"async\" class=\"alignnone wp-image-92105 size-large\" src=\"https:\/\/graziamagazine.com\/mx\/wp-content\/uploads\/sites\/13\/2021\/01\/2969261706_1_1_1.jpg?w=683\" alt=\"5 b\u00e1sicos que no te puedes perder en las rebajas de Zara\" width=\"683\" height=\"1024\" \/><\/p>\n<h3>Jeans forever<\/h3>\n<p>Los pantalones de mezclilla son de esas prendas que jam\u00e1s pasan de moda, y no importa la tendencia que llegue cada temporada, siempre hay un hueco para ellos. Estos de l\u00edneas vintage pueden ser una buena opci\u00f3n, y ahora tienen un 40% de descuento y <a href=\"https:\/\/www.zara.com\/mx\/es\/jeans-hi-rise-skinny-vintage-p05520211.html?v1=59246761&amp;v2=1706767\" target=\"_blank\">puedes hacerte con unos por 399 pesos<\/a>.<\/p>\n<p><img loading=\"lazy\" decoding=\"async\" class=\"alignnone wp-image-92101 size-large\" src=\"https:\/\/graziamagazine.com\/mx\/wp-content\/uploads\/sites\/13\/2021\/01\/9123211407_2_1_1.jpg?w=683\" alt=\"5 b\u00e1sicos que no te puedes perder en las rebajas de Zara\" width=\"683\" height=\"1024\" \/><\/p>\n<h3>Vestido de punto<\/h3>\n<p>El punto es un tejido que siempre tiene un lugar destacado en las \u00e9pocas de fr\u00edo y hemos encontrado uno XL con cuello polo, que puedes combinar con m\u00faltiples estilos, desde botas militares a tenis coloridos. <a href=\"https:\/\/www.zara.com\/mx\/es\/vestido-punto-cuello-polo-p02488117.html?v1=58704052&amp;v2=1700134\" target=\"_blank\">Su precio actual es de 699 Mxn<\/a>.<\/p>\n<p><img loading=\"lazy\" decoding=\"async\" class=\"alignnone wp-image-92106 size-large\" src=\"https:\/\/graziamagazine.com\/mx\/wp-content\/uploads\/sites\/13\/2021\/01\/2488117418_6_1_1.jpg?w=683\" alt=\"5 b\u00e1sicos que no te puedes perder en las rebajas de Zara\" width=\"683\" height=\"1024\" \/><\/p>\n<h3>Cl\u00e1sicos renovados<\/h3>\n<p>Este a\u00f1o pasado m\u00e1s que nunca volvimos a morir de amor por los mocasines, que se han convertido un b\u00e1sico que no puede faltar. En las rebajas puedes hacer ahora con un para de mocasines con hebilla metalizada, que podr\u00e1s usar desde hoy hasta que llegue el calor del verano. <a href=\"https:\/\/www.zara.com\/mx\/es\/mocas%C3%ADn-hebilla-metalizada-p12516610.html?v1=51799047&amp;v2=1706969&amp;ts=1609761741170\" target=\"_blank\">Su precio es de 599 Mxn<\/a>.<\/p>\n<p><img loading=\"lazy\" decoding=\"async\" class=\"alignnone wp-image-92109 size-large\" src=\"https:\/\/graziamagazine.com\/mx\/wp-content\/uploads\/sites\/13\/2021\/01\/2516610040_2_1_1-e1609761951775.jpg?w=809\" alt=\"5 b\u00e1sicos que no te puedes perder en las rebajas de Zara\" width=\"809\" height=\"800\" \/><\/p>\n<h3>Shopper para todo<\/h3>\n<p>Los <em>shopping bags<\/em> son siempre una gran compra, porque aunque seas de bolsos peque\u00f1os, uno en versi\u00f3n XL es perfecto tanto para ir a trabajar, como para salir e incluso usarlo para salir de fin de semana. Una buena opci\u00f3n puede ser este modelo acolchado en color arena y correa negra, que <a href=\"https:\/\/www.zara.com\/mx\/es\/bolso-shopper-acolchado-p16065610.html?v1=63119637&amp;v2=1707112\" target=\"_blank\">ahora tiene un precio de 399 pesos mexicanos<\/a>.<\/p>\n<p><img loading=\"lazy\" decoding=\"async\" class=\"alignnone wp-image-92110 size-large\" src=\"https:\/\/graziamagazine.com\/mx\/wp-content\/uploads\/sites\/13\/2021\/01\/6065610107_2_1_1-e1609762599668.jpg?w=819\" alt=\"5 b\u00e1sicos que no te puedes perder en las rebajas de Zara\" width=\"819\" height=\"876\" \/><\/p>\n<p><strong><em>*IM\u00c1GENES: Cortes\u00eda de Zara<\/em><\/strong><\/p>\n<p>&nbsp;<\/p>\n","protected":false},"author":11653,"featured_media":92115,"template":"","format":"standard","categories":[4],"acf":[],"yoast_head":"<!-- This site is optimized with the Yoast SEO Premium plugin v18.5 (Yoast SEO v20.4) - https:\/\/yoast.com\/wordpress\/plugins\/seo\/ -->\n<title>5 b\u00e1sicos que no te puedes perder en las rebajas de Zara | Grazia M\u00e9xico y Latinoam\u00e9rica<\/title>\n<meta name=\"description\" content=\"Las rebajas son un buen momento para invertir y hacerte con prendas b\u00e1sicas y muy combinables.\" \/>\n<meta name=\"robots\" content=\"index, follow, max-snippet:-1, max-image-preview:large, max-video-preview:-1\" \/>\n<link rel=\"canonical\" href=\"https:\/\/graziamagazine.com\/mx\/articles\/5-basicos-que-no-te-puedes-perder-en-las-rebajas-de-zara\/\" \/>\n<meta property=\"og:locale\" content=\"es_MX\" \/>\n<meta property=\"og:type\" content=\"article\" \/>\n<meta property=\"og:title\" content=\"5 b\u00e1sicos que no te puedes perder en las rebajas de Zara\" \/>\n<meta property=\"og:description\" content=\"Las rebajas son un buen momento para invertir y hacerte con prendas b\u00e1sicas y muy combinables.\" \/>\n<meta property=\"og:url\" content=\"https:\/\/graziamagazine.com\/mx\/articles\/5-basicos-que-no-te-puedes-perder-en-las-rebajas-de-zara\/\" \/>\n<meta property=\"og:site_name\" content=\"Grazia M\u00e9xico y Latinoam\u00e9rica\" \/>\n<meta property=\"article:modified_time\" content=\"2021-01-04T16:08:45+00:00\" \/>\n<meta property=\"og:image\" content=\"https:\/\/graziamagazine.com\/mx\/wp-content\/uploads\/sites\/13\/2021\/01\/ZARA-2.jpg?fit=2051%2C993\" \/>\n\t<meta property=\"og:image:width\" content=\"2051\" \/>\n\t<meta property=\"og:image:height\" content=\"993\" \/>\n\t<meta property=\"og:image:type\" content=\"image\/jpeg\" \/>\n<meta name=\"twitter:card\" content=\"summary_large_image\" \/>\n<meta name=\"twitter:label1\" content=\"Est. reading time\" \/>\n\t<meta name=\"twitter:data1\" content=\"2 minutos\" \/>\n<script type=\"application\/ld+json\" class=\"yoast-schema-graph\">{\"@context\":\"https:\/\/schema.org\",\"@graph\":[{\"@type\":\"WebPage\",\"@id\":\"https:\/\/graziamagazine.com\/mx\/articles\/5-basicos-que-no-te-puedes-perder-en-las-rebajas-de-zara\/\",\"url\":\"https:\/\/graziamagazine.com\/mx\/articles\/5-basicos-que-no-te-puedes-perder-en-las-rebajas-de-zara\/\",\"name\":\"5 b\u00e1sicos que no te puedes perder en las rebajas de Zara | Grazia M\u00e9xico y Latinoam\u00e9rica\",\"isPartOf\":{\"@id\":\"https:\/\/graziamagazine.com\/mx\/#website\"},\"datePublished\":\"2021-01-04T12:30:12+00:00\",\"dateModified\":\"2021-01-04T16:08:45+00:00\",\"description\":\"Las rebajas son un buen momento para invertir y hacerte con prendas b\u00e1sicas y muy combinables.\",\"breadcrumb\":{\"@id\":\"https:\/\/graziamagazine.com\/mx\/articles\/5-basicos-que-no-te-puedes-perder-en-las-rebajas-de-zara\/#breadcrumb\"},\"inLanguage\":\"es-MX\",\"potentialAction\":[{\"@type\":\"ReadAction\",\"target\":[\"https:\/\/graziamagazine.com\/mx\/articles\/5-basicos-que-no-te-puedes-perder-en-las-rebajas-de-zara\/\"]}]},{\"@type\":\"BreadcrumbList\",\"@id\":\"https:\/\/graziamagazine.com\/mx\/articles\/5-basicos-que-no-te-puedes-perder-en-las-rebajas-de-zara\/#breadcrumb\",\"itemListElement\":[{\"@type\":\"ListItem\",\"position\":1,\"name\":\"Home\",\"item\":\"https:\/\/graziamagazine.com\/mx\/\"},{\"@type\":\"ListItem\",\"position\":2,\"name\":\"5 b\u00e1sicos que no te puedes perder en las rebajas de Zara\"}]},{\"@type\":\"WebSite\",\"@id\":\"https:\/\/graziamagazine.com\/mx\/#website\",\"url\":\"https:\/\/graziamagazine.com\/mx\/\",\"name\":\"Grazia M\u00e9xico y Latinoam\u00e9rica\",\"description\":\"Grazia es moda, belleza y noticias  de actualidad \",\"potentialAction\":[{\"@type\":\"SearchAction\",\"target\":{\"@type\":\"EntryPoint\",\"urlTemplate\":\"https:\/\/graziamagazine.com\/mx\/?s={search_term_string}\"},\"query-input\":\"required name=search_term_string\"}],\"inLanguage\":\"es-MX\"}]}<\/script>\n<!-- \/ Yoast SEO Premium plugin. -->","yoast_head_json":{"title":"5 b\u00e1sicos que no te puedes perder en las rebajas de Zara | Grazia M\u00e9xico y Latinoam\u00e9rica","description":"Las rebajas son un buen momento para invertir y hacerte con prendas b\u00e1sicas y muy combinables.","robots":{"index":"index","follow":"follow","max-snippet":"max-snippet:-1","max-image-preview":"max-image-preview:large","max-video-preview":"max-video-preview:-1"},"canonical":"https:\/\/graziamagazine.com\/mx\/articles\/5-basicos-que-no-te-puedes-perder-en-las-rebajas-de-zara\/","og_locale":"es_MX","og_type":"article","og_title":"5 b\u00e1sicos que no te puedes perder en las rebajas de Zara","og_description":"Las rebajas son un buen momento para invertir y hacerte con prendas b\u00e1sicas y muy combinables.","og_url":"https:\/\/graziamagazine.com\/mx\/articles\/5-basicos-que-no-te-puedes-perder-en-las-rebajas-de-zara\/","og_site_name":"Grazia M\u00e9xico y Latinoam\u00e9rica","article_modified_time":"2021-01-04T16:08:45+00:00","og_image":[{"width":2051,"height":993,"url":"https:\/\/graziamagazine.com\/mx\/wp-content\/uploads\/sites\/13\/2021\/01\/ZARA-2.jpg?fit=2051%2C993","type":"image\/jpeg"}],"twitter_card":"summary_large_image","twitter_misc":{"Est. reading time":"2 minutos"},"schema":{"@context":"https:\/\/schema.org","@graph":[{"@type":"WebPage","@id":"https:\/\/graziamagazine.com\/mx\/articles\/5-basicos-que-no-te-puedes-perder-en-las-rebajas-de-zara\/","url":"https:\/\/graziamagazine.com\/mx\/articles\/5-basicos-que-no-te-puedes-perder-en-las-rebajas-de-zara\/","name":"5 b\u00e1sicos que no te puedes perder en las rebajas de Zara | Grazia M\u00e9xico y Latinoam\u00e9rica","isPartOf":{"@id":"https:\/\/graziamagazine.com\/mx\/#website"},"datePublished":"2021-01-04T12:30:12+00:00","dateModified":"2021-01-04T16:08:45+00:00","description":"Las rebajas son un buen momento para invertir y hacerte con prendas b\u00e1sicas y muy combinables.","breadcrumb":{"@id":"https:\/\/graziamagazine.com\/mx\/articles\/5-basicos-que-no-te-puedes-perder-en-las-rebajas-de-zara\/#breadcrumb"},"inLanguage":"es-MX","potentialAction":[{"@type":"ReadAction","target":["https:\/\/graziamagazine.com\/mx\/articles\/5-basicos-que-no-te-puedes-perder-en-las-rebajas-de-zara\/"]}]},{"@type":"BreadcrumbList","@id":"https:\/\/graziamagazine.com\/mx\/articles\/5-basicos-que-no-te-puedes-perder-en-las-rebajas-de-zara\/#breadcrumb","itemListElement":[{"@type":"ListItem","position":1,"name":"Home","item":"https:\/\/graziamagazine.com\/mx\/"},{"@type":"ListItem","position":2,"name":"5 b\u00e1sicos que no te puedes perder en las rebajas de Zara"}]},{"@type":"WebSite","@id":"https:\/\/graziamagazine.com\/mx\/#website","url":"https:\/\/graziamagazine.com\/mx\/","name":"Grazia M\u00e9xico y Latinoam\u00e9rica","description":"Grazia es moda, belleza y noticias  de actualidad ","potentialAction":[{"@type":"SearchAction","target":{"@type":"EntryPoint","urlTemplate":"https:\/\/graziamagazine.com\/mx\/?s={search_term_string}"},"query-input":"required name=search_term_string"}],"inLanguage":"es-MX"}]}},"jetpack_sharing_enabled":true,"distributor_meta":false,"distributor_terms":false,"distributor_media":false,"distributor_original_site_name":"Grazia M\u00e9xico y Latinoam\u00e9rica","distributor_original_site_url":"https:\/\/graziamagazine.com\/mx","push-errors":false,"_links":{"self":[{"href":"https:\/\/graziamagazine.com\/mx\/wp-json\/wp\/v2\/articles\/92100"}],"collection":[{"href":"https:\/\/graziamagazine.com\/mx\/wp-json\/wp\/v2\/articles"}],"about":[{"href":"https:\/\/graziamagazine.com\/mx\/wp-json\/wp\/v2\/types\/articles"}],"author":[{"embeddable":true,"href":"https:\/\/graziamagazine.com\/mx\/wp-json\/wp\/v2\/users\/11653"}],"wp:featuredmedia":[{"embeddable":true,"href":"https:\/\/graziamagazine.com\/mx\/wp-json\/wp\/v2\/media\/92115"}],"wp:attachment":[{"href":"https:\/\/graziamagazine.com\/mx\/wp-json\/wp\/v2\/media?parent=92100"}],"wp:term":[{"taxonomy":"category","embeddable":true,"href":"https:\/\/graziamagazine.com\/mx\/wp-json\/wp\/v2\/categories?post=92100"}],"curies":[{"name":"wp","href":"https:\/\/api.w.org\/{rel}","templated":true}]}}