{"id":91495,"date":"2020-12-08T13:56:33","date_gmt":"2020-12-08T18:56:33","guid":{"rendered":"https:\/\/graziamagazine.com\/mx\/?post_type=articles&#038;p=91495"},"modified":"2020-12-08T14:22:48","modified_gmt":"2020-12-08T19:22:48","slug":"adam-driver-jared-leto-al-pacino-y-jeremy-irons-se-unen-al-elenco-de-gucci","status":"publish","type":"articles","link":"https:\/\/graziamagazine.com\/mx\/articles\/adam-driver-jared-leto-al-pacino-y-jeremy-irons-se-unen-al-elenco-de-gucci\/","title":{"rendered":"Adam Driver, Jared Leto y Al Pacino se unen a Lady Gaga para el filme de Gucci"},"content":{"rendered":"<p><span style=\"font-weight: 400\">Este drama va tomando forma, y esa forma nos encanta. La cinta que<strong> Ridley Scott<\/strong> est\u00e1 dirigiendo, <em><strong>Gucci,<\/strong><\/em> ya tiene nuevos integrantes que se le <a href=\"https:\/\/graziamagazine.com\/mx\/articles\/lady-gaga-regresa-al-cine-con-un-filme-sobre-el-asesinato-de-gucci\/\" target=\"_blank\" rel=\"noopener noreferrer\">suman a<\/a><strong> Lady Gaga. Adam Driver, Jared Leto, Al Pacino <\/strong>y<strong> Jeremy Irons<\/strong> est\u00e1n en las <a href=\"https:\/\/graziamagazine.com\/mx\/articles\/el-filme-sobre-la-familia-gucci-podria-contar-con-la-actuacion-de-jared-leto-robert-deniro-y-adam-driver\/\" target=\"_blank\" rel=\"noopener noreferrer\">negociaciones finales<\/a> con la producci\u00f3n de la pel\u00edcula, por lo que desde ahora podemos afirmar que el elenco es envidiable.\u00a0<\/span><\/p>\n<p><span style=\"font-weight: 400\">El drama contextualizado en la moda que cuenta la historia de un crimen real, basado en el libro <em><strong>The House of Gucci: A Sensational Story of Murder, Madness, Glamour, and Greed,<\/strong><\/em> se centrar\u00e1 en el asesinato del pionero de la moda <strong>Maurizio Gucci<\/strong>, con Gaga interpretando a <strong>Patrizia Reggiani,<\/strong> la ex de Gucci que fue condenada por orquestar su muerte despu\u00e9s de descubrir que ten\u00eda una aventura.<\/span><\/p>\n<p><span style=\"font-weight: 400\">Adam interpretar\u00e1 a Maurizio Gucci, mientras que Jeremy dar\u00e1 vida al padre de Maurizio,<strong> Rodolfo Gucci,<\/strong> apagando los rumores de que Robert De Niro interpretar\u00eda el papel. Todav\u00eda no queda claro cu\u00e1l ser\u00e1 la participaci\u00f3n de <strong>Al Pacino y Jared Leto.<\/strong><\/span><\/p>\n<p><span style=\"font-weight: 400\"><strong>Roberto Bentivegna<\/strong> escribi\u00f3 el gui\u00f3n del largometraje, que ser\u00e1 producido por <strong>Ridley y Giannina Scott<\/strong> a trav\u00e9s de <em><strong>Scott Free Productions<\/strong><\/em>, y <strong>Kevin Walsh<\/strong>. Al momento, la fecha tentativa de estreno es el 24 de noviembre de 2021, si no hay ning\u00fan atraso en la filmaci\u00f3n o post producci\u00f3n debido a la pandemia por COVID-19.<\/span><\/p>\n<p><span style=\"font-weight: 400\">La producci\u00f3n se encuentra todav\u00eda terminando el <em>casting,<\/em> por lo que cada detalle nuevo que se vaya confirmando, te lo haremos saber, pero esto ya pinta para ser un pelicul\u00f3n.<\/span><\/p>\n<h5><em>*IMAGEN: Getty Images<\/em><\/h5>\n","protected":false},"author":11628,"featured_media":91508,"template":"","format":"standard","categories":[114,2],"acf":[],"yoast_head":"<!-- This site is optimized with the Yoast SEO Premium plugin v18.5 (Yoast SEO v20.4) - https:\/\/yoast.com\/wordpress\/plugins\/seo\/ -->\n<title>Adam Driver, Jared Leto y Al Pacino se unen a Lady Gaga para el filme de Gucci | Grazia M\u00e9xico y Latinoam\u00e9rica<\/title>\n<meta name=\"description\" content=\"Tres palabras: morimos por verla.\" \/>\n<meta name=\"robots\" content=\"index, follow, max-snippet:-1, max-image-preview:large, max-video-preview:-1\" \/>\n<link rel=\"canonical\" href=\"https:\/\/graziamagazine.com\/mx\/articles\/adam-driver-jared-leto-al-pacino-y-jeremy-irons-se-unen-al-elenco-de-gucci\/\" \/>\n<meta property=\"og:locale\" content=\"es_MX\" \/>\n<meta property=\"og:type\" content=\"article\" \/>\n<meta property=\"og:title\" content=\"Adam Driver, Jared Leto y Al Pacino se unen a Lady Gaga para el filme de Gucci\" \/>\n<meta property=\"og:description\" content=\"Tres palabras: morimos por verla.\" \/>\n<meta property=\"og:url\" content=\"https:\/\/graziamagazine.com\/mx\/articles\/adam-driver-jared-leto-al-pacino-y-jeremy-irons-se-unen-al-elenco-de-gucci\/\" \/>\n<meta property=\"og:site_name\" content=\"Grazia M\u00e9xico y Latinoam\u00e9rica\" \/>\n<meta property=\"article:modified_time\" content=\"2020-12-08T19:22:48+00:00\" \/>\n<meta property=\"og:image\" content=\"https:\/\/graziamagazine.com\/mx\/wp-content\/uploads\/sites\/13\/2020\/12\/adam-driver-gettyimages-1127185429_custom-82774b56147fd1382399c20688e0720e0ed1a58d.jpg?fit=3315%2C2206\" \/>\n\t<meta property=\"og:image:width\" content=\"3315\" \/>\n\t<meta property=\"og:image:height\" content=\"2206\" \/>\n\t<meta property=\"og:image:type\" content=\"image\/jpeg\" \/>\n<meta name=\"twitter:card\" content=\"summary_large_image\" \/>\n<meta name=\"twitter:label1\" content=\"Est. reading time\" \/>\n\t<meta name=\"twitter:data1\" content=\"1 minuto\" \/>\n<script type=\"application\/ld+json\" class=\"yoast-schema-graph\">{\"@context\":\"https:\/\/schema.org\",\"@graph\":[{\"@type\":\"WebPage\",\"@id\":\"https:\/\/graziamagazine.com\/mx\/articles\/adam-driver-jared-leto-al-pacino-y-jeremy-irons-se-unen-al-elenco-de-gucci\/\",\"url\":\"https:\/\/graziamagazine.com\/mx\/articles\/adam-driver-jared-leto-al-pacino-y-jeremy-irons-se-unen-al-elenco-de-gucci\/\",\"name\":\"Adam Driver, Jared Leto y Al Pacino se unen a Lady Gaga para el filme de Gucci | Grazia M\u00e9xico y Latinoam\u00e9rica\",\"isPartOf\":{\"@id\":\"https:\/\/graziamagazine.com\/mx\/#website\"},\"datePublished\":\"2020-12-08T18:56:33+00:00\",\"dateModified\":\"2020-12-08T19:22:48+00:00\",\"description\":\"Tres palabras: morimos por verla.\",\"breadcrumb\":{\"@id\":\"https:\/\/graziamagazine.com\/mx\/articles\/adam-driver-jared-leto-al-pacino-y-jeremy-irons-se-unen-al-elenco-de-gucci\/#breadcrumb\"},\"inLanguage\":\"es-MX\",\"potentialAction\":[{\"@type\":\"ReadAction\",\"target\":[\"https:\/\/graziamagazine.com\/mx\/articles\/adam-driver-jared-leto-al-pacino-y-jeremy-irons-se-unen-al-elenco-de-gucci\/\"]}]},{\"@type\":\"BreadcrumbList\",\"@id\":\"https:\/\/graziamagazine.com\/mx\/articles\/adam-driver-jared-leto-al-pacino-y-jeremy-irons-se-unen-al-elenco-de-gucci\/#breadcrumb\",\"itemListElement\":[{\"@type\":\"ListItem\",\"position\":1,\"name\":\"Home\",\"item\":\"https:\/\/graziamagazine.com\/mx\/\"},{\"@type\":\"ListItem\",\"position\":2,\"name\":\"Adam Driver, Jared Leto y Al Pacino se unen a Lady Gaga para el filme de Gucci\"}]},{\"@type\":\"WebSite\",\"@id\":\"https:\/\/graziamagazine.com\/mx\/#website\",\"url\":\"https:\/\/graziamagazine.com\/mx\/\",\"name\":\"Grazia M\u00e9xico y Latinoam\u00e9rica\",\"description\":\"Grazia es moda, belleza y noticias  de actualidad \",\"potentialAction\":[{\"@type\":\"SearchAction\",\"target\":{\"@type\":\"EntryPoint\",\"urlTemplate\":\"https:\/\/graziamagazine.com\/mx\/?s={search_term_string}\"},\"query-input\":\"required name=search_term_string\"}],\"inLanguage\":\"es-MX\"}]}<\/script>\n<!-- \/ Yoast SEO Premium plugin. -->","yoast_head_json":{"title":"Adam Driver, Jared Leto y Al Pacino se unen a Lady Gaga para el filme de Gucci | Grazia M\u00e9xico y Latinoam\u00e9rica","description":"Tres palabras: morimos por verla.","robots":{"index":"index","follow":"follow","max-snippet":"max-snippet:-1","max-image-preview":"max-image-preview:large","max-video-preview":"max-video-preview:-1"},"canonical":"https:\/\/graziamagazine.com\/mx\/articles\/adam-driver-jared-leto-al-pacino-y-jeremy-irons-se-unen-al-elenco-de-gucci\/","og_locale":"es_MX","og_type":"article","og_title":"Adam Driver, Jared Leto y Al Pacino se unen a Lady Gaga para el filme de Gucci","og_description":"Tres palabras: morimos por verla.","og_url":"https:\/\/graziamagazine.com\/mx\/articles\/adam-driver-jared-leto-al-pacino-y-jeremy-irons-se-unen-al-elenco-de-gucci\/","og_site_name":"Grazia M\u00e9xico y Latinoam\u00e9rica","article_modified_time":"2020-12-08T19:22:48+00:00","og_image":[{"width":3315,"height":2206,"url":"https:\/\/graziamagazine.com\/mx\/wp-content\/uploads\/sites\/13\/2020\/12\/adam-driver-gettyimages-1127185429_custom-82774b56147fd1382399c20688e0720e0ed1a58d.jpg?fit=3315%2C2206","type":"image\/jpeg"}],"twitter_card":"summary_large_image","twitter_misc":{"Est. reading time":"1 minuto"},"schema":{"@context":"https:\/\/schema.org","@graph":[{"@type":"WebPage","@id":"https:\/\/graziamagazine.com\/mx\/articles\/adam-driver-jared-leto-al-pacino-y-jeremy-irons-se-unen-al-elenco-de-gucci\/","url":"https:\/\/graziamagazine.com\/mx\/articles\/adam-driver-jared-leto-al-pacino-y-jeremy-irons-se-unen-al-elenco-de-gucci\/","name":"Adam Driver, Jared Leto y Al Pacino se unen a Lady Gaga para el filme de Gucci | Grazia M\u00e9xico y Latinoam\u00e9rica","isPartOf":{"@id":"https:\/\/graziamagazine.com\/mx\/#website"},"datePublished":"2020-12-08T18:56:33+00:00","dateModified":"2020-12-08T19:22:48+00:00","description":"Tres palabras: morimos por verla.","breadcrumb":{"@id":"https:\/\/graziamagazine.com\/mx\/articles\/adam-driver-jared-leto-al-pacino-y-jeremy-irons-se-unen-al-elenco-de-gucci\/#breadcrumb"},"inLanguage":"es-MX","potentialAction":[{"@type":"ReadAction","target":["https:\/\/graziamagazine.com\/mx\/articles\/adam-driver-jared-leto-al-pacino-y-jeremy-irons-se-unen-al-elenco-de-gucci\/"]}]},{"@type":"BreadcrumbList","@id":"https:\/\/graziamagazine.com\/mx\/articles\/adam-driver-jared-leto-al-pacino-y-jeremy-irons-se-unen-al-elenco-de-gucci\/#breadcrumb","itemListElement":[{"@type":"ListItem","position":1,"name":"Home","item":"https:\/\/graziamagazine.com\/mx\/"},{"@type":"ListItem","position":2,"name":"Adam Driver, Jared Leto y Al Pacino se unen a Lady Gaga para el filme de Gucci"}]},{"@type":"WebSite","@id":"https:\/\/graziamagazine.com\/mx\/#website","url":"https:\/\/graziamagazine.com\/mx\/","name":"Grazia M\u00e9xico y Latinoam\u00e9rica","description":"Grazia es moda, belleza y noticias  de actualidad ","potentialAction":[{"@type":"SearchAction","target":{"@type":"EntryPoint","urlTemplate":"https:\/\/graziamagazine.com\/mx\/?s={search_term_string}"},"query-input":"required name=search_term_string"}],"inLanguage":"es-MX"}]}},"jetpack_sharing_enabled":true,"distributor_meta":false,"distributor_terms":false,"distributor_media":false,"distributor_original_site_name":"Grazia M\u00e9xico y Latinoam\u00e9rica","distributor_original_site_url":"https:\/\/graziamagazine.com\/mx","push-errors":false,"_links":{"self":[{"href":"https:\/\/graziamagazine.com\/mx\/wp-json\/wp\/v2\/articles\/91495"}],"collection":[{"href":"https:\/\/graziamagazine.com\/mx\/wp-json\/wp\/v2\/articles"}],"about":[{"href":"https:\/\/graziamagazine.com\/mx\/wp-json\/wp\/v2\/types\/articles"}],"author":[{"embeddable":true,"href":"https:\/\/graziamagazine.com\/mx\/wp-json\/wp\/v2\/users\/11628"}],"wp:featuredmedia":[{"embeddable":true,"href":"https:\/\/graziamagazine.com\/mx\/wp-json\/wp\/v2\/media\/91508"}],"wp:attachment":[{"href":"https:\/\/graziamagazine.com\/mx\/wp-json\/wp\/v2\/media?parent=91495"}],"wp:term":[{"taxonomy":"category","embeddable":true,"href":"https:\/\/graziamagazine.com\/mx\/wp-json\/wp\/v2\/categories?post=91495"}],"curies":[{"name":"wp","href":"https:\/\/api.w.org\/{rel}","templated":true}]}}