{"id":91481,"date":"2020-12-08T08:52:05","date_gmt":"2020-12-08T13:52:05","guid":{"rendered":"https:\/\/graziamagazine.com\/mx\/?post_type=articles&#038;p=91481"},"modified":"2020-12-08T09:58:42","modified_gmt":"2020-12-08T14:58:42","slug":"las-kardashians-cancelan-la-fiesta-anual-de-navidad-por-primera-vez-desde-1978","status":"publish","type":"articles","link":"https:\/\/graziamagazine.com\/mx\/articles\/las-kardashians-cancelan-la-fiesta-anual-de-navidad-por-primera-vez-desde-1978\/","title":{"rendered":"\u00a1Las Kardashians cancelan su fiesta anual de Navidad por primera vez desde 1978!"},"content":{"rendered":"<p><span style=\"font-weight: 400\">\u00a1Esto s\u00ed que es historia! En medio de la nueva escalada de COVID-19 en todo el mundo, y espec\u00edficamente en California, la familia <strong>Kardashian-Jenner<\/strong> ha tomado una decisi\u00f3n sin precedentes y muy responsable: <strong>cancelar la tradici\u00f3n de hacer una gran y elegante fiesta para recibir la Navidad.\u00a0<\/strong><\/span><\/p>\n<p><span style=\"font-weight: 400\">Esta tradici\u00f3n data desde 1978, es decir, <strong>m\u00e1s de 40 a\u00f1os de realizar esta celebraci\u00f3n<\/strong>, pero la que ser\u00eda la edici\u00f3n 42 de esta fiesta se ha cancelado para evitar contagios entre los asistentes.\u00a0<\/span><\/p>\n<p><span style=\"font-weight: 400\">Fue <strong>Khlo\u00e9<\/strong> quien dio a conocer la triste noticia en su cuenta de Twitter. \u201cLos casos de Covid se est\u00e1n saliendo de control en CA. As\u00ed que decidimos que no haremos la fiesta de Nochebuena este a\u00f1o. Es la primera vez que no celebraremos una fiesta de Nochebuena desde 1978, creo. \u00a1Pero la salud y la seguridad son lo primero! Es imprescindible tomar esta pandemia en serio\u201d, dijo Khlo\u00e9 junto a un <em>emoji<\/em> de cara con lagrimita en respuesta a una fan que le pregunt\u00f3 si organizar\u00edan su fiesta anual.<\/span><\/p>\n<blockquote class=\"twitter-tweet\" data-width=\"500\" data-dnt=\"true\">\n<p lang=\"en\" dir=\"ltr\">The Covid cases are getting out of control in CA. So we decided that we\u2019re not doing a Christmas Eve party this year. It\u2019s the first time we will not be having a Christmas Eve party since 1978 \ud83e\udd7aI believe. Health and safety first though! Taking this pandemic seriously is a must<\/p>\n<p>&mdash; Khlo\u00e9 (@khloekardashian) <a href=\"https:\/\/twitter.com\/khloekardashian\/status\/1335807592422014976?ref_src=twsrc%5Etfw\" target=\"_blank\">December 7, 2020<\/a><\/p><\/blockquote>\n<p><script async src=\"https:\/\/platform.twitter.com\/widgets.js\" charset=\"utf-8\"><\/script><\/p>\n<p><span style=\"font-weight: 400\">Y en relaci\u00f3n a la acostumbrada sesi\u00f3n fotogr\u00e1fica familiar que organizan a\u00f1o tras a\u00f1o, Khloe agreg\u00f3: \u201cNo hemos hecho nada. No hay fotos de Navidad ni fiesta de Nochebuena este a\u00f1o. Covid se ha hecho cargo&#8221;. \u00bfQu\u00e9 ser\u00e1 del mundo sin las postales navide\u00f1as de esta familia?<\/span><\/p>\n<p><span style=\"font-weight: 400\">A pesar de la tristeza que esto provoca a los fans, es lo m\u00e1s responsable que podr\u00edan hacer, porque apenas hace unas semanas Khlo\u00e9 dijo que s\u00ed esperaban poder realizar la fiesta.\u201c\u00a1Rezo! Creo que obviamente tendr\u00e1 que ser mucho m\u00e1s peque\u00f1a. \u00a1Y estoy totalmente de acuerdo con eso! \u00a1Pero definitivamente estamos celebrando la Navidad! Solo tendr\u00e1 que ser peque\u00f1o y seguro. Tal vez haga pruebas r\u00e1pidas antes. Tenemos que pensar en lo que es m\u00e1s seguro\u201d, respondi\u00f3 Khlo\u00e9 a una fan preocupada por la posible cancelaci\u00f3n del magno evento.\u00a0<\/span><\/p>\n<p><span style=\"font-weight: 400\">Y es que, las recomendaciones del gobierno de California indican que<strong> no se pueden realizar reuniones de m\u00e1s de 3 familias, en el exterior,<\/strong> manteniendo 1.8 metros de distancia, de m\u00e1ximo 2 horas, usando mascarilla todo el tiempo, y cantar y gritar est\u00e1 prohibido. La fiesta de las Kardashians queda totalmente fuera de lugar, ni siquiera podr\u00edan reunirse ellos como familia, pues superan a las 3 familias permitidas.<\/span><\/p>\n<p><span style=\"font-weight: 400\">Seguramente lo mismo pasar\u00e1 con las fiestas de otros famosos. Ni modo, este a\u00f1o tendr\u00e1 que ser diferente si queremos que la pandemia pase pronto.\u00a0<\/span><\/p>\n<h5><em>*IMAGEN; Getty Images<\/em><\/h5>\n","protected":false},"author":11628,"featured_media":91484,"template":"","format":"standard","categories":[2],"acf":[],"yoast_head":"<!-- This site is optimized with the Yoast SEO Premium plugin v18.5 (Yoast SEO v20.4) - https:\/\/yoast.com\/wordpress\/plugins\/seo\/ -->\n<title>\u00a1Las Kardashians cancelan su fiesta anual de Navidad por primera vez desde 1978! | Grazia M\u00e9xico y Latinoam\u00e9rica<\/title>\n<meta name=\"description\" content=\"En un hecho sin predecentes, la familia ha tomado la mejor decisi\u00f3n por el bien de todos.\" \/>\n<meta name=\"robots\" content=\"index, follow, max-snippet:-1, max-image-preview:large, max-video-preview:-1\" \/>\n<link rel=\"canonical\" href=\"https:\/\/graziamagazine.com\/mx\/articles\/las-kardashians-cancelan-la-fiesta-anual-de-navidad-por-primera-vez-desde-1978\/\" \/>\n<meta property=\"og:locale\" content=\"es_MX\" \/>\n<meta property=\"og:type\" content=\"article\" \/>\n<meta property=\"og:title\" content=\"\u00a1Las Kardashians cancelan su fiesta anual de Navidad por primera vez desde 1978!\" \/>\n<meta property=\"og:description\" content=\"En un hecho sin predecentes, la familia ha tomado la mejor decisi\u00f3n por el bien de todos.\" \/>\n<meta property=\"og:url\" content=\"https:\/\/graziamagazine.com\/mx\/articles\/las-kardashians-cancelan-la-fiesta-anual-de-navidad-por-primera-vez-desde-1978\/\" \/>\n<meta property=\"og:site_name\" content=\"Grazia M\u00e9xico y Latinoam\u00e9rica\" \/>\n<meta property=\"article:modified_time\" content=\"2020-12-08T14:58:42+00:00\" \/>\n<meta property=\"og:image\" content=\"https:\/\/graziamagazine.com\/mx\/wp-content\/uploads\/sites\/13\/2020\/12\/gettyimages-1194080777-2-1607361653-copia.jpg?fit=3130%2C1803\" \/>\n\t<meta property=\"og:image:width\" content=\"3130\" \/>\n\t<meta property=\"og:image:height\" content=\"1803\" \/>\n\t<meta property=\"og:image:type\" content=\"image\/jpeg\" \/>\n<meta name=\"twitter:card\" content=\"summary_large_image\" \/>\n<meta name=\"twitter:label1\" content=\"Est. reading time\" \/>\n\t<meta name=\"twitter:data1\" content=\"2 minutos\" \/>\n<script type=\"application\/ld+json\" class=\"yoast-schema-graph\">{\"@context\":\"https:\/\/schema.org\",\"@graph\":[{\"@type\":\"WebPage\",\"@id\":\"https:\/\/graziamagazine.com\/mx\/articles\/las-kardashians-cancelan-la-fiesta-anual-de-navidad-por-primera-vez-desde-1978\/\",\"url\":\"https:\/\/graziamagazine.com\/mx\/articles\/las-kardashians-cancelan-la-fiesta-anual-de-navidad-por-primera-vez-desde-1978\/\",\"name\":\"\u00a1Las Kardashians cancelan su fiesta anual de Navidad por primera vez desde 1978! | Grazia M\u00e9xico y Latinoam\u00e9rica\",\"isPartOf\":{\"@id\":\"https:\/\/graziamagazine.com\/mx\/#website\"},\"datePublished\":\"2020-12-08T13:52:05+00:00\",\"dateModified\":\"2020-12-08T14:58:42+00:00\",\"description\":\"En un hecho sin predecentes, la familia ha tomado la mejor decisi\u00f3n por el bien de todos.\",\"breadcrumb\":{\"@id\":\"https:\/\/graziamagazine.com\/mx\/articles\/las-kardashians-cancelan-la-fiesta-anual-de-navidad-por-primera-vez-desde-1978\/#breadcrumb\"},\"inLanguage\":\"es-MX\",\"potentialAction\":[{\"@type\":\"ReadAction\",\"target\":[\"https:\/\/graziamagazine.com\/mx\/articles\/las-kardashians-cancelan-la-fiesta-anual-de-navidad-por-primera-vez-desde-1978\/\"]}]},{\"@type\":\"BreadcrumbList\",\"@id\":\"https:\/\/graziamagazine.com\/mx\/articles\/las-kardashians-cancelan-la-fiesta-anual-de-navidad-por-primera-vez-desde-1978\/#breadcrumb\",\"itemListElement\":[{\"@type\":\"ListItem\",\"position\":1,\"name\":\"Home\",\"item\":\"https:\/\/graziamagazine.com\/mx\/\"},{\"@type\":\"ListItem\",\"position\":2,\"name\":\"\u00a1Las Kardashians cancelan su fiesta anual de Navidad por primera vez desde 1978!\"}]},{\"@type\":\"WebSite\",\"@id\":\"https:\/\/graziamagazine.com\/mx\/#website\",\"url\":\"https:\/\/graziamagazine.com\/mx\/\",\"name\":\"Grazia M\u00e9xico y Latinoam\u00e9rica\",\"description\":\"Grazia es moda, belleza y noticias  de actualidad \",\"potentialAction\":[{\"@type\":\"SearchAction\",\"target\":{\"@type\":\"EntryPoint\",\"urlTemplate\":\"https:\/\/graziamagazine.com\/mx\/?s={search_term_string}\"},\"query-input\":\"required name=search_term_string\"}],\"inLanguage\":\"es-MX\"}]}<\/script>\n<!-- \/ Yoast SEO Premium plugin. -->","yoast_head_json":{"title":"\u00a1Las Kardashians cancelan su fiesta anual de Navidad por primera vez desde 1978! | Grazia M\u00e9xico y Latinoam\u00e9rica","description":"En un hecho sin predecentes, la familia ha tomado la mejor decisi\u00f3n por el bien de todos.","robots":{"index":"index","follow":"follow","max-snippet":"max-snippet:-1","max-image-preview":"max-image-preview:large","max-video-preview":"max-video-preview:-1"},"canonical":"https:\/\/graziamagazine.com\/mx\/articles\/las-kardashians-cancelan-la-fiesta-anual-de-navidad-por-primera-vez-desde-1978\/","og_locale":"es_MX","og_type":"article","og_title":"\u00a1Las Kardashians cancelan su fiesta anual de Navidad por primera vez desde 1978!","og_description":"En un hecho sin predecentes, la familia ha tomado la mejor decisi\u00f3n por el bien de todos.","og_url":"https:\/\/graziamagazine.com\/mx\/articles\/las-kardashians-cancelan-la-fiesta-anual-de-navidad-por-primera-vez-desde-1978\/","og_site_name":"Grazia M\u00e9xico y Latinoam\u00e9rica","article_modified_time":"2020-12-08T14:58:42+00:00","og_image":[{"width":3130,"height":1803,"url":"https:\/\/graziamagazine.com\/mx\/wp-content\/uploads\/sites\/13\/2020\/12\/gettyimages-1194080777-2-1607361653-copia.jpg?fit=3130%2C1803","type":"image\/jpeg"}],"twitter_card":"summary_large_image","twitter_misc":{"Est. reading time":"2 minutos"},"schema":{"@context":"https:\/\/schema.org","@graph":[{"@type":"WebPage","@id":"https:\/\/graziamagazine.com\/mx\/articles\/las-kardashians-cancelan-la-fiesta-anual-de-navidad-por-primera-vez-desde-1978\/","url":"https:\/\/graziamagazine.com\/mx\/articles\/las-kardashians-cancelan-la-fiesta-anual-de-navidad-por-primera-vez-desde-1978\/","name":"\u00a1Las Kardashians cancelan su fiesta anual de Navidad por primera vez desde 1978! | Grazia M\u00e9xico y Latinoam\u00e9rica","isPartOf":{"@id":"https:\/\/graziamagazine.com\/mx\/#website"},"datePublished":"2020-12-08T13:52:05+00:00","dateModified":"2020-12-08T14:58:42+00:00","description":"En un hecho sin predecentes, la familia ha tomado la mejor decisi\u00f3n por el bien de todos.","breadcrumb":{"@id":"https:\/\/graziamagazine.com\/mx\/articles\/las-kardashians-cancelan-la-fiesta-anual-de-navidad-por-primera-vez-desde-1978\/#breadcrumb"},"inLanguage":"es-MX","potentialAction":[{"@type":"ReadAction","target":["https:\/\/graziamagazine.com\/mx\/articles\/las-kardashians-cancelan-la-fiesta-anual-de-navidad-por-primera-vez-desde-1978\/"]}]},{"@type":"BreadcrumbList","@id":"https:\/\/graziamagazine.com\/mx\/articles\/las-kardashians-cancelan-la-fiesta-anual-de-navidad-por-primera-vez-desde-1978\/#breadcrumb","itemListElement":[{"@type":"ListItem","position":1,"name":"Home","item":"https:\/\/graziamagazine.com\/mx\/"},{"@type":"ListItem","position":2,"name":"\u00a1Las Kardashians cancelan su fiesta anual de Navidad por primera vez desde 1978!"}]},{"@type":"WebSite","@id":"https:\/\/graziamagazine.com\/mx\/#website","url":"https:\/\/graziamagazine.com\/mx\/","name":"Grazia M\u00e9xico y Latinoam\u00e9rica","description":"Grazia es moda, belleza y noticias  de actualidad ","potentialAction":[{"@type":"SearchAction","target":{"@type":"EntryPoint","urlTemplate":"https:\/\/graziamagazine.com\/mx\/?s={search_term_string}"},"query-input":"required name=search_term_string"}],"inLanguage":"es-MX"}]}},"jetpack_sharing_enabled":true,"distributor_meta":false,"distributor_terms":false,"distributor_media":false,"distributor_original_site_name":"Grazia M\u00e9xico y Latinoam\u00e9rica","distributor_original_site_url":"https:\/\/graziamagazine.com\/mx","push-errors":false,"_links":{"self":[{"href":"https:\/\/graziamagazine.com\/mx\/wp-json\/wp\/v2\/articles\/91481"}],"collection":[{"href":"https:\/\/graziamagazine.com\/mx\/wp-json\/wp\/v2\/articles"}],"about":[{"href":"https:\/\/graziamagazine.com\/mx\/wp-json\/wp\/v2\/types\/articles"}],"author":[{"embeddable":true,"href":"https:\/\/graziamagazine.com\/mx\/wp-json\/wp\/v2\/users\/11628"}],"wp:featuredmedia":[{"embeddable":true,"href":"https:\/\/graziamagazine.com\/mx\/wp-json\/wp\/v2\/media\/91484"}],"wp:attachment":[{"href":"https:\/\/graziamagazine.com\/mx\/wp-json\/wp\/v2\/media?parent=91481"}],"wp:term":[{"taxonomy":"category","embeddable":true,"href":"https:\/\/graziamagazine.com\/mx\/wp-json\/wp\/v2\/categories?post=91481"}],"curies":[{"name":"wp","href":"https:\/\/api.w.org\/{rel}","templated":true}]}}