{"id":91259,"date":"2020-12-03T10:20:46","date_gmt":"2020-12-03T15:20:46","guid":{"rendered":"https:\/\/graziamagazine.com\/mx\/?post_type=articles&#038;p=91259"},"modified":"2020-12-03T11:24:15","modified_gmt":"2020-12-03T16:24:15","slug":"miley-cyrus-comparte-sus-confesiones-mas-fuertes-sobre-su-matrimonio-con-liam","status":"publish","type":"articles","link":"https:\/\/graziamagazine.com\/mx\/articles\/miley-cyrus-comparte-sus-confesiones-mas-fuertes-sobre-su-matrimonio-con-liam\/","title":{"rendered":"Miley Cyrus comparte sus confesiones m\u00e1s fuertes sobre su matrimonio con Liam"},"content":{"rendered":"<p><span style=\"font-weight: 400\"><strong>Miley Cyrus<\/strong> rompi\u00f3 el silencio y habl\u00f3 de las verdaderas razones que la llevaron a separarse de <strong>Liam Hemsworth<\/strong>, a quien afirma que amar\u00e1 por siempre. A pesar de que en un principio los rumores indicaron que el estilo de vida \u201cfiestero\u201d de Miley fue lo que llev\u00f3 a Liam a su l\u00edmite, orill\u00e1ndolo a pedir el divorcio, Miley lo neg\u00f3 y cont\u00f3 otra historia.<\/span><\/p>\n<p><span style=\"font-weight: 400\">Fue durante una entrevista que ofreci\u00f3 en <strong><em>The Howard Stern Show<\/em> <\/strong>en la radio <strong>SiriusXM,<\/strong> que la cantante abri\u00f3 su coraz\u00f3n. &#8220;<em>Estuvimos juntos desde los 16. Nuestra casa se quem\u00f3. Hab\u00edamos estado comprometidos, no s\u00e9 si realmente pensamos que nos casar\u00edamos, pero cuando perdimos nuestra casa en Malib\u00fa, que si escuchas mi voz antes y despu\u00e9s del incendio, es muy diferente, por lo que el trauma realmente afect\u00f3 mi voz. Yo estaba en Sud\u00e1frica, as\u00ed que no pude volver a casa, y mis animales estaban atados a un poste en la playa. Lo perd\u00ed todo. Ten\u00eda <strong>fotos Polaroid de Elvis<\/strong>, que consegu\u00ed que mis abuelas y las abuelas de otras personas me regalaran. Siempre me hice amiga de las abuelas de mis amigos para poder obtener los productos de los artistas que amo<\/em>\u201d, dijo Miley en relaci\u00f3n al nivel de afectaci\u00f3n que el incendio de California en 2018 tuvo en su vida y en su relaci\u00f3n.<\/span><\/p>\n<p><span style=\"font-weight: 400\">&#8220;Ten\u00eda tanto y todo se hab\u00eda ido, cada canci\u00f3n que hab\u00eda escrito estaba en esa casa. Cada fotograf\u00eda m\u00eda que me hab\u00edan dado mis padres, todos mis guiones, lo perd\u00ed todo. Y as\u00ed, al tratar de volver a armar eso, en lugar de decir, \u2018Oh, la naturaleza hizo algo que no pude hacer por m\u00ed mismo; me oblig\u00f3 a soltarme\u2019, corr\u00ed hacia el fuego. Lo que no es anormal, muchos animales hacen esto y terminan muriendo, como los ciervos corriendo hacia el bosque. Te atrae ese calor y que yo sea una persona intensa y no quiero sentarme con \u00e9l, y no quiero ir, ya sabes, &#8216;\u00bfExistir\u00e1 un prop\u00f3sito en esto?&#8217; Me aferr\u00e9 a lo que me quedaba de esa casa, que \u00e9ramos \u00e9l y yo. Y realmente lo amo y lo amaba mucho, mucho, mucho y todav\u00eda lo amo, siempre lo har\u00e9&#8221;, cont\u00f3 la int\u00e9rprete como cuando vives una tragedia en pareja tan grande que no se supera.<\/span><\/p>\n<blockquote><p><span style=\"font-weight: 400\">Hubo demasiado conflicto. Cuando llego a casa quiero que alguien me ancle. No me gustan el drama o las peleas<\/span><\/p><\/blockquote>\n<p><span style=\"font-weight: 400\">Ya en septiembre Miley hab\u00eda hablado al respecto, en el <em>podcast<\/em> <em><strong>Joe Rogan Experience:<\/strong><\/em> \u201cFue terrible. Lo que realmente apestaba no era el hecho de que alguien que amaba y yo nos dimos cuenta de que ya no nos amamos como sol\u00edamos hacerlo. Me sorprende que el p\u00fablico piense que no hay un lapso que no hayan visto, lo que podr\u00eda haberme llevado a esto (una infidelidad)\u201d, le dijo a Rogan. No es como: \u2018Un d\u00eda eras feliz en la alfombra y al d\u00eda siguiente te besabas con tu amiga en Italia, \u00bfqu\u00e9 carajo?\u2019. Hay mucho tiempo en el medio que no viste\u201d, aclarando todo intento de culpar a que una infidelidad termin\u00f3 su matrimonio.<\/span><\/p>\n<p><span style=\"font-weight: 400\">Sea como sea es triste que una relaci\u00f3n de tanto tiempo, haya terminado tras un a\u00f1o de matrimonio y un fatal incendio.\u00a0<\/span><\/p>\n<p><strong><em>*IMAGEN: Getty Images<\/em><\/strong><\/p>\n","protected":false},"author":11628,"featured_media":91261,"template":"","format":"standard","categories":[2],"acf":[],"yoast_head":"<!-- This site is optimized with the Yoast SEO Premium plugin v18.5 (Yoast SEO v20.4) - https:\/\/yoast.com\/wordpress\/plugins\/seo\/ -->\n<title>Miley Cyrus comparte sus confesiones m\u00e1s fuertes sobre su matrimonio con Liam | Grazia M\u00e9xico y Latinoam\u00e9rica<\/title>\n<meta name=\"description\" content=\"Miley ha hablado y no, no fue ni su estilo de vida fiestero ni una infidelidad lo que quem\u00f3 su matrimonio.\" \/>\n<meta name=\"robots\" content=\"index, follow, max-snippet:-1, max-image-preview:large, max-video-preview:-1\" \/>\n<link rel=\"canonical\" href=\"https:\/\/graziamagazine.com\/mx\/articles\/miley-cyrus-comparte-sus-confesiones-mas-fuertes-sobre-su-matrimonio-con-liam\/\" \/>\n<meta property=\"og:locale\" content=\"es_MX\" \/>\n<meta property=\"og:type\" content=\"article\" \/>\n<meta property=\"og:title\" content=\"Miley Cyrus comparte sus confesiones m\u00e1s fuertes sobre su matrimonio con Liam\" \/>\n<meta property=\"og:description\" content=\"Miley ha hablado y no, no fue ni su estilo de vida fiestero ni una infidelidad lo que quem\u00f3 su matrimonio.\" \/>\n<meta property=\"og:url\" content=\"https:\/\/graziamagazine.com\/mx\/articles\/miley-cyrus-comparte-sus-confesiones-mas-fuertes-sobre-su-matrimonio-con-liam\/\" \/>\n<meta property=\"og:site_name\" content=\"Grazia M\u00e9xico y Latinoam\u00e9rica\" \/>\n<meta property=\"article:modified_time\" content=\"2020-12-03T16:24:15+00:00\" \/>\n<meta property=\"og:image\" content=\"https:\/\/graziamagazine.com\/mx\/wp-content\/uploads\/sites\/13\/2020\/12\/Miley-Cyrus-se-enfrento\u0301-a-comentarios-sexistas-en-los-VMAs-por-parte-de-los-directores-.jpg?fit=1000%2C562\" \/>\n\t<meta property=\"og:image:width\" content=\"1000\" \/>\n\t<meta property=\"og:image:height\" content=\"562\" \/>\n\t<meta property=\"og:image:type\" content=\"image\/jpeg\" \/>\n<meta name=\"twitter:card\" content=\"summary_large_image\" \/>\n<meta name=\"twitter:label1\" content=\"Est. reading time\" \/>\n\t<meta name=\"twitter:data1\" content=\"3 minutos\" \/>\n<script type=\"application\/ld+json\" class=\"yoast-schema-graph\">{\"@context\":\"https:\/\/schema.org\",\"@graph\":[{\"@type\":\"WebPage\",\"@id\":\"https:\/\/graziamagazine.com\/mx\/articles\/miley-cyrus-comparte-sus-confesiones-mas-fuertes-sobre-su-matrimonio-con-liam\/\",\"url\":\"https:\/\/graziamagazine.com\/mx\/articles\/miley-cyrus-comparte-sus-confesiones-mas-fuertes-sobre-su-matrimonio-con-liam\/\",\"name\":\"Miley Cyrus comparte sus confesiones m\u00e1s fuertes sobre su matrimonio con Liam | Grazia M\u00e9xico y Latinoam\u00e9rica\",\"isPartOf\":{\"@id\":\"https:\/\/graziamagazine.com\/mx\/#website\"},\"datePublished\":\"2020-12-03T15:20:46+00:00\",\"dateModified\":\"2020-12-03T16:24:15+00:00\",\"description\":\"Miley ha hablado y no, no fue ni su estilo de vida fiestero ni una infidelidad lo que quem\u00f3 su matrimonio.\",\"breadcrumb\":{\"@id\":\"https:\/\/graziamagazine.com\/mx\/articles\/miley-cyrus-comparte-sus-confesiones-mas-fuertes-sobre-su-matrimonio-con-liam\/#breadcrumb\"},\"inLanguage\":\"es-MX\",\"potentialAction\":[{\"@type\":\"ReadAction\",\"target\":[\"https:\/\/graziamagazine.com\/mx\/articles\/miley-cyrus-comparte-sus-confesiones-mas-fuertes-sobre-su-matrimonio-con-liam\/\"]}]},{\"@type\":\"BreadcrumbList\",\"@id\":\"https:\/\/graziamagazine.com\/mx\/articles\/miley-cyrus-comparte-sus-confesiones-mas-fuertes-sobre-su-matrimonio-con-liam\/#breadcrumb\",\"itemListElement\":[{\"@type\":\"ListItem\",\"position\":1,\"name\":\"Home\",\"item\":\"https:\/\/graziamagazine.com\/mx\/\"},{\"@type\":\"ListItem\",\"position\":2,\"name\":\"Miley Cyrus comparte sus confesiones m\u00e1s fuertes sobre su matrimonio con Liam\"}]},{\"@type\":\"WebSite\",\"@id\":\"https:\/\/graziamagazine.com\/mx\/#website\",\"url\":\"https:\/\/graziamagazine.com\/mx\/\",\"name\":\"Grazia M\u00e9xico y Latinoam\u00e9rica\",\"description\":\"Grazia es moda, belleza y noticias  de actualidad \",\"potentialAction\":[{\"@type\":\"SearchAction\",\"target\":{\"@type\":\"EntryPoint\",\"urlTemplate\":\"https:\/\/graziamagazine.com\/mx\/?s={search_term_string}\"},\"query-input\":\"required name=search_term_string\"}],\"inLanguage\":\"es-MX\"}]}<\/script>\n<!-- \/ Yoast SEO Premium plugin. -->","yoast_head_json":{"title":"Miley Cyrus comparte sus confesiones m\u00e1s fuertes sobre su matrimonio con Liam | Grazia M\u00e9xico y Latinoam\u00e9rica","description":"Miley ha hablado y no, no fue ni su estilo de vida fiestero ni una infidelidad lo que quem\u00f3 su matrimonio.","robots":{"index":"index","follow":"follow","max-snippet":"max-snippet:-1","max-image-preview":"max-image-preview:large","max-video-preview":"max-video-preview:-1"},"canonical":"https:\/\/graziamagazine.com\/mx\/articles\/miley-cyrus-comparte-sus-confesiones-mas-fuertes-sobre-su-matrimonio-con-liam\/","og_locale":"es_MX","og_type":"article","og_title":"Miley Cyrus comparte sus confesiones m\u00e1s fuertes sobre su matrimonio con Liam","og_description":"Miley ha hablado y no, no fue ni su estilo de vida fiestero ni una infidelidad lo que quem\u00f3 su matrimonio.","og_url":"https:\/\/graziamagazine.com\/mx\/articles\/miley-cyrus-comparte-sus-confesiones-mas-fuertes-sobre-su-matrimonio-con-liam\/","og_site_name":"Grazia M\u00e9xico y Latinoam\u00e9rica","article_modified_time":"2020-12-03T16:24:15+00:00","og_image":[{"width":1000,"height":562,"url":"https:\/\/graziamagazine.com\/mx\/wp-content\/uploads\/sites\/13\/2020\/12\/Miley-Cyrus-se-enfrento\u0301-a-comentarios-sexistas-en-los-VMAs-por-parte-de-los-directores-.jpg?fit=1000%2C562","type":"image\/jpeg"}],"twitter_card":"summary_large_image","twitter_misc":{"Est. reading time":"3 minutos"},"schema":{"@context":"https:\/\/schema.org","@graph":[{"@type":"WebPage","@id":"https:\/\/graziamagazine.com\/mx\/articles\/miley-cyrus-comparte-sus-confesiones-mas-fuertes-sobre-su-matrimonio-con-liam\/","url":"https:\/\/graziamagazine.com\/mx\/articles\/miley-cyrus-comparte-sus-confesiones-mas-fuertes-sobre-su-matrimonio-con-liam\/","name":"Miley Cyrus comparte sus confesiones m\u00e1s fuertes sobre su matrimonio con Liam | Grazia M\u00e9xico y Latinoam\u00e9rica","isPartOf":{"@id":"https:\/\/graziamagazine.com\/mx\/#website"},"datePublished":"2020-12-03T15:20:46+00:00","dateModified":"2020-12-03T16:24:15+00:00","description":"Miley ha hablado y no, no fue ni su estilo de vida fiestero ni una infidelidad lo que quem\u00f3 su matrimonio.","breadcrumb":{"@id":"https:\/\/graziamagazine.com\/mx\/articles\/miley-cyrus-comparte-sus-confesiones-mas-fuertes-sobre-su-matrimonio-con-liam\/#breadcrumb"},"inLanguage":"es-MX","potentialAction":[{"@type":"ReadAction","target":["https:\/\/graziamagazine.com\/mx\/articles\/miley-cyrus-comparte-sus-confesiones-mas-fuertes-sobre-su-matrimonio-con-liam\/"]}]},{"@type":"BreadcrumbList","@id":"https:\/\/graziamagazine.com\/mx\/articles\/miley-cyrus-comparte-sus-confesiones-mas-fuertes-sobre-su-matrimonio-con-liam\/#breadcrumb","itemListElement":[{"@type":"ListItem","position":1,"name":"Home","item":"https:\/\/graziamagazine.com\/mx\/"},{"@type":"ListItem","position":2,"name":"Miley Cyrus comparte sus confesiones m\u00e1s fuertes sobre su matrimonio con Liam"}]},{"@type":"WebSite","@id":"https:\/\/graziamagazine.com\/mx\/#website","url":"https:\/\/graziamagazine.com\/mx\/","name":"Grazia M\u00e9xico y Latinoam\u00e9rica","description":"Grazia es moda, belleza y noticias  de actualidad ","potentialAction":[{"@type":"SearchAction","target":{"@type":"EntryPoint","urlTemplate":"https:\/\/graziamagazine.com\/mx\/?s={search_term_string}"},"query-input":"required name=search_term_string"}],"inLanguage":"es-MX"}]}},"jetpack_sharing_enabled":true,"distributor_meta":false,"distributor_terms":false,"distributor_media":false,"distributor_original_site_name":"Grazia M\u00e9xico y Latinoam\u00e9rica","distributor_original_site_url":"https:\/\/graziamagazine.com\/mx","push-errors":false,"_links":{"self":[{"href":"https:\/\/graziamagazine.com\/mx\/wp-json\/wp\/v2\/articles\/91259"}],"collection":[{"href":"https:\/\/graziamagazine.com\/mx\/wp-json\/wp\/v2\/articles"}],"about":[{"href":"https:\/\/graziamagazine.com\/mx\/wp-json\/wp\/v2\/types\/articles"}],"author":[{"embeddable":true,"href":"https:\/\/graziamagazine.com\/mx\/wp-json\/wp\/v2\/users\/11628"}],"wp:featuredmedia":[{"embeddable":true,"href":"https:\/\/graziamagazine.com\/mx\/wp-json\/wp\/v2\/media\/91261"}],"wp:attachment":[{"href":"https:\/\/graziamagazine.com\/mx\/wp-json\/wp\/v2\/media?parent=91259"}],"wp:term":[{"taxonomy":"category","embeddable":true,"href":"https:\/\/graziamagazine.com\/mx\/wp-json\/wp\/v2\/categories?post=91259"}],"curies":[{"name":"wp","href":"https:\/\/api.w.org\/{rel}","templated":true}]}}