{"id":90810,"date":"2020-11-23T13:26:05","date_gmt":"2020-11-23T18:26:05","guid":{"rendered":"https:\/\/graziamagazine.com\/mx\/?post_type=articles&#038;p=90810"},"modified":"2020-11-23T15:21:21","modified_gmt":"2020-11-23T20:21:21","slug":"netflix-se-vuelve-tricolor-y-prepara-la-primera-biopic-del-astronauta-mexicano-jose-hernandez","status":"publish","type":"articles","link":"https:\/\/graziamagazine.com\/mx\/articles\/netflix-se-vuelve-tricolor-y-prepara-la-primera-biopic-del-astronauta-mexicano-jose-hernandez\/","title":{"rendered":"Netflix se vuelve tricolor y prepara la primera biopic del astronauta mexicano Jos\u00e9 Hern\u00e1ndez"},"content":{"rendered":"<h4 class=\"p4\"><span class=\"s1\">Por Alejandra Olmedo<\/span><\/h4>\n<p class=\"p4\"><span class=\"s1\">La plataforma de streaming Netflix siempre nos sorprende con nuevas historias y producciones, y en esta ocasi\u00f3n nos trae a la pantalla la primera pel\u00edcula titulada &#8220;<em>A Million Miles Away<\/em>\u201d que contar\u00e1 la vida del astronauta Jos\u00e9 Hern\u00e1ndez, quien se convirti\u00f3 en el segundo mexicano en viajar al espacio y fue seleccionado para trabajar en la NASA en el 2007.<\/span><\/p>\n<p class=\"p4\"><span class=\"s1\">Para dirigir este proyecto la encargada es la directora mexicana Alejandra M\u00e1rquez Abella, quien anteriormente realiz\u00f3 el filme \u201cLas ni\u00f1as bien\u201d. \u00a1Un gran fichaje de Netflix sin duda!<\/span><\/p>\n<p class=\"p4\"><span class=\"s1\">Entre Twits de Alejandra M\u00e1rquez Abella y Jos\u00e9 Hern\u00e1ndez se dio a conocer esta maravillosa noticia. <\/span><span class=\"s2\">\u201c<em>\u00a1Acaba de llegar! ! \u00a1Netflix har\u00e1 una pel\u00edcula basada en la historia de mi vida! Le dije a la reci\u00e9n seleccionada directora, Alejandra M\u00e1rquez Abella, @marquezabella y mi esposa, Adelita, que si eligen a @salmahayek para interpretarla, estoy haciendo una audici\u00f3n para interpretarme a m\u00ed mismo. \u00a1Muy emocionado!<\/em>\u201d. escribi\u00f3 Jos\u00e9 Hern\u00e1ndez. <\/span><\/p>\n<blockquote class=\"twitter-tweet\" data-width=\"500\" data-dnt=\"true\">\n<p lang=\"en\" dir=\"ltr\">Just in! Netflix will be making a movie based on my life story! I told newly selected director, Alejandra Marquez Abella, <a href=\"https:\/\/twitter.com\/marquezabella?ref_src=twsrc%5Etfw\" target=\"_blank\">@marquezabella<\/a> and my wife, Adelita, that if they cast <a href=\"https:\/\/twitter.com\/salmahayek?ref_src=twsrc%5Etfw\" target=\"_blank\">@salmahayek<\/a> to play her I am so auditioning to play myself!! So excited! <a href=\"https:\/\/t.co\/bq28zItdbS\" target=\"_blank\">https:\/\/t.co\/bq28zItdbS<\/a><\/p>\n<p>&mdash; Jose Hernandez (@Astro_Jose) <a href=\"https:\/\/twitter.com\/Astro_Jose\/status\/1329821226177503233?ref_src=twsrc%5Etfw\" target=\"_blank\">November 20, 2020<\/a><\/p><\/blockquote>\n<p><script async src=\"https:\/\/platform.twitter.com\/widgets.js\" charset=\"utf-8\"><\/script><\/p>\n<p class=\"p4\"><span class=\"s1\">Mientras que Alejandra M\u00e1rquez con un simple &#8220;\u00a1Esto est\u00e1 pasando!\u201d, reafirmo su participaci\u00f3n en la biopic.<\/span><\/p>\n<blockquote class=\"twitter-tweet\" data-width=\"500\" data-dnt=\"true\">\n<p lang=\"es\" dir=\"ltr\">\u00a1\u00a1\u00a1Esto est\u00e1 pasando!!! <\/p>\n<p>This is happening!!!<\/p>\n<p>\ud83e\uddd1\ud83c\udffd\u200d\ud83d\ude80\u2764\ufe0f<\/p>\n<p>Alejandra M\u00e1rquez Abella in Talks to Direct Biopic of First Mexican American Astronaut (Exclusive) | Hollywood Reporter <a href=\"https:\/\/t.co\/vLlTUe9wdd\" target=\"_blank\">https:\/\/t.co\/vLlTUe9wdd<\/a><\/p>\n<p>&mdash; Alejandra M\u00e1rquez Abella (@marquezabella) <a href=\"https:\/\/twitter.com\/marquezabella\/status\/1329563198618525696?ref_src=twsrc%5Etfw\" target=\"_blank\">November 19, 2020<\/a><\/p><\/blockquote>\n<p><script async src=\"https:\/\/platform.twitter.com\/widgets.js\" charset=\"utf-8\"><\/script><\/p>\n<p class=\"p4\"><span class=\"s1\">El libro y el gui\u00f3n narran la vida de Hern\u00e1ndez y su trayectoria para convertirse en el primer mexicano que hizo una misi\u00f3n al espacio, dando a conocer su pasado y su infancia d\u00f3nde viajaba de pueblo en pueblo. <\/span><span class=\"s1\">Es importante mencionar que <\/span><span class=\"s2\">Jos\u00e9 Moreno co-desarroll\u00f3 el primer sistema de im\u00e1genes de mamograf\u00eda digital de campo completo para detectar el c\u00e1ncer de mama temprano. Despu\u00e9s, tras de muchos rechazos, se convirti\u00f3 en miembro de la tripulaci\u00f3n de la misi\u00f3n del transbordador espacial STS-128 en 2009.<\/span><\/p>\n<p><img loading=\"lazy\" decoding=\"async\" class=\"alignnone wp-image-90814 size-large\" src=\"https:\/\/graziamagazine.com\/mx\/wp-content\/uploads\/sites\/13\/2020\/11\/jsc2009e082549.jpg?w=819\" alt=\"Netflix se vuelve tricolor y prepara la primera biopic del astronauta mexicano Jos\u00e9 Hern\u00e1ndez\" width=\"819\" height=\"1024\" \/><\/p>\n<p class=\"p6\"><span class=\"s1\">Nosotros estamos m\u00e1s que listos para conocer la historia de este gran personaje y poner (a\u00fan m\u00e1s) el nombre de M\u00e9xico en alto. <\/span><\/p>\n<p class=\"p6\"><strong><em><span class=\"s1\">*IM\u00c1GENES: APA, NASA y Getty Images<\/span><\/em><\/strong><\/p>\n","protected":false},"author":11636,"featured_media":90820,"template":"","format":"standard","categories":[114],"acf":[],"yoast_head":"<!-- This site is optimized with the Yoast SEO Premium plugin v18.5 (Yoast SEO v20.4) - https:\/\/yoast.com\/wordpress\/plugins\/seo\/ -->\n<title>Netflix se vuelve tricolor y prepara la primera biopic del astronauta mexicano Jos\u00e9 Hern\u00e1ndez | Grazia M\u00e9xico y Latinoam\u00e9rica<\/title>\n<meta name=\"description\" content=\"Y lo mejor de todo\u2026 ser\u00e1 a trav\u00e9s de los ojos de la directora mexicana Alejandra M\u00e1rquez Abella. \u00a1No podemos esperar para poder verla!\" \/>\n<meta name=\"robots\" content=\"index, follow, max-snippet:-1, max-image-preview:large, max-video-preview:-1\" \/>\n<link rel=\"canonical\" href=\"https:\/\/graziamagazine.com\/mx\/articles\/netflix-se-vuelve-tricolor-y-prepara-la-primera-biopic-del-astronauta-mexicano-jose-hernandez\/\" \/>\n<meta property=\"og:locale\" content=\"es_MX\" \/>\n<meta property=\"og:type\" content=\"article\" \/>\n<meta property=\"og:title\" content=\"Netflix se vuelve tricolor y prepara la primera biopic del astronauta mexicano Jos\u00e9 Hern\u00e1ndez\" \/>\n<meta property=\"og:description\" content=\"Y lo mejor de todo\u2026 ser\u00e1 a trav\u00e9s de los ojos de la directora mexicana Alejandra M\u00e1rquez Abella. \u00a1No podemos esperar para poder verla!\" \/>\n<meta property=\"og:url\" content=\"https:\/\/graziamagazine.com\/mx\/articles\/netflix-se-vuelve-tricolor-y-prepara-la-primera-biopic-del-astronauta-mexicano-jose-hernandez\/\" \/>\n<meta property=\"og:site_name\" content=\"Grazia M\u00e9xico y Latinoam\u00e9rica\" \/>\n<meta property=\"article:modified_time\" content=\"2020-11-23T20:21:21+00:00\" \/>\n<meta property=\"og:image\" content=\"https:\/\/graziamagazine.com\/mx\/wp-content\/uploads\/sites\/13\/2020\/11\/nasa-prepares-for-launch-of-space-shuttle-discovery-90157256-b8d8b69b2f084c86974ccc534e6ff3eb.jpg?fit=1892%2C1022\" \/>\n\t<meta property=\"og:image:width\" content=\"1892\" \/>\n\t<meta property=\"og:image:height\" content=\"1022\" \/>\n\t<meta property=\"og:image:type\" content=\"image\/jpeg\" \/>\n<meta name=\"twitter:card\" content=\"summary_large_image\" \/>\n<meta name=\"twitter:label1\" content=\"Est. reading time\" \/>\n\t<meta name=\"twitter:data1\" content=\"2 minutos\" \/>\n<script type=\"application\/ld+json\" class=\"yoast-schema-graph\">{\"@context\":\"https:\/\/schema.org\",\"@graph\":[{\"@type\":\"WebPage\",\"@id\":\"https:\/\/graziamagazine.com\/mx\/articles\/netflix-se-vuelve-tricolor-y-prepara-la-primera-biopic-del-astronauta-mexicano-jose-hernandez\/\",\"url\":\"https:\/\/graziamagazine.com\/mx\/articles\/netflix-se-vuelve-tricolor-y-prepara-la-primera-biopic-del-astronauta-mexicano-jose-hernandez\/\",\"name\":\"Netflix se vuelve tricolor y prepara la primera biopic del astronauta mexicano Jos\u00e9 Hern\u00e1ndez | Grazia M\u00e9xico y Latinoam\u00e9rica\",\"isPartOf\":{\"@id\":\"https:\/\/graziamagazine.com\/mx\/#website\"},\"datePublished\":\"2020-11-23T18:26:05+00:00\",\"dateModified\":\"2020-11-23T20:21:21+00:00\",\"description\":\"Y lo mejor de todo\u2026 ser\u00e1 a trav\u00e9s de los ojos de la directora mexicana Alejandra M\u00e1rquez Abella. \u00a1No podemos esperar para poder verla!\",\"breadcrumb\":{\"@id\":\"https:\/\/graziamagazine.com\/mx\/articles\/netflix-se-vuelve-tricolor-y-prepara-la-primera-biopic-del-astronauta-mexicano-jose-hernandez\/#breadcrumb\"},\"inLanguage\":\"es-MX\",\"potentialAction\":[{\"@type\":\"ReadAction\",\"target\":[\"https:\/\/graziamagazine.com\/mx\/articles\/netflix-se-vuelve-tricolor-y-prepara-la-primera-biopic-del-astronauta-mexicano-jose-hernandez\/\"]}]},{\"@type\":\"BreadcrumbList\",\"@id\":\"https:\/\/graziamagazine.com\/mx\/articles\/netflix-se-vuelve-tricolor-y-prepara-la-primera-biopic-del-astronauta-mexicano-jose-hernandez\/#breadcrumb\",\"itemListElement\":[{\"@type\":\"ListItem\",\"position\":1,\"name\":\"Home\",\"item\":\"https:\/\/graziamagazine.com\/mx\/\"},{\"@type\":\"ListItem\",\"position\":2,\"name\":\"Netflix se vuelve tricolor y prepara la primera biopic del astronauta mexicano Jos\u00e9 Hern\u00e1ndez\"}]},{\"@type\":\"WebSite\",\"@id\":\"https:\/\/graziamagazine.com\/mx\/#website\",\"url\":\"https:\/\/graziamagazine.com\/mx\/\",\"name\":\"Grazia M\u00e9xico y Latinoam\u00e9rica\",\"description\":\"Grazia es moda, belleza y noticias  de actualidad \",\"potentialAction\":[{\"@type\":\"SearchAction\",\"target\":{\"@type\":\"EntryPoint\",\"urlTemplate\":\"https:\/\/graziamagazine.com\/mx\/?s={search_term_string}\"},\"query-input\":\"required name=search_term_string\"}],\"inLanguage\":\"es-MX\"}]}<\/script>\n<!-- \/ Yoast SEO Premium plugin. -->","yoast_head_json":{"title":"Netflix se vuelve tricolor y prepara la primera biopic del astronauta mexicano Jos\u00e9 Hern\u00e1ndez | Grazia M\u00e9xico y Latinoam\u00e9rica","description":"Y lo mejor de todo\u2026 ser\u00e1 a trav\u00e9s de los ojos de la directora mexicana Alejandra M\u00e1rquez Abella. \u00a1No podemos esperar para poder verla!","robots":{"index":"index","follow":"follow","max-snippet":"max-snippet:-1","max-image-preview":"max-image-preview:large","max-video-preview":"max-video-preview:-1"},"canonical":"https:\/\/graziamagazine.com\/mx\/articles\/netflix-se-vuelve-tricolor-y-prepara-la-primera-biopic-del-astronauta-mexicano-jose-hernandez\/","og_locale":"es_MX","og_type":"article","og_title":"Netflix se vuelve tricolor y prepara la primera biopic del astronauta mexicano Jos\u00e9 Hern\u00e1ndez","og_description":"Y lo mejor de todo\u2026 ser\u00e1 a trav\u00e9s de los ojos de la directora mexicana Alejandra M\u00e1rquez Abella. \u00a1No podemos esperar para poder verla!","og_url":"https:\/\/graziamagazine.com\/mx\/articles\/netflix-se-vuelve-tricolor-y-prepara-la-primera-biopic-del-astronauta-mexicano-jose-hernandez\/","og_site_name":"Grazia M\u00e9xico y Latinoam\u00e9rica","article_modified_time":"2020-11-23T20:21:21+00:00","og_image":[{"width":1892,"height":1022,"url":"https:\/\/graziamagazine.com\/mx\/wp-content\/uploads\/sites\/13\/2020\/11\/nasa-prepares-for-launch-of-space-shuttle-discovery-90157256-b8d8b69b2f084c86974ccc534e6ff3eb.jpg?fit=1892%2C1022","type":"image\/jpeg"}],"twitter_card":"summary_large_image","twitter_misc":{"Est. reading time":"2 minutos"},"schema":{"@context":"https:\/\/schema.org","@graph":[{"@type":"WebPage","@id":"https:\/\/graziamagazine.com\/mx\/articles\/netflix-se-vuelve-tricolor-y-prepara-la-primera-biopic-del-astronauta-mexicano-jose-hernandez\/","url":"https:\/\/graziamagazine.com\/mx\/articles\/netflix-se-vuelve-tricolor-y-prepara-la-primera-biopic-del-astronauta-mexicano-jose-hernandez\/","name":"Netflix se vuelve tricolor y prepara la primera biopic del astronauta mexicano Jos\u00e9 Hern\u00e1ndez | Grazia M\u00e9xico y Latinoam\u00e9rica","isPartOf":{"@id":"https:\/\/graziamagazine.com\/mx\/#website"},"datePublished":"2020-11-23T18:26:05+00:00","dateModified":"2020-11-23T20:21:21+00:00","description":"Y lo mejor de todo\u2026 ser\u00e1 a trav\u00e9s de los ojos de la directora mexicana Alejandra M\u00e1rquez Abella. \u00a1No podemos esperar para poder verla!","breadcrumb":{"@id":"https:\/\/graziamagazine.com\/mx\/articles\/netflix-se-vuelve-tricolor-y-prepara-la-primera-biopic-del-astronauta-mexicano-jose-hernandez\/#breadcrumb"},"inLanguage":"es-MX","potentialAction":[{"@type":"ReadAction","target":["https:\/\/graziamagazine.com\/mx\/articles\/netflix-se-vuelve-tricolor-y-prepara-la-primera-biopic-del-astronauta-mexicano-jose-hernandez\/"]}]},{"@type":"BreadcrumbList","@id":"https:\/\/graziamagazine.com\/mx\/articles\/netflix-se-vuelve-tricolor-y-prepara-la-primera-biopic-del-astronauta-mexicano-jose-hernandez\/#breadcrumb","itemListElement":[{"@type":"ListItem","position":1,"name":"Home","item":"https:\/\/graziamagazine.com\/mx\/"},{"@type":"ListItem","position":2,"name":"Netflix se vuelve tricolor y prepara la primera biopic del astronauta mexicano Jos\u00e9 Hern\u00e1ndez"}]},{"@type":"WebSite","@id":"https:\/\/graziamagazine.com\/mx\/#website","url":"https:\/\/graziamagazine.com\/mx\/","name":"Grazia M\u00e9xico y Latinoam\u00e9rica","description":"Grazia es moda, belleza y noticias  de actualidad ","potentialAction":[{"@type":"SearchAction","target":{"@type":"EntryPoint","urlTemplate":"https:\/\/graziamagazine.com\/mx\/?s={search_term_string}"},"query-input":"required name=search_term_string"}],"inLanguage":"es-MX"}]}},"jetpack_sharing_enabled":true,"distributor_meta":false,"distributor_terms":false,"distributor_media":false,"distributor_original_site_name":"Grazia M\u00e9xico y Latinoam\u00e9rica","distributor_original_site_url":"https:\/\/graziamagazine.com\/mx","push-errors":false,"_links":{"self":[{"href":"https:\/\/graziamagazine.com\/mx\/wp-json\/wp\/v2\/articles\/90810"}],"collection":[{"href":"https:\/\/graziamagazine.com\/mx\/wp-json\/wp\/v2\/articles"}],"about":[{"href":"https:\/\/graziamagazine.com\/mx\/wp-json\/wp\/v2\/types\/articles"}],"author":[{"embeddable":true,"href":"https:\/\/graziamagazine.com\/mx\/wp-json\/wp\/v2\/users\/11636"}],"wp:featuredmedia":[{"embeddable":true,"href":"https:\/\/graziamagazine.com\/mx\/wp-json\/wp\/v2\/media\/90820"}],"wp:attachment":[{"href":"https:\/\/graziamagazine.com\/mx\/wp-json\/wp\/v2\/media?parent=90810"}],"wp:term":[{"taxonomy":"category","embeddable":true,"href":"https:\/\/graziamagazine.com\/mx\/wp-json\/wp\/v2\/categories?post=90810"}],"curies":[{"name":"wp","href":"https:\/\/api.w.org\/{rel}","templated":true}]}}