{"id":90296,"date":"2020-11-10T18:01:35","date_gmt":"2020-11-10T23:01:35","guid":{"rendered":"https:\/\/graziamagazine.com\/mx\/?post_type=articles&#038;p=90296"},"modified":"2020-11-10T19:12:06","modified_gmt":"2020-11-11T00:12:06","slug":"gerard-butler-se-convertira-nuevamente-en-mike-banning-en-night-has-fallen","status":"publish","type":"articles","link":"https:\/\/graziamagazine.com\/mx\/articles\/gerard-butler-se-convertira-nuevamente-en-mike-banning-en-night-has-fallen\/","title":{"rendered":"\u00a1Gerard Butler se convertir\u00e1 nuevamente en Mike Banning en Night Has Fallen!"},"content":{"rendered":"<p><span style=\"font-weight: 400\">\u00a1No podemos de la emoci\u00f3n! El guapo actor <strong>Gerard Butler<\/strong> regresa a la cuarta entrega de la saga <em><strong>Fallen<\/strong><\/em>, para interpretar al legendario Mike Banning en <strong><em>Night Has Fallen.<\/em><\/strong> Esta cinta es la secuela de la taquillera pel\u00edcula <em><strong>Angel Has Fallen<\/strong><\/em>, de 2019, por lo que seguramente podemos esperar m\u00e1s acci\u00f3n y adrenalina.<\/span><\/p>\n<p><span style=\"font-weight: 400\">As\u00ed lo anunci\u00f3 el director <em><strong>Ric Roman Waugh<\/strong><\/em>, quien tambi\u00e9n estuvo al frente de <em>Angel Has Fallen<\/em>, y volver\u00e1 a hacer mancuerna con <strong>Robert Kamen<\/strong> para escribir el gui\u00f3n, para la producci\u00f3n de <strong><em>Millennium Media.<\/em> <\/strong>Por el momento los detalles de la trama se mantienen en secreto, pero podemos imaginar por d\u00f3nde va la cosa.\u00a0<\/span><\/p>\n<p><span style=\"font-weight: 400\">&#8220;<em>Esperamos hacerlo en 2021. Estamos trabajando con Gerard Butler y Ric Roman Waugh en fechas espec\u00edficas. Nuestros socios est\u00e1n muy contentos con eso. Tambi\u00e9n estamos comenzando a desarrollarlo como una serie de televisi\u00f3n<\/em>&#8220;, dijo <strong>Jeffrey Greenstein<\/strong>, presidente de <em>Millennium Media,<\/em> quien a\u00f1adi\u00f3 que espera que se pueda comenzar la filmaci\u00f3n de la secuela el pr\u00f3ximo a\u00f1o.\u00a0<\/span><\/p>\n<p><span style=\"font-weight: 400\">La saga <em>Fallen<\/em> comenz\u00f3 en 2013 con <em><strong>Olympus Has Fallen<\/strong><\/em>, en la que Gerard Butler intentaba frustrar un ataque a la Casa Blanca, \u00e9xito cinematogr\u00e1fico que allan\u00f3 el camino para <strong><em>London Has Fallen<\/em><\/strong> de 2016, resultando en un \u00e9xito a\u00fan mayor. La \u00faltima entrega en 2019 fue <em>Angel Has Fallen,<\/em> y muy pronto podremos ver esta cuarta entrega.<\/span><\/p>\n<p><iframe loading=\"lazy\" title=\"Angel Has Fallen (2019 Movie) Official Trailer - Gerard Butler, Morgan Freeman\" width=\"500\" height=\"281\" src=\"https:\/\/www.youtube.com\/embed\/XF8h3hOGBJM?feature=oembed\" frameborder=\"0\" allow=\"accelerometer; autoplay; clipboard-write; encrypted-media; gyroscope; picture-in-picture\" allowfullscreen><\/iframe><\/p>\n<p><span style=\"font-weight: 400\">Todav\u00eda no se sabe si regresar\u00e1n otros de los actores como <strong>Morgan Freeman o Nick Nolte<\/strong>, pero s\u00ed sabemos que Les Weldon, Yariv Lerner, Alan Siegel, Jeffrey Greenstein, Jonathan Yunger, y el propio Gerard Butler, est\u00e1n a bordo como productores. Avi Lerner, Trevor Short y Boaz Davidson tambi\u00e9n se establecen como productores ejecutivos. La intenci\u00f3n es rodar la pel\u00edcula en <em>Nu Boyana Studios<\/em>, en Bulgaria, complementando con escenas adicionales en toda Europa.<\/span><\/p>\n<p><span style=\"font-weight: 400\">\u00a1No podemos esperar para ver a este hombre de acci\u00f3n haciendo lo suyo en la pantalla grande\u2026 y esperemos que tambi\u00e9n en la chica!<\/span><\/p>\n<p><em><strong>*IMAGEN: Getty Images<\/strong><\/em><\/p>\n","protected":false},"author":11628,"featured_media":90300,"template":"","format":"standard","categories":[114],"acf":[],"yoast_head":"<!-- This site is optimized with the Yoast SEO Premium plugin v18.5 (Yoast SEO v20.4) - https:\/\/yoast.com\/wordpress\/plugins\/seo\/ -->\n<title>\u00a1Gerard Butler se convertir\u00e1 nuevamente en Mike Banning en Night Has Fallen! | Grazia M\u00e9xico y Latinoam\u00e9rica<\/title>\n<meta name=\"description\" content=\"Contamos los minutos para ver a este hombre de acci\u00f3n en uno de esos papelazos que solo \u00e9l sabe hacer.\" \/>\n<meta name=\"robots\" content=\"index, follow, max-snippet:-1, max-image-preview:large, max-video-preview:-1\" \/>\n<link rel=\"canonical\" href=\"https:\/\/graziamagazine.com\/mx\/articles\/gerard-butler-se-convertira-nuevamente-en-mike-banning-en-night-has-fallen\/\" \/>\n<meta property=\"og:locale\" content=\"es_MX\" \/>\n<meta property=\"og:type\" content=\"article\" \/>\n<meta property=\"og:title\" content=\"\u00a1Gerard Butler se convertir\u00e1 nuevamente en Mike Banning en Night Has Fallen!\" \/>\n<meta property=\"og:description\" content=\"Contamos los minutos para ver a este hombre de acci\u00f3n en uno de esos papelazos que solo \u00e9l sabe hacer.\" \/>\n<meta property=\"og:url\" content=\"https:\/\/graziamagazine.com\/mx\/articles\/gerard-butler-se-convertira-nuevamente-en-mike-banning-en-night-has-fallen\/\" \/>\n<meta property=\"og:site_name\" content=\"Grazia M\u00e9xico y Latinoam\u00e9rica\" \/>\n<meta property=\"article:modified_time\" content=\"2020-11-11T00:12:06+00:00\" \/>\n<meta property=\"og:image\" content=\"https:\/\/graziamagazine.com\/mx\/wp-content\/uploads\/sites\/13\/2020\/11\/La-serie-Has-Fallen-de-Gerard-Butler-podri\u0301a-obtener-tres.jpg?fit=1200%2C675\" \/>\n\t<meta property=\"og:image:width\" content=\"1200\" \/>\n\t<meta property=\"og:image:height\" content=\"675\" \/>\n\t<meta property=\"og:image:type\" content=\"image\/jpeg\" \/>\n<meta name=\"twitter:card\" content=\"summary_large_image\" \/>\n<meta name=\"twitter:label1\" content=\"Est. reading time\" \/>\n\t<meta name=\"twitter:data1\" content=\"2 minutos\" \/>\n<script type=\"application\/ld+json\" class=\"yoast-schema-graph\">{\"@context\":\"https:\/\/schema.org\",\"@graph\":[{\"@type\":\"WebPage\",\"@id\":\"https:\/\/graziamagazine.com\/mx\/articles\/gerard-butler-se-convertira-nuevamente-en-mike-banning-en-night-has-fallen\/\",\"url\":\"https:\/\/graziamagazine.com\/mx\/articles\/gerard-butler-se-convertira-nuevamente-en-mike-banning-en-night-has-fallen\/\",\"name\":\"\u00a1Gerard Butler se convertir\u00e1 nuevamente en Mike Banning en Night Has Fallen! | Grazia M\u00e9xico y Latinoam\u00e9rica\",\"isPartOf\":{\"@id\":\"https:\/\/graziamagazine.com\/mx\/#website\"},\"datePublished\":\"2020-11-10T23:01:35+00:00\",\"dateModified\":\"2020-11-11T00:12:06+00:00\",\"description\":\"Contamos los minutos para ver a este hombre de acci\u00f3n en uno de esos papelazos que solo \u00e9l sabe hacer.\",\"breadcrumb\":{\"@id\":\"https:\/\/graziamagazine.com\/mx\/articles\/gerard-butler-se-convertira-nuevamente-en-mike-banning-en-night-has-fallen\/#breadcrumb\"},\"inLanguage\":\"es-MX\",\"potentialAction\":[{\"@type\":\"ReadAction\",\"target\":[\"https:\/\/graziamagazine.com\/mx\/articles\/gerard-butler-se-convertira-nuevamente-en-mike-banning-en-night-has-fallen\/\"]}]},{\"@type\":\"BreadcrumbList\",\"@id\":\"https:\/\/graziamagazine.com\/mx\/articles\/gerard-butler-se-convertira-nuevamente-en-mike-banning-en-night-has-fallen\/#breadcrumb\",\"itemListElement\":[{\"@type\":\"ListItem\",\"position\":1,\"name\":\"Home\",\"item\":\"https:\/\/graziamagazine.com\/mx\/\"},{\"@type\":\"ListItem\",\"position\":2,\"name\":\"\u00a1Gerard Butler se convertir\u00e1 nuevamente en Mike Banning en Night Has Fallen!\"}]},{\"@type\":\"WebSite\",\"@id\":\"https:\/\/graziamagazine.com\/mx\/#website\",\"url\":\"https:\/\/graziamagazine.com\/mx\/\",\"name\":\"Grazia M\u00e9xico y Latinoam\u00e9rica\",\"description\":\"Grazia es moda, belleza y noticias  de actualidad \",\"potentialAction\":[{\"@type\":\"SearchAction\",\"target\":{\"@type\":\"EntryPoint\",\"urlTemplate\":\"https:\/\/graziamagazine.com\/mx\/?s={search_term_string}\"},\"query-input\":\"required name=search_term_string\"}],\"inLanguage\":\"es-MX\"}]}<\/script>\n<!-- \/ Yoast SEO Premium plugin. -->","yoast_head_json":{"title":"\u00a1Gerard Butler se convertir\u00e1 nuevamente en Mike Banning en Night Has Fallen! | Grazia M\u00e9xico y Latinoam\u00e9rica","description":"Contamos los minutos para ver a este hombre de acci\u00f3n en uno de esos papelazos que solo \u00e9l sabe hacer.","robots":{"index":"index","follow":"follow","max-snippet":"max-snippet:-1","max-image-preview":"max-image-preview:large","max-video-preview":"max-video-preview:-1"},"canonical":"https:\/\/graziamagazine.com\/mx\/articles\/gerard-butler-se-convertira-nuevamente-en-mike-banning-en-night-has-fallen\/","og_locale":"es_MX","og_type":"article","og_title":"\u00a1Gerard Butler se convertir\u00e1 nuevamente en Mike Banning en Night Has Fallen!","og_description":"Contamos los minutos para ver a este hombre de acci\u00f3n en uno de esos papelazos que solo \u00e9l sabe hacer.","og_url":"https:\/\/graziamagazine.com\/mx\/articles\/gerard-butler-se-convertira-nuevamente-en-mike-banning-en-night-has-fallen\/","og_site_name":"Grazia M\u00e9xico y Latinoam\u00e9rica","article_modified_time":"2020-11-11T00:12:06+00:00","og_image":[{"width":1200,"height":675,"url":"https:\/\/graziamagazine.com\/mx\/wp-content\/uploads\/sites\/13\/2020\/11\/La-serie-Has-Fallen-de-Gerard-Butler-podri\u0301a-obtener-tres.jpg?fit=1200%2C675","type":"image\/jpeg"}],"twitter_card":"summary_large_image","twitter_misc":{"Est. reading time":"2 minutos"},"schema":{"@context":"https:\/\/schema.org","@graph":[{"@type":"WebPage","@id":"https:\/\/graziamagazine.com\/mx\/articles\/gerard-butler-se-convertira-nuevamente-en-mike-banning-en-night-has-fallen\/","url":"https:\/\/graziamagazine.com\/mx\/articles\/gerard-butler-se-convertira-nuevamente-en-mike-banning-en-night-has-fallen\/","name":"\u00a1Gerard Butler se convertir\u00e1 nuevamente en Mike Banning en Night Has Fallen! | Grazia M\u00e9xico y Latinoam\u00e9rica","isPartOf":{"@id":"https:\/\/graziamagazine.com\/mx\/#website"},"datePublished":"2020-11-10T23:01:35+00:00","dateModified":"2020-11-11T00:12:06+00:00","description":"Contamos los minutos para ver a este hombre de acci\u00f3n en uno de esos papelazos que solo \u00e9l sabe hacer.","breadcrumb":{"@id":"https:\/\/graziamagazine.com\/mx\/articles\/gerard-butler-se-convertira-nuevamente-en-mike-banning-en-night-has-fallen\/#breadcrumb"},"inLanguage":"es-MX","potentialAction":[{"@type":"ReadAction","target":["https:\/\/graziamagazine.com\/mx\/articles\/gerard-butler-se-convertira-nuevamente-en-mike-banning-en-night-has-fallen\/"]}]},{"@type":"BreadcrumbList","@id":"https:\/\/graziamagazine.com\/mx\/articles\/gerard-butler-se-convertira-nuevamente-en-mike-banning-en-night-has-fallen\/#breadcrumb","itemListElement":[{"@type":"ListItem","position":1,"name":"Home","item":"https:\/\/graziamagazine.com\/mx\/"},{"@type":"ListItem","position":2,"name":"\u00a1Gerard Butler se convertir\u00e1 nuevamente en Mike Banning en Night Has Fallen!"}]},{"@type":"WebSite","@id":"https:\/\/graziamagazine.com\/mx\/#website","url":"https:\/\/graziamagazine.com\/mx\/","name":"Grazia M\u00e9xico y Latinoam\u00e9rica","description":"Grazia es moda, belleza y noticias  de actualidad ","potentialAction":[{"@type":"SearchAction","target":{"@type":"EntryPoint","urlTemplate":"https:\/\/graziamagazine.com\/mx\/?s={search_term_string}"},"query-input":"required name=search_term_string"}],"inLanguage":"es-MX"}]}},"jetpack_sharing_enabled":true,"distributor_meta":false,"distributor_terms":false,"distributor_media":false,"distributor_original_site_name":"Grazia M\u00e9xico y Latinoam\u00e9rica","distributor_original_site_url":"https:\/\/graziamagazine.com\/mx","push-errors":false,"_links":{"self":[{"href":"https:\/\/graziamagazine.com\/mx\/wp-json\/wp\/v2\/articles\/90296"}],"collection":[{"href":"https:\/\/graziamagazine.com\/mx\/wp-json\/wp\/v2\/articles"}],"about":[{"href":"https:\/\/graziamagazine.com\/mx\/wp-json\/wp\/v2\/types\/articles"}],"author":[{"embeddable":true,"href":"https:\/\/graziamagazine.com\/mx\/wp-json\/wp\/v2\/users\/11628"}],"wp:featuredmedia":[{"embeddable":true,"href":"https:\/\/graziamagazine.com\/mx\/wp-json\/wp\/v2\/media\/90300"}],"wp:attachment":[{"href":"https:\/\/graziamagazine.com\/mx\/wp-json\/wp\/v2\/media?parent=90296"}],"wp:term":[{"taxonomy":"category","embeddable":true,"href":"https:\/\/graziamagazine.com\/mx\/wp-json\/wp\/v2\/categories?post=90296"}],"curies":[{"name":"wp","href":"https:\/\/api.w.org\/{rel}","templated":true}]}}