{"id":89977,"date":"2020-10-30T12:26:15","date_gmt":"2020-10-30T17:26:15","guid":{"rendered":"https:\/\/graziamagazine.com\/mx\/?post_type=articles&#038;p=89977"},"modified":"2020-10-30T13:00:56","modified_gmt":"2020-10-30T18:00:56","slug":"ester-exposito-sorprende-con-un-cambio-radical-ya-no-es-rubia","status":"publish","type":"articles","link":"https:\/\/graziamagazine.com\/mx\/articles\/ester-exposito-sorprende-con-un-cambio-radical-ya-no-es-rubia\/","title":{"rendered":"El inesperado cambio de look de Ester Exp\u00f3sito: ya no es rubia"},"content":{"rendered":"<p>\u00bfFicci\u00f3n o realidad? No sabemos, lo que s\u00ed sabemos que a las famosas parece que nos gusta sorprendernos con sus cambios de looks radicales, cortes de pelo que no esperamos, nuevos colores. Y que el oto\u00f1o es una de las grandes estaciones para poder hacerlo, \u00a1algo que nos encanta!<\/p>\n<p><strong>Ester Exp\u00f3sito ha sorprendido en sus historias de Instagram con un cambio radical<\/strong>. \u00a1S\u00ed, s\u00ed! Cuando decimos radical es radical, y es que ahora su ya caracter\u00edstica melena rubia ha dejado de serlo. La actriz, que tiene la cuenta con m\u00e1s seguidores de Instagram, <strong>se ha pasado a otra tendencia de color muy seguida por las celebs del mundo: el brunette.<\/strong><\/p>\n<p><img loading=\"lazy\" decoding=\"async\" class=\"aligncenter size-full wp-image-156376\" src=\"https:\/\/graziamagazine.com\/es\/wp-content\/uploads\/sites\/12\/2020\/10\/ester-exposito-morena-650x1247-1.png\" alt=\"Ester Exp\u00f3sito sorprende con un cambio radical: ya no es rubia\" width=\"650\" height=\"1247\" \/><\/p>\n<p>Y as\u00ed tal cual, sin m\u00e1s que esas palabras, &#8220;brunette&#8221;, ha subido una historia. Quiz\u00e1 es un filtro, aunque no lo parece, quiz\u00e1 se trata de un nuevo papel a la vista del que no puede decir nada todav\u00eda, quiz\u00e1 simplemente ha querido aprovechar el oto\u00f1o para cambiar su look&#8230; <strong>No sabemos todav\u00eda a qu\u00e9 se debe este <em>new look<\/em><\/strong>, pero lo que s\u00ed sabemos es que ese nuevo tono no le sienta nada mal, y adem\u00e1s nos encanta la trenza con la que se ha peinado su larga melena, un estilo m\u00e1s veraniego, quiz\u00e1, pero por qu\u00e9 no recuperado para la temporada m\u00e1s fresca del a\u00f1o.<\/p>\n<p>Lo que s\u00ed nos encantar\u00eda saber es qu\u00e9 opina su novio Alejandro Speitzer de este cambio, \u00bfmejor rubia o brunette? Cuando hay amor da lo mismo el color del cabello, \u00bfo no?<\/p>\n<p><strong><em>*IMAGEN: Instagram de Ester Exp\u00f3sito<\/em><\/strong><\/p>\n<p>&nbsp;<\/p>\n","protected":false},"author":11653,"featured_media":89978,"template":"","format":"standard","categories":[2],"acf":[],"yoast_head":"<!-- This site is optimized with the Yoast SEO Premium plugin v18.5 (Yoast SEO v20.4) - https:\/\/yoast.com\/wordpress\/plugins\/seo\/ -->\n<title>El inesperado cambio de look de Ester Exp\u00f3sito: ya no es rubia | Grazia M\u00e9xico y Latinoam\u00e9rica<\/title>\n<meta name=\"description\" content=\"La actriz se suma a las famosas que de la noche a la ma\u00f1ana sorprenden con un cambio de look inesperado pero que le sienta de maravilla.\" \/>\n<meta name=\"robots\" content=\"index, follow, max-snippet:-1, max-image-preview:large, max-video-preview:-1\" \/>\n<link rel=\"canonical\" href=\"https:\/\/graziamagazine.com\/mx\/articles\/ester-exposito-sorprende-con-un-cambio-radical-ya-no-es-rubia\/\" \/>\n<meta property=\"og:locale\" content=\"es_MX\" \/>\n<meta property=\"og:type\" content=\"article\" \/>\n<meta property=\"og:title\" content=\"El inesperado cambio de look de Ester Exp\u00f3sito: ya no es rubia\" \/>\n<meta property=\"og:description\" content=\"La actriz se suma a las famosas que de la noche a la ma\u00f1ana sorprenden con un cambio de look inesperado pero que le sienta de maravilla.\" \/>\n<meta property=\"og:url\" content=\"https:\/\/graziamagazine.com\/mx\/articles\/ester-exposito-sorprende-con-un-cambio-radical-ya-no-es-rubia\/\" \/>\n<meta property=\"og:site_name\" content=\"Grazia M\u00e9xico y Latinoam\u00e9rica\" \/>\n<meta property=\"article:modified_time\" content=\"2020-10-30T18:00:56+00:00\" \/>\n<meta property=\"og:image\" content=\"https:\/\/graziamagazine.com\/mx\/wp-content\/uploads\/sites\/13\/2020\/10\/ester_exposito-revoluciona_instagram-portada-1.jpg?fit=1201%2C743\" \/>\n\t<meta property=\"og:image:width\" content=\"1201\" \/>\n\t<meta property=\"og:image:height\" content=\"743\" \/>\n\t<meta property=\"og:image:type\" content=\"image\/jpeg\" \/>\n<meta name=\"twitter:card\" content=\"summary_large_image\" \/>\n<meta name=\"twitter:label1\" content=\"Est. reading time\" \/>\n\t<meta name=\"twitter:data1\" content=\"1 minuto\" \/>\n<script type=\"application\/ld+json\" class=\"yoast-schema-graph\">{\"@context\":\"https:\/\/schema.org\",\"@graph\":[{\"@type\":\"WebPage\",\"@id\":\"https:\/\/graziamagazine.com\/mx\/articles\/ester-exposito-sorprende-con-un-cambio-radical-ya-no-es-rubia\/\",\"url\":\"https:\/\/graziamagazine.com\/mx\/articles\/ester-exposito-sorprende-con-un-cambio-radical-ya-no-es-rubia\/\",\"name\":\"El inesperado cambio de look de Ester Exp\u00f3sito: ya no es rubia | Grazia M\u00e9xico y Latinoam\u00e9rica\",\"isPartOf\":{\"@id\":\"https:\/\/graziamagazine.com\/mx\/#website\"},\"datePublished\":\"2020-10-30T17:26:15+00:00\",\"dateModified\":\"2020-10-30T18:00:56+00:00\",\"description\":\"La actriz se suma a las famosas que de la noche a la ma\u00f1ana sorprenden con un cambio de look inesperado pero que le sienta de maravilla.\",\"breadcrumb\":{\"@id\":\"https:\/\/graziamagazine.com\/mx\/articles\/ester-exposito-sorprende-con-un-cambio-radical-ya-no-es-rubia\/#breadcrumb\"},\"inLanguage\":\"es-MX\",\"potentialAction\":[{\"@type\":\"ReadAction\",\"target\":[\"https:\/\/graziamagazine.com\/mx\/articles\/ester-exposito-sorprende-con-un-cambio-radical-ya-no-es-rubia\/\"]}]},{\"@type\":\"BreadcrumbList\",\"@id\":\"https:\/\/graziamagazine.com\/mx\/articles\/ester-exposito-sorprende-con-un-cambio-radical-ya-no-es-rubia\/#breadcrumb\",\"itemListElement\":[{\"@type\":\"ListItem\",\"position\":1,\"name\":\"Home\",\"item\":\"https:\/\/graziamagazine.com\/mx\/\"},{\"@type\":\"ListItem\",\"position\":2,\"name\":\"El inesperado cambio de look de Ester Exp\u00f3sito: ya no es rubia\"}]},{\"@type\":\"WebSite\",\"@id\":\"https:\/\/graziamagazine.com\/mx\/#website\",\"url\":\"https:\/\/graziamagazine.com\/mx\/\",\"name\":\"Grazia M\u00e9xico y Latinoam\u00e9rica\",\"description\":\"Grazia es moda, belleza y noticias  de actualidad \",\"potentialAction\":[{\"@type\":\"SearchAction\",\"target\":{\"@type\":\"EntryPoint\",\"urlTemplate\":\"https:\/\/graziamagazine.com\/mx\/?s={search_term_string}\"},\"query-input\":\"required name=search_term_string\"}],\"inLanguage\":\"es-MX\"}]}<\/script>\n<!-- \/ Yoast SEO Premium plugin. -->","yoast_head_json":{"title":"El inesperado cambio de look de Ester Exp\u00f3sito: ya no es rubia | Grazia M\u00e9xico y Latinoam\u00e9rica","description":"La actriz se suma a las famosas que de la noche a la ma\u00f1ana sorprenden con un cambio de look inesperado pero que le sienta de maravilla.","robots":{"index":"index","follow":"follow","max-snippet":"max-snippet:-1","max-image-preview":"max-image-preview:large","max-video-preview":"max-video-preview:-1"},"canonical":"https:\/\/graziamagazine.com\/mx\/articles\/ester-exposito-sorprende-con-un-cambio-radical-ya-no-es-rubia\/","og_locale":"es_MX","og_type":"article","og_title":"El inesperado cambio de look de Ester Exp\u00f3sito: ya no es rubia","og_description":"La actriz se suma a las famosas que de la noche a la ma\u00f1ana sorprenden con un cambio de look inesperado pero que le sienta de maravilla.","og_url":"https:\/\/graziamagazine.com\/mx\/articles\/ester-exposito-sorprende-con-un-cambio-radical-ya-no-es-rubia\/","og_site_name":"Grazia M\u00e9xico y Latinoam\u00e9rica","article_modified_time":"2020-10-30T18:00:56+00:00","og_image":[{"width":1201,"height":743,"url":"https:\/\/graziamagazine.com\/mx\/wp-content\/uploads\/sites\/13\/2020\/10\/ester_exposito-revoluciona_instagram-portada-1.jpg?fit=1201%2C743","type":"image\/jpeg"}],"twitter_card":"summary_large_image","twitter_misc":{"Est. reading time":"1 minuto"},"schema":{"@context":"https:\/\/schema.org","@graph":[{"@type":"WebPage","@id":"https:\/\/graziamagazine.com\/mx\/articles\/ester-exposito-sorprende-con-un-cambio-radical-ya-no-es-rubia\/","url":"https:\/\/graziamagazine.com\/mx\/articles\/ester-exposito-sorprende-con-un-cambio-radical-ya-no-es-rubia\/","name":"El inesperado cambio de look de Ester Exp\u00f3sito: ya no es rubia | Grazia M\u00e9xico y Latinoam\u00e9rica","isPartOf":{"@id":"https:\/\/graziamagazine.com\/mx\/#website"},"datePublished":"2020-10-30T17:26:15+00:00","dateModified":"2020-10-30T18:00:56+00:00","description":"La actriz se suma a las famosas que de la noche a la ma\u00f1ana sorprenden con un cambio de look inesperado pero que le sienta de maravilla.","breadcrumb":{"@id":"https:\/\/graziamagazine.com\/mx\/articles\/ester-exposito-sorprende-con-un-cambio-radical-ya-no-es-rubia\/#breadcrumb"},"inLanguage":"es-MX","potentialAction":[{"@type":"ReadAction","target":["https:\/\/graziamagazine.com\/mx\/articles\/ester-exposito-sorprende-con-un-cambio-radical-ya-no-es-rubia\/"]}]},{"@type":"BreadcrumbList","@id":"https:\/\/graziamagazine.com\/mx\/articles\/ester-exposito-sorprende-con-un-cambio-radical-ya-no-es-rubia\/#breadcrumb","itemListElement":[{"@type":"ListItem","position":1,"name":"Home","item":"https:\/\/graziamagazine.com\/mx\/"},{"@type":"ListItem","position":2,"name":"El inesperado cambio de look de Ester Exp\u00f3sito: ya no es rubia"}]},{"@type":"WebSite","@id":"https:\/\/graziamagazine.com\/mx\/#website","url":"https:\/\/graziamagazine.com\/mx\/","name":"Grazia M\u00e9xico y Latinoam\u00e9rica","description":"Grazia es moda, belleza y noticias  de actualidad ","potentialAction":[{"@type":"SearchAction","target":{"@type":"EntryPoint","urlTemplate":"https:\/\/graziamagazine.com\/mx\/?s={search_term_string}"},"query-input":"required name=search_term_string"}],"inLanguage":"es-MX"}]}},"jetpack_sharing_enabled":true,"distributor_meta":false,"distributor_terms":false,"distributor_media":false,"distributor_original_site_name":"Grazia M\u00e9xico y Latinoam\u00e9rica","distributor_original_site_url":"https:\/\/graziamagazine.com\/mx","push-errors":false,"_links":{"self":[{"href":"https:\/\/graziamagazine.com\/mx\/wp-json\/wp\/v2\/articles\/89977"}],"collection":[{"href":"https:\/\/graziamagazine.com\/mx\/wp-json\/wp\/v2\/articles"}],"about":[{"href":"https:\/\/graziamagazine.com\/mx\/wp-json\/wp\/v2\/types\/articles"}],"author":[{"embeddable":true,"href":"https:\/\/graziamagazine.com\/mx\/wp-json\/wp\/v2\/users\/11653"}],"wp:featuredmedia":[{"embeddable":true,"href":"https:\/\/graziamagazine.com\/mx\/wp-json\/wp\/v2\/media\/89978"}],"wp:attachment":[{"href":"https:\/\/graziamagazine.com\/mx\/wp-json\/wp\/v2\/media?parent=89977"}],"wp:term":[{"taxonomy":"category","embeddable":true,"href":"https:\/\/graziamagazine.com\/mx\/wp-json\/wp\/v2\/categories?post=89977"}],"curies":[{"name":"wp","href":"https:\/\/api.w.org\/{rel}","templated":true}]}}