{"id":89943,"date":"2020-10-29T12:48:41","date_gmt":"2020-10-29T17:48:41","guid":{"rendered":"https:\/\/graziamagazine.com\/mx\/?post_type=articles&#038;p=89943"},"modified":"2020-10-30T13:03:50","modified_gmt":"2020-10-30T18:03:50","slug":"chanel-n5-celebra-su-centenario-y-te-lleva-de-viaje-a-la-luna-con-marion-cotillard-en-su-nuevo-film","status":"publish","type":"articles","link":"https:\/\/graziamagazine.com\/mx\/articles\/chanel-n5-celebra-su-centenario-y-te-lleva-de-viaje-a-la-luna-con-marion-cotillard-en-su-nuevo-film\/","title":{"rendered":"Chanel N\u00b05 celebra su centenario y te lleva de viaje a la luna con Marion Cotillard en su nuevo film"},"content":{"rendered":"<p><strong>Marion Cotillard<\/strong> es una de las actrices m\u00e1s respetadas de Hollywood, sin\u00f3nimo de lujo, autenticidad y belleza natural. Su irresistible &#8220;je ne sais quoi&#8221; conquist\u00f3 a <strong>Chanel\u00a0<\/strong>y ese esp\u00edritu se refleja en un\u00a0<em>film<\/em> que marca el nuevo cap\u00edtulo en el legendario viaje de la fragancia m\u00e1s famosa del mundo: <strong><em>Chanel N\u00b05<\/em><\/strong>.<\/p>\n<p>El aclamado director sueco, Johan Renck, <span style=\"line-height: 1.4em\">imagin\u00f3 un escenario donde la Luna, un puente parisino y Cotillard son protagonistas. El cortometraje presenta a una mujer misteriosa, que se esfuerza por cumplir sus sue\u00f1os y convierte un baile seductor en alegr\u00eda. \u00bfSu acompa\u00f1ante? J\u00e9r\u00e9mie B\u00e9lingard, bailar\u00edn de la \u00d3pera de Par\u00eds. Aqu\u00ed, lo real y lo imaginario se fusionan plasmando un sue\u00f1o inigualable.\u00a0<\/span><\/p>\n<div class=\"content-gallery\"><div class=\"gallery-placeholder\"><div class=\"spinner\"><\/div><\/div><span class=\"gallery-pagination\"><\/span><div id=\"gallery-1\" class=\"gallery galleryid-89943 gallery-columns- gallery-size-\"><figure class=\"gallery-item\"><div class=\"gallery-icon landscape\"><img loading=\"lazy\" decoding=\"async\" width=\"2480\" height=\"1653\" src=\"https:\/\/graziamagazine.com\/mx\/wp-content\/uploads\/sites\/13\/2020\/10\/01_PA2020_01_0092_RGB_HD-1.jpg\" class=\"lazy\" alt=\"\" \/><\/div><\/figure><figure class=\"gallery-item\"><div class=\"gallery-icon landscape\"><img loading=\"lazy\" decoding=\"async\" width=\"2338\" height=\"3508\" src=\"https:\/\/graziamagazine.com\/mx\/wp-content\/uploads\/sites\/13\/2020\/10\/07_PA2020_01_0072_RGB_HD.jpg\" class=\"lazy\" alt=\"\" \/><\/div><\/figure><figure class=\"gallery-item\"><div class=\"gallery-icon landscape\"><img loading=\"lazy\" decoding=\"async\" width=\"2338\" height=\"3508\" src=\"https:\/\/graziamagazine.com\/mx\/wp-content\/uploads\/sites\/13\/2020\/10\/06_PA2020_01_0080_RGB_HD.jpg\" class=\"lazy\" alt=\"\" \/><\/div><\/figure><figure class=\"gallery-item\"><div class=\"gallery-icon landscape\"><img loading=\"lazy\" decoding=\"async\" width=\"2480\" height=\"1653\" src=\"https:\/\/graziamagazine.com\/mx\/wp-content\/uploads\/sites\/13\/2020\/10\/02_PA2020_01_0071_RGB_HD-1.jpg\" class=\"lazy\" alt=\"\" \/><\/div><\/figure><figure class=\"gallery-item\"><div class=\"gallery-icon landscape\"><img loading=\"lazy\" decoding=\"async\" width=\"2480\" height=\"1653\" src=\"https:\/\/graziamagazine.com\/mx\/wp-content\/uploads\/sites\/13\/2020\/10\/03_PA2020_01_0068_RGB_HD-1.jpg\" class=\"lazy\" alt=\"\" \/><\/div><\/figure><figure class=\"gallery-item\"><div class=\"gallery-icon landscape\"><img loading=\"lazy\" decoding=\"async\" width=\"2338\" height=\"3508\" src=\"https:\/\/graziamagazine.com\/mx\/wp-content\/uploads\/sites\/13\/2020\/10\/04_PA2020_01_0089_RGB_HD.jpg\" class=\"lazy\" alt=\"\" \/><\/div><\/figure><\/div><\/div>\n<p>La actriz que conquist\u00f3 al mundo entero interpretando a \u00c9dith Piaf en &#8220;La Vie en rose&#8221; lleva un vestido construido con t\u00e9cnicas de Alta Costura y fue elegido por la ahora Directora Creativa\u00a0Virginie Viard. Por supuesto, est\u00e1 inspirado en un vestido ic\u00f3nico usado por Mademoiselle Chanel.<\/p>\n<p>La relaci\u00f3n de Cotillard con la <em>maison<\/em> se remonta al inicio de su carrera, y esta es la primera vez que se convierte en el rostro de una fragancia. Uni\u00e9ndose a este legendario viaje, Marion mantiene vivo el esp\u00edritu libre y la personalidad inigualable de <strong>Coco Chanel,<\/strong> la mujer revolucion\u00f3 la industria de la moda y de la belleza.<\/p>\n<p>Aqu\u00ed, cualquier cosa puede suceder&#8230;<\/p>\n<p><iframe loading=\"lazy\" title=\"N\u00b05. THE FILM \u2014 CHANEL Fragrance\" width=\"500\" height=\"281\" src=\"https:\/\/www.youtube.com\/embed\/qeMqcApmS7g?feature=oembed\" frameborder=\"0\" allow=\"accelerometer; autoplay; clipboard-write; encrypted-media; gyroscope; picture-in-picture\" allowfullscreen><\/iframe><\/p>\n<h5><span style=\"line-height: 1.4em\">\u00a0<\/span><em>*IM\u00c1GENES Y VIDEO: Cortes\u00eda Chanel<\/em><\/h5>\n","protected":false},"author":11656,"featured_media":89946,"template":"","format":"standard","categories":[114,2],"acf":[],"yoast_head":"<!-- This site is optimized with the Yoast SEO Premium plugin v18.5 (Yoast SEO v20.4) - https:\/\/yoast.com\/wordpress\/plugins\/seo\/ -->\n<title>Chanel N\u00b05 celebra su centenario y te lleva de viaje a la luna con Marion Cotillard en su nuevo film | Grazia M\u00e9xico y Latinoam\u00e9rica<\/title>\n<meta name=\"description\" content=\"La actriz francesa est\u00e1 marcando un nuevo cap\u00edtulo en el legendario viaje de la fragancia m\u00e1s famosa del mundo y nos lleva de la mano en un viaje que une lo real y lo imaginario, como un sue\u00f1o.\" \/>\n<meta name=\"robots\" content=\"index, follow, max-snippet:-1, max-image-preview:large, max-video-preview:-1\" \/>\n<link rel=\"canonical\" href=\"https:\/\/graziamagazine.com\/mx\/articles\/chanel-n5-celebra-su-centenario-y-te-lleva-de-viaje-a-la-luna-con-marion-cotillard-en-su-nuevo-film\/\" \/>\n<meta property=\"og:locale\" content=\"es_MX\" \/>\n<meta property=\"og:type\" content=\"article\" \/>\n<meta property=\"og:title\" content=\"Chanel N\u00b05 celebra su centenario y te lleva de viaje a la luna con Marion Cotillard en su nuevo film\" \/>\n<meta property=\"og:description\" content=\"La actriz francesa est\u00e1 marcando un nuevo cap\u00edtulo en el legendario viaje de la fragancia m\u00e1s famosa del mundo y nos lleva de la mano en un viaje que une lo real y lo imaginario, como un sue\u00f1o.\" \/>\n<meta property=\"og:url\" content=\"https:\/\/graziamagazine.com\/mx\/articles\/chanel-n5-celebra-su-centenario-y-te-lleva-de-viaje-a-la-luna-con-marion-cotillard-en-su-nuevo-film\/\" \/>\n<meta property=\"og:site_name\" content=\"Grazia M\u00e9xico y Latinoam\u00e9rica\" \/>\n<meta property=\"article:modified_time\" content=\"2020-10-30T18:03:50+00:00\" \/>\n<meta property=\"og:image\" content=\"https:\/\/graziamagazine.com\/mx\/wp-content\/uploads\/sites\/13\/2020\/10\/05_PA2020_01_0087_RGB_HD.jpg?fit=2480%2C1653\" \/>\n\t<meta property=\"og:image:width\" content=\"2480\" \/>\n\t<meta property=\"og:image:height\" content=\"1653\" \/>\n\t<meta property=\"og:image:type\" content=\"image\/jpeg\" \/>\n<meta name=\"twitter:card\" content=\"summary_large_image\" \/>\n<meta name=\"twitter:label1\" content=\"Est. reading time\" \/>\n\t<meta name=\"twitter:data1\" content=\"1 minuto\" \/>\n<script type=\"application\/ld+json\" class=\"yoast-schema-graph\">{\"@context\":\"https:\/\/schema.org\",\"@graph\":[{\"@type\":\"WebPage\",\"@id\":\"https:\/\/graziamagazine.com\/mx\/articles\/chanel-n5-celebra-su-centenario-y-te-lleva-de-viaje-a-la-luna-con-marion-cotillard-en-su-nuevo-film\/\",\"url\":\"https:\/\/graziamagazine.com\/mx\/articles\/chanel-n5-celebra-su-centenario-y-te-lleva-de-viaje-a-la-luna-con-marion-cotillard-en-su-nuevo-film\/\",\"name\":\"Chanel N\u00b05 celebra su centenario y te lleva de viaje a la luna con Marion Cotillard en su nuevo film | Grazia M\u00e9xico y Latinoam\u00e9rica\",\"isPartOf\":{\"@id\":\"https:\/\/graziamagazine.com\/mx\/#website\"},\"datePublished\":\"2020-10-29T17:48:41+00:00\",\"dateModified\":\"2020-10-30T18:03:50+00:00\",\"description\":\"La actriz francesa est\u00e1 marcando un nuevo cap\u00edtulo en el legendario viaje de la fragancia m\u00e1s famosa del mundo y nos lleva de la mano en un viaje que une lo real y lo imaginario, como un sue\u00f1o.\",\"breadcrumb\":{\"@id\":\"https:\/\/graziamagazine.com\/mx\/articles\/chanel-n5-celebra-su-centenario-y-te-lleva-de-viaje-a-la-luna-con-marion-cotillard-en-su-nuevo-film\/#breadcrumb\"},\"inLanguage\":\"es-MX\",\"potentialAction\":[{\"@type\":\"ReadAction\",\"target\":[\"https:\/\/graziamagazine.com\/mx\/articles\/chanel-n5-celebra-su-centenario-y-te-lleva-de-viaje-a-la-luna-con-marion-cotillard-en-su-nuevo-film\/\"]}]},{\"@type\":\"BreadcrumbList\",\"@id\":\"https:\/\/graziamagazine.com\/mx\/articles\/chanel-n5-celebra-su-centenario-y-te-lleva-de-viaje-a-la-luna-con-marion-cotillard-en-su-nuevo-film\/#breadcrumb\",\"itemListElement\":[{\"@type\":\"ListItem\",\"position\":1,\"name\":\"Home\",\"item\":\"https:\/\/graziamagazine.com\/mx\/\"},{\"@type\":\"ListItem\",\"position\":2,\"name\":\"Chanel N\u00b05 celebra su centenario y te lleva de viaje a la luna con Marion Cotillard en su nuevo film\"}]},{\"@type\":\"WebSite\",\"@id\":\"https:\/\/graziamagazine.com\/mx\/#website\",\"url\":\"https:\/\/graziamagazine.com\/mx\/\",\"name\":\"Grazia M\u00e9xico y Latinoam\u00e9rica\",\"description\":\"Grazia es moda, belleza y noticias  de actualidad \",\"potentialAction\":[{\"@type\":\"SearchAction\",\"target\":{\"@type\":\"EntryPoint\",\"urlTemplate\":\"https:\/\/graziamagazine.com\/mx\/?s={search_term_string}\"},\"query-input\":\"required name=search_term_string\"}],\"inLanguage\":\"es-MX\"}]}<\/script>\n<!-- \/ Yoast SEO Premium plugin. -->","yoast_head_json":{"title":"Chanel N\u00b05 celebra su centenario y te lleva de viaje a la luna con Marion Cotillard en su nuevo film | Grazia M\u00e9xico y Latinoam\u00e9rica","description":"La actriz francesa est\u00e1 marcando un nuevo cap\u00edtulo en el legendario viaje de la fragancia m\u00e1s famosa del mundo y nos lleva de la mano en un viaje que une lo real y lo imaginario, como un sue\u00f1o.","robots":{"index":"index","follow":"follow","max-snippet":"max-snippet:-1","max-image-preview":"max-image-preview:large","max-video-preview":"max-video-preview:-1"},"canonical":"https:\/\/graziamagazine.com\/mx\/articles\/chanel-n5-celebra-su-centenario-y-te-lleva-de-viaje-a-la-luna-con-marion-cotillard-en-su-nuevo-film\/","og_locale":"es_MX","og_type":"article","og_title":"Chanel N\u00b05 celebra su centenario y te lleva de viaje a la luna con Marion Cotillard en su nuevo film","og_description":"La actriz francesa est\u00e1 marcando un nuevo cap\u00edtulo en el legendario viaje de la fragancia m\u00e1s famosa del mundo y nos lleva de la mano en un viaje que une lo real y lo imaginario, como un sue\u00f1o.","og_url":"https:\/\/graziamagazine.com\/mx\/articles\/chanel-n5-celebra-su-centenario-y-te-lleva-de-viaje-a-la-luna-con-marion-cotillard-en-su-nuevo-film\/","og_site_name":"Grazia M\u00e9xico y Latinoam\u00e9rica","article_modified_time":"2020-10-30T18:03:50+00:00","og_image":[{"width":2480,"height":1653,"url":"https:\/\/graziamagazine.com\/mx\/wp-content\/uploads\/sites\/13\/2020\/10\/05_PA2020_01_0087_RGB_HD.jpg?fit=2480%2C1653","type":"image\/jpeg"}],"twitter_card":"summary_large_image","twitter_misc":{"Est. reading time":"1 minuto"},"schema":{"@context":"https:\/\/schema.org","@graph":[{"@type":"WebPage","@id":"https:\/\/graziamagazine.com\/mx\/articles\/chanel-n5-celebra-su-centenario-y-te-lleva-de-viaje-a-la-luna-con-marion-cotillard-en-su-nuevo-film\/","url":"https:\/\/graziamagazine.com\/mx\/articles\/chanel-n5-celebra-su-centenario-y-te-lleva-de-viaje-a-la-luna-con-marion-cotillard-en-su-nuevo-film\/","name":"Chanel N\u00b05 celebra su centenario y te lleva de viaje a la luna con Marion Cotillard en su nuevo film | Grazia M\u00e9xico y Latinoam\u00e9rica","isPartOf":{"@id":"https:\/\/graziamagazine.com\/mx\/#website"},"datePublished":"2020-10-29T17:48:41+00:00","dateModified":"2020-10-30T18:03:50+00:00","description":"La actriz francesa est\u00e1 marcando un nuevo cap\u00edtulo en el legendario viaje de la fragancia m\u00e1s famosa del mundo y nos lleva de la mano en un viaje que une lo real y lo imaginario, como un sue\u00f1o.","breadcrumb":{"@id":"https:\/\/graziamagazine.com\/mx\/articles\/chanel-n5-celebra-su-centenario-y-te-lleva-de-viaje-a-la-luna-con-marion-cotillard-en-su-nuevo-film\/#breadcrumb"},"inLanguage":"es-MX","potentialAction":[{"@type":"ReadAction","target":["https:\/\/graziamagazine.com\/mx\/articles\/chanel-n5-celebra-su-centenario-y-te-lleva-de-viaje-a-la-luna-con-marion-cotillard-en-su-nuevo-film\/"]}]},{"@type":"BreadcrumbList","@id":"https:\/\/graziamagazine.com\/mx\/articles\/chanel-n5-celebra-su-centenario-y-te-lleva-de-viaje-a-la-luna-con-marion-cotillard-en-su-nuevo-film\/#breadcrumb","itemListElement":[{"@type":"ListItem","position":1,"name":"Home","item":"https:\/\/graziamagazine.com\/mx\/"},{"@type":"ListItem","position":2,"name":"Chanel N\u00b05 celebra su centenario y te lleva de viaje a la luna con Marion Cotillard en su nuevo film"}]},{"@type":"WebSite","@id":"https:\/\/graziamagazine.com\/mx\/#website","url":"https:\/\/graziamagazine.com\/mx\/","name":"Grazia M\u00e9xico y Latinoam\u00e9rica","description":"Grazia es moda, belleza y noticias  de actualidad ","potentialAction":[{"@type":"SearchAction","target":{"@type":"EntryPoint","urlTemplate":"https:\/\/graziamagazine.com\/mx\/?s={search_term_string}"},"query-input":"required name=search_term_string"}],"inLanguage":"es-MX"}]}},"jetpack_sharing_enabled":true,"distributor_meta":false,"distributor_terms":false,"distributor_media":false,"distributor_original_site_name":"Grazia M\u00e9xico y Latinoam\u00e9rica","distributor_original_site_url":"https:\/\/graziamagazine.com\/mx","push-errors":false,"_links":{"self":[{"href":"https:\/\/graziamagazine.com\/mx\/wp-json\/wp\/v2\/articles\/89943"}],"collection":[{"href":"https:\/\/graziamagazine.com\/mx\/wp-json\/wp\/v2\/articles"}],"about":[{"href":"https:\/\/graziamagazine.com\/mx\/wp-json\/wp\/v2\/types\/articles"}],"author":[{"embeddable":true,"href":"https:\/\/graziamagazine.com\/mx\/wp-json\/wp\/v2\/users\/11656"}],"wp:featuredmedia":[{"embeddable":true,"href":"https:\/\/graziamagazine.com\/mx\/wp-json\/wp\/v2\/media\/89946"}],"wp:attachment":[{"href":"https:\/\/graziamagazine.com\/mx\/wp-json\/wp\/v2\/media?parent=89943"}],"wp:term":[{"taxonomy":"category","embeddable":true,"href":"https:\/\/graziamagazine.com\/mx\/wp-json\/wp\/v2\/categories?post=89943"}],"curies":[{"name":"wp","href":"https:\/\/api.w.org\/{rel}","templated":true}]}}