{"id":89923,"date":"2020-10-29T09:00:08","date_gmt":"2020-10-29T14:00:08","guid":{"rendered":"https:\/\/graziamagazine.com\/mx\/?post_type=articles&#038;p=89923"},"modified":"2020-10-28T23:11:50","modified_gmt":"2020-10-29T04:11:50","slug":"khloe-kardashian-confiesa-que-tuvo-covid-19-lo-revela-justo-ahora-en-la-temporada-de-keeping-up-with-the-kardashians","status":"publish","type":"articles","link":"https:\/\/graziamagazine.com\/mx\/articles\/khloe-kardashian-confiesa-que-tuvo-covid-19-lo-revela-justo-ahora-en-la-temporada-de-keeping-up-with-the-kardashians\/","title":{"rendered":"Khlo\u00e9 Kardashian confiesa que tuvo COVID-19 en la \u00faltima temporada de Keeping Up With The Kardashians"},"content":{"rendered":"<p><span style=\"font-weight: 400\">Los<em> reality shows<\/em> no son tan reales como creemos. \u00bfPor? Nos acabamos de enterar que la <em>socialit\u00e9<\/em> <strong>Khlo\u00e9 Kardashian<\/strong> tuvo <strong>COVID-19<\/strong> a principios de a\u00f1o, y apenas se revel\u00f3 en la \u00faltima temporada de <em><strong>Keeping Up With The Kardashians.<\/strong><\/em> <em>What?<\/em><\/span><\/p>\n<p><span style=\"font-weight: 400\">Es justamente durante la temporada vigente del <em>reality show<\/em> de esta famosa y controvertida familia, que de pronto <strong>Khlo\u00e9, confes\u00f3 repentinamente que se contagi\u00f3 de este virus que ataca al mundo<\/strong>. Ya no en tiempo presente, pero s\u00ed hace unos meses, cuando comenz\u00f3 la pandemia, por lo que ella ha contado su dif\u00edcil experiencia &#8211; y supervivencia &#8211; con el virus, como an\u00e9cdota y aprendizaje para sus fans.\u00a0<\/span><\/p>\n<p><span style=\"font-weight: 400\">&#8220;<em>Acabo de descubrir que tengo coronavirus. He estado en mi habitaci\u00f3n, voy a estar bien, pero estuve muy mal por un par de d\u00edas&#8221;, dijo. \u201cV\u00f3mitos y temblores y calor y luego fr\u00edo. Sufro de migra\u00f1as, pero este fue el dolor de cabeza m\u00e1s loco, no dir\u00eda que fue una migra\u00f1a. La tos en mi pecho quemaba&#8230; y mi garganta todav\u00eda no est\u00e1 completamente recuperada, clarament<\/em>e\u201d, a\u00f1adi\u00f3, describiendo los s\u00edntomas.<\/span><\/p>\n<p><span style=\"font-weight: 400\">&#8220;<em>D\u00e9jame decirte que esa mierda es real. Pero todos vamos a superar esto. Orando si seguimos las \u00f3rdenes y escuchamos, todos estaremos bien. Que Dios nos bendiga a todos<\/em>&#8220;, agreg\u00f3 Khlo\u00e9.<\/span><\/p>\n<p><iframe loading=\"lazy\" title=\"Khlo\u00e9 Kardashian Reveals Coronavirus Diagnosis on &quot;KUWTK&quot; | E!\" width=\"500\" height=\"281\" src=\"https:\/\/www.youtube.com\/embed\/ecCtZPJyDVw?feature=oembed\" frameborder=\"0\" allow=\"accelerometer; autoplay; clipboard-write; encrypted-media; gyroscope; picture-in-picture\" allowfullscreen><\/iframe><\/p>\n<p><span style=\"font-weight: 400\">Sus famosa madre y sus famosas hermanas, por supuesto opinaron al respecto. &#8220;<em>Estamos esperando ansiosamente los resultados de Khlo\u00e9 para ver si lo tiene o no<\/em>&#8220;, dijo Kim, en una de las escenas. &#8220;Quiero decir, mi instinto dice que lo hace solo porque est\u00e1 muy enferma y eso realmente me asusta por ella, porque puedo decir que ahora se est\u00e1 asustando y est\u00e1 muy nerviosa por eso&#8221;, a\u00f1ade.<\/span><\/p>\n<p><span style=\"font-weight: 400\">La madre y manager del clan<strong> Kardashian-Jenner<\/strong>, por su parte, dijo, &#8220;yo, por supuesto, salt\u00e9 al tel\u00e9fono con todos los m\u00e9dicos que tomar\u00edan mi llamada, tratando de encontrar a alguien que pudiera ayudarla. Supongo que esperaremos y lo averiguaremos&#8221;.\u00a0<\/span><\/p>\n<p><span style=\"font-weight: 400\">Para Khlo\u00e9 el peligro ya pas\u00f3, y aunque lo haya revelado meses despu\u00e9s del peligroso padecimiento, no hay duda que el virus no hace diferencia para nadie y debemos cuidarnos todo el tiempo. \u00a1\u00c1nimo y muchos cuidados! Solo as\u00ed libraremos esta pandemia.\u00a0<\/span><\/p>\n<p><em>*Imagen: Getty Images<\/em><\/p>\n","protected":false},"author":11628,"featured_media":89925,"template":"","format":"standard","categories":[2],"acf":[],"yoast_head":"<!-- This site is optimized with the Yoast SEO Premium plugin v18.5 (Yoast SEO v20.4) - https:\/\/yoast.com\/wordpress\/plugins\/seo\/ -->\n<title>Khlo\u00e9 Kardashian confiesa que tuvo COVID-19 en la \u00faltima temporada de Keeping Up With The Kardashians | Grazia M\u00e9xico y Latinoam\u00e9rica<\/title>\n<meta name=\"description\" content=\"Este virus es serio. No distingue a nadie. No distingue nivel socioecon\u00f3mico o profesi\u00f3n. \u00a1Qu\u00e9date en casa!\" \/>\n<meta name=\"robots\" content=\"index, follow, max-snippet:-1, max-image-preview:large, max-video-preview:-1\" \/>\n<link rel=\"canonical\" href=\"https:\/\/graziamagazine.com\/mx\/articles\/khloe-kardashian-confiesa-que-tuvo-covid-19-lo-revela-justo-ahora-en-la-temporada-de-keeping-up-with-the-kardashians\/\" \/>\n<meta property=\"og:locale\" content=\"es_MX\" \/>\n<meta property=\"og:type\" content=\"article\" \/>\n<meta property=\"og:title\" content=\"Khlo\u00e9 Kardashian confiesa que tuvo COVID-19 en la \u00faltima temporada de Keeping Up With The Kardashians\" \/>\n<meta property=\"og:description\" content=\"Este virus es serio. No distingue a nadie. No distingue nivel socioecon\u00f3mico o profesi\u00f3n. \u00a1Qu\u00e9date en casa!\" \/>\n<meta property=\"og:url\" content=\"https:\/\/graziamagazine.com\/mx\/articles\/khloe-kardashian-confiesa-que-tuvo-covid-19-lo-revela-justo-ahora-en-la-temporada-de-keeping-up-with-the-kardashians\/\" \/>\n<meta property=\"og:site_name\" content=\"Grazia M\u00e9xico y Latinoam\u00e9rica\" \/>\n<meta property=\"article:modified_time\" content=\"2020-10-29T04:11:50+00:00\" \/>\n<meta property=\"og:image\" content=\"https:\/\/graziamagazine.com\/mx\/wp-content\/uploads\/sites\/13\/2020\/10\/BBpJ2pQ.jpeg?fit=1920%2C1080\" \/>\n\t<meta property=\"og:image:width\" content=\"1920\" \/>\n\t<meta property=\"og:image:height\" content=\"1080\" \/>\n\t<meta property=\"og:image:type\" content=\"image\/jpeg\" \/>\n<meta name=\"twitter:card\" content=\"summary_large_image\" \/>\n<meta name=\"twitter:label1\" content=\"Est. reading time\" \/>\n\t<meta name=\"twitter:data1\" content=\"2 minutos\" \/>\n<script type=\"application\/ld+json\" class=\"yoast-schema-graph\">{\"@context\":\"https:\/\/schema.org\",\"@graph\":[{\"@type\":\"WebPage\",\"@id\":\"https:\/\/graziamagazine.com\/mx\/articles\/khloe-kardashian-confiesa-que-tuvo-covid-19-lo-revela-justo-ahora-en-la-temporada-de-keeping-up-with-the-kardashians\/\",\"url\":\"https:\/\/graziamagazine.com\/mx\/articles\/khloe-kardashian-confiesa-que-tuvo-covid-19-lo-revela-justo-ahora-en-la-temporada-de-keeping-up-with-the-kardashians\/\",\"name\":\"Khlo\u00e9 Kardashian confiesa que tuvo COVID-19 en la \u00faltima temporada de Keeping Up With The Kardashians | Grazia M\u00e9xico y Latinoam\u00e9rica\",\"isPartOf\":{\"@id\":\"https:\/\/graziamagazine.com\/mx\/#website\"},\"datePublished\":\"2020-10-29T14:00:08+00:00\",\"dateModified\":\"2020-10-29T04:11:50+00:00\",\"description\":\"Este virus es serio. No distingue a nadie. No distingue nivel socioecon\u00f3mico o profesi\u00f3n. \u00a1Qu\u00e9date en casa!\",\"breadcrumb\":{\"@id\":\"https:\/\/graziamagazine.com\/mx\/articles\/khloe-kardashian-confiesa-que-tuvo-covid-19-lo-revela-justo-ahora-en-la-temporada-de-keeping-up-with-the-kardashians\/#breadcrumb\"},\"inLanguage\":\"es-MX\",\"potentialAction\":[{\"@type\":\"ReadAction\",\"target\":[\"https:\/\/graziamagazine.com\/mx\/articles\/khloe-kardashian-confiesa-que-tuvo-covid-19-lo-revela-justo-ahora-en-la-temporada-de-keeping-up-with-the-kardashians\/\"]}]},{\"@type\":\"BreadcrumbList\",\"@id\":\"https:\/\/graziamagazine.com\/mx\/articles\/khloe-kardashian-confiesa-que-tuvo-covid-19-lo-revela-justo-ahora-en-la-temporada-de-keeping-up-with-the-kardashians\/#breadcrumb\",\"itemListElement\":[{\"@type\":\"ListItem\",\"position\":1,\"name\":\"Home\",\"item\":\"https:\/\/graziamagazine.com\/mx\/\"},{\"@type\":\"ListItem\",\"position\":2,\"name\":\"Khlo\u00e9 Kardashian confiesa que tuvo COVID-19 en la \u00faltima temporada de Keeping Up With The Kardashians\"}]},{\"@type\":\"WebSite\",\"@id\":\"https:\/\/graziamagazine.com\/mx\/#website\",\"url\":\"https:\/\/graziamagazine.com\/mx\/\",\"name\":\"Grazia M\u00e9xico y Latinoam\u00e9rica\",\"description\":\"Grazia es moda, belleza y noticias  de actualidad \",\"potentialAction\":[{\"@type\":\"SearchAction\",\"target\":{\"@type\":\"EntryPoint\",\"urlTemplate\":\"https:\/\/graziamagazine.com\/mx\/?s={search_term_string}\"},\"query-input\":\"required name=search_term_string\"}],\"inLanguage\":\"es-MX\"}]}<\/script>\n<!-- \/ Yoast SEO Premium plugin. -->","yoast_head_json":{"title":"Khlo\u00e9 Kardashian confiesa que tuvo COVID-19 en la \u00faltima temporada de Keeping Up With The Kardashians | Grazia M\u00e9xico y Latinoam\u00e9rica","description":"Este virus es serio. No distingue a nadie. No distingue nivel socioecon\u00f3mico o profesi\u00f3n. \u00a1Qu\u00e9date en casa!","robots":{"index":"index","follow":"follow","max-snippet":"max-snippet:-1","max-image-preview":"max-image-preview:large","max-video-preview":"max-video-preview:-1"},"canonical":"https:\/\/graziamagazine.com\/mx\/articles\/khloe-kardashian-confiesa-que-tuvo-covid-19-lo-revela-justo-ahora-en-la-temporada-de-keeping-up-with-the-kardashians\/","og_locale":"es_MX","og_type":"article","og_title":"Khlo\u00e9 Kardashian confiesa que tuvo COVID-19 en la \u00faltima temporada de Keeping Up With The Kardashians","og_description":"Este virus es serio. No distingue a nadie. No distingue nivel socioecon\u00f3mico o profesi\u00f3n. \u00a1Qu\u00e9date en casa!","og_url":"https:\/\/graziamagazine.com\/mx\/articles\/khloe-kardashian-confiesa-que-tuvo-covid-19-lo-revela-justo-ahora-en-la-temporada-de-keeping-up-with-the-kardashians\/","og_site_name":"Grazia M\u00e9xico y Latinoam\u00e9rica","article_modified_time":"2020-10-29T04:11:50+00:00","og_image":[{"width":1920,"height":1080,"url":"https:\/\/graziamagazine.com\/mx\/wp-content\/uploads\/sites\/13\/2020\/10\/BBpJ2pQ.jpeg?fit=1920%2C1080","type":"image\/jpeg"}],"twitter_card":"summary_large_image","twitter_misc":{"Est. reading time":"2 minutos"},"schema":{"@context":"https:\/\/schema.org","@graph":[{"@type":"WebPage","@id":"https:\/\/graziamagazine.com\/mx\/articles\/khloe-kardashian-confiesa-que-tuvo-covid-19-lo-revela-justo-ahora-en-la-temporada-de-keeping-up-with-the-kardashians\/","url":"https:\/\/graziamagazine.com\/mx\/articles\/khloe-kardashian-confiesa-que-tuvo-covid-19-lo-revela-justo-ahora-en-la-temporada-de-keeping-up-with-the-kardashians\/","name":"Khlo\u00e9 Kardashian confiesa que tuvo COVID-19 en la \u00faltima temporada de Keeping Up With The Kardashians | Grazia M\u00e9xico y Latinoam\u00e9rica","isPartOf":{"@id":"https:\/\/graziamagazine.com\/mx\/#website"},"datePublished":"2020-10-29T14:00:08+00:00","dateModified":"2020-10-29T04:11:50+00:00","description":"Este virus es serio. No distingue a nadie. No distingue nivel socioecon\u00f3mico o profesi\u00f3n. \u00a1Qu\u00e9date en casa!","breadcrumb":{"@id":"https:\/\/graziamagazine.com\/mx\/articles\/khloe-kardashian-confiesa-que-tuvo-covid-19-lo-revela-justo-ahora-en-la-temporada-de-keeping-up-with-the-kardashians\/#breadcrumb"},"inLanguage":"es-MX","potentialAction":[{"@type":"ReadAction","target":["https:\/\/graziamagazine.com\/mx\/articles\/khloe-kardashian-confiesa-que-tuvo-covid-19-lo-revela-justo-ahora-en-la-temporada-de-keeping-up-with-the-kardashians\/"]}]},{"@type":"BreadcrumbList","@id":"https:\/\/graziamagazine.com\/mx\/articles\/khloe-kardashian-confiesa-que-tuvo-covid-19-lo-revela-justo-ahora-en-la-temporada-de-keeping-up-with-the-kardashians\/#breadcrumb","itemListElement":[{"@type":"ListItem","position":1,"name":"Home","item":"https:\/\/graziamagazine.com\/mx\/"},{"@type":"ListItem","position":2,"name":"Khlo\u00e9 Kardashian confiesa que tuvo COVID-19 en la \u00faltima temporada de Keeping Up With The Kardashians"}]},{"@type":"WebSite","@id":"https:\/\/graziamagazine.com\/mx\/#website","url":"https:\/\/graziamagazine.com\/mx\/","name":"Grazia M\u00e9xico y Latinoam\u00e9rica","description":"Grazia es moda, belleza y noticias  de actualidad ","potentialAction":[{"@type":"SearchAction","target":{"@type":"EntryPoint","urlTemplate":"https:\/\/graziamagazine.com\/mx\/?s={search_term_string}"},"query-input":"required name=search_term_string"}],"inLanguage":"es-MX"}]}},"jetpack_sharing_enabled":true,"distributor_meta":false,"distributor_terms":false,"distributor_media":false,"distributor_original_site_name":"Grazia M\u00e9xico y Latinoam\u00e9rica","distributor_original_site_url":"https:\/\/graziamagazine.com\/mx","push-errors":false,"_links":{"self":[{"href":"https:\/\/graziamagazine.com\/mx\/wp-json\/wp\/v2\/articles\/89923"}],"collection":[{"href":"https:\/\/graziamagazine.com\/mx\/wp-json\/wp\/v2\/articles"}],"about":[{"href":"https:\/\/graziamagazine.com\/mx\/wp-json\/wp\/v2\/types\/articles"}],"author":[{"embeddable":true,"href":"https:\/\/graziamagazine.com\/mx\/wp-json\/wp\/v2\/users\/11628"}],"wp:featuredmedia":[{"embeddable":true,"href":"https:\/\/graziamagazine.com\/mx\/wp-json\/wp\/v2\/media\/89925"}],"wp:attachment":[{"href":"https:\/\/graziamagazine.com\/mx\/wp-json\/wp\/v2\/media?parent=89923"}],"wp:term":[{"taxonomy":"category","embeddable":true,"href":"https:\/\/graziamagazine.com\/mx\/wp-json\/wp\/v2\/categories?post=89923"}],"curies":[{"name":"wp","href":"https:\/\/api.w.org\/{rel}","templated":true}]}}