{"id":89791,"date":"2020-10-26T15:40:31","date_gmt":"2020-10-26T20:40:31","guid":{"rendered":"https:\/\/graziamagazine.com\/mx\/?post_type=articles&#038;p=89791"},"modified":"2020-10-26T17:30:04","modified_gmt":"2020-10-26T22:30:04","slug":"zac-efron-y-vanessa-valladares-se-comprometieron","status":"publish","type":"articles","link":"https:\/\/graziamagazine.com\/mx\/articles\/zac-efron-y-vanessa-valladares-se-comprometieron\/","title":{"rendered":"\u00bfZac Efron y Vanessa Valladares se comprometieron el fin de semana?"},"content":{"rendered":"<p><span style=\"font-weight: 400\">Como <a href=\"https:\/\/graziamagazine.com\/mx\/articles\/zan-efron-pedira-matrimonio-a-su-novia-vanessa-valladares-este-fin-de-semana\/\" target=\"_blank\" rel=\"noopener noreferrer\">te lo anticipamos<\/a> hace un par de semanas, ve\u00edamos venir el posible compromiso entre el cotizado actor <strong>Zac Efron<\/strong> y su novia, <strong>Vanessa Valladares.<\/strong> Las varias se\u00f1ales indican que todo suceder\u00eda en la fiesta de cumplea\u00f1os que Vanessa le organiz\u00f3 a su novio, y por lo que hemos visto, parece que le atinamos. Todav\u00eda falta la confirmaci\u00f3n oficial, pero estamos casi seguras de que as\u00ed es.\u00a0<\/span><\/p>\n<p><span style=\"font-weight: 400\">Y es que, en lugar de \u00e9l ser sorprendido con su gran fiesta de cumplea\u00f1os llena de celebridades en Australia, Zac sorprendi\u00f3 a Vanessa con un anillo. <a href=\"https:\/\/www.dailymail.co.uk\/tvshowbiz\/article-8878211\/Is-Zac-Efron-ENGAGED-Star-surprised-girlfriend-Vanessa-Valladares-ring.html\" target=\"_blank\" rel=\"noopener noreferrer\" target=\"_blank\">Una fuente cercana<\/a> a la pareja dijo que la joya fue \u201cespecialmente dise\u00f1ada para ella\u201d.<\/span><\/p>\n<p><span style=\"font-weight: 400\">\u201cSe lo dio despu\u00e9s de la fiesta, fue incre\u00edblemente rom\u00e1ntico. Ninguno de los dos dice mucho al respecto, pero no hay duda de que fue una especie de compromiso no oficial. Ella sabe que tiene que encontrarse con su familia en Los \u00c1ngeles antes de que puedan hacerlo formal, pero est\u00e1n muy comprometidos el uno con el otro&#8221;, dijo esta persona a un medio australiano.<\/span><\/p>\n<p><span style=\"font-weight: 400\">Y por si fuera poco, &#8220;est\u00e1n hablando de matrimonio, beb\u00e9s, nombres de beb\u00e9s; es una relaci\u00f3n muy seria&#8221;, a\u00f1adi\u00f3, y eso que Zac y Vanessa se conocieron apenas en julio de este a\u00f1o. Sin duda la modelo y mesera flech\u00f3 el coraz\u00f3n del actor desde el primer instante, y su estilo de vida se adapta por completo a los cambios que Zac ha manifestado querer hacer en su vida, como dejar Hollywood, alimentarse sin miedo y vivir la vida.<\/span><\/p>\n<p><span style=\"font-weight: 400\">El presentador de radio Kyle Sandilands, uno de los asistentes a la fiesta del cumplea\u00f1os 33 de Zac, dijo que el int\u00e9rprete est\u00e1 fascinado con Vanessa y con todo lo que tiene que ver con ella, incluido su pa\u00eds natal, Australia. \u201cLe encanta Australia. Est\u00e1 enamorado de esta chica, Vanessa. Son una hermosa pareja. Hacen todo juntos. Son simplemente dulces. Parecen muy dulces, muy tranquilos y agradables&#8221;, dijo.<\/span><\/p>\n<p><span style=\"font-weight: 400\">A pesar de que Zac extendi\u00f3 su visa de turista en Australia, no sabemos en qu\u00e9 momento se haga oficial el compromiso, pues el actor debe regresar a Estados Unidos para comenzar a filmar la nueva versi\u00f3n de <strong>Disney +<\/strong> de <em><strong>Three Men and a Baby,<\/strong><\/em> cinta con la que ya tiene el contrato firmado. \u00bfSe llevar\u00e1 a Vanessa al otro lado del mundo para presentarla a su familia y comenzar el resto de sus vidas?<\/span><\/p>\n<h5><em>*IMAGEN: Getty Images<\/em><\/h5>\n","protected":false},"author":11628,"featured_media":89794,"template":"","format":"standard","categories":[2],"acf":[],"yoast_head":"<!-- This site is optimized with the Yoast SEO Premium plugin v18.5 (Yoast SEO v20.4) - https:\/\/yoast.com\/wordpress\/plugins\/seo\/ -->\n<title>\u00bfZac Efron y Vanessa Valladares se comprometieron el fin de semana? | Grazia M\u00e9xico y Latinoam\u00e9rica<\/title>\n<meta name=\"description\" content=\"Hay una nueva joya en &quot;ese&quot; dedo en la mano de la modelo, aunque todav\u00eda ninguno de los dos ha dicho nada al respecto.\" \/>\n<meta name=\"robots\" content=\"index, follow, max-snippet:-1, max-image-preview:large, max-video-preview:-1\" \/>\n<link rel=\"canonical\" href=\"https:\/\/graziamagazine.com\/mx\/articles\/zac-efron-y-vanessa-valladares-se-comprometieron\/\" \/>\n<meta property=\"og:locale\" content=\"es_MX\" \/>\n<meta property=\"og:type\" content=\"article\" \/>\n<meta property=\"og:title\" content=\"\u00bfZac Efron y Vanessa Valladares se comprometieron el fin de semana?\" \/>\n<meta property=\"og:description\" content=\"Hay una nueva joya en &quot;ese&quot; dedo en la mano de la modelo, aunque todav\u00eda ninguno de los dos ha dicho nada al respecto.\" \/>\n<meta property=\"og:url\" content=\"https:\/\/graziamagazine.com\/mx\/articles\/zac-efron-y-vanessa-valladares-se-comprometieron\/\" \/>\n<meta property=\"og:site_name\" content=\"Grazia M\u00e9xico y Latinoam\u00e9rica\" \/>\n<meta property=\"article:modified_time\" content=\"2020-10-26T22:30:04+00:00\" \/>\n<meta property=\"og:image\" content=\"https:\/\/graziamagazine.com\/mx\/wp-content\/uploads\/sites\/13\/2020\/10\/\u00bfZac-Efron-y-Vanessa-Valladares-se-comprometieron-el-fin-de-semana.jpg?fit=1200%2C630\" \/>\n\t<meta property=\"og:image:width\" content=\"1200\" \/>\n\t<meta property=\"og:image:height\" content=\"630\" \/>\n\t<meta property=\"og:image:type\" content=\"image\/jpeg\" \/>\n<meta name=\"twitter:card\" content=\"summary_large_image\" \/>\n<meta name=\"twitter:label1\" content=\"Est. reading time\" \/>\n\t<meta name=\"twitter:data1\" content=\"2 minutos\" \/>\n<script type=\"application\/ld+json\" class=\"yoast-schema-graph\">{\"@context\":\"https:\/\/schema.org\",\"@graph\":[{\"@type\":\"WebPage\",\"@id\":\"https:\/\/graziamagazine.com\/mx\/articles\/zac-efron-y-vanessa-valladares-se-comprometieron\/\",\"url\":\"https:\/\/graziamagazine.com\/mx\/articles\/zac-efron-y-vanessa-valladares-se-comprometieron\/\",\"name\":\"\u00bfZac Efron y Vanessa Valladares se comprometieron el fin de semana? | Grazia M\u00e9xico y Latinoam\u00e9rica\",\"isPartOf\":{\"@id\":\"https:\/\/graziamagazine.com\/mx\/#website\"},\"datePublished\":\"2020-10-26T20:40:31+00:00\",\"dateModified\":\"2020-10-26T22:30:04+00:00\",\"description\":\"Hay una nueva joya en \\\"ese\\\" dedo en la mano de la modelo, aunque todav\u00eda ninguno de los dos ha dicho nada al respecto.\",\"breadcrumb\":{\"@id\":\"https:\/\/graziamagazine.com\/mx\/articles\/zac-efron-y-vanessa-valladares-se-comprometieron\/#breadcrumb\"},\"inLanguage\":\"es-MX\",\"potentialAction\":[{\"@type\":\"ReadAction\",\"target\":[\"https:\/\/graziamagazine.com\/mx\/articles\/zac-efron-y-vanessa-valladares-se-comprometieron\/\"]}]},{\"@type\":\"BreadcrumbList\",\"@id\":\"https:\/\/graziamagazine.com\/mx\/articles\/zac-efron-y-vanessa-valladares-se-comprometieron\/#breadcrumb\",\"itemListElement\":[{\"@type\":\"ListItem\",\"position\":1,\"name\":\"Home\",\"item\":\"https:\/\/graziamagazine.com\/mx\/\"},{\"@type\":\"ListItem\",\"position\":2,\"name\":\"\u00bfZac Efron y Vanessa Valladares se comprometieron el fin de semana?\"}]},{\"@type\":\"WebSite\",\"@id\":\"https:\/\/graziamagazine.com\/mx\/#website\",\"url\":\"https:\/\/graziamagazine.com\/mx\/\",\"name\":\"Grazia M\u00e9xico y Latinoam\u00e9rica\",\"description\":\"Grazia es moda, belleza y noticias  de actualidad \",\"potentialAction\":[{\"@type\":\"SearchAction\",\"target\":{\"@type\":\"EntryPoint\",\"urlTemplate\":\"https:\/\/graziamagazine.com\/mx\/?s={search_term_string}\"},\"query-input\":\"required name=search_term_string\"}],\"inLanguage\":\"es-MX\"}]}<\/script>\n<!-- \/ Yoast SEO Premium plugin. -->","yoast_head_json":{"title":"\u00bfZac Efron y Vanessa Valladares se comprometieron el fin de semana? | Grazia M\u00e9xico y Latinoam\u00e9rica","description":"Hay una nueva joya en \"ese\" dedo en la mano de la modelo, aunque todav\u00eda ninguno de los dos ha dicho nada al respecto.","robots":{"index":"index","follow":"follow","max-snippet":"max-snippet:-1","max-image-preview":"max-image-preview:large","max-video-preview":"max-video-preview:-1"},"canonical":"https:\/\/graziamagazine.com\/mx\/articles\/zac-efron-y-vanessa-valladares-se-comprometieron\/","og_locale":"es_MX","og_type":"article","og_title":"\u00bfZac Efron y Vanessa Valladares se comprometieron el fin de semana?","og_description":"Hay una nueva joya en \"ese\" dedo en la mano de la modelo, aunque todav\u00eda ninguno de los dos ha dicho nada al respecto.","og_url":"https:\/\/graziamagazine.com\/mx\/articles\/zac-efron-y-vanessa-valladares-se-comprometieron\/","og_site_name":"Grazia M\u00e9xico y Latinoam\u00e9rica","article_modified_time":"2020-10-26T22:30:04+00:00","og_image":[{"width":1200,"height":630,"url":"https:\/\/graziamagazine.com\/mx\/wp-content\/uploads\/sites\/13\/2020\/10\/\u00bfZac-Efron-y-Vanessa-Valladares-se-comprometieron-el-fin-de-semana.jpg?fit=1200%2C630","type":"image\/jpeg"}],"twitter_card":"summary_large_image","twitter_misc":{"Est. reading time":"2 minutos"},"schema":{"@context":"https:\/\/schema.org","@graph":[{"@type":"WebPage","@id":"https:\/\/graziamagazine.com\/mx\/articles\/zac-efron-y-vanessa-valladares-se-comprometieron\/","url":"https:\/\/graziamagazine.com\/mx\/articles\/zac-efron-y-vanessa-valladares-se-comprometieron\/","name":"\u00bfZac Efron y Vanessa Valladares se comprometieron el fin de semana? | Grazia M\u00e9xico y Latinoam\u00e9rica","isPartOf":{"@id":"https:\/\/graziamagazine.com\/mx\/#website"},"datePublished":"2020-10-26T20:40:31+00:00","dateModified":"2020-10-26T22:30:04+00:00","description":"Hay una nueva joya en \"ese\" dedo en la mano de la modelo, aunque todav\u00eda ninguno de los dos ha dicho nada al respecto.","breadcrumb":{"@id":"https:\/\/graziamagazine.com\/mx\/articles\/zac-efron-y-vanessa-valladares-se-comprometieron\/#breadcrumb"},"inLanguage":"es-MX","potentialAction":[{"@type":"ReadAction","target":["https:\/\/graziamagazine.com\/mx\/articles\/zac-efron-y-vanessa-valladares-se-comprometieron\/"]}]},{"@type":"BreadcrumbList","@id":"https:\/\/graziamagazine.com\/mx\/articles\/zac-efron-y-vanessa-valladares-se-comprometieron\/#breadcrumb","itemListElement":[{"@type":"ListItem","position":1,"name":"Home","item":"https:\/\/graziamagazine.com\/mx\/"},{"@type":"ListItem","position":2,"name":"\u00bfZac Efron y Vanessa Valladares se comprometieron el fin de semana?"}]},{"@type":"WebSite","@id":"https:\/\/graziamagazine.com\/mx\/#website","url":"https:\/\/graziamagazine.com\/mx\/","name":"Grazia M\u00e9xico y Latinoam\u00e9rica","description":"Grazia es moda, belleza y noticias  de actualidad ","potentialAction":[{"@type":"SearchAction","target":{"@type":"EntryPoint","urlTemplate":"https:\/\/graziamagazine.com\/mx\/?s={search_term_string}"},"query-input":"required name=search_term_string"}],"inLanguage":"es-MX"}]}},"jetpack_sharing_enabled":true,"distributor_meta":false,"distributor_terms":false,"distributor_media":false,"distributor_original_site_name":"Grazia M\u00e9xico y Latinoam\u00e9rica","distributor_original_site_url":"https:\/\/graziamagazine.com\/mx","push-errors":false,"_links":{"self":[{"href":"https:\/\/graziamagazine.com\/mx\/wp-json\/wp\/v2\/articles\/89791"}],"collection":[{"href":"https:\/\/graziamagazine.com\/mx\/wp-json\/wp\/v2\/articles"}],"about":[{"href":"https:\/\/graziamagazine.com\/mx\/wp-json\/wp\/v2\/types\/articles"}],"author":[{"embeddable":true,"href":"https:\/\/graziamagazine.com\/mx\/wp-json\/wp\/v2\/users\/11628"}],"wp:featuredmedia":[{"embeddable":true,"href":"https:\/\/graziamagazine.com\/mx\/wp-json\/wp\/v2\/media\/89794"}],"wp:attachment":[{"href":"https:\/\/graziamagazine.com\/mx\/wp-json\/wp\/v2\/media?parent=89791"}],"wp:term":[{"taxonomy":"category","embeddable":true,"href":"https:\/\/graziamagazine.com\/mx\/wp-json\/wp\/v2\/categories?post=89791"}],"curies":[{"name":"wp","href":"https:\/\/api.w.org\/{rel}","templated":true}]}}