{"id":89771,"date":"2020-11-09T14:00:36","date_gmt":"2020-11-09T19:00:36","guid":{"rendered":"https:\/\/graziamagazine.com\/mx\/?post_type=articles&#038;p=89771"},"modified":"2020-11-09T19:46:58","modified_gmt":"2020-11-10T00:46:58","slug":"hilos-de-historia-la-exposicion-del-castillo-de-chapultepec-ahora-tambien-virtual","status":"publish","type":"articles","link":"https:\/\/graziamagazine.com\/mx\/articles\/hilos-de-historia-la-exposicion-del-castillo-de-chapultepec-ahora-tambien-virtual\/","title":{"rendered":"Hilos de Historia: La exposici\u00f3n del Castillo de Chapultepec ahora tambi\u00e9n virtual"},"content":{"rendered":"<p>La exposici\u00f3n se llama <strong>\u201cHilos de la Historia\u201d<\/strong>, nos habla al respecto de toda la moda en M\u00e9xico a trav\u00e9s de los a\u00f1os y ahora ya no es necesario trasladarte hasta Chapultepec para poder ver esos magn\u00edficos vestidos y abanicos ornamentados, pues el museo ha lanzado una visita virtual interactiva a una exposici\u00f3n titulada <strong>\u201cHilos de la Historia\u201d. Vestidos con cerca de 250 a\u00f1os<\/strong> de antig\u00fcedad, casacas militares o prendas usadas durante los a\u00f1os sesenta del siglo pasado en M\u00e9xico, todo esto resumido en 180 piezas es lo que podemos ver dentro de la exposici\u00f3n.<\/p>\n<p><img loading=\"lazy\" decoding=\"async\" class=\"alignnone wp-image-90224 size-large\" src=\"https:\/\/graziamagazine.com\/mx\/wp-content\/uploads\/sites\/13\/2020\/10\/13_3.jpg?w=959\" alt=\"Hilos de Historia: La exposici\u00f3n del Castillo de Chapultepec ahora tambi\u00e9n virtual\" width=\"959\" height=\"600\" \/><\/p>\n<p>A trav\u00e9s de diferentes propuestas tem\u00e1ticas, <strong>el museo nos cuenta c\u00f3mo es que la historia ha sido representada por medio de la vestimenta y sus materiales<\/strong>. Entre los 180 objetos dentro de la exhibici\u00f3n podemos ver un vestido de baile elaborado a mano en gro de seda, chifl\u00f3n, lentejuelas y chaquiras miniaturas, de 1890 firmado por Frederick Worth, el padre de la alta costura. O tambi\u00e9n un vestido Chanel de 1930, elaborado a mano y m\u00e1quina de pa\u00f1o, gasa y soutage, vestido muy de la \u00e9poca. Dise\u00f1adores todos ellos que hasta la fecha llevan en alto la industria de la moda y que crearon historia con cada una de sus creaciones, como Mar\u00eda Pavignani, Con Kertewa soeurs, Paul Caret tambi\u00e9n entre otros.<\/p>\n<p>Adem\u00e1s de todos esos hermosos vestidos de dise\u00f1ador, en la exhibici\u00f3n <strong>podemos ver incre\u00edbles abanicos<\/strong> elaborados en hueso calado y seda pintada al gouache. Sin duda obras de arte que tuvieron una vida \u00fatil y digna de presentarse en un museo para ser recordado por todos.<\/p>\n<p><img loading=\"lazy\" decoding=\"async\" class=\"alignnone wp-image-90226 size-large\" src=\"https:\/\/graziamagazine.com\/mx\/wp-content\/uploads\/sites\/13\/2020\/10\/01_2.jpg?w=980\" alt=\"Hilos de Historia: La exposici\u00f3n del Castillo de Chapultepec ahora tambi\u00e9n virtual\" width=\"980\" height=\"600\" \/><\/p>\n<p>Si quieres vivir este recorrido ahora <a href=\"https:\/\/mediateca.inah.gob.mx\/webapps\/visitas-virtuales\/exposicion-hilos\/index.html?fbclid=IwAR3_43FCNvqC2dkVVTJFF3ROg_o-eAz0DTnLT0bPNlvE6pds5EqpLLvNg2M\" target=\"_blank\"><strong>puedes hacerlo aqu\u00ed<\/strong><\/a>.<\/p>\n<p><strong><em>*Im\u00e1genes: Exposici\u00f3n &#8216;Hilos de Historia&#8217; del INAH.\u00a0<\/em><\/strong><\/p>\n","protected":false},"author":11645,"featured_media":90225,"template":"","format":"standard","categories":[4],"acf":[],"yoast_head":"<!-- This site is optimized with the Yoast SEO Premium plugin v18.5 (Yoast SEO v20.4) - https:\/\/yoast.com\/wordpress\/plugins\/seo\/ -->\n<title>Hilos de Historia: La exposici\u00f3n del Castillo de Chapultepec ahora tambi\u00e9n virtual | Grazia M\u00e9xico y Latinoam\u00e9rica<\/title>\n<meta name=\"description\" content=\"La exposici\u00f3n se llama \u201cHilos de la Historia\u201d, nos habla al respecto de toda la moda en M\u00e9xico a trav\u00e9s de los a\u00f1os y ahora ya no es necesario trasladarte\" \/>\n<meta name=\"robots\" content=\"index, follow, max-snippet:-1, max-image-preview:large, max-video-preview:-1\" \/>\n<link rel=\"canonical\" href=\"https:\/\/graziamagazine.com\/mx\/articles\/hilos-de-historia-la-exposicion-del-castillo-de-chapultepec-ahora-tambien-virtual\/\" \/>\n<meta property=\"og:locale\" content=\"es_MX\" \/>\n<meta property=\"og:type\" content=\"article\" \/>\n<meta property=\"og:title\" content=\"Hilos de Historia: La exposici\u00f3n del Castillo de Chapultepec ahora tambi\u00e9n virtual\" \/>\n<meta property=\"og:description\" content=\"La exposici\u00f3n se llama \u201cHilos de la Historia\u201d, nos habla al respecto de toda la moda en M\u00e9xico a trav\u00e9s de los a\u00f1os y ahora ya no es necesario trasladarte\" \/>\n<meta property=\"og:url\" content=\"https:\/\/graziamagazine.com\/mx\/articles\/hilos-de-historia-la-exposicion-del-castillo-de-chapultepec-ahora-tambien-virtual\/\" \/>\n<meta property=\"og:site_name\" content=\"Grazia M\u00e9xico y Latinoam\u00e9rica\" \/>\n<meta property=\"article:modified_time\" content=\"2020-11-10T00:46:58+00:00\" \/>\n<meta property=\"og:image\" content=\"https:\/\/graziamagazine.com\/mx\/wp-content\/uploads\/sites\/13\/2020\/10\/24_1.jpg?fit=899%2C600\" \/>\n\t<meta property=\"og:image:width\" content=\"899\" \/>\n\t<meta property=\"og:image:height\" content=\"600\" \/>\n\t<meta property=\"og:image:type\" content=\"image\/jpeg\" \/>\n<meta name=\"twitter:card\" content=\"summary_large_image\" \/>\n<meta name=\"twitter:label1\" content=\"Est. reading time\" \/>\n\t<meta name=\"twitter:data1\" content=\"2 minutos\" \/>\n<script type=\"application\/ld+json\" class=\"yoast-schema-graph\">{\"@context\":\"https:\/\/schema.org\",\"@graph\":[{\"@type\":\"WebPage\",\"@id\":\"https:\/\/graziamagazine.com\/mx\/articles\/hilos-de-historia-la-exposicion-del-castillo-de-chapultepec-ahora-tambien-virtual\/\",\"url\":\"https:\/\/graziamagazine.com\/mx\/articles\/hilos-de-historia-la-exposicion-del-castillo-de-chapultepec-ahora-tambien-virtual\/\",\"name\":\"Hilos de Historia: La exposici\u00f3n del Castillo de Chapultepec ahora tambi\u00e9n virtual | Grazia M\u00e9xico y Latinoam\u00e9rica\",\"isPartOf\":{\"@id\":\"https:\/\/graziamagazine.com\/mx\/#website\"},\"datePublished\":\"2020-11-09T19:00:36+00:00\",\"dateModified\":\"2020-11-10T00:46:58+00:00\",\"description\":\"La exposici\u00f3n se llama \u201cHilos de la Historia\u201d, nos habla al respecto de toda la moda en M\u00e9xico a trav\u00e9s de los a\u00f1os y ahora ya no es necesario trasladarte\",\"breadcrumb\":{\"@id\":\"https:\/\/graziamagazine.com\/mx\/articles\/hilos-de-historia-la-exposicion-del-castillo-de-chapultepec-ahora-tambien-virtual\/#breadcrumb\"},\"inLanguage\":\"es-MX\",\"potentialAction\":[{\"@type\":\"ReadAction\",\"target\":[\"https:\/\/graziamagazine.com\/mx\/articles\/hilos-de-historia-la-exposicion-del-castillo-de-chapultepec-ahora-tambien-virtual\/\"]}]},{\"@type\":\"BreadcrumbList\",\"@id\":\"https:\/\/graziamagazine.com\/mx\/articles\/hilos-de-historia-la-exposicion-del-castillo-de-chapultepec-ahora-tambien-virtual\/#breadcrumb\",\"itemListElement\":[{\"@type\":\"ListItem\",\"position\":1,\"name\":\"Home\",\"item\":\"https:\/\/graziamagazine.com\/mx\/\"},{\"@type\":\"ListItem\",\"position\":2,\"name\":\"Hilos de Historia: La exposici\u00f3n del Castillo de Chapultepec ahora tambi\u00e9n virtual\"}]},{\"@type\":\"WebSite\",\"@id\":\"https:\/\/graziamagazine.com\/mx\/#website\",\"url\":\"https:\/\/graziamagazine.com\/mx\/\",\"name\":\"Grazia M\u00e9xico y Latinoam\u00e9rica\",\"description\":\"Grazia es moda, belleza y noticias  de actualidad \",\"potentialAction\":[{\"@type\":\"SearchAction\",\"target\":{\"@type\":\"EntryPoint\",\"urlTemplate\":\"https:\/\/graziamagazine.com\/mx\/?s={search_term_string}\"},\"query-input\":\"required name=search_term_string\"}],\"inLanguage\":\"es-MX\"}]}<\/script>\n<!-- \/ Yoast SEO Premium plugin. -->","yoast_head_json":{"title":"Hilos de Historia: La exposici\u00f3n del Castillo de Chapultepec ahora tambi\u00e9n virtual | Grazia M\u00e9xico y Latinoam\u00e9rica","description":"La exposici\u00f3n se llama \u201cHilos de la Historia\u201d, nos habla al respecto de toda la moda en M\u00e9xico a trav\u00e9s de los a\u00f1os y ahora ya no es necesario trasladarte","robots":{"index":"index","follow":"follow","max-snippet":"max-snippet:-1","max-image-preview":"max-image-preview:large","max-video-preview":"max-video-preview:-1"},"canonical":"https:\/\/graziamagazine.com\/mx\/articles\/hilos-de-historia-la-exposicion-del-castillo-de-chapultepec-ahora-tambien-virtual\/","og_locale":"es_MX","og_type":"article","og_title":"Hilos de Historia: La exposici\u00f3n del Castillo de Chapultepec ahora tambi\u00e9n virtual","og_description":"La exposici\u00f3n se llama \u201cHilos de la Historia\u201d, nos habla al respecto de toda la moda en M\u00e9xico a trav\u00e9s de los a\u00f1os y ahora ya no es necesario trasladarte","og_url":"https:\/\/graziamagazine.com\/mx\/articles\/hilos-de-historia-la-exposicion-del-castillo-de-chapultepec-ahora-tambien-virtual\/","og_site_name":"Grazia M\u00e9xico y Latinoam\u00e9rica","article_modified_time":"2020-11-10T00:46:58+00:00","og_image":[{"width":899,"height":600,"url":"https:\/\/graziamagazine.com\/mx\/wp-content\/uploads\/sites\/13\/2020\/10\/24_1.jpg?fit=899%2C600","type":"image\/jpeg"}],"twitter_card":"summary_large_image","twitter_misc":{"Est. reading time":"2 minutos"},"schema":{"@context":"https:\/\/schema.org","@graph":[{"@type":"WebPage","@id":"https:\/\/graziamagazine.com\/mx\/articles\/hilos-de-historia-la-exposicion-del-castillo-de-chapultepec-ahora-tambien-virtual\/","url":"https:\/\/graziamagazine.com\/mx\/articles\/hilos-de-historia-la-exposicion-del-castillo-de-chapultepec-ahora-tambien-virtual\/","name":"Hilos de Historia: La exposici\u00f3n del Castillo de Chapultepec ahora tambi\u00e9n virtual | Grazia M\u00e9xico y Latinoam\u00e9rica","isPartOf":{"@id":"https:\/\/graziamagazine.com\/mx\/#website"},"datePublished":"2020-11-09T19:00:36+00:00","dateModified":"2020-11-10T00:46:58+00:00","description":"La exposici\u00f3n se llama \u201cHilos de la Historia\u201d, nos habla al respecto de toda la moda en M\u00e9xico a trav\u00e9s de los a\u00f1os y ahora ya no es necesario trasladarte","breadcrumb":{"@id":"https:\/\/graziamagazine.com\/mx\/articles\/hilos-de-historia-la-exposicion-del-castillo-de-chapultepec-ahora-tambien-virtual\/#breadcrumb"},"inLanguage":"es-MX","potentialAction":[{"@type":"ReadAction","target":["https:\/\/graziamagazine.com\/mx\/articles\/hilos-de-historia-la-exposicion-del-castillo-de-chapultepec-ahora-tambien-virtual\/"]}]},{"@type":"BreadcrumbList","@id":"https:\/\/graziamagazine.com\/mx\/articles\/hilos-de-historia-la-exposicion-del-castillo-de-chapultepec-ahora-tambien-virtual\/#breadcrumb","itemListElement":[{"@type":"ListItem","position":1,"name":"Home","item":"https:\/\/graziamagazine.com\/mx\/"},{"@type":"ListItem","position":2,"name":"Hilos de Historia: La exposici\u00f3n del Castillo de Chapultepec ahora tambi\u00e9n virtual"}]},{"@type":"WebSite","@id":"https:\/\/graziamagazine.com\/mx\/#website","url":"https:\/\/graziamagazine.com\/mx\/","name":"Grazia M\u00e9xico y Latinoam\u00e9rica","description":"Grazia es moda, belleza y noticias  de actualidad ","potentialAction":[{"@type":"SearchAction","target":{"@type":"EntryPoint","urlTemplate":"https:\/\/graziamagazine.com\/mx\/?s={search_term_string}"},"query-input":"required name=search_term_string"}],"inLanguage":"es-MX"}]}},"jetpack_sharing_enabled":true,"distributor_meta":false,"distributor_terms":false,"distributor_media":false,"distributor_original_site_name":"Grazia M\u00e9xico y Latinoam\u00e9rica","distributor_original_site_url":"https:\/\/graziamagazine.com\/mx","push-errors":false,"_links":{"self":[{"href":"https:\/\/graziamagazine.com\/mx\/wp-json\/wp\/v2\/articles\/89771"}],"collection":[{"href":"https:\/\/graziamagazine.com\/mx\/wp-json\/wp\/v2\/articles"}],"about":[{"href":"https:\/\/graziamagazine.com\/mx\/wp-json\/wp\/v2\/types\/articles"}],"author":[{"embeddable":true,"href":"https:\/\/graziamagazine.com\/mx\/wp-json\/wp\/v2\/users\/11645"}],"wp:featuredmedia":[{"embeddable":true,"href":"https:\/\/graziamagazine.com\/mx\/wp-json\/wp\/v2\/media\/90225"}],"wp:attachment":[{"href":"https:\/\/graziamagazine.com\/mx\/wp-json\/wp\/v2\/media?parent=89771"}],"wp:term":[{"taxonomy":"category","embeddable":true,"href":"https:\/\/graziamagazine.com\/mx\/wp-json\/wp\/v2\/categories?post=89771"}],"curies":[{"name":"wp","href":"https:\/\/api.w.org\/{rel}","templated":true}]}}