{"id":89754,"date":"2020-10-23T16:31:19","date_gmt":"2020-10-23T21:31:19","guid":{"rendered":"https:\/\/graziamagazine.com\/mx\/?post_type=articles&#038;p=89754"},"modified":"2020-10-26T13:58:40","modified_gmt":"2020-10-26T18:58:40","slug":"camila-cabello-corta-su-larga-melena-y-se-ve-increible","status":"publish","type":"articles","link":"https:\/\/graziamagazine.com\/mx\/articles\/camila-cabello-corta-su-larga-melena-y-se-ve-increible\/","title":{"rendered":"\u00a1Camila Cabello corta su larga melena y se ve incre\u00edble!"},"content":{"rendered":"<p><span style=\"font-weight: 400\">Siempre hay una primera vez, y esta ocasi\u00f3n es la primera vez que la cantante <strong>Camila Cabello<\/strong> se corta su cabellera a esta altura. Lo recort\u00f3 bastante y aunque el estilo sigue siendo el mismo, se le ve muy bien este cambio de imagen. Aplaudimos su valiente decisi\u00f3n y no somos los \u00fanicos, pues su novio <strong>Shawn Mendes<\/strong> tambi\u00e9n le hizo saber lo guapa que se ve.<\/span><\/p>\n<p><span style=\"font-weight: 400\">&#8220;<em>\u00a1\u00a1\u00a1Perd\u00ed mi virginidad de cabello corto!!! He tenido el pelo largo toda mi vida, es hora de sentir el aire en estos hombros. Fotocr\u00e9dito del beb\u00e9: @shawnmendes<\/em>\u201d, escribi\u00f3 Camila junto a la foto que tom\u00f3 Shawn y que comparti\u00f3 en su cuenta de Instagram. En la foto, Camila est\u00e1 de perfil, volteando por encima del hombro hacia la c\u00e1mara, con mirada coqueta, sonrisa suave y dejando ver su hombro descubierto por primera vez.\u00a0<\/span><\/p>\n<figure id=\"attachment_89759\" aria-describedby=\"caption-attachment-89759\" style=\"width: 384px\" class=\"wp-caption alignnone\"><img loading=\"lazy\" decoding=\"async\" class=\"size-medium wp-image-89759\" src=\"https:\/\/graziamagazine.com\/mx\/wp-content\/uploads\/sites\/13\/2020\/10\/Captura-de-pantalla-2020-10-26-a-las-09.23.18.png?w=384\" alt=\"\" width=\"384\" height=\"450\" \/><figcaption id=\"caption-attachment-89759\" class=\"wp-caption-text\"><em>*Instagram<\/em><\/figcaption><\/figure>\n<p><span style=\"font-weight: 400\">Horas despu\u00e9s, Camila volvi\u00f3 a presumir su corte de cabello pero esta vez en una fotograf\u00eda en la que parece que acababa de brincar a los brazos de Shawn con sus brazos y piernas, resultando en una imagen en la que se percibe mucho amor.<\/span><\/p>\n<p><span style=\"font-weight: 400\">La pareja no se ha limitado en compartir su amor en redes sociales. Apenas el mes pasado, cuando Shawn comparti\u00f3 en su cuenta de Instagram un fragmento de su pr\u00f3xima canci\u00f3n, <em><strong>Wonder<\/strong><\/em>, Camila le coment\u00f3 con mucha ternura: &#8220;<em>Al mundo le vendr\u00eda bien algo de magia, belleza y maravilla siempre, pero especialmente ahora. Shawn es un hermoso regalo para el mundo. Ha creado este \u00e1lbum con cada pedacito de su alma, su esp\u00edritu y su esencia con la m\u00e1s pura de las intencione<\/em>s&#8221;.\u00a0<\/span><\/p>\n<figure id=\"attachment_89760\" aria-describedby=\"caption-attachment-89760\" style=\"width: 387px\" class=\"wp-caption alignnone\"><img loading=\"lazy\" decoding=\"async\" class=\"size-medium wp-image-89760\" src=\"https:\/\/graziamagazine.com\/mx\/wp-content\/uploads\/sites\/13\/2020\/10\/Captura-de-pantalla-2020-10-26-a-las-09.24.58.png?w=387\" alt=\"\" width=\"387\" height=\"450\" \/><figcaption id=\"caption-attachment-89760\" class=\"wp-caption-text\"><em>*Instagram<\/em><\/figcaption><\/figure>\n<p><span style=\"font-weight: 400\">&#8220;Mi amor, estoy muy orgullosa de la persona que eres y estoy muy emocionada de que la gente vea y escuche tu coraz\u00f3n&#8221;, a\u00f1adi\u00f3.\u00a0<\/span><\/p>\n<p><span style=\"font-weight: 400\">\u00a1M\u00e1s parejas lindas as\u00ed en el mundo, por favor!<\/span><\/p>\n<h5><em>*Imagen: Getty Images<\/em><\/h5>\n","protected":false},"author":11628,"featured_media":89775,"template":"","format":"standard","categories":[2],"acf":[],"yoast_head":"<!-- This site is optimized with the Yoast SEO Premium plugin v18.5 (Yoast SEO v20.4) - https:\/\/yoast.com\/wordpress\/plugins\/seo\/ -->\n<title>\u00a1Camila Cabello corta su larga melena y se ve incre\u00edble! | Grazia M\u00e9xico y Latinoam\u00e9rica<\/title>\n<meta name=\"description\" content=\"\u00a1Esta s\u00ed que es noticia! La cantante dej\u00f3 el corte de cabello con el que la hemos visto siempre y, spoiler alert, se ve muy bien.\" \/>\n<meta name=\"robots\" content=\"index, follow, max-snippet:-1, max-image-preview:large, max-video-preview:-1\" \/>\n<link rel=\"canonical\" href=\"https:\/\/graziamagazine.com\/mx\/articles\/camila-cabello-corta-su-larga-melena-y-se-ve-increible\/\" \/>\n<meta property=\"og:locale\" content=\"es_MX\" \/>\n<meta property=\"og:type\" content=\"article\" \/>\n<meta property=\"og:title\" content=\"\u00a1Camila Cabello corta su larga melena y se ve incre\u00edble!\" \/>\n<meta property=\"og:description\" content=\"\u00a1Esta s\u00ed que es noticia! La cantante dej\u00f3 el corte de cabello con el que la hemos visto siempre y, spoiler alert, se ve muy bien.\" \/>\n<meta property=\"og:url\" content=\"https:\/\/graziamagazine.com\/mx\/articles\/camila-cabello-corta-su-larga-melena-y-se-ve-increible\/\" \/>\n<meta property=\"og:site_name\" content=\"Grazia M\u00e9xico y Latinoam\u00e9rica\" \/>\n<meta property=\"article:modified_time\" content=\"2020-10-26T18:58:40+00:00\" \/>\n<meta property=\"og:image\" content=\"https:\/\/graziamagazine.com\/mx\/wp-content\/uploads\/sites\/13\/2020\/10\/GettyImages-1202223210.jpg?fit=4495%2C2528\" \/>\n\t<meta property=\"og:image:width\" content=\"4495\" \/>\n\t<meta property=\"og:image:height\" content=\"2528\" \/>\n\t<meta property=\"og:image:type\" content=\"image\/jpeg\" \/>\n<meta name=\"twitter:card\" content=\"summary_large_image\" \/>\n<meta name=\"twitter:label1\" content=\"Est. reading time\" \/>\n\t<meta name=\"twitter:data1\" content=\"2 minutos\" \/>\n<script type=\"application\/ld+json\" class=\"yoast-schema-graph\">{\"@context\":\"https:\/\/schema.org\",\"@graph\":[{\"@type\":\"WebPage\",\"@id\":\"https:\/\/graziamagazine.com\/mx\/articles\/camila-cabello-corta-su-larga-melena-y-se-ve-increible\/\",\"url\":\"https:\/\/graziamagazine.com\/mx\/articles\/camila-cabello-corta-su-larga-melena-y-se-ve-increible\/\",\"name\":\"\u00a1Camila Cabello corta su larga melena y se ve incre\u00edble! | Grazia M\u00e9xico y Latinoam\u00e9rica\",\"isPartOf\":{\"@id\":\"https:\/\/graziamagazine.com\/mx\/#website\"},\"datePublished\":\"2020-10-23T21:31:19+00:00\",\"dateModified\":\"2020-10-26T18:58:40+00:00\",\"description\":\"\u00a1Esta s\u00ed que es noticia! La cantante dej\u00f3 el corte de cabello con el que la hemos visto siempre y, spoiler alert, se ve muy bien.\",\"breadcrumb\":{\"@id\":\"https:\/\/graziamagazine.com\/mx\/articles\/camila-cabello-corta-su-larga-melena-y-se-ve-increible\/#breadcrumb\"},\"inLanguage\":\"es-MX\",\"potentialAction\":[{\"@type\":\"ReadAction\",\"target\":[\"https:\/\/graziamagazine.com\/mx\/articles\/camila-cabello-corta-su-larga-melena-y-se-ve-increible\/\"]}]},{\"@type\":\"BreadcrumbList\",\"@id\":\"https:\/\/graziamagazine.com\/mx\/articles\/camila-cabello-corta-su-larga-melena-y-se-ve-increible\/#breadcrumb\",\"itemListElement\":[{\"@type\":\"ListItem\",\"position\":1,\"name\":\"Home\",\"item\":\"https:\/\/graziamagazine.com\/mx\/\"},{\"@type\":\"ListItem\",\"position\":2,\"name\":\"\u00a1Camila Cabello corta su larga melena y se ve incre\u00edble!\"}]},{\"@type\":\"WebSite\",\"@id\":\"https:\/\/graziamagazine.com\/mx\/#website\",\"url\":\"https:\/\/graziamagazine.com\/mx\/\",\"name\":\"Grazia M\u00e9xico y Latinoam\u00e9rica\",\"description\":\"Grazia es moda, belleza y noticias  de actualidad \",\"potentialAction\":[{\"@type\":\"SearchAction\",\"target\":{\"@type\":\"EntryPoint\",\"urlTemplate\":\"https:\/\/graziamagazine.com\/mx\/?s={search_term_string}\"},\"query-input\":\"required name=search_term_string\"}],\"inLanguage\":\"es-MX\"}]}<\/script>\n<!-- \/ Yoast SEO Premium plugin. -->","yoast_head_json":{"title":"\u00a1Camila Cabello corta su larga melena y se ve incre\u00edble! | Grazia M\u00e9xico y Latinoam\u00e9rica","description":"\u00a1Esta s\u00ed que es noticia! La cantante dej\u00f3 el corte de cabello con el que la hemos visto siempre y, spoiler alert, se ve muy bien.","robots":{"index":"index","follow":"follow","max-snippet":"max-snippet:-1","max-image-preview":"max-image-preview:large","max-video-preview":"max-video-preview:-1"},"canonical":"https:\/\/graziamagazine.com\/mx\/articles\/camila-cabello-corta-su-larga-melena-y-se-ve-increible\/","og_locale":"es_MX","og_type":"article","og_title":"\u00a1Camila Cabello corta su larga melena y se ve incre\u00edble!","og_description":"\u00a1Esta s\u00ed que es noticia! La cantante dej\u00f3 el corte de cabello con el que la hemos visto siempre y, spoiler alert, se ve muy bien.","og_url":"https:\/\/graziamagazine.com\/mx\/articles\/camila-cabello-corta-su-larga-melena-y-se-ve-increible\/","og_site_name":"Grazia M\u00e9xico y Latinoam\u00e9rica","article_modified_time":"2020-10-26T18:58:40+00:00","og_image":[{"width":4495,"height":2528,"url":"https:\/\/graziamagazine.com\/mx\/wp-content\/uploads\/sites\/13\/2020\/10\/GettyImages-1202223210.jpg?fit=4495%2C2528","type":"image\/jpeg"}],"twitter_card":"summary_large_image","twitter_misc":{"Est. reading time":"2 minutos"},"schema":{"@context":"https:\/\/schema.org","@graph":[{"@type":"WebPage","@id":"https:\/\/graziamagazine.com\/mx\/articles\/camila-cabello-corta-su-larga-melena-y-se-ve-increible\/","url":"https:\/\/graziamagazine.com\/mx\/articles\/camila-cabello-corta-su-larga-melena-y-se-ve-increible\/","name":"\u00a1Camila Cabello corta su larga melena y se ve incre\u00edble! | Grazia M\u00e9xico y Latinoam\u00e9rica","isPartOf":{"@id":"https:\/\/graziamagazine.com\/mx\/#website"},"datePublished":"2020-10-23T21:31:19+00:00","dateModified":"2020-10-26T18:58:40+00:00","description":"\u00a1Esta s\u00ed que es noticia! La cantante dej\u00f3 el corte de cabello con el que la hemos visto siempre y, spoiler alert, se ve muy bien.","breadcrumb":{"@id":"https:\/\/graziamagazine.com\/mx\/articles\/camila-cabello-corta-su-larga-melena-y-se-ve-increible\/#breadcrumb"},"inLanguage":"es-MX","potentialAction":[{"@type":"ReadAction","target":["https:\/\/graziamagazine.com\/mx\/articles\/camila-cabello-corta-su-larga-melena-y-se-ve-increible\/"]}]},{"@type":"BreadcrumbList","@id":"https:\/\/graziamagazine.com\/mx\/articles\/camila-cabello-corta-su-larga-melena-y-se-ve-increible\/#breadcrumb","itemListElement":[{"@type":"ListItem","position":1,"name":"Home","item":"https:\/\/graziamagazine.com\/mx\/"},{"@type":"ListItem","position":2,"name":"\u00a1Camila Cabello corta su larga melena y se ve incre\u00edble!"}]},{"@type":"WebSite","@id":"https:\/\/graziamagazine.com\/mx\/#website","url":"https:\/\/graziamagazine.com\/mx\/","name":"Grazia M\u00e9xico y Latinoam\u00e9rica","description":"Grazia es moda, belleza y noticias  de actualidad ","potentialAction":[{"@type":"SearchAction","target":{"@type":"EntryPoint","urlTemplate":"https:\/\/graziamagazine.com\/mx\/?s={search_term_string}"},"query-input":"required name=search_term_string"}],"inLanguage":"es-MX"}]}},"jetpack_sharing_enabled":true,"distributor_meta":false,"distributor_terms":false,"distributor_media":false,"distributor_original_site_name":"Grazia M\u00e9xico y Latinoam\u00e9rica","distributor_original_site_url":"https:\/\/graziamagazine.com\/mx","push-errors":false,"_links":{"self":[{"href":"https:\/\/graziamagazine.com\/mx\/wp-json\/wp\/v2\/articles\/89754"}],"collection":[{"href":"https:\/\/graziamagazine.com\/mx\/wp-json\/wp\/v2\/articles"}],"about":[{"href":"https:\/\/graziamagazine.com\/mx\/wp-json\/wp\/v2\/types\/articles"}],"author":[{"embeddable":true,"href":"https:\/\/graziamagazine.com\/mx\/wp-json\/wp\/v2\/users\/11628"}],"wp:featuredmedia":[{"embeddable":true,"href":"https:\/\/graziamagazine.com\/mx\/wp-json\/wp\/v2\/media\/89775"}],"wp:attachment":[{"href":"https:\/\/graziamagazine.com\/mx\/wp-json\/wp\/v2\/media?parent=89754"}],"wp:term":[{"taxonomy":"category","embeddable":true,"href":"https:\/\/graziamagazine.com\/mx\/wp-json\/wp\/v2\/categories?post=89754"}],"curies":[{"name":"wp","href":"https:\/\/api.w.org\/{rel}","templated":true}]}}