{"id":89731,"date":"2020-10-23T09:58:40","date_gmt":"2020-10-23T14:58:40","guid":{"rendered":"https:\/\/graziamagazine.com\/mx\/?post_type=articles&#038;p=89731"},"modified":"2020-10-23T14:11:50","modified_gmt":"2020-10-23T19:11:50","slug":"audrey-hepburn-tendra-un-documental-y-aqui-tenemos-el-trailer","status":"publish","type":"articles","link":"https:\/\/graziamagazine.com\/mx\/articles\/audrey-hepburn-tendra-un-documental-y-aqui-tenemos-el-trailer\/","title":{"rendered":"Audrey Hepburn tendr\u00e1 un documental y aqu\u00ed tenemos el tr\u00e1iler"},"content":{"rendered":"<p><span style=\"font-weight: 400\">Lleno de im\u00e1genes reales de la vida de la actriz <strong>Audrey Hepburn<\/strong>, narraciones melanc\u00f3licas de algunos de los momentos m\u00e1s importantes de su vida, para bien y para mal, y mucho ballet, es el <em>trailer<\/em> del documental <em><strong>Audrey<\/strong><\/em>, que se estrenar\u00e1 el pr\u00f3ximo 30 de noviembre, como homenaje a la diva a 27 a\u00f1os de su muerte, y se podr\u00e1 adquirir en DVD o descargarlo de manera digital.<\/span><\/p>\n<p><span style=\"font-weight: 400\">El largometraje dirigido por <strong>Helena Coan<\/strong> y producido por el mismo equipo que ha lanzado otros documentales importantes, como <em><strong>Churchill <\/strong><\/em>y <em><strong>McQueen<\/strong><\/em>, abordar\u00e1 la vida personal de la tambi\u00e9n bailarina y el importante papel que la idea del amor jugaba en su vida, m\u00e1s que su legendario desempe\u00f1o frente a las c\u00e1maras o encima de los escenarios.<\/span><\/p>\n<p><span style=\"font-weight: 400\">Helena Coan se asoci\u00f3 con Wayne McGregor del <em>Royal Ballet<\/em> de Reino Unido para hacer coreograf\u00edas de &#8220;retratos&#8221; basados \u200b\u200ben la danza de <em>Funny Face<\/em> para el proyecto, entrelaz\u00e1ndolos con im\u00e1genes de archivo nunca antes vistas de las pel\u00edculas y viajes de Hepburn para el documental hist\u00f3rico, momentos que ser\u00e1n narrados a trav\u00e9s de relevantes entrevistas a aquellos que m\u00e1s la conoc\u00edan, como su hijo <strong>Sean Hepburn-Ferrer<\/strong> o su nieta, <strong>Emma Ferrer.<\/strong> &#8220;La danza magnifica el panorama emocional de Audrey y aporta un mayor sentido de drama y teatro a la pel\u00edcula, as\u00ed como un rico lenguaje visual que a\u00fan no se ha utilizado en documentales&#8221;, explic\u00f3 la directora.<\/span><\/p>\n<p><span style=\"font-weight: 400\">Adem\u00e1s, el filme cuenta con la colaboraci\u00f3n de grandes personajes en la industria de la moda como Clare Waight Keller que contar\u00e1 sobre la etapa de Audrey como musa de <strong>Givenchy<\/strong> o John Loring, el dise\u00f1ador de <strong>Tiffany &amp; Co<\/strong> que detallar\u00e1 la historia de la actriz con la casa joyera, en torno a <em>Breakfast at Tiffany\u2019s<\/em>, por supuesto.<\/span><\/p>\n<p><span style=\"font-weight: 400\">De igual forma, la <em>prima ballerina assoluta<\/em> <strong>Alessandra Ferri<\/strong> abordar\u00e1 sus \u00faltimos a\u00f1os como embajadora de UNICEF, \u00e9poca no tan conocida en la que la artista viaj\u00f3 a algunos de los lugares m\u00e1s marginados del mundo para ayudar a los ni\u00f1os junto a la organizaci\u00f3n internacional.\u00a0<\/span><\/p>\n<p><span style=\"font-weight: 400\">Para hablar de la historia de la moda, necesariamente se tiene que hablar de Audrey Hepburn, pues ese estilo y elegancia que la caracterizaron, junto a su belleza y carisma, la llevaron a convertirse en un \u00edcono de la moda para siempre.\u00a0<\/span><\/p>\n<p><span style=\"font-weight: 400\">\u00bfLista para ver el tr\u00e1iler?<\/span><\/p>\n<p><iframe loading=\"lazy\" title=\"AUDREY (2020) Official Trailer | Trailblazers\" width=\"500\" height=\"281\" src=\"https:\/\/www.youtube.com\/embed\/DOY77nyd6fY?feature=oembed\" frameborder=\"0\" allow=\"accelerometer; autoplay; clipboard-write; encrypted-media; gyroscope; picture-in-picture\" allowfullscreen><\/iframe><\/p>\n<h5><em>*IMAGEN: Getty Images<\/em><\/h5>\n","protected":false},"author":11628,"featured_media":89746,"template":"","format":"standard","categories":[114],"acf":[],"yoast_head":"<!-- This site is optimized with the Yoast SEO Premium plugin v18.5 (Yoast SEO v20.4) - https:\/\/yoast.com\/wordpress\/plugins\/seo\/ -->\n<title>Audrey Hepburn tendr\u00e1 un documental y aqu\u00ed tenemos el tr\u00e1iler | Grazia M\u00e9xico y Latinoam\u00e9rica<\/title>\n<meta name=\"description\" content=\"En el 27\u00ba aniversario luctuoso de la fashion icon, todos los fans podr\u00e1n disfrutar de un documental con im\u00e1genes in\u00e9ditas y testimonios familiares.\" \/>\n<meta name=\"robots\" content=\"index, follow, max-snippet:-1, max-image-preview:large, max-video-preview:-1\" \/>\n<link rel=\"canonical\" href=\"https:\/\/graziamagazine.com\/mx\/articles\/audrey-hepburn-tendra-un-documental-y-aqui-tenemos-el-trailer\/\" \/>\n<meta property=\"og:locale\" content=\"es_MX\" \/>\n<meta property=\"og:type\" content=\"article\" \/>\n<meta property=\"og:title\" content=\"Audrey Hepburn tendr\u00e1 un documental y aqu\u00ed tenemos el tr\u00e1iler\" \/>\n<meta property=\"og:description\" content=\"En el 27\u00ba aniversario luctuoso de la fashion icon, todos los fans podr\u00e1n disfrutar de un documental con im\u00e1genes in\u00e9ditas y testimonios familiares.\" \/>\n<meta property=\"og:url\" content=\"https:\/\/graziamagazine.com\/mx\/articles\/audrey-hepburn-tendra-un-documental-y-aqui-tenemos-el-trailer\/\" \/>\n<meta property=\"og:site_name\" content=\"Grazia M\u00e9xico y Latinoam\u00e9rica\" \/>\n<meta property=\"article:modified_time\" content=\"2020-10-23T19:11:50+00:00\" \/>\n<meta property=\"og:image\" content=\"https:\/\/graziamagazine.com\/mx\/wp-content\/uploads\/sites\/13\/2020\/10\/Audrey-Hepburn-tendra\u0301-un-documental-y-aqui\u0301-tenemos-el-tra\u0301iler.jpg?fit=1200%2C800\" \/>\n\t<meta property=\"og:image:width\" content=\"1200\" \/>\n\t<meta property=\"og:image:height\" content=\"800\" \/>\n\t<meta property=\"og:image:type\" content=\"image\/jpeg\" \/>\n<meta name=\"twitter:card\" content=\"summary_large_image\" \/>\n<meta name=\"twitter:label1\" content=\"Est. reading time\" \/>\n\t<meta name=\"twitter:data1\" content=\"2 minutos\" \/>\n<script type=\"application\/ld+json\" class=\"yoast-schema-graph\">{\"@context\":\"https:\/\/schema.org\",\"@graph\":[{\"@type\":\"WebPage\",\"@id\":\"https:\/\/graziamagazine.com\/mx\/articles\/audrey-hepburn-tendra-un-documental-y-aqui-tenemos-el-trailer\/\",\"url\":\"https:\/\/graziamagazine.com\/mx\/articles\/audrey-hepburn-tendra-un-documental-y-aqui-tenemos-el-trailer\/\",\"name\":\"Audrey Hepburn tendr\u00e1 un documental y aqu\u00ed tenemos el tr\u00e1iler | Grazia M\u00e9xico y Latinoam\u00e9rica\",\"isPartOf\":{\"@id\":\"https:\/\/graziamagazine.com\/mx\/#website\"},\"datePublished\":\"2020-10-23T14:58:40+00:00\",\"dateModified\":\"2020-10-23T19:11:50+00:00\",\"description\":\"En el 27\u00ba aniversario luctuoso de la fashion icon, todos los fans podr\u00e1n disfrutar de un documental con im\u00e1genes in\u00e9ditas y testimonios familiares.\",\"breadcrumb\":{\"@id\":\"https:\/\/graziamagazine.com\/mx\/articles\/audrey-hepburn-tendra-un-documental-y-aqui-tenemos-el-trailer\/#breadcrumb\"},\"inLanguage\":\"es-MX\",\"potentialAction\":[{\"@type\":\"ReadAction\",\"target\":[\"https:\/\/graziamagazine.com\/mx\/articles\/audrey-hepburn-tendra-un-documental-y-aqui-tenemos-el-trailer\/\"]}]},{\"@type\":\"BreadcrumbList\",\"@id\":\"https:\/\/graziamagazine.com\/mx\/articles\/audrey-hepburn-tendra-un-documental-y-aqui-tenemos-el-trailer\/#breadcrumb\",\"itemListElement\":[{\"@type\":\"ListItem\",\"position\":1,\"name\":\"Home\",\"item\":\"https:\/\/graziamagazine.com\/mx\/\"},{\"@type\":\"ListItem\",\"position\":2,\"name\":\"Audrey Hepburn tendr\u00e1 un documental y aqu\u00ed tenemos el tr\u00e1iler\"}]},{\"@type\":\"WebSite\",\"@id\":\"https:\/\/graziamagazine.com\/mx\/#website\",\"url\":\"https:\/\/graziamagazine.com\/mx\/\",\"name\":\"Grazia M\u00e9xico y Latinoam\u00e9rica\",\"description\":\"Grazia es moda, belleza y noticias  de actualidad \",\"potentialAction\":[{\"@type\":\"SearchAction\",\"target\":{\"@type\":\"EntryPoint\",\"urlTemplate\":\"https:\/\/graziamagazine.com\/mx\/?s={search_term_string}\"},\"query-input\":\"required name=search_term_string\"}],\"inLanguage\":\"es-MX\"}]}<\/script>\n<!-- \/ Yoast SEO Premium plugin. -->","yoast_head_json":{"title":"Audrey Hepburn tendr\u00e1 un documental y aqu\u00ed tenemos el tr\u00e1iler | Grazia M\u00e9xico y Latinoam\u00e9rica","description":"En el 27\u00ba aniversario luctuoso de la fashion icon, todos los fans podr\u00e1n disfrutar de un documental con im\u00e1genes in\u00e9ditas y testimonios familiares.","robots":{"index":"index","follow":"follow","max-snippet":"max-snippet:-1","max-image-preview":"max-image-preview:large","max-video-preview":"max-video-preview:-1"},"canonical":"https:\/\/graziamagazine.com\/mx\/articles\/audrey-hepburn-tendra-un-documental-y-aqui-tenemos-el-trailer\/","og_locale":"es_MX","og_type":"article","og_title":"Audrey Hepburn tendr\u00e1 un documental y aqu\u00ed tenemos el tr\u00e1iler","og_description":"En el 27\u00ba aniversario luctuoso de la fashion icon, todos los fans podr\u00e1n disfrutar de un documental con im\u00e1genes in\u00e9ditas y testimonios familiares.","og_url":"https:\/\/graziamagazine.com\/mx\/articles\/audrey-hepburn-tendra-un-documental-y-aqui-tenemos-el-trailer\/","og_site_name":"Grazia M\u00e9xico y Latinoam\u00e9rica","article_modified_time":"2020-10-23T19:11:50+00:00","og_image":[{"width":1200,"height":800,"url":"https:\/\/graziamagazine.com\/mx\/wp-content\/uploads\/sites\/13\/2020\/10\/Audrey-Hepburn-tendra\u0301-un-documental-y-aqui\u0301-tenemos-el-tra\u0301iler.jpg?fit=1200%2C800","type":"image\/jpeg"}],"twitter_card":"summary_large_image","twitter_misc":{"Est. reading time":"2 minutos"},"schema":{"@context":"https:\/\/schema.org","@graph":[{"@type":"WebPage","@id":"https:\/\/graziamagazine.com\/mx\/articles\/audrey-hepburn-tendra-un-documental-y-aqui-tenemos-el-trailer\/","url":"https:\/\/graziamagazine.com\/mx\/articles\/audrey-hepburn-tendra-un-documental-y-aqui-tenemos-el-trailer\/","name":"Audrey Hepburn tendr\u00e1 un documental y aqu\u00ed tenemos el tr\u00e1iler | Grazia M\u00e9xico y Latinoam\u00e9rica","isPartOf":{"@id":"https:\/\/graziamagazine.com\/mx\/#website"},"datePublished":"2020-10-23T14:58:40+00:00","dateModified":"2020-10-23T19:11:50+00:00","description":"En el 27\u00ba aniversario luctuoso de la fashion icon, todos los fans podr\u00e1n disfrutar de un documental con im\u00e1genes in\u00e9ditas y testimonios familiares.","breadcrumb":{"@id":"https:\/\/graziamagazine.com\/mx\/articles\/audrey-hepburn-tendra-un-documental-y-aqui-tenemos-el-trailer\/#breadcrumb"},"inLanguage":"es-MX","potentialAction":[{"@type":"ReadAction","target":["https:\/\/graziamagazine.com\/mx\/articles\/audrey-hepburn-tendra-un-documental-y-aqui-tenemos-el-trailer\/"]}]},{"@type":"BreadcrumbList","@id":"https:\/\/graziamagazine.com\/mx\/articles\/audrey-hepburn-tendra-un-documental-y-aqui-tenemos-el-trailer\/#breadcrumb","itemListElement":[{"@type":"ListItem","position":1,"name":"Home","item":"https:\/\/graziamagazine.com\/mx\/"},{"@type":"ListItem","position":2,"name":"Audrey Hepburn tendr\u00e1 un documental y aqu\u00ed tenemos el tr\u00e1iler"}]},{"@type":"WebSite","@id":"https:\/\/graziamagazine.com\/mx\/#website","url":"https:\/\/graziamagazine.com\/mx\/","name":"Grazia M\u00e9xico y Latinoam\u00e9rica","description":"Grazia es moda, belleza y noticias  de actualidad ","potentialAction":[{"@type":"SearchAction","target":{"@type":"EntryPoint","urlTemplate":"https:\/\/graziamagazine.com\/mx\/?s={search_term_string}"},"query-input":"required name=search_term_string"}],"inLanguage":"es-MX"}]}},"jetpack_sharing_enabled":true,"distributor_meta":false,"distributor_terms":false,"distributor_media":false,"distributor_original_site_name":"Grazia M\u00e9xico y Latinoam\u00e9rica","distributor_original_site_url":"https:\/\/graziamagazine.com\/mx","push-errors":false,"_links":{"self":[{"href":"https:\/\/graziamagazine.com\/mx\/wp-json\/wp\/v2\/articles\/89731"}],"collection":[{"href":"https:\/\/graziamagazine.com\/mx\/wp-json\/wp\/v2\/articles"}],"about":[{"href":"https:\/\/graziamagazine.com\/mx\/wp-json\/wp\/v2\/types\/articles"}],"author":[{"embeddable":true,"href":"https:\/\/graziamagazine.com\/mx\/wp-json\/wp\/v2\/users\/11628"}],"wp:featuredmedia":[{"embeddable":true,"href":"https:\/\/graziamagazine.com\/mx\/wp-json\/wp\/v2\/media\/89746"}],"wp:attachment":[{"href":"https:\/\/graziamagazine.com\/mx\/wp-json\/wp\/v2\/media?parent=89731"}],"wp:term":[{"taxonomy":"category","embeddable":true,"href":"https:\/\/graziamagazine.com\/mx\/wp-json\/wp\/v2\/categories?post=89731"}],"curies":[{"name":"wp","href":"https:\/\/api.w.org\/{rel}","templated":true}]}}