{"id":89545,"date":"2020-10-20T11:53:13","date_gmt":"2020-10-20T16:53:13","guid":{"rendered":"https:\/\/graziamagazine.com\/mx\/?post_type=articles&#038;p=89545"},"modified":"2020-10-20T13:47:10","modified_gmt":"2020-10-20T18:47:10","slug":"forever-fashion-la-campana-de-forever-21-que-llama-a-todos-los-amantes-de-la-moda","status":"publish","type":"articles","link":"https:\/\/graziamagazine.com\/mx\/articles\/forever-fashion-la-campana-de-forever-21-que-llama-a-todos-los-amantes-de-la-moda\/","title":{"rendered":"#ForeverFashion: la campa\u00f1a de Forever 21 que llama a todos los amantes de la moda"},"content":{"rendered":"<p><span style=\"font-weight: 400\"><strong>Forever 21<\/strong>\u00a0M\u00e9xico acaba de presentar una propuesta para oto\u00f1o-invierno llena de color y de talento mexicano. <strong><em>#ForeverFashion<\/em><\/strong>\u00a0<\/span><span style=\"font-weight: 400\">es su nueva campa\u00f1a, que incluye \u201cdesde vestidos coloridos y estampados radiantes hasta sacos<em> oversized<\/em> y accesorios que complementan tu <em>look<\/em>; Forever 21 tiene una propuesta para todos\u201d, comparti\u00f3 la marca en un comunicado.<\/span><\/p>\n<p><span style=\"font-weight: 400\">Los talentos mexicanos que aportaron a estas prendas son <strong>Natasha Dupeyron, B\u00e1rbara L\u00f3pez, Viviana Serna <\/strong>y<strong> Lizeth Selene.<\/strong> Natasha, por ejemplo, explora su lado <em>geeky<\/em> con sacos <em>oversized\u00a0<\/em>a rayas, botas con cintas y lentes redondos para agregarle un <em>twist cool<\/em>\u00a0a lo convencional. Adem\u00e1s, quiere que sepas que los<em> total looks<\/em> en <em>denim<\/em> son imprescindibles.\u00a0<\/span><\/p>\n<div class=\"content-gallery\"><div class=\"gallery-placeholder\"><div class=\"spinner\"><\/div><\/div><span class=\"gallery-pagination\"><\/span><div id=\"gallery-1\" class=\"gallery galleryid-89545 gallery-columns- gallery-size-\"><figure class=\"gallery-item\"><div class=\"gallery-icon landscape\"><img loading=\"lazy\" decoding=\"async\" width=\"3816\" height=\"5717\" src=\"https:\/\/graziamagazine.com\/mx\/wp-content\/uploads\/sites\/13\/2020\/10\/FOREVER-2892-1.jpg\" class=\"lazy\" alt=\"\" \/><\/div><\/figure><figure class=\"gallery-item\"><div class=\"gallery-icon landscape\"><img loading=\"lazy\" decoding=\"async\" width=\"7360\" height=\"4912\" src=\"https:\/\/graziamagazine.com\/mx\/wp-content\/uploads\/sites\/13\/2020\/10\/FOREVER-3013-1.jpg\" class=\"lazy\" alt=\"\" \/><\/div><\/figure><figure class=\"gallery-item\"><div class=\"gallery-icon landscape\"><img loading=\"lazy\" decoding=\"async\" width=\"4752\" height=\"7120\" src=\"https:\/\/graziamagazine.com\/mx\/wp-content\/uploads\/sites\/13\/2020\/10\/FOREVER-1271-1.jpg\" class=\"lazy\" alt=\"\" \/><\/div><\/figure><figure class=\"gallery-item\"><div class=\"gallery-icon landscape\"><img loading=\"lazy\" decoding=\"async\" width=\"4912\" height=\"7360\" src=\"https:\/\/graziamagazine.com\/mx\/wp-content\/uploads\/sites\/13\/2020\/10\/FOREVER-1879-1.jpg\" class=\"lazy\" alt=\"\" \/><\/div><\/figure><figure class=\"gallery-item\"><div class=\"gallery-icon landscape\"><img loading=\"lazy\" decoding=\"async\" width=\"4813\" height=\"7212\" src=\"https:\/\/graziamagazine.com\/mx\/wp-content\/uploads\/sites\/13\/2020\/10\/FOREVER-353-1.jpg\" class=\"lazy\" alt=\"\" \/><\/div><\/figure><figure class=\"gallery-item\"><div class=\"gallery-icon landscape\"><img loading=\"lazy\" decoding=\"async\" width=\"7360\" height=\"4912\" src=\"https:\/\/graziamagazine.com\/mx\/wp-content\/uploads\/sites\/13\/2020\/10\/FOREVER-2111-1.jpg\" class=\"lazy\" alt=\"\" \/><\/div><\/figure><figure class=\"gallery-item\"><div class=\"gallery-icon landscape\"><img loading=\"lazy\" decoding=\"async\" width=\"501\" height=\"750\" src=\"https:\/\/graziamagazine.com\/mx\/wp-content\/uploads\/sites\/13\/2020\/10\/FOREVER-2141.jpg\" class=\"lazy\" alt=\"\" \/><\/div><\/figure><figure class=\"gallery-item\"><div class=\"gallery-icon landscape\"><img loading=\"lazy\" decoding=\"async\" width=\"4912\" height=\"7360\" src=\"https:\/\/graziamagazine.com\/mx\/wp-content\/uploads\/sites\/13\/2020\/10\/FOREVER-2649-1.jpg\" class=\"lazy\" alt=\"\" \/><\/div><\/figure><figure class=\"gallery-item\"><div class=\"gallery-icon landscape\"><img loading=\"lazy\" decoding=\"async\" width=\"501\" height=\"750\" src=\"https:\/\/graziamagazine.com\/mx\/wp-content\/uploads\/sites\/13\/2020\/10\/FOREVER-23.jpg\" class=\"lazy\" alt=\"\" \/><\/div><\/figure><figure class=\"gallery-item\"><div class=\"gallery-icon landscape\"><img loading=\"lazy\" decoding=\"async\" width=\"4206\" height=\"6302\" src=\"https:\/\/graziamagazine.com\/mx\/wp-content\/uploads\/sites\/13\/2020\/10\/FOREVER-2953-1.jpg\" class=\"lazy\" alt=\"\" \/><\/div><\/figure><figure class=\"gallery-item\"><div class=\"gallery-icon landscape\"><img loading=\"lazy\" decoding=\"async\" width=\"4912\" height=\"7360\" src=\"https:\/\/graziamagazine.com\/mx\/wp-content\/uploads\/sites\/13\/2020\/10\/FOREVER-1736-1.jpg\" class=\"lazy\" alt=\"\" \/><\/div><\/figure><figure class=\"gallery-item\"><div class=\"gallery-icon landscape\"><img loading=\"lazy\" decoding=\"async\" width=\"501\" height=\"750\" src=\"https:\/\/graziamagazine.com\/mx\/wp-content\/uploads\/sites\/13\/2020\/10\/FOREVER-914.jpg\" class=\"lazy\" alt=\"\" \/><\/div><\/figure><figure class=\"gallery-item\"><div class=\"gallery-icon landscape\"><img loading=\"lazy\" decoding=\"async\" width=\"501\" height=\"750\" src=\"https:\/\/graziamagazine.com\/mx\/wp-content\/uploads\/sites\/13\/2020\/10\/FOREVER-104.jpg\" class=\"lazy\" alt=\"\" \/><\/div><\/figure><\/div><\/div>\n<p><span style=\"font-weight: 400\">B\u00e1rbara L\u00f3pez, por su parte, nos enamora con un estilo sexy y llamativo con prendas cl\u00e1sicas: perfecto para la mujer moderna. A su vez, Viviana Serna con un estilo dulce y cl\u00e1sico, con prendas de colores suaves que da una sensaci\u00f3n de juventud infinita. Finalmente, Lizeth Selene, \u201cla chica <em>cool<\/em>\u201d, dej\u00f3 brillar a la rockera que tiene por dentro con estampados, mezclillas y pantalones con corte <em>flare<\/em>, d\u00e1ndole un toque sexy punk.<\/span><\/p>\n<div style=\"width: 1920px;\" class=\"wp-video\"><video class=\"wp-video-shortcode\" id=\"video-89545-1\" width=\"1920\" height=\"1080\" preload=\"metadata\" controls=\"controls\"><source type=\"video\/mp4\" src=\"https:\/\/graziamagazine.com\/mx\/wp-content\/uploads\/sites\/13\/2020\/10\/1-min_FINALCC.mp4?_=1\" \/><\/video><\/div>\n<p><span style=\"font-weight: 400\">\u201cEl<em> styling<\/em> refleja un contraste entre las prendas y su entorno, un ambiente disruptivo que <\/span><span style=\"font-weight: 400\">plasma el d\u00eda a d\u00eda en la ciudad; todo al interior de un cami\u00f3n p\u00fablico. El contraste de la <\/span><span style=\"font-weight: 400\">cotidianidad con los diferentes estilos de cada personaje, crea una pieza moderna que <\/span><span style=\"font-weight: 400\">transmite moda e invita a reinventarse cada d\u00eda\u201d, nos dijo Forever 21 M\u00e9xico.<\/span><\/p>\n<p><span style=\"font-weight: 400\">En sus boutiques, sitio de <em>ecommerce<\/em> o aplicaci\u00f3n, estas prendas incre\u00edbles te permitir\u00e1n contar tu propia historia a trav\u00e9s de la moda.\u00a0<\/span><span style=\"font-weight: 400\">\u00bfQu\u00e9 esperas? Ya est\u00e1 todo listo para ser <strong><em>#ForeverFashion<\/em><\/strong> junto a Forever 21.<\/span><\/p>\n<p><span style=\"font-weight: 400\">Natasha, B\u00e1rbara L\u00f3pez, Viviana\u00a0y\u00a0Selene son cuatro talentos sin los que <em>#ForeverFashion<\/em>\u00a0 no ser\u00eda una campa\u00f1a exitosa, diversa e inclusiva.\u00a0<\/span><\/p>\n<p>Te dejamos un <em>behind the scenes<\/em> en exclusiva:<\/p>\n<div style=\"width: 3840px;\" class=\"wp-video\"><video class=\"wp-video-shortcode\" id=\"video-89545-2\" width=\"3840\" height=\"2160\" preload=\"metadata\" controls=\"controls\"><source type=\"video\/mp4\" src=\"https:\/\/graziamagazine.com\/mx\/wp-content\/uploads\/sites\/13\/2020\/10\/Behind-Th-Scenes-F21-FashionForever_ON.mp4?_=2\" \/><\/video><\/div>\n<p>&nbsp;<\/p>\n<h5><em>*IM\u00c1GENES: Cortes\u00eda Forever 21<\/em><\/h5>\n","protected":false},"author":11628,"featured_media":89591,"template":"","format":"standard","categories":[4],"acf":[],"yoast_head":"<!-- This site is optimized with the Yoast SEO Premium plugin v18.5 (Yoast SEO v20.4) - https:\/\/yoast.com\/wordpress\/plugins\/seo\/ -->\n<title>#ForeverFashion: la campa\u00f1a de Forever 21 que llama a todos los amantes de la moda | Grazia M\u00e9xico y Latinoam\u00e9rica<\/title>\n<meta name=\"description\" content=\"Mantente siempre joven y siempre a la moda con la nueva colecci\u00f3n de Forever 21 llena de talento mexicano.\" \/>\n<meta name=\"robots\" content=\"index, follow, max-snippet:-1, max-image-preview:large, max-video-preview:-1\" \/>\n<link rel=\"canonical\" href=\"https:\/\/graziamagazine.com\/mx\/articles\/forever-fashion-la-campana-de-forever-21-que-llama-a-todos-los-amantes-de-la-moda\/\" \/>\n<meta property=\"og:locale\" content=\"es_MX\" \/>\n<meta property=\"og:type\" content=\"article\" \/>\n<meta property=\"og:title\" content=\"#ForeverFashion: la campa\u00f1a de Forever 21 que llama a todos los amantes de la moda\" \/>\n<meta property=\"og:description\" content=\"Mantente siempre joven y siempre a la moda con la nueva colecci\u00f3n de Forever 21 llena de talento mexicano.\" \/>\n<meta property=\"og:url\" content=\"https:\/\/graziamagazine.com\/mx\/articles\/forever-fashion-la-campana-de-forever-21-que-llama-a-todos-los-amantes-de-la-moda\/\" \/>\n<meta property=\"og:site_name\" content=\"Grazia M\u00e9xico y Latinoam\u00e9rica\" \/>\n<meta property=\"article:modified_time\" content=\"2020-10-20T18:47:10+00:00\" \/>\n<meta property=\"og:image\" content=\"https:\/\/graziamagazine.com\/mx\/wp-content\/uploads\/sites\/13\/2020\/10\/FOREVER-2803-1.jpg?fit=7360%2C4912\" \/>\n\t<meta property=\"og:image:width\" content=\"7360\" \/>\n\t<meta property=\"og:image:height\" content=\"4912\" \/>\n\t<meta property=\"og:image:type\" content=\"image\/jpeg\" \/>\n<meta name=\"twitter:card\" content=\"summary_large_image\" \/>\n<meta name=\"twitter:label1\" content=\"Est. reading time\" \/>\n\t<meta name=\"twitter:data1\" content=\"2 minutos\" \/>\n<script type=\"application\/ld+json\" class=\"yoast-schema-graph\">{\"@context\":\"https:\/\/schema.org\",\"@graph\":[{\"@type\":\"WebPage\",\"@id\":\"https:\/\/graziamagazine.com\/mx\/articles\/forever-fashion-la-campana-de-forever-21-que-llama-a-todos-los-amantes-de-la-moda\/\",\"url\":\"https:\/\/graziamagazine.com\/mx\/articles\/forever-fashion-la-campana-de-forever-21-que-llama-a-todos-los-amantes-de-la-moda\/\",\"name\":\"#ForeverFashion: la campa\u00f1a de Forever 21 que llama a todos los amantes de la moda | Grazia M\u00e9xico y Latinoam\u00e9rica\",\"isPartOf\":{\"@id\":\"https:\/\/graziamagazine.com\/mx\/#website\"},\"datePublished\":\"2020-10-20T16:53:13+00:00\",\"dateModified\":\"2020-10-20T18:47:10+00:00\",\"description\":\"Mantente siempre joven y siempre a la moda con la nueva colecci\u00f3n de Forever 21 llena de talento mexicano.\",\"breadcrumb\":{\"@id\":\"https:\/\/graziamagazine.com\/mx\/articles\/forever-fashion-la-campana-de-forever-21-que-llama-a-todos-los-amantes-de-la-moda\/#breadcrumb\"},\"inLanguage\":\"es-MX\",\"potentialAction\":[{\"@type\":\"ReadAction\",\"target\":[\"https:\/\/graziamagazine.com\/mx\/articles\/forever-fashion-la-campana-de-forever-21-que-llama-a-todos-los-amantes-de-la-moda\/\"]}]},{\"@type\":\"BreadcrumbList\",\"@id\":\"https:\/\/graziamagazine.com\/mx\/articles\/forever-fashion-la-campana-de-forever-21-que-llama-a-todos-los-amantes-de-la-moda\/#breadcrumb\",\"itemListElement\":[{\"@type\":\"ListItem\",\"position\":1,\"name\":\"Home\",\"item\":\"https:\/\/graziamagazine.com\/mx\/\"},{\"@type\":\"ListItem\",\"position\":2,\"name\":\"#ForeverFashion: la campa\u00f1a de Forever 21 que llama a todos los amantes de la moda\"}]},{\"@type\":\"WebSite\",\"@id\":\"https:\/\/graziamagazine.com\/mx\/#website\",\"url\":\"https:\/\/graziamagazine.com\/mx\/\",\"name\":\"Grazia M\u00e9xico y Latinoam\u00e9rica\",\"description\":\"Grazia es moda, belleza y noticias  de actualidad \",\"potentialAction\":[{\"@type\":\"SearchAction\",\"target\":{\"@type\":\"EntryPoint\",\"urlTemplate\":\"https:\/\/graziamagazine.com\/mx\/?s={search_term_string}\"},\"query-input\":\"required name=search_term_string\"}],\"inLanguage\":\"es-MX\"}]}<\/script>\n<!-- \/ Yoast SEO Premium plugin. -->","yoast_head_json":{"title":"#ForeverFashion: la campa\u00f1a de Forever 21 que llama a todos los amantes de la moda | Grazia M\u00e9xico y Latinoam\u00e9rica","description":"Mantente siempre joven y siempre a la moda con la nueva colecci\u00f3n de Forever 21 llena de talento mexicano.","robots":{"index":"index","follow":"follow","max-snippet":"max-snippet:-1","max-image-preview":"max-image-preview:large","max-video-preview":"max-video-preview:-1"},"canonical":"https:\/\/graziamagazine.com\/mx\/articles\/forever-fashion-la-campana-de-forever-21-que-llama-a-todos-los-amantes-de-la-moda\/","og_locale":"es_MX","og_type":"article","og_title":"#ForeverFashion: la campa\u00f1a de Forever 21 que llama a todos los amantes de la moda","og_description":"Mantente siempre joven y siempre a la moda con la nueva colecci\u00f3n de Forever 21 llena de talento mexicano.","og_url":"https:\/\/graziamagazine.com\/mx\/articles\/forever-fashion-la-campana-de-forever-21-que-llama-a-todos-los-amantes-de-la-moda\/","og_site_name":"Grazia M\u00e9xico y Latinoam\u00e9rica","article_modified_time":"2020-10-20T18:47:10+00:00","og_image":[{"width":7360,"height":4912,"url":"https:\/\/graziamagazine.com\/mx\/wp-content\/uploads\/sites\/13\/2020\/10\/FOREVER-2803-1.jpg?fit=7360%2C4912","type":"image\/jpeg"}],"twitter_card":"summary_large_image","twitter_misc":{"Est. reading time":"2 minutos"},"schema":{"@context":"https:\/\/schema.org","@graph":[{"@type":"WebPage","@id":"https:\/\/graziamagazine.com\/mx\/articles\/forever-fashion-la-campana-de-forever-21-que-llama-a-todos-los-amantes-de-la-moda\/","url":"https:\/\/graziamagazine.com\/mx\/articles\/forever-fashion-la-campana-de-forever-21-que-llama-a-todos-los-amantes-de-la-moda\/","name":"#ForeverFashion: la campa\u00f1a de Forever 21 que llama a todos los amantes de la moda | Grazia M\u00e9xico y Latinoam\u00e9rica","isPartOf":{"@id":"https:\/\/graziamagazine.com\/mx\/#website"},"datePublished":"2020-10-20T16:53:13+00:00","dateModified":"2020-10-20T18:47:10+00:00","description":"Mantente siempre joven y siempre a la moda con la nueva colecci\u00f3n de Forever 21 llena de talento mexicano.","breadcrumb":{"@id":"https:\/\/graziamagazine.com\/mx\/articles\/forever-fashion-la-campana-de-forever-21-que-llama-a-todos-los-amantes-de-la-moda\/#breadcrumb"},"inLanguage":"es-MX","potentialAction":[{"@type":"ReadAction","target":["https:\/\/graziamagazine.com\/mx\/articles\/forever-fashion-la-campana-de-forever-21-que-llama-a-todos-los-amantes-de-la-moda\/"]}]},{"@type":"BreadcrumbList","@id":"https:\/\/graziamagazine.com\/mx\/articles\/forever-fashion-la-campana-de-forever-21-que-llama-a-todos-los-amantes-de-la-moda\/#breadcrumb","itemListElement":[{"@type":"ListItem","position":1,"name":"Home","item":"https:\/\/graziamagazine.com\/mx\/"},{"@type":"ListItem","position":2,"name":"#ForeverFashion: la campa\u00f1a de Forever 21 que llama a todos los amantes de la moda"}]},{"@type":"WebSite","@id":"https:\/\/graziamagazine.com\/mx\/#website","url":"https:\/\/graziamagazine.com\/mx\/","name":"Grazia M\u00e9xico y Latinoam\u00e9rica","description":"Grazia es moda, belleza y noticias  de actualidad ","potentialAction":[{"@type":"SearchAction","target":{"@type":"EntryPoint","urlTemplate":"https:\/\/graziamagazine.com\/mx\/?s={search_term_string}"},"query-input":"required name=search_term_string"}],"inLanguage":"es-MX"}]}},"jetpack_sharing_enabled":true,"distributor_meta":false,"distributor_terms":false,"distributor_media":false,"distributor_original_site_name":"Grazia M\u00e9xico y Latinoam\u00e9rica","distributor_original_site_url":"https:\/\/graziamagazine.com\/mx","push-errors":false,"_links":{"self":[{"href":"https:\/\/graziamagazine.com\/mx\/wp-json\/wp\/v2\/articles\/89545"}],"collection":[{"href":"https:\/\/graziamagazine.com\/mx\/wp-json\/wp\/v2\/articles"}],"about":[{"href":"https:\/\/graziamagazine.com\/mx\/wp-json\/wp\/v2\/types\/articles"}],"author":[{"embeddable":true,"href":"https:\/\/graziamagazine.com\/mx\/wp-json\/wp\/v2\/users\/11628"}],"wp:featuredmedia":[{"embeddable":true,"href":"https:\/\/graziamagazine.com\/mx\/wp-json\/wp\/v2\/media\/89591"}],"wp:attachment":[{"href":"https:\/\/graziamagazine.com\/mx\/wp-json\/wp\/v2\/media?parent=89545"}],"wp:term":[{"taxonomy":"category","embeddable":true,"href":"https:\/\/graziamagazine.com\/mx\/wp-json\/wp\/v2\/categories?post=89545"}],"curies":[{"name":"wp","href":"https:\/\/api.w.org\/{rel}","templated":true}]}}