{"id":89415,"date":"2020-10-12T12:34:40","date_gmt":"2020-10-12T17:34:40","guid":{"rendered":"https:\/\/graziamagazine.com\/mx\/?post_type=articles&#038;p=89415"},"modified":"2020-10-12T12:59:06","modified_gmt":"2020-10-12T17:59:06","slug":"89415","status":"publish","type":"articles","link":"https:\/\/graziamagazine.com\/mx\/articles\/89415\/","title":{"rendered":"La nueva colecci\u00f3n de bolsas ex\u00f3ticas de Louis Vuitton modeladas por la sensaci\u00f3n oaxaque\u00f1a Karen Espinosa\u00a0"},"content":{"rendered":"<div class=\"page\" title=\"Page 47\">\n<div class=\"layoutArea\">\n<div class=\"column\">\n<p>&nbsp;<\/p>\n<\/div>\n<\/div>\n<\/div>\n<div class=\"content-gallery\"><div class=\"gallery-placeholder\"><div class=\"spinner\"><\/div><\/div><span class=\"gallery-pagination\"><\/span><div id=\"gallery-1\" class=\"gallery galleryid-89415 gallery-columns- gallery-size-\"><figure class=\"gallery-item\"><div class=\"gallery-icon landscape\"><img loading=\"lazy\" decoding=\"async\" width=\"2000\" height=\"3000\" src=\"https:\/\/graziamagazine.com\/mx\/wp-content\/uploads\/sites\/13\/2020\/10\/IMG_0500-copia.jpg\" class=\"lazy\" alt=\"\" \/><\/div><\/figure><figure class=\"gallery-item\"><div class=\"gallery-icon landscape\"><img loading=\"lazy\" decoding=\"async\" width=\"700\" height=\"1050\" src=\"https:\/\/graziamagazine.com\/mx\/wp-content\/uploads\/sites\/13\/2020\/10\/lv-1.jpg\" class=\"lazy\" alt=\"\" \/><\/div><\/figure><figure class=\"gallery-item\"><div class=\"gallery-icon landscape\"><img loading=\"lazy\" decoding=\"async\" width=\"700\" height=\"1050\" src=\"https:\/\/graziamagazine.com\/mx\/wp-content\/uploads\/sites\/13\/2020\/10\/karen.jpg\" class=\"lazy\" alt=\"\" \/><\/div><\/figure><figure class=\"gallery-item\"><div class=\"gallery-icon landscape\"><img loading=\"lazy\" decoding=\"async\" width=\"700\" height=\"1050\" src=\"https:\/\/graziamagazine.com\/mx\/wp-content\/uploads\/sites\/13\/2020\/10\/lv-2.jpg\" class=\"lazy\" alt=\"\" \/><\/div><\/figure><figure class=\"gallery-item\"><div class=\"gallery-icon landscape\"><img loading=\"lazy\" decoding=\"async\" width=\"700\" height=\"1050\" src=\"https:\/\/graziamagazine.com\/mx\/wp-content\/uploads\/sites\/13\/2020\/10\/lv-3.jpg\" class=\"lazy\" alt=\"\" \/><\/div><\/figure><figure class=\"gallery-item\"><div class=\"gallery-icon landscape\"><img loading=\"lazy\" decoding=\"async\" width=\"700\" height=\"1050\" src=\"https:\/\/graziamagazine.com\/mx\/wp-content\/uploads\/sites\/13\/2020\/10\/7-3.jpg\" class=\"lazy\" alt=\"\" \/><\/div><\/figure><figure class=\"gallery-item\"><div class=\"gallery-icon landscape\"><img loading=\"lazy\" decoding=\"async\" width=\"700\" height=\"1050\" src=\"https:\/\/graziamagazine.com\/mx\/wp-content\/uploads\/sites\/13\/2020\/10\/lv-4.jpg\" class=\"lazy\" alt=\"\" \/><\/div><\/figure><figure class=\"gallery-item\"><div class=\"gallery-icon landscape\"><img loading=\"lazy\" decoding=\"async\" width=\"700\" height=\"1050\" src=\"https:\/\/graziamagazine.com\/mx\/wp-content\/uploads\/sites\/13\/2020\/10\/lv-8.jpg\" class=\"lazy\" alt=\"\" \/><\/div><\/figure><figure class=\"gallery-item\"><div class=\"gallery-icon landscape\"><img loading=\"lazy\" decoding=\"async\" width=\"700\" height=\"1050\" src=\"https:\/\/graziamagazine.com\/mx\/wp-content\/uploads\/sites\/13\/2020\/10\/lv-5.jpg\" class=\"lazy\" alt=\"\" \/><\/div><\/figure><figure class=\"gallery-item\"><div class=\"gallery-icon landscape\"><img loading=\"lazy\" decoding=\"async\" width=\"700\" height=\"1050\" src=\"https:\/\/graziamagazine.com\/mx\/wp-content\/uploads\/sites\/13\/2020\/10\/lv-9.jpg\" class=\"lazy\" alt=\"\" \/><\/div><\/figure><figure class=\"gallery-item\"><div class=\"gallery-icon landscape\"><img loading=\"lazy\" decoding=\"async\" width=\"700\" height=\"1050\" src=\"https:\/\/graziamagazine.com\/mx\/wp-content\/uploads\/sites\/13\/2020\/10\/lv-10.jpg\" class=\"lazy\" alt=\"\" \/><\/div><\/figure><\/div><\/div>\n<p><em><a href=\"https:\/\/graziamagazine.com\/mx\/articles\/pasha-de-cartier-conoce-la-reinterpretacion-de-un-clasico-de-la-mano-de-sus-embajadores\/\" target=\"_blank\" rel=\"noopener noreferrer\">Reloj Pasha<\/a> 42 mm en acero y anillos, pulseras y aretes en oro, los u\u0301ltimos con diamantes, Clash, todo, Cartier.\u00a0<\/em><\/p>\n<h5><em>Fotograf\u00edas Santiago Ruise\u00f1or<\/em><\/h5>\n<h5><em>Editora de moda Annie Lask<\/em><\/h5>\n<div class=\"page\" title=\"Page 69\">\n<div class=\"layoutArea\">\n<div class=\"column\">\n<h5><em>Maquillaje y peinado: Gustavo Bortolotti.<\/em><\/h5>\n<h5><em>Agradecemos al Hotel Ci\u0301rculo Mexicano todas las atenciones para la realizacio\u0301n de esta produccio\u0301n.<\/em><\/h5>\n<\/div>\n<\/div>\n<\/div>\n","protected":false},"author":11636,"featured_media":89418,"template":"","format":"standard","categories":[4],"acf":[],"yoast_head":"<!-- This site is optimized with the Yoast SEO Premium plugin v18.5 (Yoast SEO v20.4) - https:\/\/yoast.com\/wordpress\/plugins\/seo\/ -->\n<title>La nueva colecci\u00f3n de bolsas ex\u00f3ticas de Louis Vuitton modeladas por la sensaci\u00f3n oaxaque\u00f1a Karen Espinosa\u00a0 | Grazia M\u00e9xico y Latinoam\u00e9rica<\/title>\n<meta name=\"description\" content=\"Te presentamos una retro bag divertida y elegante, la mini que siempre llama la atenci\u00f3n y el tono infalible con textura.\u00a0\" \/>\n<meta name=\"robots\" content=\"index, follow, max-snippet:-1, max-image-preview:large, max-video-preview:-1\" \/>\n<link rel=\"canonical\" href=\"https:\/\/graziamagazine.com\/mx\/articles\/89415\/\" \/>\n<meta property=\"og:locale\" content=\"es_MX\" \/>\n<meta property=\"og:type\" content=\"article\" \/>\n<meta property=\"og:title\" content=\"La nueva colecci\u00f3n de bolsas ex\u00f3ticas de Louis Vuitton modeladas por la sensaci\u00f3n oaxaque\u00f1a Karen Espinosa\u00a0\" \/>\n<meta property=\"og:description\" content=\"Te presentamos una retro bag divertida y elegante, la mini que siempre llama la atenci\u00f3n y el tono infalible con textura.\u00a0\" \/>\n<meta property=\"og:url\" content=\"https:\/\/graziamagazine.com\/mx\/articles\/89415\/\" \/>\n<meta property=\"og:site_name\" content=\"Grazia M\u00e9xico y Latinoam\u00e9rica\" \/>\n<meta property=\"article:modified_time\" content=\"2020-10-12T17:59:06+00:00\" \/>\n<meta property=\"og:image\" content=\"https:\/\/graziamagazine.com\/mx\/wp-content\/uploads\/sites\/13\/2020\/10\/Karen-destacada.jpg?fit=700%2C544\" \/>\n\t<meta property=\"og:image:width\" content=\"700\" \/>\n\t<meta property=\"og:image:height\" content=\"544\" \/>\n\t<meta property=\"og:image:type\" content=\"image\/jpeg\" \/>\n<meta name=\"twitter:card\" content=\"summary_large_image\" \/>\n<script type=\"application\/ld+json\" class=\"yoast-schema-graph\">{\"@context\":\"https:\/\/schema.org\",\"@graph\":[{\"@type\":\"WebPage\",\"@id\":\"https:\/\/graziamagazine.com\/mx\/articles\/89415\/\",\"url\":\"https:\/\/graziamagazine.com\/mx\/articles\/89415\/\",\"name\":\"La nueva colecci\u00f3n de bolsas ex\u00f3ticas de Louis Vuitton modeladas por la sensaci\u00f3n oaxaque\u00f1a Karen Espinosa\u00a0 | Grazia M\u00e9xico y Latinoam\u00e9rica\",\"isPartOf\":{\"@id\":\"https:\/\/graziamagazine.com\/mx\/#website\"},\"datePublished\":\"2020-10-12T17:34:40+00:00\",\"dateModified\":\"2020-10-12T17:59:06+00:00\",\"description\":\"Te presentamos una retro bag divertida y elegante, la mini que siempre llama la atenci\u00f3n y el tono infalible con textura.\u00a0\",\"breadcrumb\":{\"@id\":\"https:\/\/graziamagazine.com\/mx\/articles\/89415\/#breadcrumb\"},\"inLanguage\":\"es-MX\",\"potentialAction\":[{\"@type\":\"ReadAction\",\"target\":[\"https:\/\/graziamagazine.com\/mx\/articles\/89415\/\"]}]},{\"@type\":\"BreadcrumbList\",\"@id\":\"https:\/\/graziamagazine.com\/mx\/articles\/89415\/#breadcrumb\",\"itemListElement\":[{\"@type\":\"ListItem\",\"position\":1,\"name\":\"Home\",\"item\":\"https:\/\/graziamagazine.com\/mx\/\"},{\"@type\":\"ListItem\",\"position\":2,\"name\":\"La nueva colecci\u00f3n de bolsas ex\u00f3ticas de Louis Vuitton modeladas por la sensaci\u00f3n oaxaque\u00f1a Karen Espinosa\u00a0\"}]},{\"@type\":\"WebSite\",\"@id\":\"https:\/\/graziamagazine.com\/mx\/#website\",\"url\":\"https:\/\/graziamagazine.com\/mx\/\",\"name\":\"Grazia M\u00e9xico y Latinoam\u00e9rica\",\"description\":\"Grazia es moda, belleza y noticias  de actualidad \",\"potentialAction\":[{\"@type\":\"SearchAction\",\"target\":{\"@type\":\"EntryPoint\",\"urlTemplate\":\"https:\/\/graziamagazine.com\/mx\/?s={search_term_string}\"},\"query-input\":\"required name=search_term_string\"}],\"inLanguage\":\"es-MX\"}]}<\/script>\n<!-- \/ Yoast SEO Premium plugin. -->","yoast_head_json":{"title":"La nueva colecci\u00f3n de bolsas ex\u00f3ticas de Louis Vuitton modeladas por la sensaci\u00f3n oaxaque\u00f1a Karen Espinosa\u00a0 | Grazia M\u00e9xico y Latinoam\u00e9rica","description":"Te presentamos una retro bag divertida y elegante, la mini que siempre llama la atenci\u00f3n y el tono infalible con textura.\u00a0","robots":{"index":"index","follow":"follow","max-snippet":"max-snippet:-1","max-image-preview":"max-image-preview:large","max-video-preview":"max-video-preview:-1"},"canonical":"https:\/\/graziamagazine.com\/mx\/articles\/89415\/","og_locale":"es_MX","og_type":"article","og_title":"La nueva colecci\u00f3n de bolsas ex\u00f3ticas de Louis Vuitton modeladas por la sensaci\u00f3n oaxaque\u00f1a Karen Espinosa\u00a0","og_description":"Te presentamos una retro bag divertida y elegante, la mini que siempre llama la atenci\u00f3n y el tono infalible con textura.\u00a0","og_url":"https:\/\/graziamagazine.com\/mx\/articles\/89415\/","og_site_name":"Grazia M\u00e9xico y Latinoam\u00e9rica","article_modified_time":"2020-10-12T17:59:06+00:00","og_image":[{"width":700,"height":544,"url":"https:\/\/graziamagazine.com\/mx\/wp-content\/uploads\/sites\/13\/2020\/10\/Karen-destacada.jpg?fit=700%2C544","type":"image\/jpeg"}],"twitter_card":"summary_large_image","schema":{"@context":"https:\/\/schema.org","@graph":[{"@type":"WebPage","@id":"https:\/\/graziamagazine.com\/mx\/articles\/89415\/","url":"https:\/\/graziamagazine.com\/mx\/articles\/89415\/","name":"La nueva colecci\u00f3n de bolsas ex\u00f3ticas de Louis Vuitton modeladas por la sensaci\u00f3n oaxaque\u00f1a Karen Espinosa\u00a0 | Grazia M\u00e9xico y Latinoam\u00e9rica","isPartOf":{"@id":"https:\/\/graziamagazine.com\/mx\/#website"},"datePublished":"2020-10-12T17:34:40+00:00","dateModified":"2020-10-12T17:59:06+00:00","description":"Te presentamos una retro bag divertida y elegante, la mini que siempre llama la atenci\u00f3n y el tono infalible con textura.\u00a0","breadcrumb":{"@id":"https:\/\/graziamagazine.com\/mx\/articles\/89415\/#breadcrumb"},"inLanguage":"es-MX","potentialAction":[{"@type":"ReadAction","target":["https:\/\/graziamagazine.com\/mx\/articles\/89415\/"]}]},{"@type":"BreadcrumbList","@id":"https:\/\/graziamagazine.com\/mx\/articles\/89415\/#breadcrumb","itemListElement":[{"@type":"ListItem","position":1,"name":"Home","item":"https:\/\/graziamagazine.com\/mx\/"},{"@type":"ListItem","position":2,"name":"La nueva colecci\u00f3n de bolsas ex\u00f3ticas de Louis Vuitton modeladas por la sensaci\u00f3n oaxaque\u00f1a Karen Espinosa\u00a0"}]},{"@type":"WebSite","@id":"https:\/\/graziamagazine.com\/mx\/#website","url":"https:\/\/graziamagazine.com\/mx\/","name":"Grazia M\u00e9xico y Latinoam\u00e9rica","description":"Grazia es moda, belleza y noticias  de actualidad ","potentialAction":[{"@type":"SearchAction","target":{"@type":"EntryPoint","urlTemplate":"https:\/\/graziamagazine.com\/mx\/?s={search_term_string}"},"query-input":"required name=search_term_string"}],"inLanguage":"es-MX"}]}},"jetpack_sharing_enabled":true,"distributor_meta":false,"distributor_terms":false,"distributor_media":false,"distributor_original_site_name":"Grazia M\u00e9xico y Latinoam\u00e9rica","distributor_original_site_url":"https:\/\/graziamagazine.com\/mx","push-errors":false,"_links":{"self":[{"href":"https:\/\/graziamagazine.com\/mx\/wp-json\/wp\/v2\/articles\/89415"}],"collection":[{"href":"https:\/\/graziamagazine.com\/mx\/wp-json\/wp\/v2\/articles"}],"about":[{"href":"https:\/\/graziamagazine.com\/mx\/wp-json\/wp\/v2\/types\/articles"}],"author":[{"embeddable":true,"href":"https:\/\/graziamagazine.com\/mx\/wp-json\/wp\/v2\/users\/11636"}],"wp:featuredmedia":[{"embeddable":true,"href":"https:\/\/graziamagazine.com\/mx\/wp-json\/wp\/v2\/media\/89418"}],"wp:attachment":[{"href":"https:\/\/graziamagazine.com\/mx\/wp-json\/wp\/v2\/media?parent=89415"}],"wp:term":[{"taxonomy":"category","embeddable":true,"href":"https:\/\/graziamagazine.com\/mx\/wp-json\/wp\/v2\/categories?post=89415"}],"curies":[{"name":"wp","href":"https:\/\/api.w.org\/{rel}","templated":true}]}}