{"id":89366,"date":"2020-10-08T19:34:05","date_gmt":"2020-10-09T00:34:05","guid":{"rendered":"https:\/\/graziamagazine.com\/mx\/?post_type=articles&#038;p=89366"},"modified":"2020-10-12T12:12:34","modified_gmt":"2020-10-12T17:12:34","slug":"karen","status":"publish","type":"articles","link":"https:\/\/graziamagazine.com\/mx\/articles\/karen\/","title":{"rendered":"Ella es Karen Espinosa, la modelo oxaque\u00f1a que est\u00e1 llamando la atenci\u00f3n a nivel internacional"},"content":{"rendered":"<div class=\"page\" title=\"Page 92\">\n<div class=\"layoutArea\">\n<div class=\"column\">\n<p><span style=\"line-height: 1.5\">A <strong>Karen<\/strong> la descubrieron en el taller de la esposa de su abuelo. A ella le probaban los vestidos, servi\u0301a como una especie de maniqui\u0301. Pompi, uno de sus managers, la vio alli\u0301 y la invito\u0301 a participar en el proyecto Realismo Ma\u0301gico, donde conocio\u0301 a su otro manager Enrique Leyva, quien en esa ocasio\u0301n la fotografio\u0301.\u00a0<\/span><\/p>\n<div class=\"page\" title=\"Page 64\">\n<div class=\"layoutArea\">\n<div class=\"column\">\n<p>Cuando le preguntamos que\u0301 siente cuanto posa frente a la ca\u0301mara, Karen entusiasmada contesto\u0301: \u201cMe siento muy feliz de modelar y muy segura de mi\u0301 misma, ya que justamente busco que en mis fotos salga reflejado quien soy en realidad, el poder y la fuerza que quiero transmitir\u201d.<\/p>\n<p>El modelaje ha cambiado en definitiva su vida, porque le ha dado no solamente un mundo nuevo a descubrir sino otra perspectiva, es un trabajo que tal vez nunca imagino\u0301&#8230; \u201cSi\u0301 me ha cambiado la vida tanto fi\u0301sica como psicolo\u0301gicamente. Fi\u0301sicamente cuido ma\u0301s mi cuerpo y lo respeto como es y psicolo\u0301gicamente porque me doy cuenta de todo el apoyo y toda la gente que se identifica conmigo. Todo lo que me ha pasado me ha servido para crecer ma\u0301s como persona, reconocerme y saber que nunca cambiare\u0301 quien soy\u201d.<\/p>\n<div class=\"content-gallery\"><div class=\"gallery-placeholder\"><div class=\"spinner\"><\/div><\/div><span class=\"gallery-pagination\"><\/span><div id=\"gallery-1\" class=\"gallery galleryid-89366 gallery-columns- gallery-size-\"><figure class=\"gallery-item\"><div class=\"gallery-icon landscape\"><img loading=\"lazy\" decoding=\"async\" width=\"700\" height=\"1050\" src=\"https:\/\/graziamagazine.com\/mx\/wp-content\/uploads\/sites\/13\/2020\/10\/karen.jpg\" class=\"lazy\" alt=\"\" \/><\/div><\/figure><figure class=\"gallery-item\"><div class=\"gallery-icon landscape\"><img loading=\"lazy\" decoding=\"async\" width=\"700\" height=\"1050\" src=\"https:\/\/graziamagazine.com\/mx\/wp-content\/uploads\/sites\/13\/2020\/10\/7-3.jpg\" class=\"lazy\" alt=\"\" \/><\/div><\/figure><\/div><\/div>\n<p>&nbsp;<\/p>\n<p><strong>\u00bfCo\u0301mo te ves en el futuro, digamos dentro de 3 an\u0303os?<\/strong><\/p>\n<p>\u201cNo me gusta planear el futuro y siempre dejo que pase lo que tenga que pasar. Solamente se\u0301 que seguire\u0301 trabajando duro para poder llegar ma\u0301s lejos dentro y fuera del pai\u0301s y seguire\u0301 estudiando, por supuesto\u201d.<\/p>\n<\/div>\n<div class=\"column\">\n<p>\u00bfQue\u0301 le diri\u0301as a las chicas de tu edad? \u201cQue sigan adelante, que hoy la etapa que vivimos es mejor, que los medios se adaptan a nosotros y a nuestras caracteri\u0301sticas, muchas han luchado por eso y justo por eso nunca se dejen vencer. Todo pasa por algo, pero principalmente que en su vocabulario no entren las palabras \u2018no puedo\u2019 porque todo en esta vida se puede y si no sale a la primera hay que volverlo a intentar, vera\u0301n que asi\u0301 lo lograra\u0301n.<\/p>\n<p><strong>A que\u0301 mujer y hombre admiras y por que\u0301.<\/strong><\/p>\n<p>\u201cA la primera persona que admiro en esta vida y que me da fuerza para seguir adelante y que me ha forjado a ser quien soy es mi madre, ya que sin importar las cosas que haga o los errores que cometa, ella siempre estara\u0301 conmigo. En una palabra mi mama\u0301 para mi\u0301 lo es todo y es la que me inspira\u00a0a ser cada di\u0301a mejor persona. No se\u0301 que\u0301 hari\u0301a si un di\u0301a me llegara a faltar&#8230; La segunda persona a quien admiro es mi papa\u0301, a pesar de que ha habido momentos difi\u0301ciles entre nosotros, lo quiero porque me admira mucho y siempre me apoya a seguir mi suen\u0303o con sus palabras y acciones. Tambie\u0301n se\u0301 que sus palabras son para que me convierta en una mejor persona\u201d.<\/p>\n<p>A Karen Espinosa sin duda, le espera un futuro increi\u0301ble que ella misma se esta\u0301 construyendo teniendo claro que no esta\u0301 dispuesta a dejar pasar ninguna oportunidad, siempre segura y empoderada. \u00a1Que\u0301 asi\u0301 sea!<\/p>\n<div class=\"page\" title=\"Page 33\">\n<div class=\"layoutArea\">\n<div class=\"column\">\n<div class=\"content-gallery\"><div class=\"gallery-placeholder\"><div class=\"spinner\"><\/div><\/div><span class=\"gallery-pagination\"><\/span><div id=\"gallery-2\" class=\"gallery galleryid-89366 gallery-columns- gallery-size-\"><figure class=\"gallery-item\"><div class=\"gallery-icon landscape\"><img loading=\"lazy\" decoding=\"async\" width=\"700\" height=\"1050\" src=\"https:\/\/graziamagazine.com\/mx\/wp-content\/uploads\/sites\/13\/2020\/10\/lv-10.jpg\" class=\"lazy\" alt=\"\" \/><\/div><\/figure><figure class=\"gallery-item\"><div class=\"gallery-icon landscape\"><img loading=\"lazy\" decoding=\"async\" width=\"700\" height=\"1050\" src=\"https:\/\/graziamagazine.com\/mx\/wp-content\/uploads\/sites\/13\/2020\/10\/lv-8.jpg\" class=\"lazy\" alt=\"\" \/><\/div><\/figure><figure class=\"gallery-item\"><div class=\"gallery-icon landscape\"><img loading=\"lazy\" decoding=\"async\" width=\"700\" height=\"1050\" src=\"https:\/\/graziamagazine.com\/mx\/wp-content\/uploads\/sites\/13\/2020\/10\/lv-9.jpg\" class=\"lazy\" alt=\"\" \/><\/div><\/figure><\/div><\/div>\n<\/div>\n<\/div>\n<\/div>\n<\/div>\n<\/div>\n<\/div>\n<\/div>\n<\/div>\n<\/div>\n<div class=\"page\" title=\"Page 69\">\n<div class=\"layoutArea\">\n<div class=\"column\">\n<div class=\"page\" title=\"Page 34\">\n<div class=\"layoutArea\">\n<div class=\"column\">\n<p><em style=\"font-family: inherit;font-size: 15px;line-height: 1.5\"><a href=\"https:\/\/graziamagazine.com\/mx\/articles\/pasha-de-cartier-conoce-la-reinterpretacion-de-un-clasico-de-la-mano-de-sus-embajadores\/\" target=\"_blank\" rel=\"noopener noreferrer\">Reloj Pasha<\/a> 42 mm en acero y anillos, pulseras y aretes en oro, los u\u0301ltimos con diamantes, Clash, todo, Cartier.\u00a0<\/em><\/p>\n<p><em style=\"line-height: 1.5\">Bolsos y looks, todo, Louis Vuitton<\/em><\/p>\n<div class=\"page\" title=\"Page 34\">\n<div class=\"layoutArea\">\n<div class=\"column\">\n<p>&nbsp;<\/p>\n<\/div>\n<\/div>\n<\/div>\n<\/div>\n<\/div>\n<\/div>\n<\/div>\n<\/div>\n<\/div>\n<h5><em>Fotograf\u00edas Santiago Ruise\u00f1or<\/em><\/h5>\n<h5><em> Editora de moda Annie Lask<\/em><\/h5>\n<div class=\"page\" title=\"Page 69\">\n<div class=\"layoutArea\">\n<div class=\"column\">\n<h5><em>Maquillaje y peinado: Gustavo Bortolotti. <\/em><\/h5>\n<h5><em>Agradecemos al Hotel Ci\u0301rculo Mexicano todas las atenciones para la realizacio\u0301n de esta produccio\u0301n.<\/em><\/h5>\n<\/div>\n<\/div>\n<\/div>\n","protected":false},"author":11636,"featured_media":89412,"template":"","format":"standard","categories":[4],"acf":[],"yoast_head":"<!-- This site is optimized with the Yoast SEO Premium plugin v18.5 (Yoast SEO v20.4) - https:\/\/yoast.com\/wordpress\/plugins\/seo\/ -->\n<title>Ella es Karen Espinosa, la modelo oxaque\u00f1a que est\u00e1 llamando la atenci\u00f3n a nivel internacional | Grazia M\u00e9xico y Latinoam\u00e9rica<\/title>\n<meta name=\"description\" content=\"Te presentamos a una de las bellezas del sur mexicano y un incre\u00edble reloj, Pasha de Cartier.\" \/>\n<meta name=\"robots\" content=\"index, follow, max-snippet:-1, max-image-preview:large, max-video-preview:-1\" \/>\n<link rel=\"canonical\" href=\"https:\/\/graziamagazine.com\/mx\/articles\/karen\/\" \/>\n<meta property=\"og:locale\" content=\"es_MX\" \/>\n<meta property=\"og:type\" content=\"article\" \/>\n<meta property=\"og:title\" content=\"Ella es Karen Espinosa, la modelo oxaque\u00f1a que est\u00e1 llamando la atenci\u00f3n a nivel internacional\" \/>\n<meta property=\"og:description\" content=\"Te presentamos a una de las bellezas del sur mexicano y un incre\u00edble reloj, Pasha de Cartier.\" \/>\n<meta property=\"og:url\" content=\"https:\/\/graziamagazine.com\/mx\/articles\/karen\/\" \/>\n<meta property=\"og:site_name\" content=\"Grazia M\u00e9xico y Latinoam\u00e9rica\" \/>\n<meta property=\"article:modified_time\" content=\"2020-10-12T17:12:34+00:00\" \/>\n<meta property=\"og:image\" content=\"https:\/\/graziamagazine.com\/mx\/wp-content\/uploads\/sites\/13\/2020\/10\/IMG_0500.jpg?fit=1992%2C1289\" \/>\n\t<meta property=\"og:image:width\" content=\"1992\" \/>\n\t<meta property=\"og:image:height\" content=\"1289\" \/>\n\t<meta property=\"og:image:type\" content=\"image\/jpeg\" \/>\n<meta name=\"twitter:card\" content=\"summary_large_image\" \/>\n<meta name=\"twitter:label1\" content=\"Est. reading time\" \/>\n\t<meta name=\"twitter:data1\" content=\"3 minutos\" \/>\n<script type=\"application\/ld+json\" class=\"yoast-schema-graph\">{\"@context\":\"https:\/\/schema.org\",\"@graph\":[{\"@type\":\"WebPage\",\"@id\":\"https:\/\/graziamagazine.com\/mx\/articles\/karen\/\",\"url\":\"https:\/\/graziamagazine.com\/mx\/articles\/karen\/\",\"name\":\"Ella es Karen Espinosa, la modelo oxaque\u00f1a que est\u00e1 llamando la atenci\u00f3n a nivel internacional | Grazia M\u00e9xico y Latinoam\u00e9rica\",\"isPartOf\":{\"@id\":\"https:\/\/graziamagazine.com\/mx\/#website\"},\"datePublished\":\"2020-10-09T00:34:05+00:00\",\"dateModified\":\"2020-10-12T17:12:34+00:00\",\"description\":\"Te presentamos a una de las bellezas del sur mexicano y un incre\u00edble reloj, Pasha de Cartier.\",\"breadcrumb\":{\"@id\":\"https:\/\/graziamagazine.com\/mx\/articles\/karen\/#breadcrumb\"},\"inLanguage\":\"es-MX\",\"potentialAction\":[{\"@type\":\"ReadAction\",\"target\":[\"https:\/\/graziamagazine.com\/mx\/articles\/karen\/\"]}]},{\"@type\":\"BreadcrumbList\",\"@id\":\"https:\/\/graziamagazine.com\/mx\/articles\/karen\/#breadcrumb\",\"itemListElement\":[{\"@type\":\"ListItem\",\"position\":1,\"name\":\"Home\",\"item\":\"https:\/\/graziamagazine.com\/mx\/\"},{\"@type\":\"ListItem\",\"position\":2,\"name\":\"Ella es Karen Espinosa, la modelo oxaque\u00f1a que est\u00e1 llamando la atenci\u00f3n a nivel internacional\"}]},{\"@type\":\"WebSite\",\"@id\":\"https:\/\/graziamagazine.com\/mx\/#website\",\"url\":\"https:\/\/graziamagazine.com\/mx\/\",\"name\":\"Grazia M\u00e9xico y Latinoam\u00e9rica\",\"description\":\"Grazia es moda, belleza y noticias  de actualidad \",\"potentialAction\":[{\"@type\":\"SearchAction\",\"target\":{\"@type\":\"EntryPoint\",\"urlTemplate\":\"https:\/\/graziamagazine.com\/mx\/?s={search_term_string}\"},\"query-input\":\"required name=search_term_string\"}],\"inLanguage\":\"es-MX\"}]}<\/script>\n<!-- \/ Yoast SEO Premium plugin. -->","yoast_head_json":{"title":"Ella es Karen Espinosa, la modelo oxaque\u00f1a que est\u00e1 llamando la atenci\u00f3n a nivel internacional | Grazia M\u00e9xico y Latinoam\u00e9rica","description":"Te presentamos a una de las bellezas del sur mexicano y un incre\u00edble reloj, Pasha de Cartier.","robots":{"index":"index","follow":"follow","max-snippet":"max-snippet:-1","max-image-preview":"max-image-preview:large","max-video-preview":"max-video-preview:-1"},"canonical":"https:\/\/graziamagazine.com\/mx\/articles\/karen\/","og_locale":"es_MX","og_type":"article","og_title":"Ella es Karen Espinosa, la modelo oxaque\u00f1a que est\u00e1 llamando la atenci\u00f3n a nivel internacional","og_description":"Te presentamos a una de las bellezas del sur mexicano y un incre\u00edble reloj, Pasha de Cartier.","og_url":"https:\/\/graziamagazine.com\/mx\/articles\/karen\/","og_site_name":"Grazia M\u00e9xico y Latinoam\u00e9rica","article_modified_time":"2020-10-12T17:12:34+00:00","og_image":[{"width":1992,"height":1289,"url":"https:\/\/graziamagazine.com\/mx\/wp-content\/uploads\/sites\/13\/2020\/10\/IMG_0500.jpg?fit=1992%2C1289","type":"image\/jpeg"}],"twitter_card":"summary_large_image","twitter_misc":{"Est. reading time":"3 minutos"},"schema":{"@context":"https:\/\/schema.org","@graph":[{"@type":"WebPage","@id":"https:\/\/graziamagazine.com\/mx\/articles\/karen\/","url":"https:\/\/graziamagazine.com\/mx\/articles\/karen\/","name":"Ella es Karen Espinosa, la modelo oxaque\u00f1a que est\u00e1 llamando la atenci\u00f3n a nivel internacional | Grazia M\u00e9xico y Latinoam\u00e9rica","isPartOf":{"@id":"https:\/\/graziamagazine.com\/mx\/#website"},"datePublished":"2020-10-09T00:34:05+00:00","dateModified":"2020-10-12T17:12:34+00:00","description":"Te presentamos a una de las bellezas del sur mexicano y un incre\u00edble reloj, Pasha de Cartier.","breadcrumb":{"@id":"https:\/\/graziamagazine.com\/mx\/articles\/karen\/#breadcrumb"},"inLanguage":"es-MX","potentialAction":[{"@type":"ReadAction","target":["https:\/\/graziamagazine.com\/mx\/articles\/karen\/"]}]},{"@type":"BreadcrumbList","@id":"https:\/\/graziamagazine.com\/mx\/articles\/karen\/#breadcrumb","itemListElement":[{"@type":"ListItem","position":1,"name":"Home","item":"https:\/\/graziamagazine.com\/mx\/"},{"@type":"ListItem","position":2,"name":"Ella es Karen Espinosa, la modelo oxaque\u00f1a que est\u00e1 llamando la atenci\u00f3n a nivel internacional"}]},{"@type":"WebSite","@id":"https:\/\/graziamagazine.com\/mx\/#website","url":"https:\/\/graziamagazine.com\/mx\/","name":"Grazia M\u00e9xico y Latinoam\u00e9rica","description":"Grazia es moda, belleza y noticias  de actualidad ","potentialAction":[{"@type":"SearchAction","target":{"@type":"EntryPoint","urlTemplate":"https:\/\/graziamagazine.com\/mx\/?s={search_term_string}"},"query-input":"required name=search_term_string"}],"inLanguage":"es-MX"}]}},"jetpack_sharing_enabled":true,"distributor_meta":false,"distributor_terms":false,"distributor_media":false,"distributor_original_site_name":"Grazia M\u00e9xico y Latinoam\u00e9rica","distributor_original_site_url":"https:\/\/graziamagazine.com\/mx","push-errors":false,"_links":{"self":[{"href":"https:\/\/graziamagazine.com\/mx\/wp-json\/wp\/v2\/articles\/89366"}],"collection":[{"href":"https:\/\/graziamagazine.com\/mx\/wp-json\/wp\/v2\/articles"}],"about":[{"href":"https:\/\/graziamagazine.com\/mx\/wp-json\/wp\/v2\/types\/articles"}],"author":[{"embeddable":true,"href":"https:\/\/graziamagazine.com\/mx\/wp-json\/wp\/v2\/users\/11636"}],"wp:featuredmedia":[{"embeddable":true,"href":"https:\/\/graziamagazine.com\/mx\/wp-json\/wp\/v2\/media\/89412"}],"wp:attachment":[{"href":"https:\/\/graziamagazine.com\/mx\/wp-json\/wp\/v2\/media?parent=89366"}],"wp:term":[{"taxonomy":"category","embeddable":true,"href":"https:\/\/graziamagazine.com\/mx\/wp-json\/wp\/v2\/categories?post=89366"}],"curies":[{"name":"wp","href":"https:\/\/api.w.org\/{rel}","templated":true}]}}