{"id":89267,"date":"2020-10-06T17:34:33","date_gmt":"2020-10-06T22:34:33","guid":{"rendered":"https:\/\/graziamagazine.com\/mx\/?post_type=articles&#038;p=89267"},"modified":"2020-10-07T10:27:04","modified_gmt":"2020-10-07T15:27:04","slug":"alguien-muy-importante-dio-el-visto-bueno-al-vestido-que-lady-diana-usara-en-the-crown","status":"publish","type":"articles","link":"https:\/\/graziamagazine.com\/mx\/articles\/alguien-muy-importante-dio-el-visto-bueno-al-vestido-que-lady-diana-usara-en-the-crown\/","title":{"rendered":"La dise\u00f1adora que cre\u00f3 el vestido de novia de Lady Di dijo esto del que Emma Corrin usar\u00e1 en The Crown"},"content":{"rendered":"<p><span style=\"font-weight: 400\">Como sabemos, la <strong>cuarta temporada de <em>The Crown<\/em><\/strong> contar\u00e1 la tormentosa relaci\u00f3n entre <strong>Diana de Gales y Prince Charles.<\/strong> Desde el momento en que se conocieron, las razones por las que se convirtieron en novios, el momento de la gran boda y los primeros a\u00f1os, cuando ya estaba un beb\u00e9 William presente.\u00a0<\/span><\/p>\n<p><span style=\"font-weight: 400\">La producci\u00f3n &#8211; que est\u00e1 muy apegada a la realidad &#8211; seg\u00fan han indicado historiadores de la realeza, recrear\u00e1 la esperada boda entre un verdadero pr\u00edncipe, y una hermosa mujer \u201cdel pueblo\u201d, es decir, que no ten\u00eda lazos sangu\u00edneos con la realeza brit\u00e1nica. Como recordar\u00e1s, en esa boda televisada que le dio la vuelta al mundo en 1981, Lady Diana us\u00f3 un espectacular vestido que se convirti\u00f3 en la envidia en cada rinc\u00f3n del planeta.<\/span><\/p>\n<p><img loading=\"lazy\" decoding=\"async\" class=\"size-medium wp-image-89313\" src=\"https:\/\/graziamagazine.com\/mx\/wp-content\/uploads\/sites\/13\/2020\/10\/GettyImages-98672305.jpg?w=325\" alt=\"\" width=\"325\" height=\"450\" \/><\/p>\n<p><span style=\"font-weight: 400\">Fueron <strong>Elizabeth y David Emanuel<\/strong> los dise\u00f1adores que confeccionaron el legendario vestido de Princess Diana, y ahora ella ha dado toda su aprobaci\u00f3n al vestido que la producci\u00f3n de la serie <em>The Crown<\/em> usar\u00e1 para representar la boda del hijo de la monarca. <strong>Elizabeth Emanuel<\/strong> dijo que la actriz <strong>Emma Corrin<\/strong> \u201cse ve maravillosa en \u00e9l. Soy gran fan de <em>The Crown<\/em>, es una serie incre\u00edble y estoy deseando verla cuando salga. Han hecho un gran trabajo al capturar el esp\u00edritu del vestido de novia\u201d, dijo la dise\u00f1adora a un medio estadounidense.\u00a0<\/span><\/p>\n<blockquote class=\"instagram-media\" data-instgrm-captioned data-instgrm-permalink=\"https:\/\/www.instagram.com\/p\/CF5TtjSD9BT\/?utm_source=ig_embed&amp;utm_campaign=loading\" data-instgrm-version=\"12\" style=\" background:#FFF; border:0; border-radius:3px; box-shadow:0 0 1px 0 rgba(0,0,0,0.5),0 1px 10px 0 rgba(0,0,0,0.15); margin: 1px; max-width:500px; min-width:326px; padding:0; width:99.375%; width:-webkit-calc(100% - 2px); width:calc(100% - 2px);\">\n<div style=\"padding:16px;\"> <a href=\"https:\/\/www.instagram.com\/p\/CF5TtjSD9BT\/?utm_source=ig_embed&amp;utm_campaign=loading\" style=\" background:#FFFFFF; line-height:0; padding:0 0; text-align:center; text-decoration:none; width:100%;\" target=\"_blank\"> <\/p>\n<div style=\" display: flex; flex-direction: row; align-items: center;\">\n<div style=\"background-color: #F4F4F4; border-radius: 50%; flex-grow: 0; height: 40px; margin-right: 14px; width: 40px;\"><\/div>\n<div style=\"display: flex; flex-direction: column; flex-grow: 1; justify-content: center;\">\n<div style=\" background-color: #F4F4F4; border-radius: 4px; flex-grow: 0; height: 14px; margin-bottom: 6px; width: 100px;\"><\/div>\n<div style=\" background-color: #F4F4F4; border-radius: 4px; flex-grow: 0; height: 14px; width: 60px;\"><\/div>\n<\/div>\n<\/div>\n<div style=\"padding: 19% 0;\"><\/div>\n<div style=\"display:block; height:50px; margin:0 auto 12px; width:50px;\"><svg width=\"50px\" height=\"50px\" viewBox=\"0 0 60 60\" version=\"1.1\" xmlns=\"https:\/\/www.w3.org\/2000\/svg\" xmlns:xlink=\"https:\/\/www.w3.org\/1999\/xlink\"><g stroke=\"none\" stroke-width=\"1\" fill=\"none\" fill-rule=\"evenodd\"><g transform=\"translate(-511.000000, -20.000000)\" fill=\"#000000\"><g><path d=\"M556.869,30.41 C554.814,30.41 553.148,32.076 553.148,34.131 C553.148,36.186 554.814,37.852 556.869,37.852 C558.924,37.852 560.59,36.186 560.59,34.131 C560.59,32.076 558.924,30.41 556.869,30.41 M541,60.657 C535.114,60.657 530.342,55.887 530.342,50 C530.342,44.114 535.114,39.342 541,39.342 C546.887,39.342 551.658,44.114 551.658,50 C551.658,55.887 546.887,60.657 541,60.657 M541,33.886 C532.1,33.886 524.886,41.1 524.886,50 C524.886,58.899 532.1,66.113 541,66.113 C549.9,66.113 557.115,58.899 557.115,50 C557.115,41.1 549.9,33.886 541,33.886 M565.378,62.101 C565.244,65.022 564.756,66.606 564.346,67.663 C563.803,69.06 563.154,70.057 562.106,71.106 C561.058,72.155 560.06,72.803 558.662,73.347 C557.607,73.757 556.021,74.244 553.102,74.378 C549.944,74.521 548.997,74.552 541,74.552 C533.003,74.552 532.056,74.521 528.898,74.378 C525.979,74.244 524.393,73.757 523.338,73.347 C521.94,72.803 520.942,72.155 519.894,71.106 C518.846,70.057 518.197,69.06 517.654,67.663 C517.244,66.606 516.755,65.022 516.623,62.101 C516.479,58.943 516.448,57.996 516.448,50 C516.448,42.003 516.479,41.056 516.623,37.899 C516.755,34.978 517.244,33.391 517.654,32.338 C518.197,30.938 518.846,29.942 519.894,28.894 C520.942,27.846 521.94,27.196 523.338,26.654 C524.393,26.244 525.979,25.756 528.898,25.623 C532.057,25.479 533.004,25.448 541,25.448 C548.997,25.448 549.943,25.479 553.102,25.623 C556.021,25.756 557.607,26.244 558.662,26.654 C560.06,27.196 561.058,27.846 562.106,28.894 C563.154,29.942 563.803,30.938 564.346,32.338 C564.756,33.391 565.244,34.978 565.378,37.899 C565.522,41.056 565.552,42.003 565.552,50 C565.552,57.996 565.522,58.943 565.378,62.101 M570.82,37.631 C570.674,34.438 570.167,32.258 569.425,30.349 C568.659,28.377 567.633,26.702 565.965,25.035 C564.297,23.368 562.623,22.342 560.652,21.575 C558.743,20.834 556.562,20.326 553.369,20.18 C550.169,20.033 549.148,20 541,20 C532.853,20 531.831,20.033 528.631,20.18 C525.438,20.326 523.257,20.834 521.349,21.575 C519.376,22.342 517.703,23.368 516.035,25.035 C514.368,26.702 513.342,28.377 512.574,30.349 C511.834,32.258 511.326,34.438 511.181,37.631 C511.035,40.831 511,41.851 511,50 C511,58.147 511.035,59.17 511.181,62.369 C511.326,65.562 511.834,67.743 512.574,69.651 C513.342,71.625 514.368,73.296 516.035,74.965 C517.703,76.634 519.376,77.658 521.349,78.425 C523.257,79.167 525.438,79.673 528.631,79.82 C531.831,79.965 532.853,80.001 541,80.001 C549.148,80.001 550.169,79.965 553.369,79.82 C556.562,79.673 558.743,79.167 560.652,78.425 C562.623,77.658 564.297,76.634 565.965,74.965 C567.633,73.296 568.659,71.625 569.425,69.651 C570.167,67.743 570.674,65.562 570.82,62.369 C570.966,59.17 571,58.147 571,50 C571,41.851 570.966,40.831 570.82,37.631\"><\/path><\/g><\/g><\/g><\/svg><\/div>\n<div style=\"padding-top: 8px;\">\n<div style=\" color:#3897f0; font-family:Arial,sans-serif; font-size:14px; font-style:normal; font-weight:550; line-height:18px;\"> View this post on Instagram<\/div>\n<\/div>\n<div style=\"padding: 12.5% 0;\"><\/div>\n<div style=\"display: flex; flex-direction: row; margin-bottom: 14px; align-items: center;\">\n<div>\n<div style=\"background-color: #F4F4F4; border-radius: 50%; height: 12.5px; width: 12.5px; transform: translateX(0px) translateY(7px);\"><\/div>\n<div style=\"background-color: #F4F4F4; height: 12.5px; transform: rotate(-45deg) translateX(3px) translateY(1px); width: 12.5px; flex-grow: 0; margin-right: 14px; margin-left: 2px;\"><\/div>\n<div style=\"background-color: #F4F4F4; border-radius: 50%; height: 12.5px; width: 12.5px; transform: translateX(9px) translateY(-18px);\"><\/div>\n<\/div>\n<div style=\"margin-left: 8px;\">\n<div style=\" background-color: #F4F4F4; border-radius: 50%; flex-grow: 0; height: 20px; width: 20px;\"><\/div>\n<div style=\" width: 0; height: 0; border-top: 2px solid transparent; border-left: 6px solid #f4f4f4; border-bottom: 2px solid transparent; transform: translateX(16px) translateY(-4px) rotate(30deg)\"><\/div>\n<\/div>\n<div style=\"margin-left: auto;\">\n<div style=\" width: 0px; border-top: 8px solid #F4F4F4; border-right: 8px solid transparent; transform: translateY(16px);\"><\/div>\n<div style=\" background-color: #F4F4F4; flex-grow: 0; height: 12px; width: 16px; transform: translateY(-4px);\"><\/div>\n<div style=\" width: 0; height: 0; border-top: 8px solid #F4F4F4; border-left: 8px solid transparent; transform: translateY(-4px) translateX(8px);\"><\/div>\n<\/div>\n<\/div>\n<p><\/a> <\/p>\n<p style=\" margin:8px 0 0 0; padding:0 4px;\"> <a href=\"https:\/\/www.instagram.com\/p\/CF5TtjSD9BT\/?utm_source=ig_embed&amp;utm_campaign=loading\" style=\" color:#000; font-family:Arial,sans-serif; font-size:14px; font-style:normal; font-weight:normal; line-height:17px; text-decoration:none; word-wrap:break-word;\" target=\"_blank\" target=\"_blank\">A first glimpse of Princess Diana\u2019s wedding dress. Emmy award-winning costume designer Amy Roberts wanted to capture the same spirit and style of David &amp; Elizabeth Emanuel\u2019s original design, without creating a replica for Emma Corrin.<\/a><\/p>\n<p style=\" color:#c9c8cd; font-family:Arial,sans-serif; font-size:14px; line-height:17px; margin-bottom:0; margin-top:8px; overflow:hidden; padding:8px 0 7px; text-align:center; text-overflow:ellipsis; white-space:nowrap;\">A post shared by <a href=\"https:\/\/www.instagram.com\/thecrownnetflix\/?utm_source=ig_embed&amp;utm_campaign=loading\" style=\" color:#c9c8cd; font-family:Arial,sans-serif; font-size:14px; font-style:normal; font-weight:normal; line-height:17px;\" target=\"_blank\" target=\"_blank\"> The Crown<\/a> (@thecrownnetflix) on <time style=\" font-family:Arial,sans-serif; font-size:14px; line-height:17px;\" datetime=\"2020-10-03T20:51:24+00:00\">Oct 3, 2020 at 1:51pm PDT<\/time><\/p>\n<\/div>\n<\/blockquote>\n<p><script async src=\"\/\/www.instagram.com\/embed.js\"><\/script><\/p>\n<p><span style=\"font-weight: 400\">En las im\u00e1genes que se han revelado en Twitter, se ve a Emma vistiendo el vestido con un asombroso parecido con el de la difunta, pero jam\u00e1s olvidada, <strong>Diana Spencer.<\/strong> Sabemos que la dise\u00f1adora de vestuario de la serie, <strong>Amy Roberts<\/strong> &#8211; ganadora de un Emmy &#8211; hizo todo su esfuerzo para confeccionar el vestido lo m\u00e1s parecido posible, y todo parece indicar que lo logr\u00f3, pues una de los dos dise\u00f1adores del vestido original ha dado su aprobaci\u00f3n. \u00a1Aplausos!\u00a0<\/span><\/p>\n<p><span style=\"font-weight: 400\">El vestido que visti\u00f3 Diana estaba confeccionado en tafet\u00e1n de seda color marfil y adornado con encajes, bordados a mano, lentejuelas y 10,000 perlas, y como si fuera poco, el encaje utilizado para adornar el vestido hab\u00eda pertenecido a <em>Queen Mary<\/em>. Diana remat\u00f3 su look nupcial con la tiara de reliquia de la familia Spencer.<\/span><\/p>\n<p><span style=\"font-weight: 400\">\u00a1No podemos esperar m\u00e1s para revivir este momento en <em>The Crown<\/em>!<\/span><\/p>\n<h5><em>*IM\u00c1GENES: Still The Crown, Getty Images<\/em><\/h5>\n","protected":false},"author":11628,"featured_media":89314,"template":"","format":"standard","categories":[114],"acf":[],"yoast_head":"<!-- This site is optimized with the Yoast SEO Premium plugin v18.5 (Yoast SEO v20.4) - https:\/\/yoast.com\/wordpress\/plugins\/seo\/ -->\n<title>La dise\u00f1adora que cre\u00f3 el vestido de novia de Lady Di dijo esto del que Emma Corrin usar\u00e1 en The Crown | Grazia M\u00e9xico y Latinoam\u00e9rica<\/title>\n<meta name=\"description\" content=\"Hay de dise\u00f1adores a dise\u00f1adores, y esta dise\u00f1adora alcanz\u00f3 un nivel de perfecci\u00f3n espectacular.\" \/>\n<meta name=\"robots\" content=\"index, follow, max-snippet:-1, max-image-preview:large, max-video-preview:-1\" \/>\n<link rel=\"canonical\" href=\"https:\/\/graziamagazine.com\/mx\/articles\/alguien-muy-importante-dio-el-visto-bueno-al-vestido-que-lady-diana-usara-en-the-crown\/\" \/>\n<meta property=\"og:locale\" content=\"es_MX\" \/>\n<meta property=\"og:type\" content=\"article\" \/>\n<meta property=\"og:title\" content=\"La dise\u00f1adora que cre\u00f3 el vestido de novia de Lady Di dijo esto del que Emma Corrin usar\u00e1 en The Crown\" \/>\n<meta property=\"og:description\" content=\"Hay de dise\u00f1adores a dise\u00f1adores, y esta dise\u00f1adora alcanz\u00f3 un nivel de perfecci\u00f3n espectacular.\" \/>\n<meta property=\"og:url\" content=\"https:\/\/graziamagazine.com\/mx\/articles\/alguien-muy-importante-dio-el-visto-bueno-al-vestido-que-lady-diana-usara-en-the-crown\/\" \/>\n<meta property=\"og:site_name\" content=\"Grazia M\u00e9xico y Latinoam\u00e9rica\" \/>\n<meta property=\"article:modified_time\" content=\"2020-10-07T15:27:04+00:00\" \/>\n<meta property=\"og:image\" content=\"https:\/\/graziamagazine.com\/mx\/wp-content\/uploads\/sites\/13\/2020\/10\/1601881267030_GA82V9VI9.1-1.jpg?fit=810%2C480\" \/>\n\t<meta property=\"og:image:width\" content=\"810\" \/>\n\t<meta property=\"og:image:height\" content=\"480\" \/>\n\t<meta property=\"og:image:type\" content=\"image\/jpeg\" \/>\n<meta name=\"twitter:card\" content=\"summary_large_image\" \/>\n<meta name=\"twitter:label1\" content=\"Est. reading time\" \/>\n\t<meta name=\"twitter:data1\" content=\"2 minutos\" \/>\n<script type=\"application\/ld+json\" class=\"yoast-schema-graph\">{\"@context\":\"https:\/\/schema.org\",\"@graph\":[{\"@type\":\"WebPage\",\"@id\":\"https:\/\/graziamagazine.com\/mx\/articles\/alguien-muy-importante-dio-el-visto-bueno-al-vestido-que-lady-diana-usara-en-the-crown\/\",\"url\":\"https:\/\/graziamagazine.com\/mx\/articles\/alguien-muy-importante-dio-el-visto-bueno-al-vestido-que-lady-diana-usara-en-the-crown\/\",\"name\":\"La dise\u00f1adora que cre\u00f3 el vestido de novia de Lady Di dijo esto del que Emma Corrin usar\u00e1 en The Crown | Grazia M\u00e9xico y Latinoam\u00e9rica\",\"isPartOf\":{\"@id\":\"https:\/\/graziamagazine.com\/mx\/#website\"},\"datePublished\":\"2020-10-06T22:34:33+00:00\",\"dateModified\":\"2020-10-07T15:27:04+00:00\",\"description\":\"Hay de dise\u00f1adores a dise\u00f1adores, y esta dise\u00f1adora alcanz\u00f3 un nivel de perfecci\u00f3n espectacular.\",\"breadcrumb\":{\"@id\":\"https:\/\/graziamagazine.com\/mx\/articles\/alguien-muy-importante-dio-el-visto-bueno-al-vestido-que-lady-diana-usara-en-the-crown\/#breadcrumb\"},\"inLanguage\":\"es-MX\",\"potentialAction\":[{\"@type\":\"ReadAction\",\"target\":[\"https:\/\/graziamagazine.com\/mx\/articles\/alguien-muy-importante-dio-el-visto-bueno-al-vestido-que-lady-diana-usara-en-the-crown\/\"]}]},{\"@type\":\"BreadcrumbList\",\"@id\":\"https:\/\/graziamagazine.com\/mx\/articles\/alguien-muy-importante-dio-el-visto-bueno-al-vestido-que-lady-diana-usara-en-the-crown\/#breadcrumb\",\"itemListElement\":[{\"@type\":\"ListItem\",\"position\":1,\"name\":\"Home\",\"item\":\"https:\/\/graziamagazine.com\/mx\/\"},{\"@type\":\"ListItem\",\"position\":2,\"name\":\"La dise\u00f1adora que cre\u00f3 el vestido de novia de Lady Di dijo esto del que Emma Corrin usar\u00e1 en The Crown\"}]},{\"@type\":\"WebSite\",\"@id\":\"https:\/\/graziamagazine.com\/mx\/#website\",\"url\":\"https:\/\/graziamagazine.com\/mx\/\",\"name\":\"Grazia M\u00e9xico y Latinoam\u00e9rica\",\"description\":\"Grazia es moda, belleza y noticias  de actualidad \",\"potentialAction\":[{\"@type\":\"SearchAction\",\"target\":{\"@type\":\"EntryPoint\",\"urlTemplate\":\"https:\/\/graziamagazine.com\/mx\/?s={search_term_string}\"},\"query-input\":\"required name=search_term_string\"}],\"inLanguage\":\"es-MX\"}]}<\/script>\n<!-- \/ Yoast SEO Premium plugin. -->","yoast_head_json":{"title":"La dise\u00f1adora que cre\u00f3 el vestido de novia de Lady Di dijo esto del que Emma Corrin usar\u00e1 en The Crown | Grazia M\u00e9xico y Latinoam\u00e9rica","description":"Hay de dise\u00f1adores a dise\u00f1adores, y esta dise\u00f1adora alcanz\u00f3 un nivel de perfecci\u00f3n espectacular.","robots":{"index":"index","follow":"follow","max-snippet":"max-snippet:-1","max-image-preview":"max-image-preview:large","max-video-preview":"max-video-preview:-1"},"canonical":"https:\/\/graziamagazine.com\/mx\/articles\/alguien-muy-importante-dio-el-visto-bueno-al-vestido-que-lady-diana-usara-en-the-crown\/","og_locale":"es_MX","og_type":"article","og_title":"La dise\u00f1adora que cre\u00f3 el vestido de novia de Lady Di dijo esto del que Emma Corrin usar\u00e1 en The Crown","og_description":"Hay de dise\u00f1adores a dise\u00f1adores, y esta dise\u00f1adora alcanz\u00f3 un nivel de perfecci\u00f3n espectacular.","og_url":"https:\/\/graziamagazine.com\/mx\/articles\/alguien-muy-importante-dio-el-visto-bueno-al-vestido-que-lady-diana-usara-en-the-crown\/","og_site_name":"Grazia M\u00e9xico y Latinoam\u00e9rica","article_modified_time":"2020-10-07T15:27:04+00:00","og_image":[{"width":810,"height":480,"url":"https:\/\/graziamagazine.com\/mx\/wp-content\/uploads\/sites\/13\/2020\/10\/1601881267030_GA82V9VI9.1-1.jpg?fit=810%2C480","type":"image\/jpeg"}],"twitter_card":"summary_large_image","twitter_misc":{"Est. reading time":"2 minutos"},"schema":{"@context":"https:\/\/schema.org","@graph":[{"@type":"WebPage","@id":"https:\/\/graziamagazine.com\/mx\/articles\/alguien-muy-importante-dio-el-visto-bueno-al-vestido-que-lady-diana-usara-en-the-crown\/","url":"https:\/\/graziamagazine.com\/mx\/articles\/alguien-muy-importante-dio-el-visto-bueno-al-vestido-que-lady-diana-usara-en-the-crown\/","name":"La dise\u00f1adora que cre\u00f3 el vestido de novia de Lady Di dijo esto del que Emma Corrin usar\u00e1 en The Crown | Grazia M\u00e9xico y Latinoam\u00e9rica","isPartOf":{"@id":"https:\/\/graziamagazine.com\/mx\/#website"},"datePublished":"2020-10-06T22:34:33+00:00","dateModified":"2020-10-07T15:27:04+00:00","description":"Hay de dise\u00f1adores a dise\u00f1adores, y esta dise\u00f1adora alcanz\u00f3 un nivel de perfecci\u00f3n espectacular.","breadcrumb":{"@id":"https:\/\/graziamagazine.com\/mx\/articles\/alguien-muy-importante-dio-el-visto-bueno-al-vestido-que-lady-diana-usara-en-the-crown\/#breadcrumb"},"inLanguage":"es-MX","potentialAction":[{"@type":"ReadAction","target":["https:\/\/graziamagazine.com\/mx\/articles\/alguien-muy-importante-dio-el-visto-bueno-al-vestido-que-lady-diana-usara-en-the-crown\/"]}]},{"@type":"BreadcrumbList","@id":"https:\/\/graziamagazine.com\/mx\/articles\/alguien-muy-importante-dio-el-visto-bueno-al-vestido-que-lady-diana-usara-en-the-crown\/#breadcrumb","itemListElement":[{"@type":"ListItem","position":1,"name":"Home","item":"https:\/\/graziamagazine.com\/mx\/"},{"@type":"ListItem","position":2,"name":"La dise\u00f1adora que cre\u00f3 el vestido de novia de Lady Di dijo esto del que Emma Corrin usar\u00e1 en The Crown"}]},{"@type":"WebSite","@id":"https:\/\/graziamagazine.com\/mx\/#website","url":"https:\/\/graziamagazine.com\/mx\/","name":"Grazia M\u00e9xico y Latinoam\u00e9rica","description":"Grazia es moda, belleza y noticias  de actualidad ","potentialAction":[{"@type":"SearchAction","target":{"@type":"EntryPoint","urlTemplate":"https:\/\/graziamagazine.com\/mx\/?s={search_term_string}"},"query-input":"required name=search_term_string"}],"inLanguage":"es-MX"}]}},"jetpack_sharing_enabled":true,"distributor_meta":false,"distributor_terms":false,"distributor_media":false,"distributor_original_site_name":"Grazia M\u00e9xico y Latinoam\u00e9rica","distributor_original_site_url":"https:\/\/graziamagazine.com\/mx","push-errors":false,"_links":{"self":[{"href":"https:\/\/graziamagazine.com\/mx\/wp-json\/wp\/v2\/articles\/89267"}],"collection":[{"href":"https:\/\/graziamagazine.com\/mx\/wp-json\/wp\/v2\/articles"}],"about":[{"href":"https:\/\/graziamagazine.com\/mx\/wp-json\/wp\/v2\/types\/articles"}],"author":[{"embeddable":true,"href":"https:\/\/graziamagazine.com\/mx\/wp-json\/wp\/v2\/users\/11628"}],"wp:featuredmedia":[{"embeddable":true,"href":"https:\/\/graziamagazine.com\/mx\/wp-json\/wp\/v2\/media\/89314"}],"wp:attachment":[{"href":"https:\/\/graziamagazine.com\/mx\/wp-json\/wp\/v2\/media?parent=89267"}],"wp:term":[{"taxonomy":"category","embeddable":true,"href":"https:\/\/graziamagazine.com\/mx\/wp-json\/wp\/v2\/categories?post=89267"}],"curies":[{"name":"wp","href":"https:\/\/api.w.org\/{rel}","templated":true}]}}