{"id":89005,"date":"2020-09-24T12:48:07","date_gmt":"2020-09-24T17:48:07","guid":{"rendered":"https:\/\/graziamagazine.com\/mx\/?post_type=articles&#038;p=89005"},"modified":"2020-09-24T13:36:51","modified_gmt":"2020-09-24T18:36:51","slug":"forever-21-mexico-y-su-nueva-iniciativa-llena-de-alegria-diversidad-y-fortaleza","status":"publish","type":"articles","link":"https:\/\/graziamagazine.com\/mx\/articles\/forever-21-mexico-y-su-nueva-iniciativa-llena-de-alegria-diversidad-y-fortaleza\/","title":{"rendered":"#ForeverStrong: una iniciativa de Forever 21 llena de alegr\u00eda, diversidad y fortaleza"},"content":{"rendered":"<p>Tras meses de vivir preocupados y ansiosos por la pandemia poco a poco estamos retomando el ritmo, plante\u00e1ndonos nuevos objetivos y enfrent\u00e1ndonos a nuevos retos. Y ese es el mismo caso de\u00a0<strong>Forever 21<\/strong>, que\u00a0decidi\u00f3 tomar un descanso en M\u00e9xico pero ahora\u00a0ha vuelto con todo y m\u00e1s fuerte que nunca, presentando una nueva iniciativa titulada &#8220;Forever Strong&#8221;.<\/p>\n<p>Esta tiene como objetivo conectar, inspirar y motivar a la comunidad, desde un lado\u00a0m\u00e1s humano y vulnerable.\u00a0<strong><em>#ForeverStrong<\/em> <\/strong>es una apuesta digital que nos invita a unirnos como sociedad y enfrentar los retos\u00a0del futuro. Con esta campa\u00f1a, la marca <em>fast fashion<\/em>\u00a0quiere hacer saber a sus clientes que\u00a0no est\u00e1n solos en esta nueva etapa.<\/p>\n<p>Forever 21 busca eliminar las barreras de comunicaci\u00f3n y expresi\u00f3n,\u00a0transmitiendo un mensaje de amor, esperanza y fortaleza, eligiendo un gran elenco de talentos mexicanos como protagonistas para un <em>fashion film<\/em>.<\/p>\n<p>Y, \u00bfqui\u00e9nes son ellos? Pues el proyecto\u00a0cont\u00f3 con la participaci\u00f3n de Lana Bowell (drag queen), Ricardo Marcos\u00a0(maquillista LGBTQ+), Coty Camacho (actriz), Estefania Villarreal (actriz), Huitzili Espinosa\u00a0(modelo <em>genderless<\/em>) y Greta Elizondo (bailarina internacional), quienes se lucieron en prendas atemporales e inclusivas de la marca y\u00a0mostraron su personalidad en un video lleno de energ\u00eda. \u00bfEl escenario? Una de las\u00a0terrazas m\u00e1s espectaculares del centro de la Ciudad de M\u00e9xico: C\u00edrculo Mexicano, con una vista impresionante sobre el Templo Mayor.<\/p>\n<p>Aqu\u00ed puedes ver la campa\u00f1a de <em>#ForeverStrong, <\/em>que lleg\u00f3 en el momento indicado para dar el apoyo y la esperanza que\u00a0todos buscamos en estos momentos duros y de cambio:<\/p>\n<div style=\"width: 1920px;\" class=\"wp-video\"><video class=\"wp-video-shortcode\" id=\"video-89005-1\" width=\"1920\" height=\"1080\" preload=\"metadata\" controls=\"controls\"><source type=\"video\/mp4\" src=\"https:\/\/graziamagazine.com\/mx\/wp-content\/uploads\/sites\/13\/2020\/09\/02_EDIT_FINAL_CC-FINAL.mp4?_=1\" \/><\/video><\/div>\n<h5><em>*IM\u00c1GENES: Cortes\u00eda Forever 21<\/em><\/h5>\n","protected":false},"author":11645,"featured_media":89007,"template":"","format":"standard","categories":[4],"acf":[],"yoast_head":"<!-- This site is optimized with the Yoast SEO Premium plugin v18.5 (Yoast SEO v20.4) - https:\/\/yoast.com\/wordpress\/plugins\/seo\/ -->\n<title>#ForeverStrong: una iniciativa de Forever 21 llena de alegr\u00eda, diversidad y fortaleza | Grazia M\u00e9xico y Latinoam\u00e9rica<\/title>\n<meta name=\"description\" content=\"Forever 21 y su nueva campa\u00f1a llegaron en el momento indicado para llenarnos de buena energ\u00eda y esperanza. No te pierdas su fashion film que celebra la diversidad y la inclusi\u00f3n.\" \/>\n<meta name=\"robots\" content=\"index, follow, max-snippet:-1, max-image-preview:large, max-video-preview:-1\" \/>\n<link rel=\"canonical\" href=\"https:\/\/graziamagazine.com\/mx\/articles\/forever-21-mexico-y-su-nueva-iniciativa-llena-de-alegria-diversidad-y-fortaleza\/\" \/>\n<meta property=\"og:locale\" content=\"es_MX\" \/>\n<meta property=\"og:type\" content=\"article\" \/>\n<meta property=\"og:title\" content=\"#ForeverStrong: una iniciativa de Forever 21 llena de alegr\u00eda, diversidad y fortaleza\" \/>\n<meta property=\"og:description\" content=\"Forever 21 y su nueva campa\u00f1a llegaron en el momento indicado para llenarnos de buena energ\u00eda y esperanza. No te pierdas su fashion film que celebra la diversidad y la inclusi\u00f3n.\" \/>\n<meta property=\"og:url\" content=\"https:\/\/graziamagazine.com\/mx\/articles\/forever-21-mexico-y-su-nueva-iniciativa-llena-de-alegria-diversidad-y-fortaleza\/\" \/>\n<meta property=\"og:site_name\" content=\"Grazia M\u00e9xico y Latinoam\u00e9rica\" \/>\n<meta property=\"article:modified_time\" content=\"2020-09-24T18:36:51+00:00\" \/>\n<meta property=\"og:image\" content=\"https:\/\/graziamagazine.com\/mx\/wp-content\/uploads\/sites\/13\/2020\/09\/DSC_4827.jpg?fit=2800%2C1869\" \/>\n\t<meta property=\"og:image:width\" content=\"2800\" \/>\n\t<meta property=\"og:image:height\" content=\"1869\" \/>\n\t<meta property=\"og:image:type\" content=\"image\/jpeg\" \/>\n<meta name=\"twitter:card\" content=\"summary_large_image\" \/>\n<meta name=\"twitter:label1\" content=\"Est. reading time\" \/>\n\t<meta name=\"twitter:data1\" content=\"1 minuto\" \/>\n<script type=\"application\/ld+json\" class=\"yoast-schema-graph\">{\"@context\":\"https:\/\/schema.org\",\"@graph\":[{\"@type\":\"WebPage\",\"@id\":\"https:\/\/graziamagazine.com\/mx\/articles\/forever-21-mexico-y-su-nueva-iniciativa-llena-de-alegria-diversidad-y-fortaleza\/\",\"url\":\"https:\/\/graziamagazine.com\/mx\/articles\/forever-21-mexico-y-su-nueva-iniciativa-llena-de-alegria-diversidad-y-fortaleza\/\",\"name\":\"#ForeverStrong: una iniciativa de Forever 21 llena de alegr\u00eda, diversidad y fortaleza | Grazia M\u00e9xico y Latinoam\u00e9rica\",\"isPartOf\":{\"@id\":\"https:\/\/graziamagazine.com\/mx\/#website\"},\"datePublished\":\"2020-09-24T17:48:07+00:00\",\"dateModified\":\"2020-09-24T18:36:51+00:00\",\"description\":\"Forever 21 y su nueva campa\u00f1a llegaron en el momento indicado para llenarnos de buena energ\u00eda y esperanza. No te pierdas su fashion film que celebra la diversidad y la inclusi\u00f3n.\",\"breadcrumb\":{\"@id\":\"https:\/\/graziamagazine.com\/mx\/articles\/forever-21-mexico-y-su-nueva-iniciativa-llena-de-alegria-diversidad-y-fortaleza\/#breadcrumb\"},\"inLanguage\":\"es-MX\",\"potentialAction\":[{\"@type\":\"ReadAction\",\"target\":[\"https:\/\/graziamagazine.com\/mx\/articles\/forever-21-mexico-y-su-nueva-iniciativa-llena-de-alegria-diversidad-y-fortaleza\/\"]}]},{\"@type\":\"BreadcrumbList\",\"@id\":\"https:\/\/graziamagazine.com\/mx\/articles\/forever-21-mexico-y-su-nueva-iniciativa-llena-de-alegria-diversidad-y-fortaleza\/#breadcrumb\",\"itemListElement\":[{\"@type\":\"ListItem\",\"position\":1,\"name\":\"Home\",\"item\":\"https:\/\/graziamagazine.com\/mx\/\"},{\"@type\":\"ListItem\",\"position\":2,\"name\":\"#ForeverStrong: una iniciativa de Forever 21 llena de alegr\u00eda, diversidad y fortaleza\"}]},{\"@type\":\"WebSite\",\"@id\":\"https:\/\/graziamagazine.com\/mx\/#website\",\"url\":\"https:\/\/graziamagazine.com\/mx\/\",\"name\":\"Grazia M\u00e9xico y Latinoam\u00e9rica\",\"description\":\"Grazia es moda, belleza y noticias  de actualidad \",\"potentialAction\":[{\"@type\":\"SearchAction\",\"target\":{\"@type\":\"EntryPoint\",\"urlTemplate\":\"https:\/\/graziamagazine.com\/mx\/?s={search_term_string}\"},\"query-input\":\"required name=search_term_string\"}],\"inLanguage\":\"es-MX\"}]}<\/script>\n<!-- \/ Yoast SEO Premium plugin. -->","yoast_head_json":{"title":"#ForeverStrong: una iniciativa de Forever 21 llena de alegr\u00eda, diversidad y fortaleza | Grazia M\u00e9xico y Latinoam\u00e9rica","description":"Forever 21 y su nueva campa\u00f1a llegaron en el momento indicado para llenarnos de buena energ\u00eda y esperanza. No te pierdas su fashion film que celebra la diversidad y la inclusi\u00f3n.","robots":{"index":"index","follow":"follow","max-snippet":"max-snippet:-1","max-image-preview":"max-image-preview:large","max-video-preview":"max-video-preview:-1"},"canonical":"https:\/\/graziamagazine.com\/mx\/articles\/forever-21-mexico-y-su-nueva-iniciativa-llena-de-alegria-diversidad-y-fortaleza\/","og_locale":"es_MX","og_type":"article","og_title":"#ForeverStrong: una iniciativa de Forever 21 llena de alegr\u00eda, diversidad y fortaleza","og_description":"Forever 21 y su nueva campa\u00f1a llegaron en el momento indicado para llenarnos de buena energ\u00eda y esperanza. No te pierdas su fashion film que celebra la diversidad y la inclusi\u00f3n.","og_url":"https:\/\/graziamagazine.com\/mx\/articles\/forever-21-mexico-y-su-nueva-iniciativa-llena-de-alegria-diversidad-y-fortaleza\/","og_site_name":"Grazia M\u00e9xico y Latinoam\u00e9rica","article_modified_time":"2020-09-24T18:36:51+00:00","og_image":[{"width":2800,"height":1869,"url":"https:\/\/graziamagazine.com\/mx\/wp-content\/uploads\/sites\/13\/2020\/09\/DSC_4827.jpg?fit=2800%2C1869","type":"image\/jpeg"}],"twitter_card":"summary_large_image","twitter_misc":{"Est. reading time":"1 minuto"},"schema":{"@context":"https:\/\/schema.org","@graph":[{"@type":"WebPage","@id":"https:\/\/graziamagazine.com\/mx\/articles\/forever-21-mexico-y-su-nueva-iniciativa-llena-de-alegria-diversidad-y-fortaleza\/","url":"https:\/\/graziamagazine.com\/mx\/articles\/forever-21-mexico-y-su-nueva-iniciativa-llena-de-alegria-diversidad-y-fortaleza\/","name":"#ForeverStrong: una iniciativa de Forever 21 llena de alegr\u00eda, diversidad y fortaleza | Grazia M\u00e9xico y Latinoam\u00e9rica","isPartOf":{"@id":"https:\/\/graziamagazine.com\/mx\/#website"},"datePublished":"2020-09-24T17:48:07+00:00","dateModified":"2020-09-24T18:36:51+00:00","description":"Forever 21 y su nueva campa\u00f1a llegaron en el momento indicado para llenarnos de buena energ\u00eda y esperanza. No te pierdas su fashion film que celebra la diversidad y la inclusi\u00f3n.","breadcrumb":{"@id":"https:\/\/graziamagazine.com\/mx\/articles\/forever-21-mexico-y-su-nueva-iniciativa-llena-de-alegria-diversidad-y-fortaleza\/#breadcrumb"},"inLanguage":"es-MX","potentialAction":[{"@type":"ReadAction","target":["https:\/\/graziamagazine.com\/mx\/articles\/forever-21-mexico-y-su-nueva-iniciativa-llena-de-alegria-diversidad-y-fortaleza\/"]}]},{"@type":"BreadcrumbList","@id":"https:\/\/graziamagazine.com\/mx\/articles\/forever-21-mexico-y-su-nueva-iniciativa-llena-de-alegria-diversidad-y-fortaleza\/#breadcrumb","itemListElement":[{"@type":"ListItem","position":1,"name":"Home","item":"https:\/\/graziamagazine.com\/mx\/"},{"@type":"ListItem","position":2,"name":"#ForeverStrong: una iniciativa de Forever 21 llena de alegr\u00eda, diversidad y fortaleza"}]},{"@type":"WebSite","@id":"https:\/\/graziamagazine.com\/mx\/#website","url":"https:\/\/graziamagazine.com\/mx\/","name":"Grazia M\u00e9xico y Latinoam\u00e9rica","description":"Grazia es moda, belleza y noticias  de actualidad ","potentialAction":[{"@type":"SearchAction","target":{"@type":"EntryPoint","urlTemplate":"https:\/\/graziamagazine.com\/mx\/?s={search_term_string}"},"query-input":"required name=search_term_string"}],"inLanguage":"es-MX"}]}},"jetpack_sharing_enabled":true,"distributor_meta":false,"distributor_terms":false,"distributor_media":false,"distributor_original_site_name":"Grazia M\u00e9xico y Latinoam\u00e9rica","distributor_original_site_url":"https:\/\/graziamagazine.com\/mx","push-errors":false,"_links":{"self":[{"href":"https:\/\/graziamagazine.com\/mx\/wp-json\/wp\/v2\/articles\/89005"}],"collection":[{"href":"https:\/\/graziamagazine.com\/mx\/wp-json\/wp\/v2\/articles"}],"about":[{"href":"https:\/\/graziamagazine.com\/mx\/wp-json\/wp\/v2\/types\/articles"}],"author":[{"embeddable":true,"href":"https:\/\/graziamagazine.com\/mx\/wp-json\/wp\/v2\/users\/11645"}],"wp:featuredmedia":[{"embeddable":true,"href":"https:\/\/graziamagazine.com\/mx\/wp-json\/wp\/v2\/media\/89007"}],"wp:attachment":[{"href":"https:\/\/graziamagazine.com\/mx\/wp-json\/wp\/v2\/media?parent=89005"}],"wp:term":[{"taxonomy":"category","embeddable":true,"href":"https:\/\/graziamagazine.com\/mx\/wp-json\/wp\/v2\/categories?post=89005"}],"curies":[{"name":"wp","href":"https:\/\/api.w.org\/{rel}","templated":true}]}}