{"id":88979,"date":"2020-09-24T09:33:01","date_gmt":"2020-09-24T14:33:01","guid":{"rendered":"https:\/\/graziamagazine.com\/mx\/?post_type=articles&#038;p=88979"},"modified":"2020-09-24T14:48:53","modified_gmt":"2020-09-24T19:48:53","slug":"raf-simons-y-miuccia-prada-una-conversacion-creativa-que-marca-el-inicio-de-una-nueva-era-para-prada","status":"publish","type":"articles","link":"https:\/\/graziamagazine.com\/mx\/articles\/raf-simons-y-miuccia-prada-una-conversacion-creativa-que-marca-el-inicio-de-una-nueva-era-para-prada\/","title":{"rendered":"Raf Simons y Miuccia Prada: una conversaci\u00f3n creativa que marca el inicio de una nueva era para Prada"},"content":{"rendered":"<p>El mundo acaba de ver una de las colecciones m\u00e1s esperadas del a\u00f1o, que marca el debut de <strong>Raf Simons y Miuccia Prada<\/strong> como codirectores creativos de <strong>Prada<\/strong>. El desfile estuvo inspirado en la mediaci\u00f3n entre la humanidad y la tecnolog\u00eda, teniendo como resultado una serie de siluetas y procesos creativos atemporales y funcionales.<\/p>\n<p>Finalizando la pasarela, ambos creativos aparecieron en pantalla respondiendo a una serie de preguntas sobre su proceso y trabajo juntos, una conversaci\u00f3n que no te puedes perder (puedes escucharla desde el minuto 13.46):<\/p>\n<p><iframe loading=\"lazy\" title=\"Prada Spring\/Summer 2021 Womenswear Show\" width=\"500\" height=\"281\" src=\"https:\/\/www.youtube.com\/embed\/RCQxPSNzU2Q?feature=oembed\" frameborder=\"0\" allow=\"accelerometer; autoplay; clipboard-write; encrypted-media; gyroscope; picture-in-picture\" allowfullscreen><\/iframe><\/p>\n<h5><em>*IMAGEN: Cortes\u00eda Prada\u00a0<\/em><\/h5>\n","protected":false},"author":11636,"featured_media":88981,"template":"","format":"standard","categories":[4],"acf":[],"yoast_head":"<!-- This site is optimized with the Yoast SEO Premium plugin v18.5 (Yoast SEO v20.4) - https:\/\/yoast.com\/wordpress\/plugins\/seo\/ -->\n<title>Raf Simons y Miuccia Prada: una conversaci\u00f3n creativa que marca el inicio de una nueva era para Prada | Grazia M\u00e9xico y Latinoam\u00e9rica<\/title>\n<meta name=\"description\" content=\"Lleg\u00f3 el desfile m\u00e1s esperado del a\u00f1o y una conversaci\u00f3n entre dos de los m\u00e1s aclamados creativos en la industria de la moda.\" \/>\n<meta name=\"robots\" content=\"index, follow, max-snippet:-1, max-image-preview:large, max-video-preview:-1\" \/>\n<link rel=\"canonical\" href=\"https:\/\/graziamagazine.com\/mx\/articles\/raf-simons-y-miuccia-prada-una-conversacion-creativa-que-marca-el-inicio-de-una-nueva-era-para-prada\/\" \/>\n<meta property=\"og:locale\" content=\"es_MX\" \/>\n<meta property=\"og:type\" content=\"article\" \/>\n<meta property=\"og:title\" content=\"Raf Simons y Miuccia Prada: una conversaci\u00f3n creativa que marca el inicio de una nueva era para Prada\" \/>\n<meta property=\"og:description\" content=\"Lleg\u00f3 el desfile m\u00e1s esperado del a\u00f1o y una conversaci\u00f3n entre dos de los m\u00e1s aclamados creativos en la industria de la moda.\" \/>\n<meta property=\"og:url\" content=\"https:\/\/graziamagazine.com\/mx\/articles\/raf-simons-y-miuccia-prada-una-conversacion-creativa-que-marca-el-inicio-de-una-nueva-era-para-prada\/\" \/>\n<meta property=\"og:site_name\" content=\"Grazia M\u00e9xico y Latinoam\u00e9rica\" \/>\n<meta property=\"article:modified_time\" content=\"2020-09-24T19:48:53+00:00\" \/>\n<meta property=\"og:image\" content=\"https:\/\/graziamagazine.com\/mx\/wp-content\/uploads\/sites\/13\/2020\/09\/https-hypebeast.com-image-2020-09-miuccia-prada-raf-simons-milan-fashion-week-ask-a-question-01.jpg?fit=1170%2C780\" \/>\n\t<meta property=\"og:image:width\" content=\"1170\" \/>\n\t<meta property=\"og:image:height\" content=\"780\" \/>\n\t<meta property=\"og:image:type\" content=\"image\/jpeg\" \/>\n<meta name=\"twitter:card\" content=\"summary_large_image\" \/>\n<meta name=\"twitter:label1\" content=\"Est. reading time\" \/>\n\t<meta name=\"twitter:data1\" content=\"1 minuto\" \/>\n<script type=\"application\/ld+json\" class=\"yoast-schema-graph\">{\"@context\":\"https:\/\/schema.org\",\"@graph\":[{\"@type\":\"WebPage\",\"@id\":\"https:\/\/graziamagazine.com\/mx\/articles\/raf-simons-y-miuccia-prada-una-conversacion-creativa-que-marca-el-inicio-de-una-nueva-era-para-prada\/\",\"url\":\"https:\/\/graziamagazine.com\/mx\/articles\/raf-simons-y-miuccia-prada-una-conversacion-creativa-que-marca-el-inicio-de-una-nueva-era-para-prada\/\",\"name\":\"Raf Simons y Miuccia Prada: una conversaci\u00f3n creativa que marca el inicio de una nueva era para Prada | Grazia M\u00e9xico y Latinoam\u00e9rica\",\"isPartOf\":{\"@id\":\"https:\/\/graziamagazine.com\/mx\/#website\"},\"datePublished\":\"2020-09-24T14:33:01+00:00\",\"dateModified\":\"2020-09-24T19:48:53+00:00\",\"description\":\"Lleg\u00f3 el desfile m\u00e1s esperado del a\u00f1o y una conversaci\u00f3n entre dos de los m\u00e1s aclamados creativos en la industria de la moda.\",\"breadcrumb\":{\"@id\":\"https:\/\/graziamagazine.com\/mx\/articles\/raf-simons-y-miuccia-prada-una-conversacion-creativa-que-marca-el-inicio-de-una-nueva-era-para-prada\/#breadcrumb\"},\"inLanguage\":\"es-MX\",\"potentialAction\":[{\"@type\":\"ReadAction\",\"target\":[\"https:\/\/graziamagazine.com\/mx\/articles\/raf-simons-y-miuccia-prada-una-conversacion-creativa-que-marca-el-inicio-de-una-nueva-era-para-prada\/\"]}]},{\"@type\":\"BreadcrumbList\",\"@id\":\"https:\/\/graziamagazine.com\/mx\/articles\/raf-simons-y-miuccia-prada-una-conversacion-creativa-que-marca-el-inicio-de-una-nueva-era-para-prada\/#breadcrumb\",\"itemListElement\":[{\"@type\":\"ListItem\",\"position\":1,\"name\":\"Home\",\"item\":\"https:\/\/graziamagazine.com\/mx\/\"},{\"@type\":\"ListItem\",\"position\":2,\"name\":\"Raf Simons y Miuccia Prada: una conversaci\u00f3n creativa que marca el inicio de una nueva era para Prada\"}]},{\"@type\":\"WebSite\",\"@id\":\"https:\/\/graziamagazine.com\/mx\/#website\",\"url\":\"https:\/\/graziamagazine.com\/mx\/\",\"name\":\"Grazia M\u00e9xico y Latinoam\u00e9rica\",\"description\":\"Grazia es moda, belleza y noticias  de actualidad \",\"potentialAction\":[{\"@type\":\"SearchAction\",\"target\":{\"@type\":\"EntryPoint\",\"urlTemplate\":\"https:\/\/graziamagazine.com\/mx\/?s={search_term_string}\"},\"query-input\":\"required name=search_term_string\"}],\"inLanguage\":\"es-MX\"}]}<\/script>\n<!-- \/ Yoast SEO Premium plugin. -->","yoast_head_json":{"title":"Raf Simons y Miuccia Prada: una conversaci\u00f3n creativa que marca el inicio de una nueva era para Prada | Grazia M\u00e9xico y Latinoam\u00e9rica","description":"Lleg\u00f3 el desfile m\u00e1s esperado del a\u00f1o y una conversaci\u00f3n entre dos de los m\u00e1s aclamados creativos en la industria de la moda.","robots":{"index":"index","follow":"follow","max-snippet":"max-snippet:-1","max-image-preview":"max-image-preview:large","max-video-preview":"max-video-preview:-1"},"canonical":"https:\/\/graziamagazine.com\/mx\/articles\/raf-simons-y-miuccia-prada-una-conversacion-creativa-que-marca-el-inicio-de-una-nueva-era-para-prada\/","og_locale":"es_MX","og_type":"article","og_title":"Raf Simons y Miuccia Prada: una conversaci\u00f3n creativa que marca el inicio de una nueva era para Prada","og_description":"Lleg\u00f3 el desfile m\u00e1s esperado del a\u00f1o y una conversaci\u00f3n entre dos de los m\u00e1s aclamados creativos en la industria de la moda.","og_url":"https:\/\/graziamagazine.com\/mx\/articles\/raf-simons-y-miuccia-prada-una-conversacion-creativa-que-marca-el-inicio-de-una-nueva-era-para-prada\/","og_site_name":"Grazia M\u00e9xico y Latinoam\u00e9rica","article_modified_time":"2020-09-24T19:48:53+00:00","og_image":[{"width":1170,"height":780,"url":"https:\/\/graziamagazine.com\/mx\/wp-content\/uploads\/sites\/13\/2020\/09\/https-hypebeast.com-image-2020-09-miuccia-prada-raf-simons-milan-fashion-week-ask-a-question-01.jpg?fit=1170%2C780","type":"image\/jpeg"}],"twitter_card":"summary_large_image","twitter_misc":{"Est. reading time":"1 minuto"},"schema":{"@context":"https:\/\/schema.org","@graph":[{"@type":"WebPage","@id":"https:\/\/graziamagazine.com\/mx\/articles\/raf-simons-y-miuccia-prada-una-conversacion-creativa-que-marca-el-inicio-de-una-nueva-era-para-prada\/","url":"https:\/\/graziamagazine.com\/mx\/articles\/raf-simons-y-miuccia-prada-una-conversacion-creativa-que-marca-el-inicio-de-una-nueva-era-para-prada\/","name":"Raf Simons y Miuccia Prada: una conversaci\u00f3n creativa que marca el inicio de una nueva era para Prada | Grazia M\u00e9xico y Latinoam\u00e9rica","isPartOf":{"@id":"https:\/\/graziamagazine.com\/mx\/#website"},"datePublished":"2020-09-24T14:33:01+00:00","dateModified":"2020-09-24T19:48:53+00:00","description":"Lleg\u00f3 el desfile m\u00e1s esperado del a\u00f1o y una conversaci\u00f3n entre dos de los m\u00e1s aclamados creativos en la industria de la moda.","breadcrumb":{"@id":"https:\/\/graziamagazine.com\/mx\/articles\/raf-simons-y-miuccia-prada-una-conversacion-creativa-que-marca-el-inicio-de-una-nueva-era-para-prada\/#breadcrumb"},"inLanguage":"es-MX","potentialAction":[{"@type":"ReadAction","target":["https:\/\/graziamagazine.com\/mx\/articles\/raf-simons-y-miuccia-prada-una-conversacion-creativa-que-marca-el-inicio-de-una-nueva-era-para-prada\/"]}]},{"@type":"BreadcrumbList","@id":"https:\/\/graziamagazine.com\/mx\/articles\/raf-simons-y-miuccia-prada-una-conversacion-creativa-que-marca-el-inicio-de-una-nueva-era-para-prada\/#breadcrumb","itemListElement":[{"@type":"ListItem","position":1,"name":"Home","item":"https:\/\/graziamagazine.com\/mx\/"},{"@type":"ListItem","position":2,"name":"Raf Simons y Miuccia Prada: una conversaci\u00f3n creativa que marca el inicio de una nueva era para Prada"}]},{"@type":"WebSite","@id":"https:\/\/graziamagazine.com\/mx\/#website","url":"https:\/\/graziamagazine.com\/mx\/","name":"Grazia M\u00e9xico y Latinoam\u00e9rica","description":"Grazia es moda, belleza y noticias  de actualidad ","potentialAction":[{"@type":"SearchAction","target":{"@type":"EntryPoint","urlTemplate":"https:\/\/graziamagazine.com\/mx\/?s={search_term_string}"},"query-input":"required name=search_term_string"}],"inLanguage":"es-MX"}]}},"jetpack_sharing_enabled":true,"distributor_meta":false,"distributor_terms":false,"distributor_media":false,"distributor_original_site_name":"Grazia M\u00e9xico y Latinoam\u00e9rica","distributor_original_site_url":"https:\/\/graziamagazine.com\/mx","push-errors":false,"_links":{"self":[{"href":"https:\/\/graziamagazine.com\/mx\/wp-json\/wp\/v2\/articles\/88979"}],"collection":[{"href":"https:\/\/graziamagazine.com\/mx\/wp-json\/wp\/v2\/articles"}],"about":[{"href":"https:\/\/graziamagazine.com\/mx\/wp-json\/wp\/v2\/types\/articles"}],"author":[{"embeddable":true,"href":"https:\/\/graziamagazine.com\/mx\/wp-json\/wp\/v2\/users\/11636"}],"wp:featuredmedia":[{"embeddable":true,"href":"https:\/\/graziamagazine.com\/mx\/wp-json\/wp\/v2\/media\/88981"}],"wp:attachment":[{"href":"https:\/\/graziamagazine.com\/mx\/wp-json\/wp\/v2\/media?parent=88979"}],"wp:term":[{"taxonomy":"category","embeddable":true,"href":"https:\/\/graziamagazine.com\/mx\/wp-json\/wp\/v2\/categories?post=88979"}],"curies":[{"name":"wp","href":"https:\/\/api.w.org\/{rel}","templated":true}]}}