{"id":88978,"date":"2020-09-24T09:11:25","date_gmt":"2020-09-24T14:11:25","guid":{"rendered":"https:\/\/graziamagazine.com\/mx\/?post_type=articles&#038;p=88978"},"modified":"2020-09-24T14:50:15","modified_gmt":"2020-09-24T19:50:15","slug":"prada","status":"publish","type":"articles","link":"https:\/\/graziamagazine.com\/mx\/articles\/prada\/","title":{"rendered":"Todo lo que necesitas saber sobre el debut de Raf Simons en Prada y de su nueva propuesta"},"content":{"rendered":"<p>Hoy <em>Milan Fashion Week<\/em> dio lugar al desfile primavera-verano 2021 de <strong>Prada<\/strong>, el m\u00e1s esperado del a\u00f1o que marc\u00f3 una nueva era para la firma italiana. Pero, \u00bfpor qu\u00e9 es tan importante esta colecci\u00f3n para la industria de la moda?<\/p>\n<p>La serie de 40 <em>looks<\/em> es, por naturaleza, un di\u00e1logo creativo entre dos de los m\u00e1s aclamados dise\u00f1adores de nuestros tiempos: <strong>Miuccia Prada y Raf Simons<\/strong>. La italiana es quiz\u00e1 la mujer m\u00e1s revolucionaria y poderosa en la moda, mientras que la trayectoria del dise\u00f1ador belga incluye haber sido director art\u00edstico de grandes casas de moda como Christian Dior, Clavin Klein y Jil Sander. Aunque ambos tengan antecedentes distintos, comparte la misma pasi\u00f3n y juntos forman un di\u00e1logo fundamental para la creatividad.<\/p>\n<div class=\"content-gallery\"><div class=\"gallery-placeholder\"><div class=\"spinner\"><\/div><\/div><span class=\"gallery-pagination\"><\/span><div id=\"gallery-1\" class=\"gallery galleryid-88978 gallery-columns- gallery-size-\"><figure class=\"gallery-item\"><div class=\"gallery-icon landscape\"><img loading=\"lazy\" decoding=\"async\" width=\"2917\" height=\"4375\" src=\"https:\/\/graziamagazine.com\/mx\/wp-content\/uploads\/sites\/13\/2020\/09\/Prada-Donna-SS21_021-2.jpg\" class=\"lazy\" alt=\"\" \/><\/div><\/figure><figure class=\"gallery-item\"><div class=\"gallery-icon landscape\"><img loading=\"lazy\" decoding=\"async\" width=\"3044\" height=\"4566\" src=\"https:\/\/graziamagazine.com\/mx\/wp-content\/uploads\/sites\/13\/2020\/09\/Prada-Donna-SS21_037-3.jpg\" class=\"lazy\" alt=\"\" \/><\/div><\/figure><\/div><\/div>\n<p>Hablamos de dos personalidades distintas, que lograron fusionar su forma de ver la vida y perspectiva de la moda en una colecci\u00f3n de ensue\u00f1o para quienes buscan funcionalidad en cada una de las prendas, siluetas perfectamente construidas y una propuesta est\u00e9tica agradable a la vista de cualquiera.<\/p>\n<p>Lograr que dos mentes creativas redefinan los valores y la ideolog\u00eda de una firma sin cambiar su esencia sin duda no es una tarea f\u00e1cil, pero el resultado de esta propuesta solo habla de respeto y deja una lecci\u00f3n importante para quienes forman parte \u2014o quieran hacerlo con \u00e9xito\u2014 en esta industria.<\/p>\n<p><strong>Hablemos de la colecci\u00f3n:<\/strong><\/p>\n<p>La mediaci\u00f3n entre tecnolog\u00eda y humanidad fueron vitales en la inspiraci\u00f3n de Prada y Simons, una fusi\u00f3n inevitable hoy en d\u00eda.\u00a0La colecci\u00f3n explora la noci\u00f3n del uniforme, pero no como lo imaginas a primera instancia cuando escuchas la palabra. Se refiere a la\u00a0comunidad Prada, la\u00a0representaci\u00f3n de la identidad, de valores compartidos y acogidos, una forma de pensar.<\/p>\n<div class=\"content-gallery\"><div class=\"gallery-placeholder\"><div class=\"spinner\"><\/div><\/div><span class=\"gallery-pagination\"><\/span><div id=\"gallery-2\" class=\"gallery galleryid-88978 gallery-columns- gallery-size-\"><figure class=\"gallery-item\"><div class=\"gallery-icon landscape\"><img loading=\"lazy\" decoding=\"async\" width=\"3211\" height=\"4816\" src=\"https:\/\/graziamagazine.com\/mx\/wp-content\/uploads\/sites\/13\/2020\/09\/Prada-Donna-SS21_024-2.jpg\" class=\"lazy\" alt=\"\" \/><\/div><\/figure><figure class=\"gallery-item\"><div class=\"gallery-icon landscape\"><img loading=\"lazy\" decoding=\"async\" width=\"3114\" height=\"4671\" src=\"https:\/\/graziamagazine.com\/mx\/wp-content\/uploads\/sites\/13\/2020\/09\/Prada-Donna-SS21_015-2.jpg\" class=\"lazy\" alt=\"\" \/><\/div><\/figure><\/div><\/div>\n<p>Las prendas son atemporales, fluidas y con detalles que conectan todas entre si, tales como t\u00e9cnicas de Alta Costura que logran una construcci\u00f3n impecable y flores en relieve. Asimismo, las modelos sostienen las piezas con las manos como un gesto humano. Y no podemos dejar de mencionar el uso de diferentes materiales y texturas, que cambian completamente nuestra lectura y perspectiva.<\/p>\n<p>Si de los bolsillos hablamos, en este caso se trata de un acto pr\u00e1ctico que aporta comodidad y funcionalidad, pero en ese mismo sentido, habla de vivir y de la utilidad de la ropa\u00a0en di\u00e1logo con el cuerpo humano.<\/p>\n<div class=\"content-gallery\"><div class=\"gallery-placeholder\"><div class=\"spinner\"><\/div><\/div><span class=\"gallery-pagination\"><\/span><div id=\"gallery-3\" class=\"gallery galleryid-88978 gallery-columns- gallery-size-\"><figure class=\"gallery-item\"><div class=\"gallery-icon landscape\"><img loading=\"lazy\" decoding=\"async\" width=\"3339\" height=\"5008\" src=\"https:\/\/graziamagazine.com\/mx\/wp-content\/uploads\/sites\/13\/2020\/09\/Prada-Donna-SS21_007-1.jpg\" class=\"lazy\" alt=\"\" \/><\/div><\/figure><figure class=\"gallery-item\"><div class=\"gallery-icon landscape\"><img loading=\"lazy\" decoding=\"async\" width=\"3191\" height=\"4787\" src=\"https:\/\/graziamagazine.com\/mx\/wp-content\/uploads\/sites\/13\/2020\/09\/Prada-Donna-SS21_011-1.jpg\" class=\"lazy\" alt=\"\" \/><\/div><\/figure><figure class=\"gallery-item\"><div class=\"gallery-icon landscape\"><img loading=\"lazy\" decoding=\"async\" width=\"2913\" height=\"4369\" src=\"https:\/\/graziamagazine.com\/mx\/wp-content\/uploads\/sites\/13\/2020\/09\/Prada-Donna-SS21_014_.jpg\" class=\"lazy\" alt=\"\" \/><\/div><\/figure><figure class=\"gallery-item\"><div class=\"gallery-icon landscape\"><img loading=\"lazy\" decoding=\"async\" width=\"3179\" height=\"4768\" src=\"https:\/\/graziamagazine.com\/mx\/wp-content\/uploads\/sites\/13\/2020\/09\/Prada-Donna-SS21_028.jpg\" class=\"lazy\" alt=\"\" \/><\/div><\/figure><figure class=\"gallery-item\"><div class=\"gallery-icon landscape\"><img loading=\"lazy\" decoding=\"async\" width=\"3236\" height=\"4854\" src=\"https:\/\/graziamagazine.com\/mx\/wp-content\/uploads\/sites\/13\/2020\/09\/Prada-Donna-SS21_013.jpg\" class=\"lazy\" alt=\"\" \/><\/div><\/figure><figure class=\"gallery-item\"><div class=\"gallery-icon landscape\"><img loading=\"lazy\" decoding=\"async\" width=\"3075\" height=\"4613\" src=\"https:\/\/graziamagazine.com\/mx\/wp-content\/uploads\/sites\/13\/2020\/09\/Prada-Donna-SS21_005.jpg\" class=\"lazy\" alt=\"\" \/><\/div><\/figure><\/div><\/div>\n<p>Por su debut, Raf Simons y Miuccia Prada respondieron despu\u00e9s del desfile una serie de preguntas sobre su colecci\u00f3n que puedes ver <a href=\"https:\/\/graziamagazine.com\/mx\/articles\/raf-simons-y-miuccia-prada-una-conversacion-creativa-que-marca-el-inicio-de-una-nueva-era-para-prada\/\" target=\"_blank\" rel=\"noopener noreferrer\">aqu\u00ed<\/a>.<\/p>\n<h5><em>*IM\u00c1GENES: Cortes\u00eda Prada<\/em><\/h5>\n","protected":false},"author":11656,"featured_media":88989,"template":"","format":"standard","categories":[4],"acf":[],"yoast_head":"<!-- This site is optimized with the Yoast SEO Premium plugin v18.5 (Yoast SEO v20.4) - https:\/\/yoast.com\/wordpress\/plugins\/seo\/ -->\n<title>Todo lo que necesitas saber sobre el debut de Raf Simons en Prada y de su nueva propuesta | Grazia M\u00e9xico y Latinoam\u00e9rica<\/title>\n<meta name=\"description\" content=\"Miuccia Prada y Raf Simons, dos mentes creativas distintas que crearon una propuesta de ensue\u00f1o para primavera-verano 2021.\" \/>\n<meta name=\"robots\" content=\"index, follow, max-snippet:-1, max-image-preview:large, max-video-preview:-1\" \/>\n<link rel=\"canonical\" href=\"https:\/\/graziamagazine.com\/mx\/articles\/prada\/\" \/>\n<meta property=\"og:locale\" content=\"es_MX\" \/>\n<meta property=\"og:type\" content=\"article\" \/>\n<meta property=\"og:title\" content=\"Todo lo que necesitas saber sobre el debut de Raf Simons en Prada y de su nueva propuesta\" \/>\n<meta property=\"og:description\" content=\"Miuccia Prada y Raf Simons, dos mentes creativas distintas que crearon una propuesta de ensue\u00f1o para primavera-verano 2021.\" \/>\n<meta property=\"og:url\" content=\"https:\/\/graziamagazine.com\/mx\/articles\/prada\/\" \/>\n<meta property=\"og:site_name\" content=\"Grazia M\u00e9xico y Latinoam\u00e9rica\" \/>\n<meta property=\"article:modified_time\" content=\"2020-09-24T19:50:15+00:00\" \/>\n<meta property=\"og:image\" content=\"https:\/\/graziamagazine.com\/mx\/wp-content\/uploads\/sites\/13\/2020\/09\/Prada-SS21-W-show-image_02.jpg?fit=3543%2C2362\" \/>\n\t<meta property=\"og:image:width\" content=\"3543\" \/>\n\t<meta property=\"og:image:height\" content=\"2362\" \/>\n\t<meta property=\"og:image:type\" content=\"image\/jpeg\" \/>\n<meta name=\"twitter:card\" content=\"summary_large_image\" \/>\n<meta name=\"twitter:label1\" content=\"Est. reading time\" \/>\n\t<meta name=\"twitter:data1\" content=\"2 minutos\" \/>\n<script type=\"application\/ld+json\" class=\"yoast-schema-graph\">{\"@context\":\"https:\/\/schema.org\",\"@graph\":[{\"@type\":\"WebPage\",\"@id\":\"https:\/\/graziamagazine.com\/mx\/articles\/prada\/\",\"url\":\"https:\/\/graziamagazine.com\/mx\/articles\/prada\/\",\"name\":\"Todo lo que necesitas saber sobre el debut de Raf Simons en Prada y de su nueva propuesta | Grazia M\u00e9xico y Latinoam\u00e9rica\",\"isPartOf\":{\"@id\":\"https:\/\/graziamagazine.com\/mx\/#website\"},\"datePublished\":\"2020-09-24T14:11:25+00:00\",\"dateModified\":\"2020-09-24T19:50:15+00:00\",\"description\":\"Miuccia Prada y Raf Simons, dos mentes creativas distintas que crearon una propuesta de ensue\u00f1o para primavera-verano 2021.\",\"breadcrumb\":{\"@id\":\"https:\/\/graziamagazine.com\/mx\/articles\/prada\/#breadcrumb\"},\"inLanguage\":\"es-MX\",\"potentialAction\":[{\"@type\":\"ReadAction\",\"target\":[\"https:\/\/graziamagazine.com\/mx\/articles\/prada\/\"]}]},{\"@type\":\"BreadcrumbList\",\"@id\":\"https:\/\/graziamagazine.com\/mx\/articles\/prada\/#breadcrumb\",\"itemListElement\":[{\"@type\":\"ListItem\",\"position\":1,\"name\":\"Home\",\"item\":\"https:\/\/graziamagazine.com\/mx\/\"},{\"@type\":\"ListItem\",\"position\":2,\"name\":\"Todo lo que necesitas saber sobre el debut de Raf Simons en Prada y de su nueva propuesta\"}]},{\"@type\":\"WebSite\",\"@id\":\"https:\/\/graziamagazine.com\/mx\/#website\",\"url\":\"https:\/\/graziamagazine.com\/mx\/\",\"name\":\"Grazia M\u00e9xico y Latinoam\u00e9rica\",\"description\":\"Grazia es moda, belleza y noticias  de actualidad \",\"potentialAction\":[{\"@type\":\"SearchAction\",\"target\":{\"@type\":\"EntryPoint\",\"urlTemplate\":\"https:\/\/graziamagazine.com\/mx\/?s={search_term_string}\"},\"query-input\":\"required name=search_term_string\"}],\"inLanguage\":\"es-MX\"}]}<\/script>\n<!-- \/ Yoast SEO Premium plugin. -->","yoast_head_json":{"title":"Todo lo que necesitas saber sobre el debut de Raf Simons en Prada y de su nueva propuesta | Grazia M\u00e9xico y Latinoam\u00e9rica","description":"Miuccia Prada y Raf Simons, dos mentes creativas distintas que crearon una propuesta de ensue\u00f1o para primavera-verano 2021.","robots":{"index":"index","follow":"follow","max-snippet":"max-snippet:-1","max-image-preview":"max-image-preview:large","max-video-preview":"max-video-preview:-1"},"canonical":"https:\/\/graziamagazine.com\/mx\/articles\/prada\/","og_locale":"es_MX","og_type":"article","og_title":"Todo lo que necesitas saber sobre el debut de Raf Simons en Prada y de su nueva propuesta","og_description":"Miuccia Prada y Raf Simons, dos mentes creativas distintas que crearon una propuesta de ensue\u00f1o para primavera-verano 2021.","og_url":"https:\/\/graziamagazine.com\/mx\/articles\/prada\/","og_site_name":"Grazia M\u00e9xico y Latinoam\u00e9rica","article_modified_time":"2020-09-24T19:50:15+00:00","og_image":[{"width":3543,"height":2362,"url":"https:\/\/graziamagazine.com\/mx\/wp-content\/uploads\/sites\/13\/2020\/09\/Prada-SS21-W-show-image_02.jpg?fit=3543%2C2362","type":"image\/jpeg"}],"twitter_card":"summary_large_image","twitter_misc":{"Est. reading time":"2 minutos"},"schema":{"@context":"https:\/\/schema.org","@graph":[{"@type":"WebPage","@id":"https:\/\/graziamagazine.com\/mx\/articles\/prada\/","url":"https:\/\/graziamagazine.com\/mx\/articles\/prada\/","name":"Todo lo que necesitas saber sobre el debut de Raf Simons en Prada y de su nueva propuesta | Grazia M\u00e9xico y Latinoam\u00e9rica","isPartOf":{"@id":"https:\/\/graziamagazine.com\/mx\/#website"},"datePublished":"2020-09-24T14:11:25+00:00","dateModified":"2020-09-24T19:50:15+00:00","description":"Miuccia Prada y Raf Simons, dos mentes creativas distintas que crearon una propuesta de ensue\u00f1o para primavera-verano 2021.","breadcrumb":{"@id":"https:\/\/graziamagazine.com\/mx\/articles\/prada\/#breadcrumb"},"inLanguage":"es-MX","potentialAction":[{"@type":"ReadAction","target":["https:\/\/graziamagazine.com\/mx\/articles\/prada\/"]}]},{"@type":"BreadcrumbList","@id":"https:\/\/graziamagazine.com\/mx\/articles\/prada\/#breadcrumb","itemListElement":[{"@type":"ListItem","position":1,"name":"Home","item":"https:\/\/graziamagazine.com\/mx\/"},{"@type":"ListItem","position":2,"name":"Todo lo que necesitas saber sobre el debut de Raf Simons en Prada y de su nueva propuesta"}]},{"@type":"WebSite","@id":"https:\/\/graziamagazine.com\/mx\/#website","url":"https:\/\/graziamagazine.com\/mx\/","name":"Grazia M\u00e9xico y Latinoam\u00e9rica","description":"Grazia es moda, belleza y noticias  de actualidad ","potentialAction":[{"@type":"SearchAction","target":{"@type":"EntryPoint","urlTemplate":"https:\/\/graziamagazine.com\/mx\/?s={search_term_string}"},"query-input":"required name=search_term_string"}],"inLanguage":"es-MX"}]}},"jetpack_sharing_enabled":true,"distributor_meta":false,"distributor_terms":false,"distributor_media":false,"distributor_original_site_name":"Grazia M\u00e9xico y Latinoam\u00e9rica","distributor_original_site_url":"https:\/\/graziamagazine.com\/mx","push-errors":false,"_links":{"self":[{"href":"https:\/\/graziamagazine.com\/mx\/wp-json\/wp\/v2\/articles\/88978"}],"collection":[{"href":"https:\/\/graziamagazine.com\/mx\/wp-json\/wp\/v2\/articles"}],"about":[{"href":"https:\/\/graziamagazine.com\/mx\/wp-json\/wp\/v2\/types\/articles"}],"author":[{"embeddable":true,"href":"https:\/\/graziamagazine.com\/mx\/wp-json\/wp\/v2\/users\/11656"}],"wp:featuredmedia":[{"embeddable":true,"href":"https:\/\/graziamagazine.com\/mx\/wp-json\/wp\/v2\/media\/88989"}],"wp:attachment":[{"href":"https:\/\/graziamagazine.com\/mx\/wp-json\/wp\/v2\/media?parent=88978"}],"wp:term":[{"taxonomy":"category","embeddable":true,"href":"https:\/\/graziamagazine.com\/mx\/wp-json\/wp\/v2\/categories?post=88978"}],"curies":[{"name":"wp","href":"https:\/\/api.w.org\/{rel}","templated":true}]}}