{"id":88967,"date":"2020-09-23T21:53:10","date_gmt":"2020-09-24T02:53:10","guid":{"rendered":"https:\/\/graziamagazine.com\/mx\/?post_type=articles&#038;p=88967"},"modified":"2020-09-23T22:07:10","modified_gmt":"2020-09-24T03:07:10","slug":"gigi-hadid-y-zayn-malik-ya-son-papas","status":"publish","type":"articles","link":"https:\/\/graziamagazine.com\/mx\/articles\/gigi-hadid-y-zayn-malik-ya-son-papas\/","title":{"rendered":"\u00a1Gigi Hadid y Zayn Malik ya son pap\u00e1s!"},"content":{"rendered":"<p>En abril <a href=\"https:\/\/www.tmz.com\/2020\/04\/28\/gigi-hadid-pregnant-baby-zayn-malik-father-boyfriend\/\" target=\"_blank\" rel=\"noopener noreferrer\" target=\"_blank\"><em>TMZ<\/em><\/a> anunci\u00f3 que <strong>Gigi Hadid y Zayn Malik<\/strong> esperaban un beb\u00e9. Hoy, el cantante y la modelo le dieron la bienvenida a su primera hija y lo anunciaron a trav\u00e9s de un tierno mensaje en Twitter. &#8220;Nuestra ni\u00f1a est\u00e1 aqu\u00ed, sana y hermosa. Tratar de poner en palabras c\u00f3mo me siento en este momento ser\u00eda una tarea imposible. El amor que siento por esta peque\u00f1a humana est\u00e1 m\u00e1s all\u00e1 de mi comprensi\u00f3n. Agradecido de conocerla, orgulloso de llamarla m\u00eda y agradecido por la vida que tendremos juntos&#8221;, comparti\u00f3 Zayn.<\/p>\n<blockquote class=\"twitter-tweet\" data-width=\"500\" data-dnt=\"true\">\n<p lang=\"en\" dir=\"ltr\">Our baby girl is here, healthy &amp; beautiful\ud83d\ude4f\ud83c\udffd\u2764\ufe0fto try put into words how i am feeling right now would be an impossible task. The love i feel for this tiny human is beyond my understanding.Grateful to know her, proud to call her mine, &amp; thankful for the life we will have together x <a href=\"https:\/\/t.co\/nvhfOkk2fw\" target=\"_blank\">pic.twitter.com\/nvhfOkk2fw<\/a><\/p>\n<p>&mdash; zayn (@zaynmalik) <a href=\"https:\/\/twitter.com\/zaynmalik\/status\/1308947122126032896?ref_src=twsrc%5Etfw\" target=\"_blank\">September 24, 2020<\/a><\/p><\/blockquote>\n<p><script async src=\"https:\/\/platform.twitter.com\/widgets.js\" charset=\"utf-8\"><\/script><\/p>\n<p>Ya te sabes la historia:\u00a0ambos terminaron en 2018, despu\u00e9s Hadid\u00a0<a href=\"https:\/\/graziamagazine.com\/mx\/la-relacion-entre-gidi-hadid-y-tyler-cameron-esta-creciendo\/\" target=\"_blank\" rel=\"noopener noreferrer\">sali\u00f3 con Tyler Cameron<\/a> e iniciando el 2020\u00a0se les vio juntos caminando en Nueva York, confirmando que hab\u00edan regresado.\u00a0\u201cGigi y Zayn volvieron justo antes de las vacaciones de diciembre. Zayn ha estado contactando a Gigi durante el \u00faltimo mes y ella le est\u00e1 dando otra oportunidad&#8221;, coment\u00f3 una fuente en ese momento. &#8220;Ella siempre lo ha amado y el descanso entre los dos era necesario. Zayn ha estado trabajando en su m\u00fasica y enfoc\u00e1ndose en su salud, y actualmente se encuentra en un muy buen momento. Todos est\u00e1n felices por ellos, y Yolanda y Bella siempre han amado a Zayn. Todos lo han tratado siempre como parte de la familia\u201d, a\u00f1adi\u00f3.<\/p>\n<p>\u00a1Felicidades a los dos!<\/p>\n<h5><em>*IMAGEN: Getty Images<\/em><\/h5>\n","protected":false},"author":11656,"featured_media":88970,"template":"","format":"standard","categories":[2],"acf":[],"yoast_head":"<!-- This site is optimized with the Yoast SEO Premium plugin v18.5 (Yoast SEO v20.4) - https:\/\/yoast.com\/wordpress\/plugins\/seo\/ -->\n<title>\u00a1Gigi Hadid y Zayn Malik ya son pap\u00e1s! | Grazia M\u00e9xico y Latinoam\u00e9rica<\/title>\n<meta name=\"description\" content=\"S\u00ed, Gigi y Zayn acaban de darle la bienvenida a su primera hija. El cantante lo anunci\u00f3 a trav\u00e9s de su cuenta de Twitter.\" \/>\n<meta name=\"robots\" content=\"index, follow, max-snippet:-1, max-image-preview:large, max-video-preview:-1\" \/>\n<link rel=\"canonical\" href=\"https:\/\/graziamagazine.com\/mx\/articles\/gigi-hadid-y-zayn-malik-ya-son-papas\/\" \/>\n<meta property=\"og:locale\" content=\"es_MX\" \/>\n<meta property=\"og:type\" content=\"article\" \/>\n<meta property=\"og:title\" content=\"\u00a1Gigi Hadid y Zayn Malik ya son pap\u00e1s!\" \/>\n<meta property=\"og:description\" content=\"S\u00ed, Gigi y Zayn acaban de darle la bienvenida a su primera hija. El cantante lo anunci\u00f3 a trav\u00e9s de su cuenta de Twitter.\" \/>\n<meta property=\"og:url\" content=\"https:\/\/graziamagazine.com\/mx\/articles\/gigi-hadid-y-zayn-malik-ya-son-papas\/\" \/>\n<meta property=\"og:site_name\" content=\"Grazia M\u00e9xico y Latinoam\u00e9rica\" \/>\n<meta property=\"article:modified_time\" content=\"2020-09-24T03:07:10+00:00\" \/>\n<meta property=\"og:image\" content=\"https:\/\/graziamagazine.com\/mx\/wp-content\/uploads\/sites\/13\/2020\/09\/\u00a1Gigi-Hadid-y-Zayn-Malik-ya-son-papa\u0301s.jpg?fit=770%2C513\" \/>\n\t<meta property=\"og:image:width\" content=\"770\" \/>\n\t<meta property=\"og:image:height\" content=\"513\" \/>\n\t<meta property=\"og:image:type\" content=\"image\/jpeg\" \/>\n<meta name=\"twitter:card\" content=\"summary_large_image\" \/>\n<meta name=\"twitter:label1\" content=\"Est. reading time\" \/>\n\t<meta name=\"twitter:data1\" content=\"1 minuto\" \/>\n<script type=\"application\/ld+json\" class=\"yoast-schema-graph\">{\"@context\":\"https:\/\/schema.org\",\"@graph\":[{\"@type\":\"WebPage\",\"@id\":\"https:\/\/graziamagazine.com\/mx\/articles\/gigi-hadid-y-zayn-malik-ya-son-papas\/\",\"url\":\"https:\/\/graziamagazine.com\/mx\/articles\/gigi-hadid-y-zayn-malik-ya-son-papas\/\",\"name\":\"\u00a1Gigi Hadid y Zayn Malik ya son pap\u00e1s! | Grazia M\u00e9xico y Latinoam\u00e9rica\",\"isPartOf\":{\"@id\":\"https:\/\/graziamagazine.com\/mx\/#website\"},\"datePublished\":\"2020-09-24T02:53:10+00:00\",\"dateModified\":\"2020-09-24T03:07:10+00:00\",\"description\":\"S\u00ed, Gigi y Zayn acaban de darle la bienvenida a su primera hija. El cantante lo anunci\u00f3 a trav\u00e9s de su cuenta de Twitter.\",\"breadcrumb\":{\"@id\":\"https:\/\/graziamagazine.com\/mx\/articles\/gigi-hadid-y-zayn-malik-ya-son-papas\/#breadcrumb\"},\"inLanguage\":\"es-MX\",\"potentialAction\":[{\"@type\":\"ReadAction\",\"target\":[\"https:\/\/graziamagazine.com\/mx\/articles\/gigi-hadid-y-zayn-malik-ya-son-papas\/\"]}]},{\"@type\":\"BreadcrumbList\",\"@id\":\"https:\/\/graziamagazine.com\/mx\/articles\/gigi-hadid-y-zayn-malik-ya-son-papas\/#breadcrumb\",\"itemListElement\":[{\"@type\":\"ListItem\",\"position\":1,\"name\":\"Home\",\"item\":\"https:\/\/graziamagazine.com\/mx\/\"},{\"@type\":\"ListItem\",\"position\":2,\"name\":\"\u00a1Gigi Hadid y Zayn Malik ya son pap\u00e1s!\"}]},{\"@type\":\"WebSite\",\"@id\":\"https:\/\/graziamagazine.com\/mx\/#website\",\"url\":\"https:\/\/graziamagazine.com\/mx\/\",\"name\":\"Grazia M\u00e9xico y Latinoam\u00e9rica\",\"description\":\"Grazia es moda, belleza y noticias  de actualidad \",\"potentialAction\":[{\"@type\":\"SearchAction\",\"target\":{\"@type\":\"EntryPoint\",\"urlTemplate\":\"https:\/\/graziamagazine.com\/mx\/?s={search_term_string}\"},\"query-input\":\"required name=search_term_string\"}],\"inLanguage\":\"es-MX\"}]}<\/script>\n<!-- \/ Yoast SEO Premium plugin. -->","yoast_head_json":{"title":"\u00a1Gigi Hadid y Zayn Malik ya son pap\u00e1s! | Grazia M\u00e9xico y Latinoam\u00e9rica","description":"S\u00ed, Gigi y Zayn acaban de darle la bienvenida a su primera hija. El cantante lo anunci\u00f3 a trav\u00e9s de su cuenta de Twitter.","robots":{"index":"index","follow":"follow","max-snippet":"max-snippet:-1","max-image-preview":"max-image-preview:large","max-video-preview":"max-video-preview:-1"},"canonical":"https:\/\/graziamagazine.com\/mx\/articles\/gigi-hadid-y-zayn-malik-ya-son-papas\/","og_locale":"es_MX","og_type":"article","og_title":"\u00a1Gigi Hadid y Zayn Malik ya son pap\u00e1s!","og_description":"S\u00ed, Gigi y Zayn acaban de darle la bienvenida a su primera hija. El cantante lo anunci\u00f3 a trav\u00e9s de su cuenta de Twitter.","og_url":"https:\/\/graziamagazine.com\/mx\/articles\/gigi-hadid-y-zayn-malik-ya-son-papas\/","og_site_name":"Grazia M\u00e9xico y Latinoam\u00e9rica","article_modified_time":"2020-09-24T03:07:10+00:00","og_image":[{"width":770,"height":513,"url":"https:\/\/graziamagazine.com\/mx\/wp-content\/uploads\/sites\/13\/2020\/09\/\u00a1Gigi-Hadid-y-Zayn-Malik-ya-son-papa\u0301s.jpg?fit=770%2C513","type":"image\/jpeg"}],"twitter_card":"summary_large_image","twitter_misc":{"Est. reading time":"1 minuto"},"schema":{"@context":"https:\/\/schema.org","@graph":[{"@type":"WebPage","@id":"https:\/\/graziamagazine.com\/mx\/articles\/gigi-hadid-y-zayn-malik-ya-son-papas\/","url":"https:\/\/graziamagazine.com\/mx\/articles\/gigi-hadid-y-zayn-malik-ya-son-papas\/","name":"\u00a1Gigi Hadid y Zayn Malik ya son pap\u00e1s! | Grazia M\u00e9xico y Latinoam\u00e9rica","isPartOf":{"@id":"https:\/\/graziamagazine.com\/mx\/#website"},"datePublished":"2020-09-24T02:53:10+00:00","dateModified":"2020-09-24T03:07:10+00:00","description":"S\u00ed, Gigi y Zayn acaban de darle la bienvenida a su primera hija. El cantante lo anunci\u00f3 a trav\u00e9s de su cuenta de Twitter.","breadcrumb":{"@id":"https:\/\/graziamagazine.com\/mx\/articles\/gigi-hadid-y-zayn-malik-ya-son-papas\/#breadcrumb"},"inLanguage":"es-MX","potentialAction":[{"@type":"ReadAction","target":["https:\/\/graziamagazine.com\/mx\/articles\/gigi-hadid-y-zayn-malik-ya-son-papas\/"]}]},{"@type":"BreadcrumbList","@id":"https:\/\/graziamagazine.com\/mx\/articles\/gigi-hadid-y-zayn-malik-ya-son-papas\/#breadcrumb","itemListElement":[{"@type":"ListItem","position":1,"name":"Home","item":"https:\/\/graziamagazine.com\/mx\/"},{"@type":"ListItem","position":2,"name":"\u00a1Gigi Hadid y Zayn Malik ya son pap\u00e1s!"}]},{"@type":"WebSite","@id":"https:\/\/graziamagazine.com\/mx\/#website","url":"https:\/\/graziamagazine.com\/mx\/","name":"Grazia M\u00e9xico y Latinoam\u00e9rica","description":"Grazia es moda, belleza y noticias  de actualidad ","potentialAction":[{"@type":"SearchAction","target":{"@type":"EntryPoint","urlTemplate":"https:\/\/graziamagazine.com\/mx\/?s={search_term_string}"},"query-input":"required name=search_term_string"}],"inLanguage":"es-MX"}]}},"jetpack_sharing_enabled":true,"distributor_meta":false,"distributor_terms":false,"distributor_media":false,"distributor_original_site_name":"Grazia M\u00e9xico y Latinoam\u00e9rica","distributor_original_site_url":"https:\/\/graziamagazine.com\/mx","push-errors":false,"_links":{"self":[{"href":"https:\/\/graziamagazine.com\/mx\/wp-json\/wp\/v2\/articles\/88967"}],"collection":[{"href":"https:\/\/graziamagazine.com\/mx\/wp-json\/wp\/v2\/articles"}],"about":[{"href":"https:\/\/graziamagazine.com\/mx\/wp-json\/wp\/v2\/types\/articles"}],"author":[{"embeddable":true,"href":"https:\/\/graziamagazine.com\/mx\/wp-json\/wp\/v2\/users\/11656"}],"wp:featuredmedia":[{"embeddable":true,"href":"https:\/\/graziamagazine.com\/mx\/wp-json\/wp\/v2\/media\/88970"}],"wp:attachment":[{"href":"https:\/\/graziamagazine.com\/mx\/wp-json\/wp\/v2\/media?parent=88967"}],"wp:term":[{"taxonomy":"category","embeddable":true,"href":"https:\/\/graziamagazine.com\/mx\/wp-json\/wp\/v2\/categories?post=88967"}],"curies":[{"name":"wp","href":"https:\/\/api.w.org\/{rel}","templated":true}]}}