{"id":88844,"date":"2020-09-21T08:38:31","date_gmt":"2020-09-21T13:38:31","guid":{"rendered":"https:\/\/graziamagazine.com\/mx\/?post_type=articles&#038;p=88844"},"modified":"2020-09-21T09:01:22","modified_gmt":"2020-09-21T14:01:22","slug":"en-medio-de-los-emmys-elizabeth-olsen-lanzo-el-trailer-de-wanda-vision-su-nueva-serie-para-disney","status":"publish","type":"articles","link":"https:\/\/graziamagazine.com\/mx\/articles\/en-medio-de-los-emmys-elizabeth-olsen-lanzo-el-trailer-de-wanda-vision-su-nueva-serie-para-disney\/","title":{"rendered":"En medio de los Emmys Disney+ lanz\u00f3 el tr\u00e1iler de WandaVision con Elizabeth Olsen"},"content":{"rendered":"<p>Mientras <strong>Jennifer Aniston y Jimmy Kimmel<\/strong> causaban sensaci\u00f3n ayer durante la ceremonia de los Emmys ayer por la noche, Disney Plus liber\u00f3 el tr\u00e1iler de <strong><em>WandaVision<\/em><\/strong>, su nueva serie basada en Avengers de Marvel, donde <strong>Elizabeth Olsen<\/strong> y el actor brit\u00e1nico,\u00a0<strong>Paul Bettany<\/strong>, retoman sus papeles como Wanda Maximoff y Vision.<\/p>\n<p>&#8220;<em>WandaVision<\/em> de Marvel Studios combina el estilo de las comedias de situaci\u00f3n cl\u00e1sicas con el Universo Cinematogr\u00e1fico de Marvel en el que Wanda Maximoff (Olsen) y Vision (Bettany), dos seres superpoderosos que viven sus vidas suburbanas ideales, comienzan a sospechar que no todo es lo que parece. La nueva serie est\u00e1 dirigida por Matt Shakman y Jac Schaeffer es el escritor principal &#8220;, dice la sinopsis oficial.<\/p>\n<p>Esta historia fue escrita, como dice el texto, por Jac Schaeffer, conocido por sus guiones para <em>Captain Marvel<\/em> y <em>Black Widow. <\/em>Adem\u00e1s, estrellas como Kat Dennings, Randall Park, Kathryn Hahn y Teyonah Parris tienen papeles principales.<\/p>\n<p>Por otro lado, esta no es la primera vez que la serie causa controversia en medio de uno de los eventos m\u00e1s esperados del a\u00f1o. En febrero de este a\u00f1o, la plataforma lanz\u00f3 las primeras fotograf\u00edas durante el Super Bowl, incluidas escenas de otros programas pr\u00f3ximos a estrenarse como\u00a0<em>The Falcon and the Winter Soldier<\/em> y <em>Loki<\/em>.<\/p>\n<p>\u00bfEmocionadas por el estreno? \u00a1Nosotras tambi\u00e9n! Esp\u00e9ralo en diciembre.<\/p>\n<p>Ve aqu\u00ed el tr\u00e1iler completo:<\/p>\n<p><iframe loading=\"lazy\" title=\"WandaVision | Official Trailer | Disney+\" width=\"500\" height=\"281\" src=\"https:\/\/www.youtube.com\/embed\/gQIgYUrLE4Y?feature=oembed\" frameborder=\"0\" allow=\"accelerometer; autoplay; clipboard-write; encrypted-media; gyroscope; picture-in-picture\" allowfullscreen><\/iframe><\/p>\n<h5><em>*IMAGEN: Still WandaVision<\/em><\/h5>\n","protected":false},"author":11636,"featured_media":88845,"template":"","format":"standard","categories":[114],"acf":[],"yoast_head":"<!-- This site is optimized with the Yoast SEO Premium plugin v18.5 (Yoast SEO v20.4) - https:\/\/yoast.com\/wordpress\/plugins\/seo\/ -->\n<title>En medio de los Emmys Disney+ lanz\u00f3 el tr\u00e1iler de WandaVision con Elizabeth Olsen | Grazia M\u00e9xico y Latinoam\u00e9rica<\/title>\n<meta name=\"description\" content=\"\u00bfYa lo viste? Disney Plus tambi\u00e9n caus\u00f3 sensaci\u00f3n ayer por la noche liberando el primer adelanto oficial de la serie. \u00a1No te lo pierdas!\" \/>\n<meta name=\"robots\" content=\"index, follow, max-snippet:-1, max-image-preview:large, max-video-preview:-1\" \/>\n<link rel=\"canonical\" href=\"https:\/\/graziamagazine.com\/mx\/articles\/en-medio-de-los-emmys-elizabeth-olsen-lanzo-el-trailer-de-wanda-vision-su-nueva-serie-para-disney\/\" \/>\n<meta property=\"og:locale\" content=\"es_MX\" \/>\n<meta property=\"og:type\" content=\"article\" \/>\n<meta property=\"og:title\" content=\"En medio de los Emmys Disney+ lanz\u00f3 el tr\u00e1iler de WandaVision con Elizabeth Olsen\" \/>\n<meta property=\"og:description\" content=\"\u00bfYa lo viste? Disney Plus tambi\u00e9n caus\u00f3 sensaci\u00f3n ayer por la noche liberando el primer adelanto oficial de la serie. \u00a1No te lo pierdas!\" \/>\n<meta property=\"og:url\" content=\"https:\/\/graziamagazine.com\/mx\/articles\/en-medio-de-los-emmys-elizabeth-olsen-lanzo-el-trailer-de-wanda-vision-su-nueva-serie-para-disney\/\" \/>\n<meta property=\"og:site_name\" content=\"Grazia M\u00e9xico y Latinoam\u00e9rica\" \/>\n<meta property=\"article:modified_time\" content=\"2020-09-21T14:01:22+00:00\" \/>\n<meta property=\"og:image\" content=\"https:\/\/graziamagazine.com\/mx\/wp-content\/uploads\/sites\/13\/2020\/09\/En-medio-de-los-Emmys-Disney-lanzo\u0301-el-tra\u0301iler-de-WandaVision-con-Elizabeth-Olsen-.jpeg?fit=2000%2C1125\" \/>\n\t<meta property=\"og:image:width\" content=\"2000\" \/>\n\t<meta property=\"og:image:height\" content=\"1125\" \/>\n\t<meta property=\"og:image:type\" content=\"image\/jpeg\" \/>\n<meta name=\"twitter:card\" content=\"summary_large_image\" \/>\n<meta name=\"twitter:label1\" content=\"Est. reading time\" \/>\n\t<meta name=\"twitter:data1\" content=\"1 minuto\" \/>\n<script type=\"application\/ld+json\" class=\"yoast-schema-graph\">{\"@context\":\"https:\/\/schema.org\",\"@graph\":[{\"@type\":\"WebPage\",\"@id\":\"https:\/\/graziamagazine.com\/mx\/articles\/en-medio-de-los-emmys-elizabeth-olsen-lanzo-el-trailer-de-wanda-vision-su-nueva-serie-para-disney\/\",\"url\":\"https:\/\/graziamagazine.com\/mx\/articles\/en-medio-de-los-emmys-elizabeth-olsen-lanzo-el-trailer-de-wanda-vision-su-nueva-serie-para-disney\/\",\"name\":\"En medio de los Emmys Disney+ lanz\u00f3 el tr\u00e1iler de WandaVision con Elizabeth Olsen | Grazia M\u00e9xico y Latinoam\u00e9rica\",\"isPartOf\":{\"@id\":\"https:\/\/graziamagazine.com\/mx\/#website\"},\"datePublished\":\"2020-09-21T13:38:31+00:00\",\"dateModified\":\"2020-09-21T14:01:22+00:00\",\"description\":\"\u00bfYa lo viste? Disney Plus tambi\u00e9n caus\u00f3 sensaci\u00f3n ayer por la noche liberando el primer adelanto oficial de la serie. \u00a1No te lo pierdas!\",\"breadcrumb\":{\"@id\":\"https:\/\/graziamagazine.com\/mx\/articles\/en-medio-de-los-emmys-elizabeth-olsen-lanzo-el-trailer-de-wanda-vision-su-nueva-serie-para-disney\/#breadcrumb\"},\"inLanguage\":\"es-MX\",\"potentialAction\":[{\"@type\":\"ReadAction\",\"target\":[\"https:\/\/graziamagazine.com\/mx\/articles\/en-medio-de-los-emmys-elizabeth-olsen-lanzo-el-trailer-de-wanda-vision-su-nueva-serie-para-disney\/\"]}]},{\"@type\":\"BreadcrumbList\",\"@id\":\"https:\/\/graziamagazine.com\/mx\/articles\/en-medio-de-los-emmys-elizabeth-olsen-lanzo-el-trailer-de-wanda-vision-su-nueva-serie-para-disney\/#breadcrumb\",\"itemListElement\":[{\"@type\":\"ListItem\",\"position\":1,\"name\":\"Home\",\"item\":\"https:\/\/graziamagazine.com\/mx\/\"},{\"@type\":\"ListItem\",\"position\":2,\"name\":\"En medio de los Emmys Disney+ lanz\u00f3 el tr\u00e1iler de WandaVision con Elizabeth Olsen\"}]},{\"@type\":\"WebSite\",\"@id\":\"https:\/\/graziamagazine.com\/mx\/#website\",\"url\":\"https:\/\/graziamagazine.com\/mx\/\",\"name\":\"Grazia M\u00e9xico y Latinoam\u00e9rica\",\"description\":\"Grazia es moda, belleza y noticias  de actualidad \",\"potentialAction\":[{\"@type\":\"SearchAction\",\"target\":{\"@type\":\"EntryPoint\",\"urlTemplate\":\"https:\/\/graziamagazine.com\/mx\/?s={search_term_string}\"},\"query-input\":\"required name=search_term_string\"}],\"inLanguage\":\"es-MX\"}]}<\/script>\n<!-- \/ Yoast SEO Premium plugin. -->","yoast_head_json":{"title":"En medio de los Emmys Disney+ lanz\u00f3 el tr\u00e1iler de WandaVision con Elizabeth Olsen | Grazia M\u00e9xico y Latinoam\u00e9rica","description":"\u00bfYa lo viste? Disney Plus tambi\u00e9n caus\u00f3 sensaci\u00f3n ayer por la noche liberando el primer adelanto oficial de la serie. \u00a1No te lo pierdas!","robots":{"index":"index","follow":"follow","max-snippet":"max-snippet:-1","max-image-preview":"max-image-preview:large","max-video-preview":"max-video-preview:-1"},"canonical":"https:\/\/graziamagazine.com\/mx\/articles\/en-medio-de-los-emmys-elizabeth-olsen-lanzo-el-trailer-de-wanda-vision-su-nueva-serie-para-disney\/","og_locale":"es_MX","og_type":"article","og_title":"En medio de los Emmys Disney+ lanz\u00f3 el tr\u00e1iler de WandaVision con Elizabeth Olsen","og_description":"\u00bfYa lo viste? Disney Plus tambi\u00e9n caus\u00f3 sensaci\u00f3n ayer por la noche liberando el primer adelanto oficial de la serie. \u00a1No te lo pierdas!","og_url":"https:\/\/graziamagazine.com\/mx\/articles\/en-medio-de-los-emmys-elizabeth-olsen-lanzo-el-trailer-de-wanda-vision-su-nueva-serie-para-disney\/","og_site_name":"Grazia M\u00e9xico y Latinoam\u00e9rica","article_modified_time":"2020-09-21T14:01:22+00:00","og_image":[{"width":2000,"height":1125,"url":"https:\/\/graziamagazine.com\/mx\/wp-content\/uploads\/sites\/13\/2020\/09\/En-medio-de-los-Emmys-Disney-lanzo\u0301-el-tra\u0301iler-de-WandaVision-con-Elizabeth-Olsen-.jpeg?fit=2000%2C1125","type":"image\/jpeg"}],"twitter_card":"summary_large_image","twitter_misc":{"Est. reading time":"1 minuto"},"schema":{"@context":"https:\/\/schema.org","@graph":[{"@type":"WebPage","@id":"https:\/\/graziamagazine.com\/mx\/articles\/en-medio-de-los-emmys-elizabeth-olsen-lanzo-el-trailer-de-wanda-vision-su-nueva-serie-para-disney\/","url":"https:\/\/graziamagazine.com\/mx\/articles\/en-medio-de-los-emmys-elizabeth-olsen-lanzo-el-trailer-de-wanda-vision-su-nueva-serie-para-disney\/","name":"En medio de los Emmys Disney+ lanz\u00f3 el tr\u00e1iler de WandaVision con Elizabeth Olsen | Grazia M\u00e9xico y Latinoam\u00e9rica","isPartOf":{"@id":"https:\/\/graziamagazine.com\/mx\/#website"},"datePublished":"2020-09-21T13:38:31+00:00","dateModified":"2020-09-21T14:01:22+00:00","description":"\u00bfYa lo viste? Disney Plus tambi\u00e9n caus\u00f3 sensaci\u00f3n ayer por la noche liberando el primer adelanto oficial de la serie. \u00a1No te lo pierdas!","breadcrumb":{"@id":"https:\/\/graziamagazine.com\/mx\/articles\/en-medio-de-los-emmys-elizabeth-olsen-lanzo-el-trailer-de-wanda-vision-su-nueva-serie-para-disney\/#breadcrumb"},"inLanguage":"es-MX","potentialAction":[{"@type":"ReadAction","target":["https:\/\/graziamagazine.com\/mx\/articles\/en-medio-de-los-emmys-elizabeth-olsen-lanzo-el-trailer-de-wanda-vision-su-nueva-serie-para-disney\/"]}]},{"@type":"BreadcrumbList","@id":"https:\/\/graziamagazine.com\/mx\/articles\/en-medio-de-los-emmys-elizabeth-olsen-lanzo-el-trailer-de-wanda-vision-su-nueva-serie-para-disney\/#breadcrumb","itemListElement":[{"@type":"ListItem","position":1,"name":"Home","item":"https:\/\/graziamagazine.com\/mx\/"},{"@type":"ListItem","position":2,"name":"En medio de los Emmys Disney+ lanz\u00f3 el tr\u00e1iler de WandaVision con Elizabeth Olsen"}]},{"@type":"WebSite","@id":"https:\/\/graziamagazine.com\/mx\/#website","url":"https:\/\/graziamagazine.com\/mx\/","name":"Grazia M\u00e9xico y Latinoam\u00e9rica","description":"Grazia es moda, belleza y noticias  de actualidad ","potentialAction":[{"@type":"SearchAction","target":{"@type":"EntryPoint","urlTemplate":"https:\/\/graziamagazine.com\/mx\/?s={search_term_string}"},"query-input":"required name=search_term_string"}],"inLanguage":"es-MX"}]}},"jetpack_sharing_enabled":true,"distributor_meta":false,"distributor_terms":false,"distributor_media":false,"distributor_original_site_name":"Grazia M\u00e9xico y Latinoam\u00e9rica","distributor_original_site_url":"https:\/\/graziamagazine.com\/mx","push-errors":false,"_links":{"self":[{"href":"https:\/\/graziamagazine.com\/mx\/wp-json\/wp\/v2\/articles\/88844"}],"collection":[{"href":"https:\/\/graziamagazine.com\/mx\/wp-json\/wp\/v2\/articles"}],"about":[{"href":"https:\/\/graziamagazine.com\/mx\/wp-json\/wp\/v2\/types\/articles"}],"author":[{"embeddable":true,"href":"https:\/\/graziamagazine.com\/mx\/wp-json\/wp\/v2\/users\/11636"}],"wp:featuredmedia":[{"embeddable":true,"href":"https:\/\/graziamagazine.com\/mx\/wp-json\/wp\/v2\/media\/88845"}],"wp:attachment":[{"href":"https:\/\/graziamagazine.com\/mx\/wp-json\/wp\/v2\/media?parent=88844"}],"wp:term":[{"taxonomy":"category","embeddable":true,"href":"https:\/\/graziamagazine.com\/mx\/wp-json\/wp\/v2\/categories?post=88844"}],"curies":[{"name":"wp","href":"https:\/\/api.w.org\/{rel}","templated":true}]}}