{"id":88722,"date":"2020-09-11T14:51:44","date_gmt":"2020-09-11T19:51:44","guid":{"rendered":"https:\/\/graziamagazine.com\/mx\/?post_type=articles&#038;p=88722"},"modified":"2020-09-11T15:28:07","modified_gmt":"2020-09-11T20:28:07","slug":"cate-blanchett-ya-llevo-el-bolso-favorito-de-la-temporada-y-tu-querras-tenerlo","status":"publish","type":"articles","link":"https:\/\/graziamagazine.com\/mx\/articles\/cate-blanchett-ya-llevo-el-bolso-favorito-de-la-temporada-y-tu-querras-tenerlo\/","title":{"rendered":"Cate Blanchett ya llev\u00f3 el bolso favorito de la temporada y t\u00fa querr\u00e1s tenerlo"},"content":{"rendered":"<p>Aunque el <strong>Festival de Cine de Venecia<\/strong> cuenta con tan solo unos cuantos asistentes, <strong>Cate Blanchett<\/strong> no ha parado de darnos demostraciones de estilo, tanto en los\u00a0<em>photocalls<\/em> de medio d\u00eda como en la alfombra roja. Y es que su sentido y gusto es impecable y no por nada se ha ganado el t\u00edtulo de reina de la alfombra roja. Adem\u00e1s de los dise\u00f1os que recicl\u00f3, incluyendo <a href=\"https:\/\/graziamagazine.com\/mx\/articles\/el-colombiano-que-diseno-el-vestido-de-cate-blanchett-para-la-inauguracion-del-festival-de-cine-de-venecia\/\" target=\"_blank\" rel=\"noopener noreferrer\">el vestido de lentejuelas Esteban Cort\u00e1zar<\/a> y el\u00a0<em>top<\/em> bordado de <strong>Alexander McQueen<\/strong>, la actriz brit\u00e1nica ha dado con el bolso de la temporada que llev\u00f3 a uno de los eventos de d\u00eda para complementar el\u00a0<em>jumpsuit<\/em> azul marino <strong>Gucci<\/strong> que luci\u00f3. Se trata del\u00a0<strong><a href=\"https:\/\/graziamagazine.com\/mx\/articles\/current-obsession-gucci-trae-de-regreso-el-bolso-favorito-de-jackie-kennedy\/\" target=\"_blank\" rel=\"noopener noreferrer\"><em>Jackie 1961<\/em><\/a><\/strong> de la firma italiana, un verdadero cl\u00e1sico que hoy es un\u00a0<em>must have<\/em>.<\/p>\n<figure id=\"attachment_88723\" aria-describedby=\"caption-attachment-88723\" style=\"width: 328px\" class=\"wp-caption alignnone\"><img loading=\"lazy\" decoding=\"async\" class=\"wp-image-88723 size-medium\" src=\"https:\/\/graziamagazine.com\/mx\/wp-content\/uploads\/sites\/13\/2020\/09\/cate-blanchett-ya-llevo-el-bolso-favorito-de-la-temporada-y-tu-querras-tenerlo-1.jpg?w=328\" alt=\"Cate Blanchett ya llev\u00f3 el bolso favorito de la temporada y t\u00fa querr\u00e1s tenerlo\" width=\"328\" height=\"450\" \/><figcaption id=\"caption-attachment-88723\" class=\"wp-caption-text\">Getty Images<\/figcaption><\/figure>\n<p>El bolso en cuesti\u00f3n es una reinterpretaci\u00f3n del dise\u00f1o original viralizado por Jackie Kennedy en la d\u00e9cada de los sesenta. Alessandro Michele lo present\u00f3 para la colecci\u00f3n <em>menswear<\/em> oto\u00f1o-invierno 2020, en la que lo propuso como un accesorio totalmente andr\u00f3gino y camale\u00f3nico a la vez.<\/p>\n<p>Si bien, el\u00a0<em>Jackie 1961<\/em> promete reclamar su posici\u00f3n como un cl\u00e1sico con la reedici\u00f3n contempor\u00e1nea que Michele aplic\u00f3. Silueta <em>hobo<\/em> estructurada, l\u00edneas sutiles, el broche en pist\u00f3n dorado y un tama\u00f1o ideal para llevarlo tanto al brazo como cruzado \u2014esto lo convierte en un b\u00e1sico imprescindible, porque al igual que la\u00a0<em>T-shirt<\/em>, un bolso as\u00ed\u00a0<em>debe<\/em> ser parte de tu fondo de armario s\u00ed o s\u00ed. Cate Blanchett ya puso la prueba.<\/p>\n","protected":false},"author":11641,"featured_media":88724,"template":"","format":"standard","categories":[4],"acf":[],"yoast_head":"<!-- This site is optimized with the Yoast SEO Premium plugin v18.5 (Yoast SEO v20.4) - https:\/\/yoast.com\/wordpress\/plugins\/seo\/ -->\n<title>Cate Blanchett ya llev\u00f3 el bolso favorito de la temporada y t\u00fa querr\u00e1s tenerlo | Grazia M\u00e9xico y Latinoam\u00e9rica<\/title>\n<meta name=\"description\" content=\"Y lleg\u00f3 el Jackie 1961 de Gucci, una reedici\u00f3n por Alessandro Michele del bolso que, en su momento, Jackie Kennedy viraliz\u00f3. Ahora Cate Blanchett se apoder\u00f3 de \u00e9l.\" \/>\n<meta name=\"robots\" content=\"index, follow, max-snippet:-1, max-image-preview:large, max-video-preview:-1\" \/>\n<link rel=\"canonical\" href=\"https:\/\/graziamagazine.com\/mx\/articles\/cate-blanchett-ya-llevo-el-bolso-favorito-de-la-temporada-y-tu-querras-tenerlo\/\" \/>\n<meta property=\"og:locale\" content=\"es_MX\" \/>\n<meta property=\"og:type\" content=\"article\" \/>\n<meta property=\"og:title\" content=\"Cate Blanchett ya llev\u00f3 el bolso favorito de la temporada y t\u00fa querr\u00e1s tenerlo\" \/>\n<meta property=\"og:description\" content=\"Y lleg\u00f3 el Jackie 1961 de Gucci, una reedici\u00f3n por Alessandro Michele del bolso que, en su momento, Jackie Kennedy viraliz\u00f3. Ahora Cate Blanchett se apoder\u00f3 de \u00e9l.\" \/>\n<meta property=\"og:url\" content=\"https:\/\/graziamagazine.com\/mx\/articles\/cate-blanchett-ya-llevo-el-bolso-favorito-de-la-temporada-y-tu-querras-tenerlo\/\" \/>\n<meta property=\"og:site_name\" content=\"Grazia M\u00e9xico y Latinoam\u00e9rica\" \/>\n<meta property=\"article:modified_time\" content=\"2020-09-11T20:28:07+00:00\" \/>\n<meta property=\"og:image\" content=\"https:\/\/graziamagazine.com\/mx\/wp-content\/uploads\/sites\/13\/2020\/09\/cate-blanchett-ya-llevo-el-bolso-favorito-de-la-temporada-y-tu-querras-tenerlo-destacada.jpg?fit=1280%2C720\" \/>\n\t<meta property=\"og:image:width\" content=\"1280\" \/>\n\t<meta property=\"og:image:height\" content=\"720\" \/>\n\t<meta property=\"og:image:type\" content=\"image\/jpeg\" \/>\n<meta name=\"twitter:card\" content=\"summary_large_image\" \/>\n<meta name=\"twitter:label1\" content=\"Est. reading time\" \/>\n\t<meta name=\"twitter:data1\" content=\"1 minuto\" \/>\n<script type=\"application\/ld+json\" class=\"yoast-schema-graph\">{\"@context\":\"https:\/\/schema.org\",\"@graph\":[{\"@type\":\"WebPage\",\"@id\":\"https:\/\/graziamagazine.com\/mx\/articles\/cate-blanchett-ya-llevo-el-bolso-favorito-de-la-temporada-y-tu-querras-tenerlo\/\",\"url\":\"https:\/\/graziamagazine.com\/mx\/articles\/cate-blanchett-ya-llevo-el-bolso-favorito-de-la-temporada-y-tu-querras-tenerlo\/\",\"name\":\"Cate Blanchett ya llev\u00f3 el bolso favorito de la temporada y t\u00fa querr\u00e1s tenerlo | Grazia M\u00e9xico y Latinoam\u00e9rica\",\"isPartOf\":{\"@id\":\"https:\/\/graziamagazine.com\/mx\/#website\"},\"datePublished\":\"2020-09-11T19:51:44+00:00\",\"dateModified\":\"2020-09-11T20:28:07+00:00\",\"description\":\"Y lleg\u00f3 el Jackie 1961 de Gucci, una reedici\u00f3n por Alessandro Michele del bolso que, en su momento, Jackie Kennedy viraliz\u00f3. Ahora Cate Blanchett se apoder\u00f3 de \u00e9l.\",\"breadcrumb\":{\"@id\":\"https:\/\/graziamagazine.com\/mx\/articles\/cate-blanchett-ya-llevo-el-bolso-favorito-de-la-temporada-y-tu-querras-tenerlo\/#breadcrumb\"},\"inLanguage\":\"es-MX\",\"potentialAction\":[{\"@type\":\"ReadAction\",\"target\":[\"https:\/\/graziamagazine.com\/mx\/articles\/cate-blanchett-ya-llevo-el-bolso-favorito-de-la-temporada-y-tu-querras-tenerlo\/\"]}]},{\"@type\":\"BreadcrumbList\",\"@id\":\"https:\/\/graziamagazine.com\/mx\/articles\/cate-blanchett-ya-llevo-el-bolso-favorito-de-la-temporada-y-tu-querras-tenerlo\/#breadcrumb\",\"itemListElement\":[{\"@type\":\"ListItem\",\"position\":1,\"name\":\"Home\",\"item\":\"https:\/\/graziamagazine.com\/mx\/\"},{\"@type\":\"ListItem\",\"position\":2,\"name\":\"Cate Blanchett ya llev\u00f3 el bolso favorito de la temporada y t\u00fa querr\u00e1s tenerlo\"}]},{\"@type\":\"WebSite\",\"@id\":\"https:\/\/graziamagazine.com\/mx\/#website\",\"url\":\"https:\/\/graziamagazine.com\/mx\/\",\"name\":\"Grazia M\u00e9xico y Latinoam\u00e9rica\",\"description\":\"Grazia es moda, belleza y noticias  de actualidad \",\"potentialAction\":[{\"@type\":\"SearchAction\",\"target\":{\"@type\":\"EntryPoint\",\"urlTemplate\":\"https:\/\/graziamagazine.com\/mx\/?s={search_term_string}\"},\"query-input\":\"required name=search_term_string\"}],\"inLanguage\":\"es-MX\"}]}<\/script>\n<!-- \/ Yoast SEO Premium plugin. -->","yoast_head_json":{"title":"Cate Blanchett ya llev\u00f3 el bolso favorito de la temporada y t\u00fa querr\u00e1s tenerlo | Grazia M\u00e9xico y Latinoam\u00e9rica","description":"Y lleg\u00f3 el Jackie 1961 de Gucci, una reedici\u00f3n por Alessandro Michele del bolso que, en su momento, Jackie Kennedy viraliz\u00f3. Ahora Cate Blanchett se apoder\u00f3 de \u00e9l.","robots":{"index":"index","follow":"follow","max-snippet":"max-snippet:-1","max-image-preview":"max-image-preview:large","max-video-preview":"max-video-preview:-1"},"canonical":"https:\/\/graziamagazine.com\/mx\/articles\/cate-blanchett-ya-llevo-el-bolso-favorito-de-la-temporada-y-tu-querras-tenerlo\/","og_locale":"es_MX","og_type":"article","og_title":"Cate Blanchett ya llev\u00f3 el bolso favorito de la temporada y t\u00fa querr\u00e1s tenerlo","og_description":"Y lleg\u00f3 el Jackie 1961 de Gucci, una reedici\u00f3n por Alessandro Michele del bolso que, en su momento, Jackie Kennedy viraliz\u00f3. Ahora Cate Blanchett se apoder\u00f3 de \u00e9l.","og_url":"https:\/\/graziamagazine.com\/mx\/articles\/cate-blanchett-ya-llevo-el-bolso-favorito-de-la-temporada-y-tu-querras-tenerlo\/","og_site_name":"Grazia M\u00e9xico y Latinoam\u00e9rica","article_modified_time":"2020-09-11T20:28:07+00:00","og_image":[{"width":1280,"height":720,"url":"https:\/\/graziamagazine.com\/mx\/wp-content\/uploads\/sites\/13\/2020\/09\/cate-blanchett-ya-llevo-el-bolso-favorito-de-la-temporada-y-tu-querras-tenerlo-destacada.jpg?fit=1280%2C720","type":"image\/jpeg"}],"twitter_card":"summary_large_image","twitter_misc":{"Est. reading time":"1 minuto"},"schema":{"@context":"https:\/\/schema.org","@graph":[{"@type":"WebPage","@id":"https:\/\/graziamagazine.com\/mx\/articles\/cate-blanchett-ya-llevo-el-bolso-favorito-de-la-temporada-y-tu-querras-tenerlo\/","url":"https:\/\/graziamagazine.com\/mx\/articles\/cate-blanchett-ya-llevo-el-bolso-favorito-de-la-temporada-y-tu-querras-tenerlo\/","name":"Cate Blanchett ya llev\u00f3 el bolso favorito de la temporada y t\u00fa querr\u00e1s tenerlo | Grazia M\u00e9xico y Latinoam\u00e9rica","isPartOf":{"@id":"https:\/\/graziamagazine.com\/mx\/#website"},"datePublished":"2020-09-11T19:51:44+00:00","dateModified":"2020-09-11T20:28:07+00:00","description":"Y lleg\u00f3 el Jackie 1961 de Gucci, una reedici\u00f3n por Alessandro Michele del bolso que, en su momento, Jackie Kennedy viraliz\u00f3. Ahora Cate Blanchett se apoder\u00f3 de \u00e9l.","breadcrumb":{"@id":"https:\/\/graziamagazine.com\/mx\/articles\/cate-blanchett-ya-llevo-el-bolso-favorito-de-la-temporada-y-tu-querras-tenerlo\/#breadcrumb"},"inLanguage":"es-MX","potentialAction":[{"@type":"ReadAction","target":["https:\/\/graziamagazine.com\/mx\/articles\/cate-blanchett-ya-llevo-el-bolso-favorito-de-la-temporada-y-tu-querras-tenerlo\/"]}]},{"@type":"BreadcrumbList","@id":"https:\/\/graziamagazine.com\/mx\/articles\/cate-blanchett-ya-llevo-el-bolso-favorito-de-la-temporada-y-tu-querras-tenerlo\/#breadcrumb","itemListElement":[{"@type":"ListItem","position":1,"name":"Home","item":"https:\/\/graziamagazine.com\/mx\/"},{"@type":"ListItem","position":2,"name":"Cate Blanchett ya llev\u00f3 el bolso favorito de la temporada y t\u00fa querr\u00e1s tenerlo"}]},{"@type":"WebSite","@id":"https:\/\/graziamagazine.com\/mx\/#website","url":"https:\/\/graziamagazine.com\/mx\/","name":"Grazia M\u00e9xico y Latinoam\u00e9rica","description":"Grazia es moda, belleza y noticias  de actualidad ","potentialAction":[{"@type":"SearchAction","target":{"@type":"EntryPoint","urlTemplate":"https:\/\/graziamagazine.com\/mx\/?s={search_term_string}"},"query-input":"required name=search_term_string"}],"inLanguage":"es-MX"}]}},"jetpack_sharing_enabled":true,"distributor_meta":false,"distributor_terms":false,"distributor_media":false,"distributor_original_site_name":"Grazia M\u00e9xico y Latinoam\u00e9rica","distributor_original_site_url":"https:\/\/graziamagazine.com\/mx","push-errors":false,"_links":{"self":[{"href":"https:\/\/graziamagazine.com\/mx\/wp-json\/wp\/v2\/articles\/88722"}],"collection":[{"href":"https:\/\/graziamagazine.com\/mx\/wp-json\/wp\/v2\/articles"}],"about":[{"href":"https:\/\/graziamagazine.com\/mx\/wp-json\/wp\/v2\/types\/articles"}],"author":[{"embeddable":true,"href":"https:\/\/graziamagazine.com\/mx\/wp-json\/wp\/v2\/users\/11641"}],"wp:featuredmedia":[{"embeddable":true,"href":"https:\/\/graziamagazine.com\/mx\/wp-json\/wp\/v2\/media\/88724"}],"wp:attachment":[{"href":"https:\/\/graziamagazine.com\/mx\/wp-json\/wp\/v2\/media?parent=88722"}],"wp:term":[{"taxonomy":"category","embeddable":true,"href":"https:\/\/graziamagazine.com\/mx\/wp-json\/wp\/v2\/categories?post=88722"}],"curies":[{"name":"wp","href":"https:\/\/api.w.org\/{rel}","templated":true}]}}