{"id":88580,"date":"2020-09-08T16:20:20","date_gmt":"2020-09-08T21:20:20","guid":{"rendered":"https:\/\/graziamagazine.com\/mx\/?post_type=articles&#038;p=88580"},"modified":"2020-09-09T10:18:58","modified_gmt":"2020-09-09T15:18:58","slug":"el-traje-de-bano-perfecto-para-embarazadas-lo-tiene-emma-roberts","status":"publish","type":"articles","link":"https:\/\/graziamagazine.com\/mx\/articles\/el-traje-de-bano-perfecto-para-embarazadas-lo-tiene-emma-roberts\/","title":{"rendered":"El traje de ba\u00f1o perfecto para embarazadas lo tiene Emma Roberts"},"content":{"rendered":"<p><strong>Emma Roberts<\/strong> pas\u00f3 los \u00faltimos d\u00edas relajada bajo el sol y pos\u00f3 junto a la piscina mostrando el traje perfecto para embarazadas.\u00a0La actriz comparti\u00f3 en su historia de Instagram una foto con el t\u00edtulo \u201cFeliz d\u00eda del trabajo\u201d, luciendo un <em>one piece<\/em>\u00a0negro, sin tirantes, firmado por J. Crew y cubierto en flores rojas. Y, \u00bfel mejor accesorio a este <em>outfit<\/em>? Gafas de sol Mulberry en rojo. \u00a1Nos encanta! Luce espectacular y no perdi\u00f3 ese glamur que siempre la ha representado.<\/p>\n<p><img loading=\"lazy\" decoding=\"async\" class=\"alignnone size-medium wp-image-88608\" src=\"https:\/\/graziamagazine.com\/mx\/wp-content\/uploads\/sites\/13\/2020\/09\/el-traje-de-bano-perfecto-para-embarazadas-lo-tiene-emma-roberts-1.jpeg?w=255\" alt=\"\" width=\"255\" height=\"450\" \/><\/p>\n<p>En junio medios estadounidenses <a href=\"https:\/\/graziamagazine.com\/mx\/articles\/emma-roberts-espera-a-su-primer-bebe\/?preview_id=86950&amp;preview_nonce=bc93eafc97&amp;post_format=standard&amp;_thumbnail_id=86951&amp;preview=true\" target=\"_blank\" rel=\"noopener noreferrer\">anunciaron<\/a>\u00a0el embarazo de Roberts y finalmente la actriz lo confirm\u00f3 en su cuenta oficial de Instagram, dejando claro que el beb\u00e9 ser\u00e1 ni\u00f1o. &#8220;Yo y mis dos chicos favoritos&#8221;, dice la descripci\u00f3n junto a una fotograf\u00eda donde luce espectacular en un\u00a0<em>maxi<\/em> vestido blanco de mangas abombadas; la opci\u00f3n perfecta para los \u00faltimos d\u00edas calurosos.<\/p>\n<p>Su t\u00edam Julia Roberts, coment\u00f3 un \u201cTe amo\u201d en la publicaci\u00f3n, mientras que su exprotagonista de <em>Screem Queens<\/em> y nueva mam\u00e1, Lea Michele escribi\u00f3: \u201cSer\u00e1s la mejor mam\u00e1. \u00a1Te amo, Em! Mam\u00e1s juntas\u201d.<\/p>\n<p>\u00a1Ya nos urge conocer a su beb\u00e9!<\/p>\n<h6><em>*IMAGEN: Getty Images<\/em><\/h6>\n","protected":false},"author":11645,"featured_media":88589,"template":"","format":"standard","categories":[4],"acf":[],"yoast_head":"<!-- This site is optimized with the Yoast SEO Premium plugin v18.5 (Yoast SEO v20.4) - https:\/\/yoast.com\/wordpress\/plugins\/seo\/ -->\n<title>El traje de ba\u00f1o perfecto para embarazadas lo tiene Emma Roberts | Grazia M\u00e9xico y Latinoam\u00e9rica<\/title>\n<meta name=\"description\" content=\"Emma Roberts luci\u00f3 espectacular en un traje de ba\u00f1o sin mangas y repleto de flores del que te vas a enamorar si vas a ser mam\u00e1 y quieres presumir tu baby bump.\" \/>\n<meta name=\"robots\" content=\"index, follow, max-snippet:-1, max-image-preview:large, max-video-preview:-1\" \/>\n<link rel=\"canonical\" href=\"https:\/\/graziamagazine.com\/mx\/articles\/el-traje-de-bano-perfecto-para-embarazadas-lo-tiene-emma-roberts\/\" \/>\n<meta property=\"og:locale\" content=\"es_MX\" \/>\n<meta property=\"og:type\" content=\"article\" \/>\n<meta property=\"og:title\" content=\"El traje de ba\u00f1o perfecto para embarazadas lo tiene Emma Roberts\" \/>\n<meta property=\"og:description\" content=\"Emma Roberts luci\u00f3 espectacular en un traje de ba\u00f1o sin mangas y repleto de flores del que te vas a enamorar si vas a ser mam\u00e1 y quieres presumir tu baby bump.\" \/>\n<meta property=\"og:url\" content=\"https:\/\/graziamagazine.com\/mx\/articles\/el-traje-de-bano-perfecto-para-embarazadas-lo-tiene-emma-roberts\/\" \/>\n<meta property=\"og:site_name\" content=\"Grazia M\u00e9xico y Latinoam\u00e9rica\" \/>\n<meta property=\"article:modified_time\" content=\"2020-09-09T15:18:58+00:00\" \/>\n<meta property=\"og:image\" content=\"https:\/\/graziamagazine.com\/mx\/wp-content\/uploads\/sites\/13\/2020\/09\/El-traje-de-ban\u0303o-perfecto-para-embarazadas-lo-tiene-Emma-Roberts-1.jpg?fit=1080%2C600\" \/>\n\t<meta property=\"og:image:width\" content=\"1080\" \/>\n\t<meta property=\"og:image:height\" content=\"600\" \/>\n\t<meta property=\"og:image:type\" content=\"image\/jpeg\" \/>\n<meta name=\"twitter:card\" content=\"summary_large_image\" \/>\n<meta name=\"twitter:label1\" content=\"Est. reading time\" \/>\n\t<meta name=\"twitter:data1\" content=\"1 minuto\" \/>\n<script type=\"application\/ld+json\" class=\"yoast-schema-graph\">{\"@context\":\"https:\/\/schema.org\",\"@graph\":[{\"@type\":\"WebPage\",\"@id\":\"https:\/\/graziamagazine.com\/mx\/articles\/el-traje-de-bano-perfecto-para-embarazadas-lo-tiene-emma-roberts\/\",\"url\":\"https:\/\/graziamagazine.com\/mx\/articles\/el-traje-de-bano-perfecto-para-embarazadas-lo-tiene-emma-roberts\/\",\"name\":\"El traje de ba\u00f1o perfecto para embarazadas lo tiene Emma Roberts | Grazia M\u00e9xico y Latinoam\u00e9rica\",\"isPartOf\":{\"@id\":\"https:\/\/graziamagazine.com\/mx\/#website\"},\"datePublished\":\"2020-09-08T21:20:20+00:00\",\"dateModified\":\"2020-09-09T15:18:58+00:00\",\"description\":\"Emma Roberts luci\u00f3 espectacular en un traje de ba\u00f1o sin mangas y repleto de flores del que te vas a enamorar si vas a ser mam\u00e1 y quieres presumir tu baby bump.\",\"breadcrumb\":{\"@id\":\"https:\/\/graziamagazine.com\/mx\/articles\/el-traje-de-bano-perfecto-para-embarazadas-lo-tiene-emma-roberts\/#breadcrumb\"},\"inLanguage\":\"es-MX\",\"potentialAction\":[{\"@type\":\"ReadAction\",\"target\":[\"https:\/\/graziamagazine.com\/mx\/articles\/el-traje-de-bano-perfecto-para-embarazadas-lo-tiene-emma-roberts\/\"]}]},{\"@type\":\"BreadcrumbList\",\"@id\":\"https:\/\/graziamagazine.com\/mx\/articles\/el-traje-de-bano-perfecto-para-embarazadas-lo-tiene-emma-roberts\/#breadcrumb\",\"itemListElement\":[{\"@type\":\"ListItem\",\"position\":1,\"name\":\"Home\",\"item\":\"https:\/\/graziamagazine.com\/mx\/\"},{\"@type\":\"ListItem\",\"position\":2,\"name\":\"El traje de ba\u00f1o perfecto para embarazadas lo tiene Emma Roberts\"}]},{\"@type\":\"WebSite\",\"@id\":\"https:\/\/graziamagazine.com\/mx\/#website\",\"url\":\"https:\/\/graziamagazine.com\/mx\/\",\"name\":\"Grazia M\u00e9xico y Latinoam\u00e9rica\",\"description\":\"Grazia es moda, belleza y noticias  de actualidad \",\"potentialAction\":[{\"@type\":\"SearchAction\",\"target\":{\"@type\":\"EntryPoint\",\"urlTemplate\":\"https:\/\/graziamagazine.com\/mx\/?s={search_term_string}\"},\"query-input\":\"required name=search_term_string\"}],\"inLanguage\":\"es-MX\"}]}<\/script>\n<!-- \/ Yoast SEO Premium plugin. -->","yoast_head_json":{"title":"El traje de ba\u00f1o perfecto para embarazadas lo tiene Emma Roberts | Grazia M\u00e9xico y Latinoam\u00e9rica","description":"Emma Roberts luci\u00f3 espectacular en un traje de ba\u00f1o sin mangas y repleto de flores del que te vas a enamorar si vas a ser mam\u00e1 y quieres presumir tu baby bump.","robots":{"index":"index","follow":"follow","max-snippet":"max-snippet:-1","max-image-preview":"max-image-preview:large","max-video-preview":"max-video-preview:-1"},"canonical":"https:\/\/graziamagazine.com\/mx\/articles\/el-traje-de-bano-perfecto-para-embarazadas-lo-tiene-emma-roberts\/","og_locale":"es_MX","og_type":"article","og_title":"El traje de ba\u00f1o perfecto para embarazadas lo tiene Emma Roberts","og_description":"Emma Roberts luci\u00f3 espectacular en un traje de ba\u00f1o sin mangas y repleto de flores del que te vas a enamorar si vas a ser mam\u00e1 y quieres presumir tu baby bump.","og_url":"https:\/\/graziamagazine.com\/mx\/articles\/el-traje-de-bano-perfecto-para-embarazadas-lo-tiene-emma-roberts\/","og_site_name":"Grazia M\u00e9xico y Latinoam\u00e9rica","article_modified_time":"2020-09-09T15:18:58+00:00","og_image":[{"width":1080,"height":600,"url":"https:\/\/graziamagazine.com\/mx\/wp-content\/uploads\/sites\/13\/2020\/09\/El-traje-de-ban\u0303o-perfecto-para-embarazadas-lo-tiene-Emma-Roberts-1.jpg?fit=1080%2C600","type":"image\/jpeg"}],"twitter_card":"summary_large_image","twitter_misc":{"Est. reading time":"1 minuto"},"schema":{"@context":"https:\/\/schema.org","@graph":[{"@type":"WebPage","@id":"https:\/\/graziamagazine.com\/mx\/articles\/el-traje-de-bano-perfecto-para-embarazadas-lo-tiene-emma-roberts\/","url":"https:\/\/graziamagazine.com\/mx\/articles\/el-traje-de-bano-perfecto-para-embarazadas-lo-tiene-emma-roberts\/","name":"El traje de ba\u00f1o perfecto para embarazadas lo tiene Emma Roberts | Grazia M\u00e9xico y Latinoam\u00e9rica","isPartOf":{"@id":"https:\/\/graziamagazine.com\/mx\/#website"},"datePublished":"2020-09-08T21:20:20+00:00","dateModified":"2020-09-09T15:18:58+00:00","description":"Emma Roberts luci\u00f3 espectacular en un traje de ba\u00f1o sin mangas y repleto de flores del que te vas a enamorar si vas a ser mam\u00e1 y quieres presumir tu baby bump.","breadcrumb":{"@id":"https:\/\/graziamagazine.com\/mx\/articles\/el-traje-de-bano-perfecto-para-embarazadas-lo-tiene-emma-roberts\/#breadcrumb"},"inLanguage":"es-MX","potentialAction":[{"@type":"ReadAction","target":["https:\/\/graziamagazine.com\/mx\/articles\/el-traje-de-bano-perfecto-para-embarazadas-lo-tiene-emma-roberts\/"]}]},{"@type":"BreadcrumbList","@id":"https:\/\/graziamagazine.com\/mx\/articles\/el-traje-de-bano-perfecto-para-embarazadas-lo-tiene-emma-roberts\/#breadcrumb","itemListElement":[{"@type":"ListItem","position":1,"name":"Home","item":"https:\/\/graziamagazine.com\/mx\/"},{"@type":"ListItem","position":2,"name":"El traje de ba\u00f1o perfecto para embarazadas lo tiene Emma Roberts"}]},{"@type":"WebSite","@id":"https:\/\/graziamagazine.com\/mx\/#website","url":"https:\/\/graziamagazine.com\/mx\/","name":"Grazia M\u00e9xico y Latinoam\u00e9rica","description":"Grazia es moda, belleza y noticias  de actualidad ","potentialAction":[{"@type":"SearchAction","target":{"@type":"EntryPoint","urlTemplate":"https:\/\/graziamagazine.com\/mx\/?s={search_term_string}"},"query-input":"required name=search_term_string"}],"inLanguage":"es-MX"}]}},"jetpack_sharing_enabled":true,"distributor_meta":false,"distributor_terms":false,"distributor_media":false,"distributor_original_site_name":"Grazia M\u00e9xico y Latinoam\u00e9rica","distributor_original_site_url":"https:\/\/graziamagazine.com\/mx","push-errors":false,"_links":{"self":[{"href":"https:\/\/graziamagazine.com\/mx\/wp-json\/wp\/v2\/articles\/88580"}],"collection":[{"href":"https:\/\/graziamagazine.com\/mx\/wp-json\/wp\/v2\/articles"}],"about":[{"href":"https:\/\/graziamagazine.com\/mx\/wp-json\/wp\/v2\/types\/articles"}],"author":[{"embeddable":true,"href":"https:\/\/graziamagazine.com\/mx\/wp-json\/wp\/v2\/users\/11645"}],"wp:featuredmedia":[{"embeddable":true,"href":"https:\/\/graziamagazine.com\/mx\/wp-json\/wp\/v2\/media\/88589"}],"wp:attachment":[{"href":"https:\/\/graziamagazine.com\/mx\/wp-json\/wp\/v2\/media?parent=88580"}],"wp:term":[{"taxonomy":"category","embeddable":true,"href":"https:\/\/graziamagazine.com\/mx\/wp-json\/wp\/v2\/categories?post=88580"}],"curies":[{"name":"wp","href":"https:\/\/api.w.org\/{rel}","templated":true}]}}