{"id":88462,"date":"2020-09-04T14:32:54","date_gmt":"2020-09-04T19:32:54","guid":{"rendered":"https:\/\/graziamagazine.com\/mx\/?post_type=articles&#038;p=88462"},"modified":"2020-09-04T14:59:47","modified_gmt":"2020-09-04T19:59:47","slug":"out-in-the-city-la-fantastica-coleccion-de-moncler-genius-conquista-las-calles","status":"publish","type":"articles","link":"https:\/\/graziamagazine.com\/mx\/articles\/out-in-the-city-la-fantastica-coleccion-de-moncler-genius-conquista-las-calles\/","title":{"rendered":"Out in the City: La fant\u00e1stica colecci\u00f3n de Moncler Genius conquista las calles"},"content":{"rendered":"<div class=\"content-gallery\"><div class=\"gallery-placeholder\"><div class=\"spinner\"><\/div><\/div><span class=\"gallery-pagination\"><\/span><div id=\"gallery-1\" class=\"gallery galleryid-88462 gallery-columns- gallery-size-\"><figure class=\"gallery-item\"><div class=\"gallery-icon landscape\"><img loading=\"lazy\" decoding=\"async\" width=\"3604\" height=\"4504\" src=\"https:\/\/graziamagazine.com\/mx\/wp-content\/uploads\/sites\/13\/2020\/09\/out-in-the-city-la-fantastica-coleccion-de-moncler-genius-conquista-las-calles-1.jpg\" class=\"lazy\" alt=\"\" \/><\/div><\/figure><figure class=\"gallery-item\"><div class=\"gallery-icon landscape\"><img loading=\"lazy\" decoding=\"async\" width=\"3196\" height=\"3995\" src=\"https:\/\/graziamagazine.com\/mx\/wp-content\/uploads\/sites\/13\/2020\/09\/out-in-the-city-la-fantastica-coleccion-de-moncler-genius-conquista-las-calles-2.jpg\" class=\"lazy\" alt=\"\" \/><\/div><\/figure><figure class=\"gallery-item\"><div class=\"gallery-icon landscape\"><img loading=\"lazy\" decoding=\"async\" width=\"5760\" height=\"3840\" src=\"https:\/\/graziamagazine.com\/mx\/wp-content\/uploads\/sites\/13\/2020\/09\/out-in-the-city-la-fantastica-coleccion-de-moncler-genius-conquista-las-calles-3.jpg\" class=\"lazy\" alt=\"\" \/><\/div><\/figure><figure class=\"gallery-item\"><div class=\"gallery-icon landscape\"><img loading=\"lazy\" decoding=\"async\" width=\"3476\" height=\"4345\" src=\"https:\/\/graziamagazine.com\/mx\/wp-content\/uploads\/sites\/13\/2020\/09\/out-in-the-city-la-fantastica-coleccion-de-moncler-genius-conquista-las-calles-4.jpg\" class=\"lazy\" alt=\"\" \/><\/div><\/figure><figure class=\"gallery-item\"><div class=\"gallery-icon landscape\"><img loading=\"lazy\" decoding=\"async\" width=\"3840\" height=\"4800\" src=\"https:\/\/graziamagazine.com\/mx\/wp-content\/uploads\/sites\/13\/2020\/09\/out-in-the-city-la-fantastica-coleccion-de-moncler-genius-conquista-las-calles-5.jpg\" class=\"lazy\" alt=\"\" \/><\/div><\/figure><figure class=\"gallery-item\"><div class=\"gallery-icon landscape\"><img loading=\"lazy\" decoding=\"async\" width=\"3840\" height=\"4800\" src=\"https:\/\/graziamagazine.com\/mx\/wp-content\/uploads\/sites\/13\/2020\/09\/out-in-the-city-la-fantastica-coleccion-de-moncler-genius-conquista-las-calles-6.jpg\" class=\"lazy\" alt=\"\" \/><\/div><\/figure><figure class=\"gallery-item\"><div class=\"gallery-icon landscape\"><img loading=\"lazy\" decoding=\"async\" width=\"3196\" height=\"3995\" src=\"https:\/\/graziamagazine.com\/mx\/wp-content\/uploads\/sites\/13\/2020\/09\/out-in-the-city-la-fantastica-coleccion-de-moncler-genius-conquista-las-calles-7.jpg\" class=\"lazy\" alt=\"\" \/><\/div><\/figure><figure class=\"gallery-item\"><div class=\"gallery-icon landscape\"><img loading=\"lazy\" decoding=\"async\" width=\"3840\" height=\"4800\" src=\"https:\/\/graziamagazine.com\/mx\/wp-content\/uploads\/sites\/13\/2020\/09\/out-in-the-city-la-fantastica-coleccion-de-moncler-genius-conquista-las-calles-8.jpg\" class=\"lazy\" alt=\"\" \/><\/div><\/figure><figure class=\"gallery-item\"><div class=\"gallery-icon landscape\"><img loading=\"lazy\" decoding=\"async\" width=\"3840\" height=\"4800\" src=\"https:\/\/graziamagazine.com\/mx\/wp-content\/uploads\/sites\/13\/2020\/09\/out-in-the-city-la-fantastica-coleccion-de-moncler-genius-conquista-las-calles-9.jpg\" class=\"lazy\" alt=\"\" \/><\/div><\/figure><figure class=\"gallery-item\"><div class=\"gallery-icon landscape\"><img loading=\"lazy\" decoding=\"async\" width=\"3840\" height=\"4800\" src=\"https:\/\/graziamagazine.com\/mx\/wp-content\/uploads\/sites\/13\/2020\/09\/out-in-the-city-la-fantastica-coleccion-de-moncler-genius-conquista-las-calles-12.jpg\" class=\"lazy\" alt=\"\" \/><\/div><\/figure><figure class=\"gallery-item\"><div class=\"gallery-icon landscape\"><img loading=\"lazy\" decoding=\"async\" width=\"3840\" height=\"4800\" src=\"https:\/\/graziamagazine.com\/mx\/wp-content\/uploads\/sites\/13\/2020\/09\/out-in-the-city-la-fantastica-coleccion-de-moncler-genius-conquista-las-calles-10.jpg\" class=\"lazy\" alt=\"\" \/><\/div><\/figure><figure class=\"gallery-item\"><div class=\"gallery-icon landscape\"><img loading=\"lazy\" decoding=\"async\" width=\"3840\" height=\"4800\" src=\"https:\/\/graziamagazine.com\/mx\/wp-content\/uploads\/sites\/13\/2020\/09\/out-in-the-city-la-fantastica-coleccion-de-moncler-genius-conquista-las-calles-11.jpg\" class=\"lazy\" alt=\"\" \/><\/div><\/figure><figure class=\"gallery-item\"><div class=\"gallery-icon landscape\"><img loading=\"lazy\" decoding=\"async\" width=\"3840\" height=\"4800\" src=\"https:\/\/graziamagazine.com\/mx\/wp-content\/uploads\/sites\/13\/2020\/09\/out-in-the-city-la-fantastica-coleccion-de-moncler-genius-conquista-las-calles-13.jpg\" class=\"lazy\" alt=\"\" \/><\/div><\/figure><figure class=\"gallery-item\"><div class=\"gallery-icon landscape\"><img loading=\"lazy\" decoding=\"async\" width=\"3840\" height=\"4800\" src=\"https:\/\/graziamagazine.com\/mx\/wp-content\/uploads\/sites\/13\/2020\/09\/out-in-the-city-la-fantastica-coleccion-de-moncler-genius-conquista-las-calles-14.jpg\" class=\"lazy\" alt=\"\" \/><\/div><\/figure><figure class=\"gallery-item\"><div class=\"gallery-icon landscape\"><img loading=\"lazy\" decoding=\"async\" width=\"3840\" height=\"4800\" src=\"https:\/\/graziamagazine.com\/mx\/wp-content\/uploads\/sites\/13\/2020\/09\/out-in-the-city-la-fantastica-coleccion-de-moncler-genius-conquista-las-calles-15.jpg\" class=\"lazy\" alt=\"\" \/><\/div><\/figure><\/div><\/div>\n","protected":false},"author":11636,"featured_media":88479,"template":"","format":"standard","categories":[4],"acf":[],"yoast_head":"<!-- This site is optimized with the Yoast SEO Premium plugin v18.5 (Yoast SEO v20.4) - https:\/\/yoast.com\/wordpress\/plugins\/seo\/ -->\n<title>Out in the City: La fant\u00e1stica colecci\u00f3n de Moncler Genius conquista las calles | Grazia M\u00e9xico y Latinoam\u00e9rica<\/title>\n<meta name=\"description\" content=\"Las propuestas de Moncler Genius y sus fant\u00e1sticas colaboraciones recorren Mil\u00e1n llen\u00e1ndolo de una nueva visi\u00f3n para recibir la estaci\u00f3n.\" \/>\n<meta name=\"robots\" content=\"index, follow, max-snippet:-1, max-image-preview:large, max-video-preview:-1\" \/>\n<link rel=\"canonical\" href=\"https:\/\/graziamagazine.com\/mx\/articles\/out-in-the-city-la-fantastica-coleccion-de-moncler-genius-conquista-las-calles\/\" \/>\n<meta property=\"og:locale\" content=\"es_MX\" \/>\n<meta property=\"og:type\" content=\"article\" \/>\n<meta property=\"og:title\" content=\"Out in the City: La fant\u00e1stica colecci\u00f3n de Moncler Genius conquista las calles\" \/>\n<meta property=\"og:description\" content=\"Las propuestas de Moncler Genius y sus fant\u00e1sticas colaboraciones recorren Mil\u00e1n llen\u00e1ndolo de una nueva visi\u00f3n para recibir la estaci\u00f3n.\" \/>\n<meta property=\"og:url\" content=\"https:\/\/graziamagazine.com\/mx\/articles\/out-in-the-city-la-fantastica-coleccion-de-moncler-genius-conquista-las-calles\/\" \/>\n<meta property=\"og:site_name\" content=\"Grazia M\u00e9xico y Latinoam\u00e9rica\" \/>\n<meta property=\"article:modified_time\" content=\"2020-09-04T19:59:47+00:00\" \/>\n<meta property=\"og:image\" content=\"https:\/\/graziamagazine.com\/mx\/wp-content\/uploads\/sites\/13\/2020\/09\/out-in-the-city-la-fantastica-coleccion-de-moncler-genius-conquista-las-calles-destacada.jpg?fit=1280%2C720\" \/>\n\t<meta property=\"og:image:width\" content=\"1280\" \/>\n\t<meta property=\"og:image:height\" content=\"720\" \/>\n\t<meta property=\"og:image:type\" content=\"image\/jpeg\" \/>\n<meta name=\"twitter:card\" content=\"summary_large_image\" \/>\n<script type=\"application\/ld+json\" class=\"yoast-schema-graph\">{\"@context\":\"https:\/\/schema.org\",\"@graph\":[{\"@type\":\"WebPage\",\"@id\":\"https:\/\/graziamagazine.com\/mx\/articles\/out-in-the-city-la-fantastica-coleccion-de-moncler-genius-conquista-las-calles\/\",\"url\":\"https:\/\/graziamagazine.com\/mx\/articles\/out-in-the-city-la-fantastica-coleccion-de-moncler-genius-conquista-las-calles\/\",\"name\":\"Out in the City: La fant\u00e1stica colecci\u00f3n de Moncler Genius conquista las calles | Grazia M\u00e9xico y Latinoam\u00e9rica\",\"isPartOf\":{\"@id\":\"https:\/\/graziamagazine.com\/mx\/#website\"},\"datePublished\":\"2020-09-04T19:32:54+00:00\",\"dateModified\":\"2020-09-04T19:59:47+00:00\",\"description\":\"Las propuestas de Moncler Genius y sus fant\u00e1sticas colaboraciones recorren Mil\u00e1n llen\u00e1ndolo de una nueva visi\u00f3n para recibir la estaci\u00f3n.\",\"breadcrumb\":{\"@id\":\"https:\/\/graziamagazine.com\/mx\/articles\/out-in-the-city-la-fantastica-coleccion-de-moncler-genius-conquista-las-calles\/#breadcrumb\"},\"inLanguage\":\"es-MX\",\"potentialAction\":[{\"@type\":\"ReadAction\",\"target\":[\"https:\/\/graziamagazine.com\/mx\/articles\/out-in-the-city-la-fantastica-coleccion-de-moncler-genius-conquista-las-calles\/\"]}]},{\"@type\":\"BreadcrumbList\",\"@id\":\"https:\/\/graziamagazine.com\/mx\/articles\/out-in-the-city-la-fantastica-coleccion-de-moncler-genius-conquista-las-calles\/#breadcrumb\",\"itemListElement\":[{\"@type\":\"ListItem\",\"position\":1,\"name\":\"Home\",\"item\":\"https:\/\/graziamagazine.com\/mx\/\"},{\"@type\":\"ListItem\",\"position\":2,\"name\":\"Out in the City: La fant\u00e1stica colecci\u00f3n de Moncler Genius conquista las calles\"}]},{\"@type\":\"WebSite\",\"@id\":\"https:\/\/graziamagazine.com\/mx\/#website\",\"url\":\"https:\/\/graziamagazine.com\/mx\/\",\"name\":\"Grazia M\u00e9xico y Latinoam\u00e9rica\",\"description\":\"Grazia es moda, belleza y noticias  de actualidad \",\"potentialAction\":[{\"@type\":\"SearchAction\",\"target\":{\"@type\":\"EntryPoint\",\"urlTemplate\":\"https:\/\/graziamagazine.com\/mx\/?s={search_term_string}\"},\"query-input\":\"required name=search_term_string\"}],\"inLanguage\":\"es-MX\"}]}<\/script>\n<!-- \/ Yoast SEO Premium plugin. -->","yoast_head_json":{"title":"Out in the City: La fant\u00e1stica colecci\u00f3n de Moncler Genius conquista las calles | Grazia M\u00e9xico y Latinoam\u00e9rica","description":"Las propuestas de Moncler Genius y sus fant\u00e1sticas colaboraciones recorren Mil\u00e1n llen\u00e1ndolo de una nueva visi\u00f3n para recibir la estaci\u00f3n.","robots":{"index":"index","follow":"follow","max-snippet":"max-snippet:-1","max-image-preview":"max-image-preview:large","max-video-preview":"max-video-preview:-1"},"canonical":"https:\/\/graziamagazine.com\/mx\/articles\/out-in-the-city-la-fantastica-coleccion-de-moncler-genius-conquista-las-calles\/","og_locale":"es_MX","og_type":"article","og_title":"Out in the City: La fant\u00e1stica colecci\u00f3n de Moncler Genius conquista las calles","og_description":"Las propuestas de Moncler Genius y sus fant\u00e1sticas colaboraciones recorren Mil\u00e1n llen\u00e1ndolo de una nueva visi\u00f3n para recibir la estaci\u00f3n.","og_url":"https:\/\/graziamagazine.com\/mx\/articles\/out-in-the-city-la-fantastica-coleccion-de-moncler-genius-conquista-las-calles\/","og_site_name":"Grazia M\u00e9xico y Latinoam\u00e9rica","article_modified_time":"2020-09-04T19:59:47+00:00","og_image":[{"width":1280,"height":720,"url":"https:\/\/graziamagazine.com\/mx\/wp-content\/uploads\/sites\/13\/2020\/09\/out-in-the-city-la-fantastica-coleccion-de-moncler-genius-conquista-las-calles-destacada.jpg?fit=1280%2C720","type":"image\/jpeg"}],"twitter_card":"summary_large_image","schema":{"@context":"https:\/\/schema.org","@graph":[{"@type":"WebPage","@id":"https:\/\/graziamagazine.com\/mx\/articles\/out-in-the-city-la-fantastica-coleccion-de-moncler-genius-conquista-las-calles\/","url":"https:\/\/graziamagazine.com\/mx\/articles\/out-in-the-city-la-fantastica-coleccion-de-moncler-genius-conquista-las-calles\/","name":"Out in the City: La fant\u00e1stica colecci\u00f3n de Moncler Genius conquista las calles | Grazia M\u00e9xico y Latinoam\u00e9rica","isPartOf":{"@id":"https:\/\/graziamagazine.com\/mx\/#website"},"datePublished":"2020-09-04T19:32:54+00:00","dateModified":"2020-09-04T19:59:47+00:00","description":"Las propuestas de Moncler Genius y sus fant\u00e1sticas colaboraciones recorren Mil\u00e1n llen\u00e1ndolo de una nueva visi\u00f3n para recibir la estaci\u00f3n.","breadcrumb":{"@id":"https:\/\/graziamagazine.com\/mx\/articles\/out-in-the-city-la-fantastica-coleccion-de-moncler-genius-conquista-las-calles\/#breadcrumb"},"inLanguage":"es-MX","potentialAction":[{"@type":"ReadAction","target":["https:\/\/graziamagazine.com\/mx\/articles\/out-in-the-city-la-fantastica-coleccion-de-moncler-genius-conquista-las-calles\/"]}]},{"@type":"BreadcrumbList","@id":"https:\/\/graziamagazine.com\/mx\/articles\/out-in-the-city-la-fantastica-coleccion-de-moncler-genius-conquista-las-calles\/#breadcrumb","itemListElement":[{"@type":"ListItem","position":1,"name":"Home","item":"https:\/\/graziamagazine.com\/mx\/"},{"@type":"ListItem","position":2,"name":"Out in the City: La fant\u00e1stica colecci\u00f3n de Moncler Genius conquista las calles"}]},{"@type":"WebSite","@id":"https:\/\/graziamagazine.com\/mx\/#website","url":"https:\/\/graziamagazine.com\/mx\/","name":"Grazia M\u00e9xico y Latinoam\u00e9rica","description":"Grazia es moda, belleza y noticias  de actualidad ","potentialAction":[{"@type":"SearchAction","target":{"@type":"EntryPoint","urlTemplate":"https:\/\/graziamagazine.com\/mx\/?s={search_term_string}"},"query-input":"required name=search_term_string"}],"inLanguage":"es-MX"}]}},"jetpack_sharing_enabled":true,"distributor_meta":false,"distributor_terms":false,"distributor_media":false,"distributor_original_site_name":"Grazia M\u00e9xico y Latinoam\u00e9rica","distributor_original_site_url":"https:\/\/graziamagazine.com\/mx","push-errors":false,"_links":{"self":[{"href":"https:\/\/graziamagazine.com\/mx\/wp-json\/wp\/v2\/articles\/88462"}],"collection":[{"href":"https:\/\/graziamagazine.com\/mx\/wp-json\/wp\/v2\/articles"}],"about":[{"href":"https:\/\/graziamagazine.com\/mx\/wp-json\/wp\/v2\/types\/articles"}],"author":[{"embeddable":true,"href":"https:\/\/graziamagazine.com\/mx\/wp-json\/wp\/v2\/users\/11636"}],"wp:featuredmedia":[{"embeddable":true,"href":"https:\/\/graziamagazine.com\/mx\/wp-json\/wp\/v2\/media\/88479"}],"wp:attachment":[{"href":"https:\/\/graziamagazine.com\/mx\/wp-json\/wp\/v2\/media?parent=88462"}],"wp:term":[{"taxonomy":"category","embeddable":true,"href":"https:\/\/graziamagazine.com\/mx\/wp-json\/wp\/v2\/categories?post=88462"}],"curies":[{"name":"wp","href":"https:\/\/api.w.org\/{rel}","templated":true}]}}