{"id":88449,"date":"2020-09-04T12:09:52","date_gmt":"2020-09-04T17:09:52","guid":{"rendered":"https:\/\/graziamagazine.com\/mx\/?post_type=articles&#038;p=88449"},"modified":"2020-09-04T14:16:43","modified_gmt":"2020-09-04T19:16:43","slug":"pasha-de-cartier-conoce-la-reinterpretacion-de-un-clasico-de-la-mano-de-sus-embajadores","status":"publish","type":"articles","link":"https:\/\/graziamagazine.com\/mx\/articles\/pasha-de-cartier-conoce-la-reinterpretacion-de-un-clasico-de-la-mano-de-sus-embajadores\/","title":{"rendered":"Pasha de Cartier: Conoce la reinterpretaci\u00f3n de un cl\u00e1sico de la mano de sus embajadores"},"content":{"rendered":"<div class=\"page\" title=\"Page 14\">\n<div class=\"section\">\n<div class=\"layoutArea\">\n<div class=\"column\">\n<p><strong><em>Pasha<\/em><\/strong> es un reloj que desde 1980 abraz\u00f3 la idea de \u00e9xito como propia, era un premio para aquel que \u201clo hab\u00eda logrado\u201d o que hab\u00eda llegado a \u201clo que se hubiera propuesto\u201d. Hoy conecta incre\u00edblemente <a href=\"https:\/\/graziamagazine.com\/mx\/articles\/rami-malek-y-maisie-williams-se-unen-como-embajadores-de-cartier\/\" target=\"_blank\" rel=\"noopener noreferrer\">con los embajadores<\/a> \u201c[&#8230;] ya que ellos deben su \u00e9xito a sus diferencias, a su creatividad,\u00a0a su conexi\u00f3n, a sus talentos multidisciplinarios y\u00a0a su generosidad\u201d, afirma Arnaud Carrez, director internacional de marketing y comunicaciones de <strong>Cartier<\/strong>.<\/p>\n<p>Pasha siempre ha estado destinado a ser usado por aquellos que tienen una visi\u00f3n m\u00e1s amplia del mundo, adem\u00e1s de que son individuos \u00fanicos que no siguen las tendencias, sino que las imponen. Esta nueva generaci\u00f3n de talentos est\u00e1 formada por: <strong>Maisie Williams<\/strong>, <strong>Willow Smith<\/strong>, <strong>Rami Malek<\/strong>, <strong>Troye Sivan<\/strong> y <strong>Jackson Wang<\/strong>.<\/p>\n<div style=\"width: 1920px;\" class=\"wp-video\"><video class=\"wp-video-shortcode\" id=\"video-88449-1\" width=\"1920\" height=\"1080\" preload=\"metadata\" controls=\"controls\"><source type=\"video\/mp4\" src=\"https:\/\/graziamagazine.com\/mx\/wp-content\/uploads\/sites\/13\/2020\/09\/CARTIER_PASHA_MAIN-FILM-INTERNATIONAL_65s_1920x1080.mp4?_=1\" \/><\/video><\/div>\n<div class=\"page\" title=\"Page 14\">\n<div class=\"section\">\n<div class=\"layoutArea\">\n<div class=\"column\">\n<p>Troye Sivan es un compositor, cantante y actor cuya ambici\u00f3n positiva y manera de ver la vida lo hacen un embajador <em>Pasha<\/em>. Naci\u00f3 en Sud\u00e1frica en 1995, pero se cri\u00f3 en Australia, y comenz\u00f3 a publicar sus canciones\u00a0a los 14 a\u00f1os. Lo natural era crear su propio canal de YouTube: \u201cQuien soy se acerca mucho a lo que hago. Digo exactamente lo que quiero decir y de la forma en la que quiero decirlo. Da un poquito de miedo, pero tambi\u00e9n es muy emocionante. Realmente me esfuerzo por explorar los l\u00edmites de mis logros creativos\u201d. M\u00e1s de 6 millones de suscriptores han sido cautivados por la honestidad que Sivan predica en sus redes y en sus creaciones. Su primer \u00e1lbum <em>Blue Neighborhood<\/em> estuvo entre los primeros lugares en m\u00e1s de 66 pa\u00edses. Hace un par de a\u00f1os fue declarado como la perfecta estrella de pop por la revista <em>Time<\/em>, y <em>Bloom<\/em> fue calificado como uno de los mejores discos por la revista Rolling Stone. Hoy tiene m\u00e1s de 6,7 billones de streams combinados a nivel global.<\/p>\n<figure id=\"attachment_88456\" aria-describedby=\"caption-attachment-88456\" style=\"width: 435px\" class=\"wp-caption alignnone\"><img loading=\"lazy\" decoding=\"async\" class=\"wp-image-88456 size-medium\" src=\"https:\/\/graziamagazine.com\/mx\/wp-content\/uploads\/sites\/13\/2020\/09\/1_WSPA0009-Cartier-Troye-Sivan-Pasha-de-Cartier.jpg?w=435\" alt=\"\" width=\"435\" height=\"450\" \/><figcaption id=\"caption-attachment-88456\" class=\"wp-caption-text\">Cortes\u00eda Cartier<\/figcaption><\/figure>\n<div class=\"page\" title=\"Page 15\">\n<div class=\"section\">\n<div class=\"layoutArea\">\n<div class=\"column\">\n<p>Rami Malek naci\u00f3 en Los \u00c1ngeles en 1981 y aunque ya lo conoc\u00edamos por su papel\u00a0en la serie <em>Mr. Robot<\/em>, fue su interpretaci\u00f3n de Freddie Mercury lo que le vali\u00f3 el reconocimiento mundial adem\u00e1s de ganar el Oscar, el SAG, el BAFTA y un Golden Globe. Su compromiso, consigo mismo, es buscar papeles que reten sus expectativas y las del p\u00fablico, sin dudarlo sigue su propio camino, al igual que <em>Pasha<\/em>. \u201cGravito en los papeles que son inspiradores y progresivos. Es mi esperanza que algunos de ellos contribuyan al progreso de la industria\u201d.\u00a0A Malek volveremos a verlo en el pr\u00f3ximo filme de James Bond, <em>No Time to Die<\/em>, en el papel de villano, \u00a1no podemos esperar!<\/p>\n<\/div>\n<\/div>\n<\/div>\n<figure id=\"attachment_88455\" aria-describedby=\"caption-attachment-88455\" style=\"width: 434px\" class=\"wp-caption alignnone\"><img loading=\"lazy\" decoding=\"async\" class=\"wp-image-88455 size-medium\" src=\"https:\/\/graziamagazine.com\/mx\/wp-content\/uploads\/sites\/13\/2020\/09\/1_WSPA0009-Cartier-Rami-Malek-Pasha-de-Cartier.jpg?w=434\" alt=\"\" width=\"434\" height=\"450\" \/><figcaption id=\"caption-attachment-88455\" class=\"wp-caption-text\">Cortes\u00eda Cartier<\/figcaption><\/figure>\n<div class=\"section\">\n<div class=\"layoutArea\">\n<div class=\"column\">\n<p>Este rapero, cantante y bailar\u00edn chino ha venido a revolucionar la autoestima de millones de j\u00f3venes: Jackson Wang es una fuente de inspiraci\u00f3n que invita a que todo mundo sea como es. Fue parte del fen\u00f3meno del K-pop, con el grupo GOT7 y desde\u00a0ah\u00ed tiene m\u00e1s de 9 millones de seguidores. En 2019 cre\u00f3 su sello discogr\u00e1fico Team Wang donde mezcla hip-hop, R&amp;B y rap, demostrando su versatilidad como artista, creando un estilo propio justo como los otros embajadores de <em>Pasha<\/em> de Cartier. \u201cNo hay un destino en la vida, pero cada paso que te acerca a tu meta, cada cap\u00edtulo en tu historia, es un momento especial para m\u00ed. Solamente conf\u00eda en ti mismo y escribe tu propia historia\u201d.<\/p>\n<\/div>\n<figure id=\"attachment_88454\" aria-describedby=\"caption-attachment-88454\" style=\"width: 435px\" class=\"wp-caption alignnone\"><img loading=\"lazy\" decoding=\"async\" class=\"wp-image-88454 size-medium\" src=\"https:\/\/graziamagazine.com\/mx\/wp-content\/uploads\/sites\/13\/2020\/09\/1_WSPA0009-Cartier-Jackson-Wang-Pasha-de-Cartier.jpg?w=435\" alt=\"\" width=\"435\" height=\"450\" \/><figcaption id=\"caption-attachment-88454\" class=\"wp-caption-text\">Cortes\u00eda Cartier<\/figcaption><\/figure>\n<div class=\"column\">\n<div class=\"page\" title=\"Page 15\">\n<div class=\"section\">\n<div class=\"layoutArea\">\n<div class=\"column\">\n<p>A Willow Smith, hija de Will Smith, le interesan todas las \u00e1reas que se refieran a expresarse. Activista, \u00edcono de la moda y performer, para Willow no hay l\u00edmites.\u00a0Cre\u00f3 su propio SoundCloud donde postea sus canciones, colaboraciones y duetos con artistas de su generaci\u00f3n. Tambi\u00e9n conduce el <em>talk show<\/em>, <em>Table Talk<\/em>,\u00a0al lado de su mam\u00e1 y su abuela, donde temas sociales y culturales se exponen a trav\u00e9s del punto de vista de tres generaciones. Este programa, nominado en los premios Emmy, ya tiene asegurada su permanencia al aire hasta 2022. \u201cSiempre tienes que morder m\u00e1s de lo que puedes masticar para evolucionar como persona y especialmente como artista, y probarte que puedes hacerlo y que puedes crecer\u201d. Willow tiene una personalidad incre\u00edble que ha llamado la atenci\u00f3n no solamente de <em>Pasha<\/em> sino del mundo entero.<\/p>\n<figure id=\"attachment_88458\" aria-describedby=\"caption-attachment-88458\" style=\"width: 435px\" class=\"wp-caption alignnone\"><img loading=\"lazy\" decoding=\"async\" class=\"wp-image-88458 size-medium\" src=\"https:\/\/graziamagazine.com\/mx\/wp-content\/uploads\/sites\/13\/2020\/09\/1_WSPA0013-Cartier-Willow-Smith-Pasha-de-Cartier.jpg?w=435\" alt=\"\" width=\"435\" height=\"450\" \/><figcaption id=\"caption-attachment-88458\" class=\"wp-caption-text\">Cortes\u00eda Cartier<\/figcaption><\/figure>\n<p>\u201c[&#8230;] Para m\u00ed se trata de encontrar al equipo correcto, encontrar a la gente en la que conf\u00edas\u201d, Maisie Williams no ten\u00eda idea\u00a0de c\u00f3mo la serie <em>Game of Thrones<\/em> cambiar\u00eda su vida. Esta inglesa se convirti\u00f3, interpretando a Arya Stark, en la pieza clave de una de las series que han roto records en los \u00faltimos 10 a\u00f1os. Con un coraz\u00f3n empresarial, Maisie tiene varios proyectos en marcha donde conecta figuras del arte, la moda, la televisi\u00f3n, el cine, la literatura y la m\u00fasica para emprender colaboraciones incre\u00edbles.\u00a0La veremos en el cine en <em>The New Mutants<\/em> y en la serie <em>Two Weeks to Live<\/em>.<\/p>\n<figure id=\"attachment_88457\" aria-describedby=\"caption-attachment-88457\" style=\"width: 434px\" class=\"wp-caption alignnone\"><img loading=\"lazy\" decoding=\"async\" class=\"wp-image-88457 size-medium\" src=\"https:\/\/graziamagazine.com\/mx\/wp-content\/uploads\/sites\/13\/2020\/09\/1_WSPA0013-Cartier-Maisie-Williams-Pasha-de-Cartier.jpg?w=434\" alt=\"\" width=\"434\" height=\"450\" \/><figcaption id=\"caption-attachment-88457\" class=\"wp-caption-text\">Cortes\u00eda Cartier<\/figcaption><\/figure>\n<p>Esta nueva comunidad integrada por creativos de distintas disciplinas, que no solo se encierran en su especialidad, sino que abren su potencial, su influencia y su talento al mundo, a las oportunidades y a la vida son quienes forman el universo de <strong><em>Pasha<\/em> de Cartier<\/strong>, un reloj que va m\u00e1s all\u00e1 de medir<br \/>\nel tiempo. Esta pieza es simplemente parte del \u00e9xito de ser un ser libre, aut\u00e9ntico y vanguardista.<\/p>\n<\/div>\n<\/div>\n<\/div>\n<\/div>\n<\/div>\n<\/div>\n<\/div>\n<\/div>\n<\/div>\n<\/div>\n<\/div>\n<\/div>\n<\/div>\n<\/div>\n<\/div>\n<\/div>\n","protected":false},"author":11636,"featured_media":88459,"template":"","format":"standard","categories":[4],"acf":[],"yoast_head":"<!-- This site is optimized with the Yoast SEO Premium plugin v18.5 (Yoast SEO v20.4) - https:\/\/yoast.com\/wordpress\/plugins\/seo\/ -->\n<title>Pasha de Cartier: Conoce la reinterpretaci\u00f3n de un cl\u00e1sico de la mano de sus embajadores | Grazia M\u00e9xico y Latinoam\u00e9rica<\/title>\n<meta name=\"description\" content=\"Cartier se ha dado a la tarea de reunir a un grupo de embajadores que representan el presente y futuro para lanzar la reinterpretaci\u00f3n de su cl\u00e1sico, Pasha.\" \/>\n<meta name=\"robots\" content=\"index, follow, max-snippet:-1, max-image-preview:large, max-video-preview:-1\" \/>\n<link rel=\"canonical\" href=\"https:\/\/graziamagazine.com\/mx\/articles\/pasha-de-cartier-conoce-la-reinterpretacion-de-un-clasico-de-la-mano-de-sus-embajadores\/\" \/>\n<meta property=\"og:locale\" content=\"es_MX\" \/>\n<meta property=\"og:type\" content=\"article\" \/>\n<meta property=\"og:title\" content=\"Pasha de Cartier: Conoce la reinterpretaci\u00f3n de un cl\u00e1sico de la mano de sus embajadores\" \/>\n<meta property=\"og:description\" content=\"Cartier se ha dado a la tarea de reunir a un grupo de embajadores que representan el presente y futuro para lanzar la reinterpretaci\u00f3n de su cl\u00e1sico, Pasha.\" \/>\n<meta property=\"og:url\" content=\"https:\/\/graziamagazine.com\/mx\/articles\/pasha-de-cartier-conoce-la-reinterpretacion-de-un-clasico-de-la-mano-de-sus-embajadores\/\" \/>\n<meta property=\"og:site_name\" content=\"Grazia M\u00e9xico y Latinoam\u00e9rica\" \/>\n<meta property=\"article:modified_time\" content=\"2020-09-04T19:16:43+00:00\" \/>\n<meta property=\"og:image\" content=\"https:\/\/graziamagazine.com\/mx\/wp-content\/uploads\/sites\/13\/2020\/09\/pasha-de-cartier-conoce-la-reinterpretacion-de-un-clasico-de-la-mano-de-sus-embajadores-destacada.jpg?fit=1280%2C720\" \/>\n\t<meta property=\"og:image:width\" content=\"1280\" \/>\n\t<meta property=\"og:image:height\" content=\"720\" \/>\n\t<meta property=\"og:image:type\" content=\"image\/jpeg\" \/>\n<meta name=\"twitter:card\" content=\"summary_large_image\" \/>\n<meta name=\"twitter:label1\" content=\"Est. reading time\" \/>\n\t<meta name=\"twitter:data1\" content=\"5 minutos\" \/>\n<script type=\"application\/ld+json\" class=\"yoast-schema-graph\">{\"@context\":\"https:\/\/schema.org\",\"@graph\":[{\"@type\":\"WebPage\",\"@id\":\"https:\/\/graziamagazine.com\/mx\/articles\/pasha-de-cartier-conoce-la-reinterpretacion-de-un-clasico-de-la-mano-de-sus-embajadores\/\",\"url\":\"https:\/\/graziamagazine.com\/mx\/articles\/pasha-de-cartier-conoce-la-reinterpretacion-de-un-clasico-de-la-mano-de-sus-embajadores\/\",\"name\":\"Pasha de Cartier: Conoce la reinterpretaci\u00f3n de un cl\u00e1sico de la mano de sus embajadores | Grazia M\u00e9xico y Latinoam\u00e9rica\",\"isPartOf\":{\"@id\":\"https:\/\/graziamagazine.com\/mx\/#website\"},\"datePublished\":\"2020-09-04T17:09:52+00:00\",\"dateModified\":\"2020-09-04T19:16:43+00:00\",\"description\":\"Cartier se ha dado a la tarea de reunir a un grupo de embajadores que representan el presente y futuro para lanzar la reinterpretaci\u00f3n de su cl\u00e1sico, Pasha.\",\"breadcrumb\":{\"@id\":\"https:\/\/graziamagazine.com\/mx\/articles\/pasha-de-cartier-conoce-la-reinterpretacion-de-un-clasico-de-la-mano-de-sus-embajadores\/#breadcrumb\"},\"inLanguage\":\"es-MX\",\"potentialAction\":[{\"@type\":\"ReadAction\",\"target\":[\"https:\/\/graziamagazine.com\/mx\/articles\/pasha-de-cartier-conoce-la-reinterpretacion-de-un-clasico-de-la-mano-de-sus-embajadores\/\"]}]},{\"@type\":\"BreadcrumbList\",\"@id\":\"https:\/\/graziamagazine.com\/mx\/articles\/pasha-de-cartier-conoce-la-reinterpretacion-de-un-clasico-de-la-mano-de-sus-embajadores\/#breadcrumb\",\"itemListElement\":[{\"@type\":\"ListItem\",\"position\":1,\"name\":\"Home\",\"item\":\"https:\/\/graziamagazine.com\/mx\/\"},{\"@type\":\"ListItem\",\"position\":2,\"name\":\"Pasha de Cartier: Conoce la reinterpretaci\u00f3n de un cl\u00e1sico de la mano de sus embajadores\"}]},{\"@type\":\"WebSite\",\"@id\":\"https:\/\/graziamagazine.com\/mx\/#website\",\"url\":\"https:\/\/graziamagazine.com\/mx\/\",\"name\":\"Grazia M\u00e9xico y Latinoam\u00e9rica\",\"description\":\"Grazia es moda, belleza y noticias  de actualidad \",\"potentialAction\":[{\"@type\":\"SearchAction\",\"target\":{\"@type\":\"EntryPoint\",\"urlTemplate\":\"https:\/\/graziamagazine.com\/mx\/?s={search_term_string}\"},\"query-input\":\"required name=search_term_string\"}],\"inLanguage\":\"es-MX\"}]}<\/script>\n<!-- \/ Yoast SEO Premium plugin. -->","yoast_head_json":{"title":"Pasha de Cartier: Conoce la reinterpretaci\u00f3n de un cl\u00e1sico de la mano de sus embajadores | Grazia M\u00e9xico y Latinoam\u00e9rica","description":"Cartier se ha dado a la tarea de reunir a un grupo de embajadores que representan el presente y futuro para lanzar la reinterpretaci\u00f3n de su cl\u00e1sico, Pasha.","robots":{"index":"index","follow":"follow","max-snippet":"max-snippet:-1","max-image-preview":"max-image-preview:large","max-video-preview":"max-video-preview:-1"},"canonical":"https:\/\/graziamagazine.com\/mx\/articles\/pasha-de-cartier-conoce-la-reinterpretacion-de-un-clasico-de-la-mano-de-sus-embajadores\/","og_locale":"es_MX","og_type":"article","og_title":"Pasha de Cartier: Conoce la reinterpretaci\u00f3n de un cl\u00e1sico de la mano de sus embajadores","og_description":"Cartier se ha dado a la tarea de reunir a un grupo de embajadores que representan el presente y futuro para lanzar la reinterpretaci\u00f3n de su cl\u00e1sico, Pasha.","og_url":"https:\/\/graziamagazine.com\/mx\/articles\/pasha-de-cartier-conoce-la-reinterpretacion-de-un-clasico-de-la-mano-de-sus-embajadores\/","og_site_name":"Grazia M\u00e9xico y Latinoam\u00e9rica","article_modified_time":"2020-09-04T19:16:43+00:00","og_image":[{"width":1280,"height":720,"url":"https:\/\/graziamagazine.com\/mx\/wp-content\/uploads\/sites\/13\/2020\/09\/pasha-de-cartier-conoce-la-reinterpretacion-de-un-clasico-de-la-mano-de-sus-embajadores-destacada.jpg?fit=1280%2C720","type":"image\/jpeg"}],"twitter_card":"summary_large_image","twitter_misc":{"Est. reading time":"5 minutos"},"schema":{"@context":"https:\/\/schema.org","@graph":[{"@type":"WebPage","@id":"https:\/\/graziamagazine.com\/mx\/articles\/pasha-de-cartier-conoce-la-reinterpretacion-de-un-clasico-de-la-mano-de-sus-embajadores\/","url":"https:\/\/graziamagazine.com\/mx\/articles\/pasha-de-cartier-conoce-la-reinterpretacion-de-un-clasico-de-la-mano-de-sus-embajadores\/","name":"Pasha de Cartier: Conoce la reinterpretaci\u00f3n de un cl\u00e1sico de la mano de sus embajadores | Grazia M\u00e9xico y Latinoam\u00e9rica","isPartOf":{"@id":"https:\/\/graziamagazine.com\/mx\/#website"},"datePublished":"2020-09-04T17:09:52+00:00","dateModified":"2020-09-04T19:16:43+00:00","description":"Cartier se ha dado a la tarea de reunir a un grupo de embajadores que representan el presente y futuro para lanzar la reinterpretaci\u00f3n de su cl\u00e1sico, Pasha.","breadcrumb":{"@id":"https:\/\/graziamagazine.com\/mx\/articles\/pasha-de-cartier-conoce-la-reinterpretacion-de-un-clasico-de-la-mano-de-sus-embajadores\/#breadcrumb"},"inLanguage":"es-MX","potentialAction":[{"@type":"ReadAction","target":["https:\/\/graziamagazine.com\/mx\/articles\/pasha-de-cartier-conoce-la-reinterpretacion-de-un-clasico-de-la-mano-de-sus-embajadores\/"]}]},{"@type":"BreadcrumbList","@id":"https:\/\/graziamagazine.com\/mx\/articles\/pasha-de-cartier-conoce-la-reinterpretacion-de-un-clasico-de-la-mano-de-sus-embajadores\/#breadcrumb","itemListElement":[{"@type":"ListItem","position":1,"name":"Home","item":"https:\/\/graziamagazine.com\/mx\/"},{"@type":"ListItem","position":2,"name":"Pasha de Cartier: Conoce la reinterpretaci\u00f3n de un cl\u00e1sico de la mano de sus embajadores"}]},{"@type":"WebSite","@id":"https:\/\/graziamagazine.com\/mx\/#website","url":"https:\/\/graziamagazine.com\/mx\/","name":"Grazia M\u00e9xico y Latinoam\u00e9rica","description":"Grazia es moda, belleza y noticias  de actualidad ","potentialAction":[{"@type":"SearchAction","target":{"@type":"EntryPoint","urlTemplate":"https:\/\/graziamagazine.com\/mx\/?s={search_term_string}"},"query-input":"required name=search_term_string"}],"inLanguage":"es-MX"}]}},"jetpack_sharing_enabled":true,"distributor_meta":false,"distributor_terms":false,"distributor_media":false,"distributor_original_site_name":"Grazia M\u00e9xico y Latinoam\u00e9rica","distributor_original_site_url":"https:\/\/graziamagazine.com\/mx","push-errors":false,"_links":{"self":[{"href":"https:\/\/graziamagazine.com\/mx\/wp-json\/wp\/v2\/articles\/88449"}],"collection":[{"href":"https:\/\/graziamagazine.com\/mx\/wp-json\/wp\/v2\/articles"}],"about":[{"href":"https:\/\/graziamagazine.com\/mx\/wp-json\/wp\/v2\/types\/articles"}],"author":[{"embeddable":true,"href":"https:\/\/graziamagazine.com\/mx\/wp-json\/wp\/v2\/users\/11636"}],"wp:featuredmedia":[{"embeddable":true,"href":"https:\/\/graziamagazine.com\/mx\/wp-json\/wp\/v2\/media\/88459"}],"wp:attachment":[{"href":"https:\/\/graziamagazine.com\/mx\/wp-json\/wp\/v2\/media?parent=88449"}],"wp:term":[{"taxonomy":"category","embeddable":true,"href":"https:\/\/graziamagazine.com\/mx\/wp-json\/wp\/v2\/categories?post=88449"}],"curies":[{"name":"wp","href":"https:\/\/api.w.org\/{rel}","templated":true}]}}