{"id":88379,"date":"2020-09-02T14:10:01","date_gmt":"2020-09-02T19:10:01","guid":{"rendered":"https:\/\/graziamagazine.com\/mx\/?post_type=articles&#038;p=88379"},"modified":"2020-09-02T17:35:43","modified_gmt":"2020-09-02T22:35:43","slug":"el-look-de-tilda-swinton-que-querras-copiar-para-el-entretiempo","status":"publish","type":"articles","link":"https:\/\/graziamagazine.com\/mx\/articles\/el-look-de-tilda-swinton-que-querras-copiar-para-el-entretiempo\/","title":{"rendered":"El look de Tilda Swinton que querr\u00e1s copiar para el entretiempo"},"content":{"rendered":"<p><strong>Por Alejandra Olmedo<\/strong><\/p>\n<p>Con cambios estrictos gracias a la pandemia, el <strong>Festival de Cine de Venecia<\/strong> ha sido uno de los pocos eventos que se celebrar\u00e1 de manera presencial este 2020. Solo contar\u00e1 con pocas celebridades en la alfombra roja y medidas de sanidad como el uso estricto de cubrebocas, controles de temperatura y distanciamiento de seguridad en las salas de proyecci\u00f3n.\u00a0A pesar de esto, la emoci\u00f3n de poder volver a ver una <i>red carpet <\/i>con dise\u00f1os de ensue\u00f1o, o los <em>off-duty looks<\/em> de las celebridades, no la superamos, siendo la primera en demostrarlo, <strong>Tilda Swinton<\/strong>.<\/p>\n<p>La actriz brit\u00e1nica fue una de las primeras en aterrizar en Venecia enfundada de un <em>total look<\/em> <strong>Chanel<\/strong> y poniendo la prueba del atuendo m\u00e1s c\u00f3modo y con estilo para viajar. Aunque los viajes largos a\u00fan no est\u00e9n dentro de nuestra agenda, este se adapta para una escapaba de fin de semana, adem\u00e1s que es ideal para el entretiempo.<\/p>\n<figure id=\"attachment_88388\" aria-describedby=\"caption-attachment-88388\" style=\"width: 300px\" class=\"wp-caption alignnone\"><img loading=\"lazy\" decoding=\"async\" class=\"wp-image-88388 size-medium\" src=\"https:\/\/graziamagazine.com\/mx\/wp-content\/uploads\/sites\/13\/2020\/09\/ccc-tilda-swinton-chanel-sighting-venice-september-2020.jpg?w=300\" alt=\"\" width=\"300\" height=\"450\" \/><figcaption id=\"caption-attachment-88388\" class=\"wp-caption-text\">Cortes\u00eda Chanel<\/figcaption><\/figure>\n<p>Conformado por un <em>set<\/em> de\u00a0chaqueta larga\u00a0<em>camel<\/em> acentuada por un cintur\u00f3n de cadena y cuero trenzado, y pantalones a juego monocrom\u00e1tico. Para coontrastar, la musa combin\u00f3 con un par de <em>pumps<\/em> en charol bicolor, negro y rojo el\u00e9ctrico. La esencia cl\u00e1sica la dio con el bolso obsesi\u00f3n de todas,\u00a0<a href=\"https:\/\/graziamagazine.com\/mx\/articles\/current-obsession-todo-el-mundo-esta-usando-el-bolso-chanel-19\/\" target=\"_blank\" rel=\"noopener noreferrer\"><em>Chanel 19<\/em><\/a>, en el mismo tono que el conjunto y remat\u00f3 con gafas de sol.<\/p>\n<p>Tilda Swinton ser\u00e1 una de las grandes protagonistas en la edici\u00f3n 2020 del Festival de Cine de Venecia, no solo por su gran sentido de estilo, sino porque recibi\u00f3 el Le\u00f3n de Oro por su trayectoria y estrenar\u00e1 <a href=\"https:\/\/graziamagazine.com\/mx\/articles\/el-primer-adelanto-de-la-voz-humana-por-pedro-almodovar-muestra-a-tilda-swinton-en-un-iconico-vestido-balenciaga\/\" target=\"_blank\" rel=\"noopener noreferrer\"><strong><em>La voz humana<\/em><\/strong><\/a>,\u00a0el nuevo cortometraje que ha protagonizado\u00a0del director\u00a0Pedro Almod\u00f3var.<\/p>\n","protected":false},"author":11636,"featured_media":88386,"template":"","format":"standard","categories":[4],"acf":[],"yoast_head":"<!-- This site is optimized with the Yoast SEO Premium plugin v18.5 (Yoast SEO v20.4) - https:\/\/yoast.com\/wordpress\/plugins\/seo\/ -->\n<title>Querr\u00e1s copiar el look casual de Tilda Swinton para el Festival de Cine de Venecia | Grazia M\u00e9xico y Latinoam\u00e9rica<\/title>\n<meta name=\"description\" content=\"Arranca el Festival de Cine de Venecia y con \u00e9l uno de los mejores looks casuales del a\u00f1o, e ideal para el entretiempo, cortes\u00eda de Tilda Swinton.\" \/>\n<meta name=\"robots\" content=\"index, follow, max-snippet:-1, max-image-preview:large, max-video-preview:-1\" \/>\n<link rel=\"canonical\" href=\"https:\/\/graziamagazine.com\/mx\/articles\/el-look-de-tilda-swinton-que-querras-copiar-para-el-entretiempo\/\" \/>\n<meta property=\"og:locale\" content=\"es_MX\" \/>\n<meta property=\"og:type\" content=\"article\" \/>\n<meta property=\"og:title\" content=\"El look de Tilda Swinton que querr\u00e1s copiar para el entretiempo\" \/>\n<meta property=\"og:description\" content=\"Arranca el Festival de Cine de Venecia y con \u00e9l uno de los mejores looks casuales del a\u00f1o, e ideal para el entretiempo, cortes\u00eda de Tilda Swinton.\" \/>\n<meta property=\"og:url\" content=\"https:\/\/graziamagazine.com\/mx\/articles\/el-look-de-tilda-swinton-que-querras-copiar-para-el-entretiempo\/\" \/>\n<meta property=\"og:site_name\" content=\"Grazia M\u00e9xico y Latinoam\u00e9rica\" \/>\n<meta property=\"article:modified_time\" content=\"2020-09-02T22:35:43+00:00\" \/>\n<meta property=\"og:image\" content=\"https:\/\/graziamagazine.com\/mx\/wp-content\/uploads\/sites\/13\/2020\/09\/el-look-de-tilda-swinton-que-querras-copiar-para-el-entretiempo-destacada-1.jpg?fit=1133%2C723\" \/>\n\t<meta property=\"og:image:width\" content=\"1133\" \/>\n\t<meta property=\"og:image:height\" content=\"723\" \/>\n\t<meta property=\"og:image:type\" content=\"image\/jpeg\" \/>\n<meta name=\"twitter:card\" content=\"summary_large_image\" \/>\n<meta name=\"twitter:label1\" content=\"Est. reading time\" \/>\n\t<meta name=\"twitter:data1\" content=\"1 minuto\" \/>\n<script type=\"application\/ld+json\" class=\"yoast-schema-graph\">{\"@context\":\"https:\/\/schema.org\",\"@graph\":[{\"@type\":\"WebPage\",\"@id\":\"https:\/\/graziamagazine.com\/mx\/articles\/el-look-de-tilda-swinton-que-querras-copiar-para-el-entretiempo\/\",\"url\":\"https:\/\/graziamagazine.com\/mx\/articles\/el-look-de-tilda-swinton-que-querras-copiar-para-el-entretiempo\/\",\"name\":\"Querr\u00e1s copiar el look casual de Tilda Swinton para el Festival de Cine de Venecia | Grazia M\u00e9xico y Latinoam\u00e9rica\",\"isPartOf\":{\"@id\":\"https:\/\/graziamagazine.com\/mx\/#website\"},\"datePublished\":\"2020-09-02T19:10:01+00:00\",\"dateModified\":\"2020-09-02T22:35:43+00:00\",\"description\":\"Arranca el Festival de Cine de Venecia y con \u00e9l uno de los mejores looks casuales del a\u00f1o, e ideal para el entretiempo, cortes\u00eda de Tilda Swinton.\",\"breadcrumb\":{\"@id\":\"https:\/\/graziamagazine.com\/mx\/articles\/el-look-de-tilda-swinton-que-querras-copiar-para-el-entretiempo\/#breadcrumb\"},\"inLanguage\":\"es-MX\",\"potentialAction\":[{\"@type\":\"ReadAction\",\"target\":[\"https:\/\/graziamagazine.com\/mx\/articles\/el-look-de-tilda-swinton-que-querras-copiar-para-el-entretiempo\/\"]}]},{\"@type\":\"BreadcrumbList\",\"@id\":\"https:\/\/graziamagazine.com\/mx\/articles\/el-look-de-tilda-swinton-que-querras-copiar-para-el-entretiempo\/#breadcrumb\",\"itemListElement\":[{\"@type\":\"ListItem\",\"position\":1,\"name\":\"Home\",\"item\":\"https:\/\/graziamagazine.com\/mx\/\"},{\"@type\":\"ListItem\",\"position\":2,\"name\":\"El look de Tilda Swinton que querr\u00e1s copiar para el entretiempo\"}]},{\"@type\":\"WebSite\",\"@id\":\"https:\/\/graziamagazine.com\/mx\/#website\",\"url\":\"https:\/\/graziamagazine.com\/mx\/\",\"name\":\"Grazia M\u00e9xico y Latinoam\u00e9rica\",\"description\":\"Grazia es moda, belleza y noticias  de actualidad \",\"potentialAction\":[{\"@type\":\"SearchAction\",\"target\":{\"@type\":\"EntryPoint\",\"urlTemplate\":\"https:\/\/graziamagazine.com\/mx\/?s={search_term_string}\"},\"query-input\":\"required name=search_term_string\"}],\"inLanguage\":\"es-MX\"}]}<\/script>\n<!-- \/ Yoast SEO Premium plugin. -->","yoast_head_json":{"title":"Querr\u00e1s copiar el look casual de Tilda Swinton para el Festival de Cine de Venecia | Grazia M\u00e9xico y Latinoam\u00e9rica","description":"Arranca el Festival de Cine de Venecia y con \u00e9l uno de los mejores looks casuales del a\u00f1o, e ideal para el entretiempo, cortes\u00eda de Tilda Swinton.","robots":{"index":"index","follow":"follow","max-snippet":"max-snippet:-1","max-image-preview":"max-image-preview:large","max-video-preview":"max-video-preview:-1"},"canonical":"https:\/\/graziamagazine.com\/mx\/articles\/el-look-de-tilda-swinton-que-querras-copiar-para-el-entretiempo\/","og_locale":"es_MX","og_type":"article","og_title":"El look de Tilda Swinton que querr\u00e1s copiar para el entretiempo","og_description":"Arranca el Festival de Cine de Venecia y con \u00e9l uno de los mejores looks casuales del a\u00f1o, e ideal para el entretiempo, cortes\u00eda de Tilda Swinton.","og_url":"https:\/\/graziamagazine.com\/mx\/articles\/el-look-de-tilda-swinton-que-querras-copiar-para-el-entretiempo\/","og_site_name":"Grazia M\u00e9xico y Latinoam\u00e9rica","article_modified_time":"2020-09-02T22:35:43+00:00","og_image":[{"width":1133,"height":723,"url":"https:\/\/graziamagazine.com\/mx\/wp-content\/uploads\/sites\/13\/2020\/09\/el-look-de-tilda-swinton-que-querras-copiar-para-el-entretiempo-destacada-1.jpg?fit=1133%2C723","type":"image\/jpeg"}],"twitter_card":"summary_large_image","twitter_misc":{"Est. reading time":"1 minuto"},"schema":{"@context":"https:\/\/schema.org","@graph":[{"@type":"WebPage","@id":"https:\/\/graziamagazine.com\/mx\/articles\/el-look-de-tilda-swinton-que-querras-copiar-para-el-entretiempo\/","url":"https:\/\/graziamagazine.com\/mx\/articles\/el-look-de-tilda-swinton-que-querras-copiar-para-el-entretiempo\/","name":"Querr\u00e1s copiar el look casual de Tilda Swinton para el Festival de Cine de Venecia | Grazia M\u00e9xico y Latinoam\u00e9rica","isPartOf":{"@id":"https:\/\/graziamagazine.com\/mx\/#website"},"datePublished":"2020-09-02T19:10:01+00:00","dateModified":"2020-09-02T22:35:43+00:00","description":"Arranca el Festival de Cine de Venecia y con \u00e9l uno de los mejores looks casuales del a\u00f1o, e ideal para el entretiempo, cortes\u00eda de Tilda Swinton.","breadcrumb":{"@id":"https:\/\/graziamagazine.com\/mx\/articles\/el-look-de-tilda-swinton-que-querras-copiar-para-el-entretiempo\/#breadcrumb"},"inLanguage":"es-MX","potentialAction":[{"@type":"ReadAction","target":["https:\/\/graziamagazine.com\/mx\/articles\/el-look-de-tilda-swinton-que-querras-copiar-para-el-entretiempo\/"]}]},{"@type":"BreadcrumbList","@id":"https:\/\/graziamagazine.com\/mx\/articles\/el-look-de-tilda-swinton-que-querras-copiar-para-el-entretiempo\/#breadcrumb","itemListElement":[{"@type":"ListItem","position":1,"name":"Home","item":"https:\/\/graziamagazine.com\/mx\/"},{"@type":"ListItem","position":2,"name":"El look de Tilda Swinton que querr\u00e1s copiar para el entretiempo"}]},{"@type":"WebSite","@id":"https:\/\/graziamagazine.com\/mx\/#website","url":"https:\/\/graziamagazine.com\/mx\/","name":"Grazia M\u00e9xico y Latinoam\u00e9rica","description":"Grazia es moda, belleza y noticias  de actualidad ","potentialAction":[{"@type":"SearchAction","target":{"@type":"EntryPoint","urlTemplate":"https:\/\/graziamagazine.com\/mx\/?s={search_term_string}"},"query-input":"required name=search_term_string"}],"inLanguage":"es-MX"}]}},"jetpack_sharing_enabled":true,"distributor_meta":false,"distributor_terms":false,"distributor_media":false,"distributor_original_site_name":"Grazia M\u00e9xico y Latinoam\u00e9rica","distributor_original_site_url":"https:\/\/graziamagazine.com\/mx","push-errors":false,"_links":{"self":[{"href":"https:\/\/graziamagazine.com\/mx\/wp-json\/wp\/v2\/articles\/88379"}],"collection":[{"href":"https:\/\/graziamagazine.com\/mx\/wp-json\/wp\/v2\/articles"}],"about":[{"href":"https:\/\/graziamagazine.com\/mx\/wp-json\/wp\/v2\/types\/articles"}],"author":[{"embeddable":true,"href":"https:\/\/graziamagazine.com\/mx\/wp-json\/wp\/v2\/users\/11636"}],"wp:featuredmedia":[{"embeddable":true,"href":"https:\/\/graziamagazine.com\/mx\/wp-json\/wp\/v2\/media\/88386"}],"wp:attachment":[{"href":"https:\/\/graziamagazine.com\/mx\/wp-json\/wp\/v2\/media?parent=88379"}],"wp:term":[{"taxonomy":"category","embeddable":true,"href":"https:\/\/graziamagazine.com\/mx\/wp-json\/wp\/v2\/categories?post=88379"}],"curies":[{"name":"wp","href":"https:\/\/api.w.org\/{rel}","templated":true}]}}