{"id":88245,"date":"2020-08-28T09:41:03","date_gmt":"2020-08-28T14:41:03","guid":{"rendered":"https:\/\/graziamagazine.com\/mx\/?post_type=articles&#038;p=88245"},"modified":"2020-08-28T12:22:53","modified_gmt":"2020-08-28T17:22:53","slug":"el-primer-adelanto-de-la-voz-humana-por-pedro-almodovar-muestra-a-tilda-swinton-en-un-iconico-vestido-balenciaga","status":"publish","type":"articles","link":"https:\/\/graziamagazine.com\/mx\/articles\/el-primer-adelanto-de-la-voz-humana-por-pedro-almodovar-muestra-a-tilda-swinton-en-un-iconico-vestido-balenciaga\/","title":{"rendered":"El primer adelanto de La voz humana por Pedro Almod\u00f3var muestra a Tilda Swinton en un ic\u00f3nico vestido Balenciaga"},"content":{"rendered":"<p><strong>Balenciaga, Tilda Swinton y Pedro Almod\u00f3var\u00a0<\/strong>trabajando en el mismo proyecto indudablemente es un sue\u00f1o hecho realidad para quienes se declaran amantes de la moda y del s\u00e9ptimo arte. Como podr\u00e1s ver en los titulares circulando en Internet, el director lanz\u00f3 el primer adelanto de &#8220;<strong>La voz humana&#8221;<\/strong>, su m\u00e1s reciente producci\u00f3n cinematogr\u00e1fica que\u00a0tiene al mundo fascinado, emocionado y ansioso por ver el resultado final.<\/p>\n<p>El cortometraje en cuesti\u00f3n\u00a0est\u00e1 inspirado en un libreto escrito por\u00a0Jean Cocteau, basado en su obra de teatro hom\u00f3nima de 1930 escrita originalmente para Edith Piaf y\u00a0tendr\u00e1 una duraci\u00f3n de 20 minutos. Asimismo, ser\u00e1 el debut en ingl\u00e9s para el aclamado cineasta espa\u00f1ol y se estrenar\u00e1 en el Festival Internacional de Cine de Venecia que tendr\u00e1 lugar del 2 al 12 de septiembre.<\/p>\n<p>La trama es sobre una mujer que habla por tel\u00e9fono por \u00faltima vez con su amante, cayendo en un estado emocional oscuro y deprimente. Esta escena es parte de la esencia de Almod\u00f3var y ha estado presente en algunos de sus filmes, tales como en\u00a0<em>La ley del deseo<\/em>\u00a0y <em>Mujeres al borde.\u00a0<\/em><\/p>\n<p>Por su lado, el vestuario es igual de dram\u00e1tico que la historia.\u00a0Desde el estreno de <em>Pretty Woman<\/em>\u00a0donde Julia Roberts es protagonista, un vestido en rojo no hab\u00eda tenido tanta importancia en el mundo del cine y su est\u00e9tica. Para <em>La voz humana<\/em>\u00a0la producci\u00f3n eligi\u00f3, entre otras piezas ic\u00f3nicas, un vestido voluminoso firmado por <strong>Demna Gvasalia\u00a0<\/strong>para Balenciaga,\u00a0clave en su propuesta para oto\u00f1o-invierno 2020.<\/p>\n<p>Con esta prenda emblem\u00e1tica, la\u00a0partitura de Alberto Iglesias sonando en el fondo y Tilda caminando en medio de un estudio, se crea una vibra melanc\u00f3lica y nost\u00e1lgica que crea empat\u00eda con la audiencia y nos deja ansiosos por conocer la historia de este personaje.<\/p>\n<p><iframe loading=\"lazy\" title=\"Clip de presentaci\u00f3n de &quot;La voz humana&quot; de Pedro Almod\u00f3var.\" width=\"500\" height=\"281\" src=\"https:\/\/www.youtube.com\/embed\/G4DOP4fDXto?feature=oembed\" frameborder=\"0\" allow=\"accelerometer; autoplay; encrypted-media; gyroscope; picture-in-picture\" allowfullscreen><\/iframe><\/p>\n<h5><em>*IMAGEN: Still La voz humana<\/em><\/h5>\n","protected":false},"author":11656,"featured_media":88249,"template":"","format":"standard","categories":[4],"acf":[],"yoast_head":"<!-- This site is optimized with the Yoast SEO Premium plugin v18.5 (Yoast SEO v20.4) - https:\/\/yoast.com\/wordpress\/plugins\/seo\/ -->\n<title>El primer adelanto de La voz humana por Pedro Almod\u00f3var muestra a Tilda Swinton en un ic\u00f3nico vestido Balenciaga | Grazia M\u00e9xico y Latinoam\u00e9rica<\/title>\n<meta name=\"description\" content=\"Pedro Almod\u00f3var lanz\u00f3 el primer adelanto de La voz humana con Tilda Swinton como protagonista y tiene al mundo fascinado por su est\u00e9tica perfecta que incluye un emblem\u00e1tico vestido Balenciaga en rojo.\" \/>\n<meta name=\"robots\" content=\"index, follow, max-snippet:-1, max-image-preview:large, max-video-preview:-1\" \/>\n<link rel=\"canonical\" href=\"https:\/\/graziamagazine.com\/mx\/articles\/el-primer-adelanto-de-la-voz-humana-por-pedro-almodovar-muestra-a-tilda-swinton-en-un-iconico-vestido-balenciaga\/\" \/>\n<meta property=\"og:locale\" content=\"es_MX\" \/>\n<meta property=\"og:type\" content=\"article\" \/>\n<meta property=\"og:title\" content=\"El primer adelanto de La voz humana por Pedro Almod\u00f3var muestra a Tilda Swinton en un ic\u00f3nico vestido Balenciaga\" \/>\n<meta property=\"og:description\" content=\"Pedro Almod\u00f3var lanz\u00f3 el primer adelanto de La voz humana con Tilda Swinton como protagonista y tiene al mundo fascinado por su est\u00e9tica perfecta que incluye un emblem\u00e1tico vestido Balenciaga en rojo.\" \/>\n<meta property=\"og:url\" content=\"https:\/\/graziamagazine.com\/mx\/articles\/el-primer-adelanto-de-la-voz-humana-por-pedro-almodovar-muestra-a-tilda-swinton-en-un-iconico-vestido-balenciaga\/\" \/>\n<meta property=\"og:site_name\" content=\"Grazia M\u00e9xico y Latinoam\u00e9rica\" \/>\n<meta property=\"article:modified_time\" content=\"2020-08-28T17:22:53+00:00\" \/>\n<meta property=\"og:image\" content=\"https:\/\/graziamagazine.com\/mx\/wp-content\/uploads\/sites\/13\/2020\/08\/El-primer-adelanto-de-La-voz-humana-por-Pedro-Almodo\u0301var-muestra-a-Tilda-Swinton-en-un-ico\u0301nico-vestido-Balenciaga.jpg?fit=800%2C450\" \/>\n\t<meta property=\"og:image:width\" content=\"800\" \/>\n\t<meta property=\"og:image:height\" content=\"450\" \/>\n\t<meta property=\"og:image:type\" content=\"image\/jpeg\" \/>\n<meta name=\"twitter:card\" content=\"summary_large_image\" \/>\n<meta name=\"twitter:label1\" content=\"Est. reading time\" \/>\n\t<meta name=\"twitter:data1\" content=\"2 minutos\" \/>\n<script type=\"application\/ld+json\" class=\"yoast-schema-graph\">{\"@context\":\"https:\/\/schema.org\",\"@graph\":[{\"@type\":\"WebPage\",\"@id\":\"https:\/\/graziamagazine.com\/mx\/articles\/el-primer-adelanto-de-la-voz-humana-por-pedro-almodovar-muestra-a-tilda-swinton-en-un-iconico-vestido-balenciaga\/\",\"url\":\"https:\/\/graziamagazine.com\/mx\/articles\/el-primer-adelanto-de-la-voz-humana-por-pedro-almodovar-muestra-a-tilda-swinton-en-un-iconico-vestido-balenciaga\/\",\"name\":\"El primer adelanto de La voz humana por Pedro Almod\u00f3var muestra a Tilda Swinton en un ic\u00f3nico vestido Balenciaga | Grazia M\u00e9xico y Latinoam\u00e9rica\",\"isPartOf\":{\"@id\":\"https:\/\/graziamagazine.com\/mx\/#website\"},\"datePublished\":\"2020-08-28T14:41:03+00:00\",\"dateModified\":\"2020-08-28T17:22:53+00:00\",\"description\":\"Pedro Almod\u00f3var lanz\u00f3 el primer adelanto de La voz humana con Tilda Swinton como protagonista y tiene al mundo fascinado por su est\u00e9tica perfecta que incluye un emblem\u00e1tico vestido Balenciaga en rojo.\",\"breadcrumb\":{\"@id\":\"https:\/\/graziamagazine.com\/mx\/articles\/el-primer-adelanto-de-la-voz-humana-por-pedro-almodovar-muestra-a-tilda-swinton-en-un-iconico-vestido-balenciaga\/#breadcrumb\"},\"inLanguage\":\"es-MX\",\"potentialAction\":[{\"@type\":\"ReadAction\",\"target\":[\"https:\/\/graziamagazine.com\/mx\/articles\/el-primer-adelanto-de-la-voz-humana-por-pedro-almodovar-muestra-a-tilda-swinton-en-un-iconico-vestido-balenciaga\/\"]}]},{\"@type\":\"BreadcrumbList\",\"@id\":\"https:\/\/graziamagazine.com\/mx\/articles\/el-primer-adelanto-de-la-voz-humana-por-pedro-almodovar-muestra-a-tilda-swinton-en-un-iconico-vestido-balenciaga\/#breadcrumb\",\"itemListElement\":[{\"@type\":\"ListItem\",\"position\":1,\"name\":\"Home\",\"item\":\"https:\/\/graziamagazine.com\/mx\/\"},{\"@type\":\"ListItem\",\"position\":2,\"name\":\"El primer adelanto de La voz humana por Pedro Almod\u00f3var muestra a Tilda Swinton en un ic\u00f3nico vestido Balenciaga\"}]},{\"@type\":\"WebSite\",\"@id\":\"https:\/\/graziamagazine.com\/mx\/#website\",\"url\":\"https:\/\/graziamagazine.com\/mx\/\",\"name\":\"Grazia M\u00e9xico y Latinoam\u00e9rica\",\"description\":\"Grazia es moda, belleza y noticias  de actualidad \",\"potentialAction\":[{\"@type\":\"SearchAction\",\"target\":{\"@type\":\"EntryPoint\",\"urlTemplate\":\"https:\/\/graziamagazine.com\/mx\/?s={search_term_string}\"},\"query-input\":\"required name=search_term_string\"}],\"inLanguage\":\"es-MX\"}]}<\/script>\n<!-- \/ Yoast SEO Premium plugin. -->","yoast_head_json":{"title":"El primer adelanto de La voz humana por Pedro Almod\u00f3var muestra a Tilda Swinton en un ic\u00f3nico vestido Balenciaga | Grazia M\u00e9xico y Latinoam\u00e9rica","description":"Pedro Almod\u00f3var lanz\u00f3 el primer adelanto de La voz humana con Tilda Swinton como protagonista y tiene al mundo fascinado por su est\u00e9tica perfecta que incluye un emblem\u00e1tico vestido Balenciaga en rojo.","robots":{"index":"index","follow":"follow","max-snippet":"max-snippet:-1","max-image-preview":"max-image-preview:large","max-video-preview":"max-video-preview:-1"},"canonical":"https:\/\/graziamagazine.com\/mx\/articles\/el-primer-adelanto-de-la-voz-humana-por-pedro-almodovar-muestra-a-tilda-swinton-en-un-iconico-vestido-balenciaga\/","og_locale":"es_MX","og_type":"article","og_title":"El primer adelanto de La voz humana por Pedro Almod\u00f3var muestra a Tilda Swinton en un ic\u00f3nico vestido Balenciaga","og_description":"Pedro Almod\u00f3var lanz\u00f3 el primer adelanto de La voz humana con Tilda Swinton como protagonista y tiene al mundo fascinado por su est\u00e9tica perfecta que incluye un emblem\u00e1tico vestido Balenciaga en rojo.","og_url":"https:\/\/graziamagazine.com\/mx\/articles\/el-primer-adelanto-de-la-voz-humana-por-pedro-almodovar-muestra-a-tilda-swinton-en-un-iconico-vestido-balenciaga\/","og_site_name":"Grazia M\u00e9xico y Latinoam\u00e9rica","article_modified_time":"2020-08-28T17:22:53+00:00","og_image":[{"width":800,"height":450,"url":"https:\/\/graziamagazine.com\/mx\/wp-content\/uploads\/sites\/13\/2020\/08\/El-primer-adelanto-de-La-voz-humana-por-Pedro-Almodo\u0301var-muestra-a-Tilda-Swinton-en-un-ico\u0301nico-vestido-Balenciaga.jpg?fit=800%2C450","type":"image\/jpeg"}],"twitter_card":"summary_large_image","twitter_misc":{"Est. reading time":"2 minutos"},"schema":{"@context":"https:\/\/schema.org","@graph":[{"@type":"WebPage","@id":"https:\/\/graziamagazine.com\/mx\/articles\/el-primer-adelanto-de-la-voz-humana-por-pedro-almodovar-muestra-a-tilda-swinton-en-un-iconico-vestido-balenciaga\/","url":"https:\/\/graziamagazine.com\/mx\/articles\/el-primer-adelanto-de-la-voz-humana-por-pedro-almodovar-muestra-a-tilda-swinton-en-un-iconico-vestido-balenciaga\/","name":"El primer adelanto de La voz humana por Pedro Almod\u00f3var muestra a Tilda Swinton en un ic\u00f3nico vestido Balenciaga | Grazia M\u00e9xico y Latinoam\u00e9rica","isPartOf":{"@id":"https:\/\/graziamagazine.com\/mx\/#website"},"datePublished":"2020-08-28T14:41:03+00:00","dateModified":"2020-08-28T17:22:53+00:00","description":"Pedro Almod\u00f3var lanz\u00f3 el primer adelanto de La voz humana con Tilda Swinton como protagonista y tiene al mundo fascinado por su est\u00e9tica perfecta que incluye un emblem\u00e1tico vestido Balenciaga en rojo.","breadcrumb":{"@id":"https:\/\/graziamagazine.com\/mx\/articles\/el-primer-adelanto-de-la-voz-humana-por-pedro-almodovar-muestra-a-tilda-swinton-en-un-iconico-vestido-balenciaga\/#breadcrumb"},"inLanguage":"es-MX","potentialAction":[{"@type":"ReadAction","target":["https:\/\/graziamagazine.com\/mx\/articles\/el-primer-adelanto-de-la-voz-humana-por-pedro-almodovar-muestra-a-tilda-swinton-en-un-iconico-vestido-balenciaga\/"]}]},{"@type":"BreadcrumbList","@id":"https:\/\/graziamagazine.com\/mx\/articles\/el-primer-adelanto-de-la-voz-humana-por-pedro-almodovar-muestra-a-tilda-swinton-en-un-iconico-vestido-balenciaga\/#breadcrumb","itemListElement":[{"@type":"ListItem","position":1,"name":"Home","item":"https:\/\/graziamagazine.com\/mx\/"},{"@type":"ListItem","position":2,"name":"El primer adelanto de La voz humana por Pedro Almod\u00f3var muestra a Tilda Swinton en un ic\u00f3nico vestido Balenciaga"}]},{"@type":"WebSite","@id":"https:\/\/graziamagazine.com\/mx\/#website","url":"https:\/\/graziamagazine.com\/mx\/","name":"Grazia M\u00e9xico y Latinoam\u00e9rica","description":"Grazia es moda, belleza y noticias  de actualidad ","potentialAction":[{"@type":"SearchAction","target":{"@type":"EntryPoint","urlTemplate":"https:\/\/graziamagazine.com\/mx\/?s={search_term_string}"},"query-input":"required name=search_term_string"}],"inLanguage":"es-MX"}]}},"jetpack_sharing_enabled":true,"distributor_meta":false,"distributor_terms":false,"distributor_media":false,"distributor_original_site_name":"Grazia M\u00e9xico y Latinoam\u00e9rica","distributor_original_site_url":"https:\/\/graziamagazine.com\/mx","push-errors":false,"_links":{"self":[{"href":"https:\/\/graziamagazine.com\/mx\/wp-json\/wp\/v2\/articles\/88245"}],"collection":[{"href":"https:\/\/graziamagazine.com\/mx\/wp-json\/wp\/v2\/articles"}],"about":[{"href":"https:\/\/graziamagazine.com\/mx\/wp-json\/wp\/v2\/types\/articles"}],"author":[{"embeddable":true,"href":"https:\/\/graziamagazine.com\/mx\/wp-json\/wp\/v2\/users\/11656"}],"wp:featuredmedia":[{"embeddable":true,"href":"https:\/\/graziamagazine.com\/mx\/wp-json\/wp\/v2\/media\/88249"}],"wp:attachment":[{"href":"https:\/\/graziamagazine.com\/mx\/wp-json\/wp\/v2\/media?parent=88245"}],"wp:term":[{"taxonomy":"category","embeddable":true,"href":"https:\/\/graziamagazine.com\/mx\/wp-json\/wp\/v2\/categories?post=88245"}],"curies":[{"name":"wp","href":"https:\/\/api.w.org\/{rel}","templated":true}]}}