{"id":88142,"date":"2021-02-10T09:33:02","date_gmt":"2021-02-10T14:33:02","guid":{"rendered":"https:\/\/graziamagazine.com\/mx\/?post_type=articles&#038;p=88142"},"modified":"2021-02-10T10:29:40","modified_gmt":"2021-02-10T15:29:40","slug":"las-chicas-superpoderosas-tambien-tendra-una-version-live-action","status":"publish","type":"articles","link":"https:\/\/graziamagazine.com\/mx\/articles\/las-chicas-superpoderosas-tambien-tendra-una-version-live-action\/","title":{"rendered":"La serie live-action de Las chicas superpoderosas ya est\u00e1 desarroll\u00e1ndose"},"content":{"rendered":"<p>Az\u00facar, flores y muchos colores&#8230; Estos fueron los ingredientes elegidos para crear \u00a1el<em> live-action<\/em> de <strong><em>Las chicas superpoderosas<\/em><\/strong>! En agosto de 2020\u00a0<a href=\"https:\/\/people.com\/tv\/live-action-powerpuff-girls-remake-in-development-at-the-cw\/\" target=\"_blank\" rel=\"noopener noreferrer\" target=\"_blank\"><em>People<\/em><\/a>\u00a0confirm\u00f3 su nueva versi\u00f3n ya en desarrollo y que pr\u00f3ximamente podr\u00edamos verla en la pantalla chica.<\/p>\n<p>Sabemos que la historia seguir\u00e1 a <strong>Bomb\u00f3n, Burbuja y Bellota<\/strong> de adultas, lament\u00e1ndose por no haber tenido una infancia normal y no haber disfrutado sus mejores a\u00f1os por luchar contra el crimen en la Ciuidad de Saltadilla.\u00a0&#8220;Las chicas superpoderosas sol\u00edan ser superh\u00e9roes peque\u00f1as en Estados Unidos. Ahora son veintea\u00f1eras desilusionados que se resienten por haber perdido su infancia en la lucha contra el crimen. \u00bfAceptar\u00e1n reunirse ahora que el mundo las necesita m\u00e1s que nunca?&#8221; <a href=\"https:\/\/deadline.com\/2020\/08\/the-powerpuff-girls-live-action-series-diablo-cody-heather-regnier-greg-berlanti-the-cw-1203021883\/\" target=\"_blank\" rel=\"noopener noreferrer\" target=\"_blank\">dice la descripci\u00f3n<\/a>.<\/p>\n<p>La nueva noticia que dio a conocer <em><a href=\"https:\/\/variety.com\/2021\/tv\/news\/powerpuff-girls-live-action-series-cw-4400-reboot-1234904050\/\" target=\"_blank\" rel=\"noopener\" target=\"_blank\">Variety<\/a>,<\/em>\u00a0es que The CW (el famoso canal de televisi\u00f3n estadounidense) dio luz verde al piloto de la serie. Por supuesto, este deber\u00e1 complacer a los directivos de la cadena, as\u00ed que todav\u00eda no podemos garantizar la fecha de su regreso a la pantalla.<\/p>\n<p>Creada por\u00a0Craig McCracken,&#8221;The Powerpuff Girls&#8221;\u00a0estren\u00f3 su primer episodio hace 22 a\u00f1os en Cartoon Network y tuvo seis exitosas temporadas, presentando la \u00faltima \u00a0en 2005. La trama ya te la sabes: Las hero\u00ednas fueron creadas por en error cient\u00edfico, cometido por el profesor Utonio. A trav\u00e9s de los a\u00f1os, las ni\u00f1as se enfrentan a Mojo Jojo y sus terribles monstruos, adem\u00e1s de combatir el crimen tras llamadas del alcalde.<\/p>\n<p>Un <em>reboot<\/em>\u00a0que cuenta la vida de las hermanas cuando no estaban salvando la ciudad fue lanzada en 2016 y termin\u00f3 en 2019. Adem\u00e1s, a\u00f1os antes, justo en 2002, fue lanzada una pel\u00edcula. Y aunque a\u00fan no sabemos la fecha de estreno de esta nueva versi\u00f3n, promete tener una nueva perspectiva y estar llena de sorpresas.<\/p>\n<h5><em>*IMAGEN: Still The Powerpuff Girls<\/em><\/h5>\n<p>&nbsp;<\/p>\n","protected":false},"author":11656,"featured_media":88143,"template":"","format":"standard","categories":[114],"acf":[],"yoast_head":"<!-- This site is optimized with the Yoast SEO Premium plugin v18.5 (Yoast SEO v20.4) - https:\/\/yoast.com\/wordpress\/plugins\/seo\/ -->\n<title>La serie live-action de Las chicas superpoderosas ya est\u00e1 desarroll\u00e1ndose | Grazia M\u00e9xico y Latinoam\u00e9rica<\/title>\n<meta name=\"description\" content=\"Bomb\u00f3n, Burbuja y Bellota regresar\u00e1n a la pantalla chica en una nueva versi\u00f3n de la serie animada favorita de los noventa.\" \/>\n<meta name=\"robots\" content=\"index, follow, max-snippet:-1, max-image-preview:large, max-video-preview:-1\" \/>\n<link rel=\"canonical\" href=\"https:\/\/graziamagazine.com\/mx\/articles\/las-chicas-superpoderosas-tambien-tendra-una-version-live-action\/\" \/>\n<meta property=\"og:locale\" content=\"es_MX\" \/>\n<meta property=\"og:type\" content=\"article\" \/>\n<meta property=\"og:title\" content=\"La serie live-action de Las chicas superpoderosas ya est\u00e1 desarroll\u00e1ndose\" \/>\n<meta property=\"og:description\" content=\"Bomb\u00f3n, Burbuja y Bellota regresar\u00e1n a la pantalla chica en una nueva versi\u00f3n de la serie animada favorita de los noventa.\" \/>\n<meta property=\"og:url\" content=\"https:\/\/graziamagazine.com\/mx\/articles\/las-chicas-superpoderosas-tambien-tendra-una-version-live-action\/\" \/>\n<meta property=\"og:site_name\" content=\"Grazia M\u00e9xico y Latinoam\u00e9rica\" \/>\n<meta property=\"article:modified_time\" content=\"2021-02-10T15:29:40+00:00\" \/>\n<meta property=\"og:image\" content=\"https:\/\/graziamagazine.com\/mx\/wp-content\/uploads\/sites\/13\/2020\/08\/Las-chicas-superpoderosas-tambie\u0301n-tendra\u0301-una-versio\u0301n-live-action-y-ya-esta\u0301-desarrolla\u0301ndose.jpg?fit=681%2C383\" \/>\n\t<meta property=\"og:image:width\" content=\"681\" \/>\n\t<meta property=\"og:image:height\" content=\"383\" \/>\n\t<meta property=\"og:image:type\" content=\"image\/jpeg\" \/>\n<meta name=\"twitter:card\" content=\"summary_large_image\" \/>\n<meta name=\"twitter:label1\" content=\"Est. reading time\" \/>\n\t<meta name=\"twitter:data1\" content=\"2 minutos\" \/>\n<script type=\"application\/ld+json\" class=\"yoast-schema-graph\">{\"@context\":\"https:\/\/schema.org\",\"@graph\":[{\"@type\":\"WebPage\",\"@id\":\"https:\/\/graziamagazine.com\/mx\/articles\/las-chicas-superpoderosas-tambien-tendra-una-version-live-action\/\",\"url\":\"https:\/\/graziamagazine.com\/mx\/articles\/las-chicas-superpoderosas-tambien-tendra-una-version-live-action\/\",\"name\":\"La serie live-action de Las chicas superpoderosas ya est\u00e1 desarroll\u00e1ndose | Grazia M\u00e9xico y Latinoam\u00e9rica\",\"isPartOf\":{\"@id\":\"https:\/\/graziamagazine.com\/mx\/#website\"},\"datePublished\":\"2021-02-10T14:33:02+00:00\",\"dateModified\":\"2021-02-10T15:29:40+00:00\",\"description\":\"Bomb\u00f3n, Burbuja y Bellota regresar\u00e1n a la pantalla chica en una nueva versi\u00f3n de la serie animada favorita de los noventa.\",\"breadcrumb\":{\"@id\":\"https:\/\/graziamagazine.com\/mx\/articles\/las-chicas-superpoderosas-tambien-tendra-una-version-live-action\/#breadcrumb\"},\"inLanguage\":\"es-MX\",\"potentialAction\":[{\"@type\":\"ReadAction\",\"target\":[\"https:\/\/graziamagazine.com\/mx\/articles\/las-chicas-superpoderosas-tambien-tendra-una-version-live-action\/\"]}]},{\"@type\":\"BreadcrumbList\",\"@id\":\"https:\/\/graziamagazine.com\/mx\/articles\/las-chicas-superpoderosas-tambien-tendra-una-version-live-action\/#breadcrumb\",\"itemListElement\":[{\"@type\":\"ListItem\",\"position\":1,\"name\":\"Home\",\"item\":\"https:\/\/graziamagazine.com\/mx\/\"},{\"@type\":\"ListItem\",\"position\":2,\"name\":\"La serie live-action de Las chicas superpoderosas ya est\u00e1 desarroll\u00e1ndose\"}]},{\"@type\":\"WebSite\",\"@id\":\"https:\/\/graziamagazine.com\/mx\/#website\",\"url\":\"https:\/\/graziamagazine.com\/mx\/\",\"name\":\"Grazia M\u00e9xico y Latinoam\u00e9rica\",\"description\":\"Grazia es moda, belleza y noticias  de actualidad \",\"potentialAction\":[{\"@type\":\"SearchAction\",\"target\":{\"@type\":\"EntryPoint\",\"urlTemplate\":\"https:\/\/graziamagazine.com\/mx\/?s={search_term_string}\"},\"query-input\":\"required name=search_term_string\"}],\"inLanguage\":\"es-MX\"}]}<\/script>\n<!-- \/ Yoast SEO Premium plugin. -->","yoast_head_json":{"title":"La serie live-action de Las chicas superpoderosas ya est\u00e1 desarroll\u00e1ndose | Grazia M\u00e9xico y Latinoam\u00e9rica","description":"Bomb\u00f3n, Burbuja y Bellota regresar\u00e1n a la pantalla chica en una nueva versi\u00f3n de la serie animada favorita de los noventa.","robots":{"index":"index","follow":"follow","max-snippet":"max-snippet:-1","max-image-preview":"max-image-preview:large","max-video-preview":"max-video-preview:-1"},"canonical":"https:\/\/graziamagazine.com\/mx\/articles\/las-chicas-superpoderosas-tambien-tendra-una-version-live-action\/","og_locale":"es_MX","og_type":"article","og_title":"La serie live-action de Las chicas superpoderosas ya est\u00e1 desarroll\u00e1ndose","og_description":"Bomb\u00f3n, Burbuja y Bellota regresar\u00e1n a la pantalla chica en una nueva versi\u00f3n de la serie animada favorita de los noventa.","og_url":"https:\/\/graziamagazine.com\/mx\/articles\/las-chicas-superpoderosas-tambien-tendra-una-version-live-action\/","og_site_name":"Grazia M\u00e9xico y Latinoam\u00e9rica","article_modified_time":"2021-02-10T15:29:40+00:00","og_image":[{"width":681,"height":383,"url":"https:\/\/graziamagazine.com\/mx\/wp-content\/uploads\/sites\/13\/2020\/08\/Las-chicas-superpoderosas-tambie\u0301n-tendra\u0301-una-versio\u0301n-live-action-y-ya-esta\u0301-desarrolla\u0301ndose.jpg?fit=681%2C383","type":"image\/jpeg"}],"twitter_card":"summary_large_image","twitter_misc":{"Est. reading time":"2 minutos"},"schema":{"@context":"https:\/\/schema.org","@graph":[{"@type":"WebPage","@id":"https:\/\/graziamagazine.com\/mx\/articles\/las-chicas-superpoderosas-tambien-tendra-una-version-live-action\/","url":"https:\/\/graziamagazine.com\/mx\/articles\/las-chicas-superpoderosas-tambien-tendra-una-version-live-action\/","name":"La serie live-action de Las chicas superpoderosas ya est\u00e1 desarroll\u00e1ndose | Grazia M\u00e9xico y Latinoam\u00e9rica","isPartOf":{"@id":"https:\/\/graziamagazine.com\/mx\/#website"},"datePublished":"2021-02-10T14:33:02+00:00","dateModified":"2021-02-10T15:29:40+00:00","description":"Bomb\u00f3n, Burbuja y Bellota regresar\u00e1n a la pantalla chica en una nueva versi\u00f3n de la serie animada favorita de los noventa.","breadcrumb":{"@id":"https:\/\/graziamagazine.com\/mx\/articles\/las-chicas-superpoderosas-tambien-tendra-una-version-live-action\/#breadcrumb"},"inLanguage":"es-MX","potentialAction":[{"@type":"ReadAction","target":["https:\/\/graziamagazine.com\/mx\/articles\/las-chicas-superpoderosas-tambien-tendra-una-version-live-action\/"]}]},{"@type":"BreadcrumbList","@id":"https:\/\/graziamagazine.com\/mx\/articles\/las-chicas-superpoderosas-tambien-tendra-una-version-live-action\/#breadcrumb","itemListElement":[{"@type":"ListItem","position":1,"name":"Home","item":"https:\/\/graziamagazine.com\/mx\/"},{"@type":"ListItem","position":2,"name":"La serie live-action de Las chicas superpoderosas ya est\u00e1 desarroll\u00e1ndose"}]},{"@type":"WebSite","@id":"https:\/\/graziamagazine.com\/mx\/#website","url":"https:\/\/graziamagazine.com\/mx\/","name":"Grazia M\u00e9xico y Latinoam\u00e9rica","description":"Grazia es moda, belleza y noticias  de actualidad ","potentialAction":[{"@type":"SearchAction","target":{"@type":"EntryPoint","urlTemplate":"https:\/\/graziamagazine.com\/mx\/?s={search_term_string}"},"query-input":"required name=search_term_string"}],"inLanguage":"es-MX"}]}},"jetpack_sharing_enabled":true,"distributor_meta":false,"distributor_terms":false,"distributor_media":false,"distributor_original_site_name":"Grazia M\u00e9xico y Latinoam\u00e9rica","distributor_original_site_url":"https:\/\/graziamagazine.com\/mx","push-errors":false,"_links":{"self":[{"href":"https:\/\/graziamagazine.com\/mx\/wp-json\/wp\/v2\/articles\/88142"}],"collection":[{"href":"https:\/\/graziamagazine.com\/mx\/wp-json\/wp\/v2\/articles"}],"about":[{"href":"https:\/\/graziamagazine.com\/mx\/wp-json\/wp\/v2\/types\/articles"}],"author":[{"embeddable":true,"href":"https:\/\/graziamagazine.com\/mx\/wp-json\/wp\/v2\/users\/11656"}],"wp:featuredmedia":[{"embeddable":true,"href":"https:\/\/graziamagazine.com\/mx\/wp-json\/wp\/v2\/media\/88143"}],"wp:attachment":[{"href":"https:\/\/graziamagazine.com\/mx\/wp-json\/wp\/v2\/media?parent=88142"}],"wp:term":[{"taxonomy":"category","embeddable":true,"href":"https:\/\/graziamagazine.com\/mx\/wp-json\/wp\/v2\/categories?post=88142"}],"curies":[{"name":"wp","href":"https:\/\/api.w.org\/{rel}","templated":true}]}}