{"id":88046,"date":"2020-08-21T09:46:26","date_gmt":"2020-08-21T14:46:26","guid":{"rendered":"https:\/\/graziamagazine.com\/mx\/?post_type=articles&#038;p=88046"},"modified":"2020-08-21T12:33:34","modified_gmt":"2020-08-21T17:33:34","slug":"el-filme-sobre-la-familia-gucci-podria-contar-con-la-actuacion-de-jared-leto-robert-deniro-y-adam-driver","status":"publish","type":"articles","link":"https:\/\/graziamagazine.com\/mx\/articles\/el-filme-sobre-la-familia-gucci-podria-contar-con-la-actuacion-de-jared-leto-robert-deniro-y-adam-driver\/","title":{"rendered":"El filme sobre la familia Gucci podr\u00eda contar con la actuaci\u00f3n de Jared Leto, Robert DeNiro y Adam Driver"},"content":{"rendered":"<p>Hace un par de meses, la noticia sobre <a href=\"https:\/\/graziamagazine.com\/mx\/articles\/lady-gaga-regresa-al-cine-con-un-filme-sobre-el-asesinato-de-gucci\/\" target=\"_blank\" rel=\"noopener noreferrer\">un nuevo filme inspirado en la historia de la familia <strong>Gucci<\/strong><\/a> se apoder\u00f3 de los titulares \u2014sobre todo porque <strong>Lady Gaga<\/strong> se unir\u00eda al elenco. Hoy,\u00a0<a href=\"https:\/\/deadline.com\/2020\/08\/mgm-ridley-scott-lady-gaga-gucci-film-robert-de-niro-jared-leto-al-pacino-adam-driver-reeve-carney-1202997254\/\" target=\"_blank\" rel=\"noopener noreferrer\" target=\"_blank\"><em>Deadline<\/em><\/a> ha revivido nuestra emoci\u00f3n al reporta que es [muy] probable se unan grandes estrellas de Hollywood al proyecto liderado por <strong>Ridley Scott<\/strong>. Se trata de <strong>Jared Leto<\/strong> \u2014quien cabe destacar es un gran fan\u00e1tico del trabajo de Alessandro Michele, Director Creativo de Gucci\u2014, <strong>Robert DeNiro<\/strong>, <strong>Al Pacino<\/strong>, <strong>Jack Huston<\/strong>, <strong>Reeve Carney<\/strong>\u00a0y <strong>Adam Driver<\/strong>. Seg\u00fan el sitio de noticias, los seis actores est\u00e1n en pl\u00e1ticas para estelarizar la pel\u00edcula, que de acuerdo a fuentes, estar\u00e1 basada en el aclamado libro de la periodista <strong>Sara Gay Forden<\/strong>,\u00a0<em>T<strong>he House of Gucci: A Sensational Story of Murder, Madness, Glamour, and Greed<\/strong><\/em>.<\/p>\n<p>Lady Gaga har\u00eda el papel de Patrizia Reggiani, exesposa de Maurizio Gucci, uno de los herederos del imperio Gucci y quien fue asesinado a la entrada de su oficina en Via Palestro, Mil\u00e1n. Reggiani pas\u00f3 16 a\u00f1os en la c\u00e1rcel, pues fue acusada de estar involucrada en el crimen.<\/p>\n<p>De confirmarse las actuaciones de Leto, DeNiro, Al Pacino, Huston, Reeve y Driver, el filme tambi\u00e9n producido\u00a0por la pareja de Scott, Giannina Scott, prometer\u00e1 ser un gran \u00e9xito tanto en taquilla como en temporada de premios. Y es que solamente imaginarse a estos talentos dentro de la fascinante trama, anticipa muchas cosas: drama, suspenso y un humor muy particular. Por ahora, queda esperar, pues Ridley Scott a\u00fan se encuentra grabando\u00a0<em>The Last Duel<\/em>. \u00bfQuiz\u00e1s para 2021?<\/p>\n","protected":false},"author":11636,"featured_media":88074,"template":"","format":"standard","categories":[114],"acf":[],"yoast_head":"<!-- This site is optimized with the Yoast SEO Premium plugin v18.5 (Yoast SEO v20.4) - https:\/\/yoast.com\/wordpress\/plugins\/seo\/ -->\n<title>Jared Leto, Robert DeNiro y Adam Driver est\u00e1n en pl\u00e1ticas para unirse a la pel\u00edcula sobre la familia Gucci | Grazia M\u00e9xico y Latinoam\u00e9rica<\/title>\n<meta name=\"description\" content=\"La pel\u00edcula basada en el libro de la periodista Sara Gay Forden sobre el imperio Gucci, podr\u00eda tener un elenco ultra estelar con la participaci\u00f3n de Jared Leto, Robert DeNiro, Adam Driver y Al Pacino.\" \/>\n<meta name=\"robots\" content=\"index, follow, max-snippet:-1, max-image-preview:large, max-video-preview:-1\" \/>\n<link rel=\"canonical\" href=\"https:\/\/graziamagazine.com\/mx\/articles\/el-filme-sobre-la-familia-gucci-podria-contar-con-la-actuacion-de-jared-leto-robert-deniro-y-adam-driver\/\" \/>\n<meta property=\"og:locale\" content=\"es_MX\" \/>\n<meta property=\"og:type\" content=\"article\" \/>\n<meta property=\"og:title\" content=\"El filme sobre la familia Gucci podr\u00eda contar con la actuaci\u00f3n de Jared Leto, Robert DeNiro y Adam Driver\" \/>\n<meta property=\"og:description\" content=\"La pel\u00edcula basada en el libro de la periodista Sara Gay Forden sobre el imperio Gucci, podr\u00eda tener un elenco ultra estelar con la participaci\u00f3n de Jared Leto, Robert DeNiro, Adam Driver y Al Pacino.\" \/>\n<meta property=\"og:url\" content=\"https:\/\/graziamagazine.com\/mx\/articles\/el-filme-sobre-la-familia-gucci-podria-contar-con-la-actuacion-de-jared-leto-robert-deniro-y-adam-driver\/\" \/>\n<meta property=\"og:site_name\" content=\"Grazia M\u00e9xico y Latinoam\u00e9rica\" \/>\n<meta property=\"article:modified_time\" content=\"2020-08-21T17:33:34+00:00\" \/>\n<meta property=\"og:image\" content=\"https:\/\/graziamagazine.com\/mx\/wp-content\/uploads\/sites\/13\/2020\/08\/el-filme-sobre-la-familia-gucci-podria-contar-con-la-actuacion-de-jared-leto-robert-deniro-y-adam-driver-destacada.jpg?fit=1646%2C1023\" \/>\n\t<meta property=\"og:image:width\" content=\"1646\" \/>\n\t<meta property=\"og:image:height\" content=\"1023\" \/>\n\t<meta property=\"og:image:type\" content=\"image\/jpeg\" \/>\n<meta name=\"twitter:card\" content=\"summary_large_image\" \/>\n<meta name=\"twitter:label1\" content=\"Est. reading time\" \/>\n\t<meta name=\"twitter:data1\" content=\"1 minuto\" \/>\n<script type=\"application\/ld+json\" class=\"yoast-schema-graph\">{\"@context\":\"https:\/\/schema.org\",\"@graph\":[{\"@type\":\"WebPage\",\"@id\":\"https:\/\/graziamagazine.com\/mx\/articles\/el-filme-sobre-la-familia-gucci-podria-contar-con-la-actuacion-de-jared-leto-robert-deniro-y-adam-driver\/\",\"url\":\"https:\/\/graziamagazine.com\/mx\/articles\/el-filme-sobre-la-familia-gucci-podria-contar-con-la-actuacion-de-jared-leto-robert-deniro-y-adam-driver\/\",\"name\":\"Jared Leto, Robert DeNiro y Adam Driver est\u00e1n en pl\u00e1ticas para unirse a la pel\u00edcula sobre la familia Gucci | Grazia M\u00e9xico y Latinoam\u00e9rica\",\"isPartOf\":{\"@id\":\"https:\/\/graziamagazine.com\/mx\/#website\"},\"datePublished\":\"2020-08-21T14:46:26+00:00\",\"dateModified\":\"2020-08-21T17:33:34+00:00\",\"description\":\"La pel\u00edcula basada en el libro de la periodista Sara Gay Forden sobre el imperio Gucci, podr\u00eda tener un elenco ultra estelar con la participaci\u00f3n de Jared Leto, Robert DeNiro, Adam Driver y Al Pacino.\",\"breadcrumb\":{\"@id\":\"https:\/\/graziamagazine.com\/mx\/articles\/el-filme-sobre-la-familia-gucci-podria-contar-con-la-actuacion-de-jared-leto-robert-deniro-y-adam-driver\/#breadcrumb\"},\"inLanguage\":\"es-MX\",\"potentialAction\":[{\"@type\":\"ReadAction\",\"target\":[\"https:\/\/graziamagazine.com\/mx\/articles\/el-filme-sobre-la-familia-gucci-podria-contar-con-la-actuacion-de-jared-leto-robert-deniro-y-adam-driver\/\"]}]},{\"@type\":\"BreadcrumbList\",\"@id\":\"https:\/\/graziamagazine.com\/mx\/articles\/el-filme-sobre-la-familia-gucci-podria-contar-con-la-actuacion-de-jared-leto-robert-deniro-y-adam-driver\/#breadcrumb\",\"itemListElement\":[{\"@type\":\"ListItem\",\"position\":1,\"name\":\"Home\",\"item\":\"https:\/\/graziamagazine.com\/mx\/\"},{\"@type\":\"ListItem\",\"position\":2,\"name\":\"El filme sobre la familia Gucci podr\u00eda contar con la actuaci\u00f3n de Jared Leto, Robert DeNiro y Adam Driver\"}]},{\"@type\":\"WebSite\",\"@id\":\"https:\/\/graziamagazine.com\/mx\/#website\",\"url\":\"https:\/\/graziamagazine.com\/mx\/\",\"name\":\"Grazia M\u00e9xico y Latinoam\u00e9rica\",\"description\":\"Grazia es moda, belleza y noticias  de actualidad \",\"potentialAction\":[{\"@type\":\"SearchAction\",\"target\":{\"@type\":\"EntryPoint\",\"urlTemplate\":\"https:\/\/graziamagazine.com\/mx\/?s={search_term_string}\"},\"query-input\":\"required name=search_term_string\"}],\"inLanguage\":\"es-MX\"}]}<\/script>\n<!-- \/ Yoast SEO Premium plugin. -->","yoast_head_json":{"title":"Jared Leto, Robert DeNiro y Adam Driver est\u00e1n en pl\u00e1ticas para unirse a la pel\u00edcula sobre la familia Gucci | Grazia M\u00e9xico y Latinoam\u00e9rica","description":"La pel\u00edcula basada en el libro de la periodista Sara Gay Forden sobre el imperio Gucci, podr\u00eda tener un elenco ultra estelar con la participaci\u00f3n de Jared Leto, Robert DeNiro, Adam Driver y Al Pacino.","robots":{"index":"index","follow":"follow","max-snippet":"max-snippet:-1","max-image-preview":"max-image-preview:large","max-video-preview":"max-video-preview:-1"},"canonical":"https:\/\/graziamagazine.com\/mx\/articles\/el-filme-sobre-la-familia-gucci-podria-contar-con-la-actuacion-de-jared-leto-robert-deniro-y-adam-driver\/","og_locale":"es_MX","og_type":"article","og_title":"El filme sobre la familia Gucci podr\u00eda contar con la actuaci\u00f3n de Jared Leto, Robert DeNiro y Adam Driver","og_description":"La pel\u00edcula basada en el libro de la periodista Sara Gay Forden sobre el imperio Gucci, podr\u00eda tener un elenco ultra estelar con la participaci\u00f3n de Jared Leto, Robert DeNiro, Adam Driver y Al Pacino.","og_url":"https:\/\/graziamagazine.com\/mx\/articles\/el-filme-sobre-la-familia-gucci-podria-contar-con-la-actuacion-de-jared-leto-robert-deniro-y-adam-driver\/","og_site_name":"Grazia M\u00e9xico y Latinoam\u00e9rica","article_modified_time":"2020-08-21T17:33:34+00:00","og_image":[{"width":1646,"height":1023,"url":"https:\/\/graziamagazine.com\/mx\/wp-content\/uploads\/sites\/13\/2020\/08\/el-filme-sobre-la-familia-gucci-podria-contar-con-la-actuacion-de-jared-leto-robert-deniro-y-adam-driver-destacada.jpg?fit=1646%2C1023","type":"image\/jpeg"}],"twitter_card":"summary_large_image","twitter_misc":{"Est. reading time":"1 minuto"},"schema":{"@context":"https:\/\/schema.org","@graph":[{"@type":"WebPage","@id":"https:\/\/graziamagazine.com\/mx\/articles\/el-filme-sobre-la-familia-gucci-podria-contar-con-la-actuacion-de-jared-leto-robert-deniro-y-adam-driver\/","url":"https:\/\/graziamagazine.com\/mx\/articles\/el-filme-sobre-la-familia-gucci-podria-contar-con-la-actuacion-de-jared-leto-robert-deniro-y-adam-driver\/","name":"Jared Leto, Robert DeNiro y Adam Driver est\u00e1n en pl\u00e1ticas para unirse a la pel\u00edcula sobre la familia Gucci | Grazia M\u00e9xico y Latinoam\u00e9rica","isPartOf":{"@id":"https:\/\/graziamagazine.com\/mx\/#website"},"datePublished":"2020-08-21T14:46:26+00:00","dateModified":"2020-08-21T17:33:34+00:00","description":"La pel\u00edcula basada en el libro de la periodista Sara Gay Forden sobre el imperio Gucci, podr\u00eda tener un elenco ultra estelar con la participaci\u00f3n de Jared Leto, Robert DeNiro, Adam Driver y Al Pacino.","breadcrumb":{"@id":"https:\/\/graziamagazine.com\/mx\/articles\/el-filme-sobre-la-familia-gucci-podria-contar-con-la-actuacion-de-jared-leto-robert-deniro-y-adam-driver\/#breadcrumb"},"inLanguage":"es-MX","potentialAction":[{"@type":"ReadAction","target":["https:\/\/graziamagazine.com\/mx\/articles\/el-filme-sobre-la-familia-gucci-podria-contar-con-la-actuacion-de-jared-leto-robert-deniro-y-adam-driver\/"]}]},{"@type":"BreadcrumbList","@id":"https:\/\/graziamagazine.com\/mx\/articles\/el-filme-sobre-la-familia-gucci-podria-contar-con-la-actuacion-de-jared-leto-robert-deniro-y-adam-driver\/#breadcrumb","itemListElement":[{"@type":"ListItem","position":1,"name":"Home","item":"https:\/\/graziamagazine.com\/mx\/"},{"@type":"ListItem","position":2,"name":"El filme sobre la familia Gucci podr\u00eda contar con la actuaci\u00f3n de Jared Leto, Robert DeNiro y Adam Driver"}]},{"@type":"WebSite","@id":"https:\/\/graziamagazine.com\/mx\/#website","url":"https:\/\/graziamagazine.com\/mx\/","name":"Grazia M\u00e9xico y Latinoam\u00e9rica","description":"Grazia es moda, belleza y noticias  de actualidad ","potentialAction":[{"@type":"SearchAction","target":{"@type":"EntryPoint","urlTemplate":"https:\/\/graziamagazine.com\/mx\/?s={search_term_string}"},"query-input":"required name=search_term_string"}],"inLanguage":"es-MX"}]}},"jetpack_sharing_enabled":true,"distributor_meta":false,"distributor_terms":false,"distributor_media":false,"distributor_original_site_name":"Grazia M\u00e9xico y Latinoam\u00e9rica","distributor_original_site_url":"https:\/\/graziamagazine.com\/mx","push-errors":false,"_links":{"self":[{"href":"https:\/\/graziamagazine.com\/mx\/wp-json\/wp\/v2\/articles\/88046"}],"collection":[{"href":"https:\/\/graziamagazine.com\/mx\/wp-json\/wp\/v2\/articles"}],"about":[{"href":"https:\/\/graziamagazine.com\/mx\/wp-json\/wp\/v2\/types\/articles"}],"author":[{"embeddable":true,"href":"https:\/\/graziamagazine.com\/mx\/wp-json\/wp\/v2\/users\/11636"}],"wp:featuredmedia":[{"embeddable":true,"href":"https:\/\/graziamagazine.com\/mx\/wp-json\/wp\/v2\/media\/88074"}],"wp:attachment":[{"href":"https:\/\/graziamagazine.com\/mx\/wp-json\/wp\/v2\/media?parent=88046"}],"wp:term":[{"taxonomy":"category","embeddable":true,"href":"https:\/\/graziamagazine.com\/mx\/wp-json\/wp\/v2\/categories?post=88046"}],"curies":[{"name":"wp","href":"https:\/\/api.w.org\/{rel}","templated":true}]}}