{"id":87859,"date":"2020-08-17T10:36:32","date_gmt":"2020-08-17T15:36:32","guid":{"rendered":"https:\/\/graziamagazine.com\/mx\/?post_type=articles&#038;p=87859"},"modified":"2020-08-17T14:06:46","modified_gmt":"2020-08-17T19:06:46","slug":"esto-es-todo-lo-que-sabemos-sobre-el-reboot-de-clueless","status":"publish","type":"articles","link":"https:\/\/graziamagazine.com\/mx\/articles\/esto-es-todo-lo-que-sabemos-sobre-el-reboot-de-clueless\/","title":{"rendered":"Esto es todo lo que sabemos sobre el reboot de Clueless"},"content":{"rendered":"<p>Seguro ya sab\u00edas que\u00a0<strong><em>Clueless<\/em><\/strong>, el ic\u00f3nico filme noventero que impuso grandes tendencias de moda, tendr\u00e1 un\u00a0<em>reboot<\/em>. Pero la nueva entrega no ser\u00e1 en formato de pel\u00edcula, sino de serie, y tratar\u00e1 sobre la vida de <strong>Dionne<\/strong> luego de que <strong>Cher Horowitz<\/strong> &#8220;desaparece misteriosamente&#8221;. Por el momento, el proyecto no cuenta con nombre, sin embargo,\u00a0<a href=\"https:\/\/variety.com\/2020\/tv\/news\/clueless-series-reboot-dionne-peacock-1234735399\/\" target=\"_blank\" rel=\"noopener noreferrer\" target=\"_blank\"><em>Variety<\/em><\/a> confirm\u00f3 que acaba de ser elegido por el servicio de\u00a0<em>streaming<\/em> Peacock para su producci\u00f3n.<\/p>\n<p>La noticia sobre el\u00a0<em>reboot<\/em>\u00a0del filme de culto protagonizado por <strong>Alicia Silverstone<\/strong>,\u00a0<strong>Stacey Dash<\/strong> y\u00a0<strong>Brittany Murphy<\/strong>,\u00a0<a href=\"https:\/\/grazia.mx\/clueless-tendra-reboot-con-un-giro-inesperado\/\" target=\"_blank\" rel=\"noopener noreferrer\" target=\"_blank\">nos emocion\u00f3 \u2014pero tambi\u00e9n decepcion\u00f3 a muchos\u2014 hace casi un a\u00f1o<\/a>. Y aunque a\u00fan no hay noticias sobre la trama, sabemos que Dionne ser\u00e1 la encargada de investigar la desaparici\u00f3n de su\u00a0<em>BFF<\/em>\u00a0\u2014\u00bfalgo as\u00ed como\u00a0<em>Pretty Little Liars<\/em>?<\/p>\n<p>Si bien, la serie est\u00e1 en las primeras etapas de cosecha y por el momento no est\u00e1 confirmado qui\u00e9n protagonizar\u00e1 la historia; pero el gui\u00f3n de la comedia ya est\u00e1 a cargo de Jordan Reddout y Gus Hickey, los mismos detr\u00e1s de <em>Will &amp; Grace<\/em>.\u00a0Ser\u00e1 producida por CBS Television Studios, y Robert Lawrence \u2014quien produjo el filme de 1995\u2014,\u00a0Corrinne Brinkerhoff, Scott Rudin,\u00a0Eli Bush y Tiffany Grant ser\u00e1n productores ejecutivos.<\/p>\n<p>Por ahora no queda m\u00e1s que esperar detalles y a la suertuda que se quedar\u00e1 con el papel principal. \u00bfSe tratar\u00e1 de un talento emergente? Y por supuesto, ya queremos conocer qui\u00e9n estar\u00e1 detr\u00e1s del vestuario, detalle muy importante para todos los\u00a0<em>millennials<\/em>.<\/p>\n<h5><\/h5>\n<h5><em>*IMAGEN: Still Clueless\u00a0<\/em><\/h5>\n","protected":false},"author":11636,"featured_media":87860,"template":"","format":"standard","categories":[114],"acf":[],"yoast_head":"<!-- This site is optimized with the Yoast SEO Premium plugin v18.5 (Yoast SEO v20.4) - https:\/\/yoast.com\/wordpress\/plugins\/seo\/ -->\n<title>Esto es todo lo que sabemos sobre el reboot de Clueless | Grazia M\u00e9xico y Latinoam\u00e9rica<\/title>\n<meta name=\"description\" content=\"El regreso de Clueless en el siglo XXI se centrar\u00e1 en Dionne, la mejor amiga de Cher Horowitz, y ser\u00e1 una serie de televisi\u00f3n. \u00bfEmocionadas?\" \/>\n<meta name=\"robots\" content=\"index, follow, max-snippet:-1, max-image-preview:large, max-video-preview:-1\" \/>\n<link rel=\"canonical\" href=\"https:\/\/graziamagazine.com\/mx\/articles\/esto-es-todo-lo-que-sabemos-sobre-el-reboot-de-clueless\/\" \/>\n<meta property=\"og:locale\" content=\"es_MX\" \/>\n<meta property=\"og:type\" content=\"article\" \/>\n<meta property=\"og:title\" content=\"Esto es todo lo que sabemos sobre el reboot de Clueless\" \/>\n<meta property=\"og:description\" content=\"El regreso de Clueless en el siglo XXI se centrar\u00e1 en Dionne, la mejor amiga de Cher Horowitz, y ser\u00e1 una serie de televisi\u00f3n. \u00bfEmocionadas?\" \/>\n<meta property=\"og:url\" content=\"https:\/\/graziamagazine.com\/mx\/articles\/esto-es-todo-lo-que-sabemos-sobre-el-reboot-de-clueless\/\" \/>\n<meta property=\"og:site_name\" content=\"Grazia M\u00e9xico y Latinoam\u00e9rica\" \/>\n<meta property=\"article:modified_time\" content=\"2020-08-17T19:06:46+00:00\" \/>\n<meta property=\"og:image\" content=\"https:\/\/graziamagazine.com\/mx\/wp-content\/uploads\/sites\/13\/2020\/08\/esto-es-todo-lo-que-sabemos-sobre-el-reboot-de-clueless-destacada.jpg?fit=1183%2C695\" \/>\n\t<meta property=\"og:image:width\" content=\"1183\" \/>\n\t<meta property=\"og:image:height\" content=\"695\" \/>\n\t<meta property=\"og:image:type\" content=\"image\/jpeg\" \/>\n<meta name=\"twitter:card\" content=\"summary_large_image\" \/>\n<meta name=\"twitter:label1\" content=\"Est. reading time\" \/>\n\t<meta name=\"twitter:data1\" content=\"1 minuto\" \/>\n<script type=\"application\/ld+json\" class=\"yoast-schema-graph\">{\"@context\":\"https:\/\/schema.org\",\"@graph\":[{\"@type\":\"WebPage\",\"@id\":\"https:\/\/graziamagazine.com\/mx\/articles\/esto-es-todo-lo-que-sabemos-sobre-el-reboot-de-clueless\/\",\"url\":\"https:\/\/graziamagazine.com\/mx\/articles\/esto-es-todo-lo-que-sabemos-sobre-el-reboot-de-clueless\/\",\"name\":\"Esto es todo lo que sabemos sobre el reboot de Clueless | Grazia M\u00e9xico y Latinoam\u00e9rica\",\"isPartOf\":{\"@id\":\"https:\/\/graziamagazine.com\/mx\/#website\"},\"datePublished\":\"2020-08-17T15:36:32+00:00\",\"dateModified\":\"2020-08-17T19:06:46+00:00\",\"description\":\"El regreso de Clueless en el siglo XXI se centrar\u00e1 en Dionne, la mejor amiga de Cher Horowitz, y ser\u00e1 una serie de televisi\u00f3n. \u00bfEmocionadas?\",\"breadcrumb\":{\"@id\":\"https:\/\/graziamagazine.com\/mx\/articles\/esto-es-todo-lo-que-sabemos-sobre-el-reboot-de-clueless\/#breadcrumb\"},\"inLanguage\":\"es-MX\",\"potentialAction\":[{\"@type\":\"ReadAction\",\"target\":[\"https:\/\/graziamagazine.com\/mx\/articles\/esto-es-todo-lo-que-sabemos-sobre-el-reboot-de-clueless\/\"]}]},{\"@type\":\"BreadcrumbList\",\"@id\":\"https:\/\/graziamagazine.com\/mx\/articles\/esto-es-todo-lo-que-sabemos-sobre-el-reboot-de-clueless\/#breadcrumb\",\"itemListElement\":[{\"@type\":\"ListItem\",\"position\":1,\"name\":\"Home\",\"item\":\"https:\/\/graziamagazine.com\/mx\/\"},{\"@type\":\"ListItem\",\"position\":2,\"name\":\"Esto es todo lo que sabemos sobre el reboot de Clueless\"}]},{\"@type\":\"WebSite\",\"@id\":\"https:\/\/graziamagazine.com\/mx\/#website\",\"url\":\"https:\/\/graziamagazine.com\/mx\/\",\"name\":\"Grazia M\u00e9xico y Latinoam\u00e9rica\",\"description\":\"Grazia es moda, belleza y noticias  de actualidad \",\"potentialAction\":[{\"@type\":\"SearchAction\",\"target\":{\"@type\":\"EntryPoint\",\"urlTemplate\":\"https:\/\/graziamagazine.com\/mx\/?s={search_term_string}\"},\"query-input\":\"required name=search_term_string\"}],\"inLanguage\":\"es-MX\"}]}<\/script>\n<!-- \/ Yoast SEO Premium plugin. -->","yoast_head_json":{"title":"Esto es todo lo que sabemos sobre el reboot de Clueless | Grazia M\u00e9xico y Latinoam\u00e9rica","description":"El regreso de Clueless en el siglo XXI se centrar\u00e1 en Dionne, la mejor amiga de Cher Horowitz, y ser\u00e1 una serie de televisi\u00f3n. \u00bfEmocionadas?","robots":{"index":"index","follow":"follow","max-snippet":"max-snippet:-1","max-image-preview":"max-image-preview:large","max-video-preview":"max-video-preview:-1"},"canonical":"https:\/\/graziamagazine.com\/mx\/articles\/esto-es-todo-lo-que-sabemos-sobre-el-reboot-de-clueless\/","og_locale":"es_MX","og_type":"article","og_title":"Esto es todo lo que sabemos sobre el reboot de Clueless","og_description":"El regreso de Clueless en el siglo XXI se centrar\u00e1 en Dionne, la mejor amiga de Cher Horowitz, y ser\u00e1 una serie de televisi\u00f3n. \u00bfEmocionadas?","og_url":"https:\/\/graziamagazine.com\/mx\/articles\/esto-es-todo-lo-que-sabemos-sobre-el-reboot-de-clueless\/","og_site_name":"Grazia M\u00e9xico y Latinoam\u00e9rica","article_modified_time":"2020-08-17T19:06:46+00:00","og_image":[{"width":1183,"height":695,"url":"https:\/\/graziamagazine.com\/mx\/wp-content\/uploads\/sites\/13\/2020\/08\/esto-es-todo-lo-que-sabemos-sobre-el-reboot-de-clueless-destacada.jpg?fit=1183%2C695","type":"image\/jpeg"}],"twitter_card":"summary_large_image","twitter_misc":{"Est. reading time":"1 minuto"},"schema":{"@context":"https:\/\/schema.org","@graph":[{"@type":"WebPage","@id":"https:\/\/graziamagazine.com\/mx\/articles\/esto-es-todo-lo-que-sabemos-sobre-el-reboot-de-clueless\/","url":"https:\/\/graziamagazine.com\/mx\/articles\/esto-es-todo-lo-que-sabemos-sobre-el-reboot-de-clueless\/","name":"Esto es todo lo que sabemos sobre el reboot de Clueless | Grazia M\u00e9xico y Latinoam\u00e9rica","isPartOf":{"@id":"https:\/\/graziamagazine.com\/mx\/#website"},"datePublished":"2020-08-17T15:36:32+00:00","dateModified":"2020-08-17T19:06:46+00:00","description":"El regreso de Clueless en el siglo XXI se centrar\u00e1 en Dionne, la mejor amiga de Cher Horowitz, y ser\u00e1 una serie de televisi\u00f3n. \u00bfEmocionadas?","breadcrumb":{"@id":"https:\/\/graziamagazine.com\/mx\/articles\/esto-es-todo-lo-que-sabemos-sobre-el-reboot-de-clueless\/#breadcrumb"},"inLanguage":"es-MX","potentialAction":[{"@type":"ReadAction","target":["https:\/\/graziamagazine.com\/mx\/articles\/esto-es-todo-lo-que-sabemos-sobre-el-reboot-de-clueless\/"]}]},{"@type":"BreadcrumbList","@id":"https:\/\/graziamagazine.com\/mx\/articles\/esto-es-todo-lo-que-sabemos-sobre-el-reboot-de-clueless\/#breadcrumb","itemListElement":[{"@type":"ListItem","position":1,"name":"Home","item":"https:\/\/graziamagazine.com\/mx\/"},{"@type":"ListItem","position":2,"name":"Esto es todo lo que sabemos sobre el reboot de Clueless"}]},{"@type":"WebSite","@id":"https:\/\/graziamagazine.com\/mx\/#website","url":"https:\/\/graziamagazine.com\/mx\/","name":"Grazia M\u00e9xico y Latinoam\u00e9rica","description":"Grazia es moda, belleza y noticias  de actualidad ","potentialAction":[{"@type":"SearchAction","target":{"@type":"EntryPoint","urlTemplate":"https:\/\/graziamagazine.com\/mx\/?s={search_term_string}"},"query-input":"required name=search_term_string"}],"inLanguage":"es-MX"}]}},"jetpack_sharing_enabled":true,"distributor_meta":false,"distributor_terms":false,"distributor_media":false,"distributor_original_site_name":"Grazia M\u00e9xico y Latinoam\u00e9rica","distributor_original_site_url":"https:\/\/graziamagazine.com\/mx","push-errors":false,"_links":{"self":[{"href":"https:\/\/graziamagazine.com\/mx\/wp-json\/wp\/v2\/articles\/87859"}],"collection":[{"href":"https:\/\/graziamagazine.com\/mx\/wp-json\/wp\/v2\/articles"}],"about":[{"href":"https:\/\/graziamagazine.com\/mx\/wp-json\/wp\/v2\/types\/articles"}],"author":[{"embeddable":true,"href":"https:\/\/graziamagazine.com\/mx\/wp-json\/wp\/v2\/users\/11636"}],"wp:featuredmedia":[{"embeddable":true,"href":"https:\/\/graziamagazine.com\/mx\/wp-json\/wp\/v2\/media\/87860"}],"wp:attachment":[{"href":"https:\/\/graziamagazine.com\/mx\/wp-json\/wp\/v2\/media?parent=87859"}],"wp:term":[{"taxonomy":"category","embeddable":true,"href":"https:\/\/graziamagazine.com\/mx\/wp-json\/wp\/v2\/categories?post=87859"}],"curies":[{"name":"wp","href":"https:\/\/api.w.org\/{rel}","templated":true}]}}