{"id":87588,"date":"2020-07-27T13:15:41","date_gmt":"2020-07-27T18:15:41","guid":{"rendered":"https:\/\/graziamagazine.com\/mx\/?post_type=articles&#038;p=87588"},"modified":"2020-10-12T08:30:51","modified_gmt":"2020-10-12T13:30:51","slug":"el-tono-de-rosa-en-tendencia-para-2020-se-popularizo-gracias-a-cartier-y-elsa-schiaparelli","status":"publish","type":"articles","link":"https:\/\/graziamagazine.com\/mx\/articles\/el-tono-de-rosa-en-tendencia-para-2020-se-popularizo-gracias-a-cartier-y-elsa-schiaparelli\/","title":{"rendered":"El tono de rosa en tendencia para 2020 se populariz\u00f3 gracias a Cartier y Elsa Schiaparelli"},"content":{"rendered":"<p>En el siglo XX el <strong>rosa<\/strong> se convirti\u00f3 en el color que representa la feminidad,\u00a0uno con el que nos podemos sentir identificadas y muchas asociamos con los mejores recuerdos de la infancia; cuando nuestras mu\u00f1ecas Barbie eran en lo \u00fanico que pens\u00e1bamos y, a\u00f1os m\u00e1s tarde, el tono de <em>lipstick<\/em> que nos hizo sentir bien con nosotras mismas y marc\u00f3 una nueva etapa en nuestra vida. Aunque el contexto cultural haya cambiado con el paso de los a\u00f1os, este no deja de ser el color que asociamos con <em><strong>Mean Girls<\/strong>\u00a0<\/em>y el favorito de <strong>Audrey Hepburn<\/strong>, la \u00edcono de estilo m\u00e1s famosa de nuestros tiempos. &#8220;Creo en el rosa. Creo en besar, besar mucho. Creo en que las ni\u00f1as felices son las m\u00e1s bonitas y creo en los milagros&#8221;, dijo alguna vez la actriz.<\/p>\n<p><img decoding=\"async\" class=\"alignnone size-medium wp-image-89871\" src=\"https:\/\/devgrazia.com\/wp-content\/uploads\/2020\/07\/el-tono-de-rosa-favorito-para-2020-es-tendencia-gracias-a-cartier-y-elsa-schiaparelli-1-1-450x640.jpg\" alt=\"\" \/><\/p>\n<h5><em>Film Still\u00a0Breakfast at Tiffany&#8217;s<\/em><\/h5>\n<p>Con el paso de los a\u00f1os los tonos de rosa en tendencia han cambiado, igual que la forma en que la sociedad los percibe. Muchos est\u00e1n asociados con la feminidad, lo er\u00f3tico, lo tierno y lo rom\u00e1ntico, adem\u00e1s de relacionarse con temas sociales y pol\u00edticos. Sin embargo, hoy el significado es diferente y est\u00e1 marcando una nueva etapa que desaf\u00eda estereotipos y reglas absurdas.\u00a0&#8220;La noci\u00f3n del rosa que llevaba 150 a\u00f1os vigente como sin\u00f3nimo de feminidad fr\u00e1gil est\u00e1 siendo desafiada. El rosa ahora est\u00e1 teniendo una fase genial: es moderno, es andr\u00f3gino, es fuerte. Y lleg\u00f3 para quedarse&#8221;, dijo Valerie Steele, curadora e historiadora de moda.<\/p>\n<p>Y s\u00ed, para primavera-verano y oto\u00f1o-invierno 2020,\u00a0firmas como <strong>Off-White, Valentino, Jacquemus<\/strong>\u00a0y <strong>Marni<\/strong>\u00a0dictaron el\u00a0<em>shocking<\/em><em>\u00a0pink\u00a0<\/em>como una de las tendencias m\u00e1s fuertes,\u00a0el color que no puede faltar en tu cl\u00f3set y en las calles ser\u00e1 protagonista todo el a\u00f1o. Pero si viajamos atr\u00e1s en el tiempo, este tiene una historia que muy pocos conocen y que cualquier amante de la moda deber\u00eda saber.<\/p>\n<p>\u00bfTe acuerdas de esa ic\u00f3nica escena en <em>The Devil Wears Prada<\/em>, cuando <strong>Miranda Priestly<\/strong> le explica Andy el antecedente de su su\u00e9ter azul cer\u00faleo? Bueno, pues algo similar tiene detr\u00e1s el nuevo tono en tendencia; y s\u00ed, est\u00e1 relacionado con <strong>Marilyn Monroe<\/strong> y<strong> Elsa Schiaparelli<\/strong>, pero todo empez\u00f3 gracias a un diamante de 17.47 quilates de\u00a0<strong>Cartier<\/strong>.<\/p>\n<p>Aparentemente, Catherine the Great, emperatriz de Rusia desde 1762 hasta 1796, regal\u00f3 esta piedra preciosa a\u00a0Grigory Potemkin, un l\u00edder ruso militar. Tras a\u00f1os de su muerte, en 1927, Felix, hijo de la princesa\u00a0Zinaida Yusupova, lo vendi\u00f3 a <strong>Pierre Cartier<\/strong>. M\u00e1s tarde, <strong>Daisy Fellowes<\/strong>, una importante novelista, editora de moda e \u00edcono de estilo \u2014heredera de las m\u00e1quinas de coser Singer\u2014, compr\u00f3 el enorme diamante, mejor conocido como\u00a0<em><b style=\"line-height: 1.5\">T\u00eate de B\u00e9lier<\/b><\/em>. Y aqu\u00ed es en donde entra la famosa <em>couturier<\/em> Elsa Schiaparelli, a quien llamaban rival de Coco Chanel y consideran una de las figuras m\u00e1s prominentes de la moda entre las dos guerras mundiales. Ella se inspir\u00f3 en la piedra en cuesti\u00f3n para crear su m\u00e1s famosa colecci\u00f3n en 1937. Lamentablemente, esta fue robada a Daisy en 1939 y nadie volvi\u00f3 a verla jam\u00e1s.<\/p>\n<p><img decoding=\"async\" class=\"alignnone size-medium wp-image-89892\" src=\"https:\/\/devgrazia.com\/wp-content\/uploads\/2020\/07\/el-tono-de-rosa-favorito-para-2020-es-tendencia-gracias-a-cartier-y-elsa-schiaparelli-2-1-450x649.jpg\" alt=\"\" \/><\/p>\n<h5><em>Film Still\u00a0Moulin Rouge 1952<\/em><\/h5>\n<p>El diamante desapareci\u00f3 pero el color vibrante e intenso\u00a0<span style=\"line-height: 1.5\">se mantuvo vivo gracias <\/span><strong style=\"line-height: 1.5\">Diana Vreeland y Betty Wilson<\/strong><span style=\"line-height: 1.5\">, dos aclamadas editoras quienes se enamoraron del tono y lo popularizaron en la industria de la moda. El <\/span><em style=\"line-height: 1.5\">shocking pink<\/em><span style=\"line-height: 1.5\">\u00a0se convirti\u00f3 en el que representa la firma de la dise\u00f1adora italiana. As\u00ed que, ahora ya sabes que antes del fucsia, el <em>kinky pink<\/em> y el <em>hot pink<\/em>, este se populariz\u00f3 y marc\u00f3 una de las etapas m\u00e1s importantes en la historia de la moda.<\/span><\/p>\n<p>De la d\u00e9cada de los treinta a la de los cincuenta, este tono vol\u00f3 de Par\u00eds a Hollywood, una vez m\u00e1s involucrando diamantes. &#8220;<strong>Diamonds Are a Girl\u00b4s Best Friend<\/strong>&#8221; en\u00a0<em>Gentleman Prefer Blondes <\/em>fue el n\u00famero m\u00e1s famoso de <strong>Marilyn Monroe<\/strong>, donde un vestido de seda sin mangas\u00a0y con un mo\u00f1o gigante detr\u00e1s en este mismo tono de rosa fue protagonista. La cantante y modelo se enamor\u00f3 de esta prenda y sin duda fue quien populariz\u00f3 el <em>shocking pink <\/em>de este lado del hemisferio.<\/p>\n<p><img decoding=\"async\" class=\"alignnone size-medium wp-image-89895\" src=\"https:\/\/devgrazia.com\/wp-content\/uploads\/2020\/07\/el-tono-de-rosa-favorito-para-2020-es-tendencia-gracias-a-cartier-y-elsa-schiaparelli-3-450x565.jpeg\" alt=\"\" \/><\/p>\n<h5><em>Getty Images<\/em><\/h5>\n<p>Pero no olvidemos a <strong>Ram\u00f3n Valdiosera<\/strong>, el padre de la moda mexicana. En 1949, el dise\u00f1ador llev\u00f3 a Nueva York una de sus m\u00e1s exitosas colecciones donde reinaba el tono que representa el alma de nuestro pa\u00eds: <strong>Rosa mexicano<\/strong>. &#8220;Es el color de nuestra fruta, de nuestras artesan\u00edas, de nuestro papel picado, con el que juegan los ni\u00f1os&#8221;, respondi\u00f3 cuando una reportera le pregunt\u00f3 su elecci\u00f3n. As\u00ed, hace setenta a\u00f1os el rosa mexicano dio la vuelta al mundo y\u00a0se volvi\u00f3 una tendencia protagonista en las calles.<\/p>\n<p>El \u00e9xito de este color\u00a0sigui\u00f3 vigente por a\u00f1os y despu\u00e9s lleg\u00f3 con m\u00e1s fuerza, pues gracias a la influencia de <strong>Lady Di<\/strong> en sus tiempos como parte de la familia real brit\u00e1nica, todas quer\u00edan llevarlo.\u00a0Seguramente recuerdas que entre sus\u00a0<em>outfits<\/em>\u00a0m\u00e1s espectaculares, este tono siempre est\u00e1 presente.<\/p>\n<p><img decoding=\"async\" class=\"alignnone size-medium wp-image-89988\" src=\"https:\/\/devgrazia.com\/wp-content\/uploads\/2020\/07\/el-tono-de-rosa-favorito-para-2020-es-tendencia-gracias-a-cartier-y-elsa-schiaparelli-450x675.jpg\" alt=\"\" \/><\/p>\n<h5><em>Getty Images<\/em><\/h5>\n<p>Asimismo, el <em>shocking pink<\/em> y sus variaciones hacia tonos un poco m\u00e1s claros u oscuros ha creado momentos memorables en la industria de la moda y la cultura <em>pop.<\/em>\u00a0De este vibrante color fue el vestido con el que <strong>Lady Gaga<\/strong> protagoniz\u00f3 la alfombra roja de la<em> Met Gala<\/em>\u00a0el a\u00f1o pasado, el tono que relacionamos con <strong>Elle Woods<\/strong> en<em> Legally Blonde, <\/em>el color que <a href=\"https:\/\/devgrazia.com\/en-un-campo-de-lavanda-jacquemus-celebro-su-decimo-aniversario\/\" target=\"_blank\" rel=\"noopener noreferrer\" target=\"_blank\"><strong>Jacquemus<\/strong> mont\u00f3 en medio de un campo de lavanda<\/a> para celebrar su d\u00e9cimo aniversario y el que no puede faltar en tu cl\u00f3set en 2020 sin importar la estaci\u00f3n. En abrigos, pantalones, accesorios o\u00a0zapatos, este tono es un b\u00e1sico indispensable.<\/p>\n","protected":false},"author":11656,"featured_media":87589,"template":"","format":"standard","categories":[4],"acf":[],"yoast_head":"<!-- This site is optimized with the Yoast SEO Premium plugin v18.5 (Yoast SEO v20.4) - https:\/\/yoast.com\/wordpress\/plugins\/seo\/ -->\n<title>El tono de rosa en tendencia para 2020 se populariz\u00f3 gracias a Cartier y Elsa Schiaparelli | Grazia M\u00e9xico y Latinoam\u00e9rica<\/title>\n<meta name=\"description\" content=\"El shocking pink y sus diferentes variaciones son la tendencia estelar para 2020. Te contamos c\u00f3mo se populariz\u00f3 hace d\u00e9cadas gracias a un diamante Cartier y una de las couturiers m\u00e1s famosas, Elsa Schiaparelli.\" \/>\n<meta name=\"robots\" content=\"index, follow, max-snippet:-1, max-image-preview:large, max-video-preview:-1\" \/>\n<link rel=\"canonical\" href=\"https:\/\/graziamagazine.com\/mx\/articles\/el-tono-de-rosa-en-tendencia-para-2020-se-popularizo-gracias-a-cartier-y-elsa-schiaparelli\/\" \/>\n<meta property=\"og:locale\" content=\"es_MX\" \/>\n<meta property=\"og:type\" content=\"article\" \/>\n<meta property=\"og:title\" content=\"El tono de rosa en tendencia para 2020 se populariz\u00f3 gracias a Cartier y Elsa Schiaparelli\" \/>\n<meta property=\"og:description\" content=\"El shocking pink y sus diferentes variaciones son la tendencia estelar para 2020. Te contamos c\u00f3mo se populariz\u00f3 hace d\u00e9cadas gracias a un diamante Cartier y una de las couturiers m\u00e1s famosas, Elsa Schiaparelli.\" \/>\n<meta property=\"og:url\" content=\"https:\/\/graziamagazine.com\/mx\/articles\/el-tono-de-rosa-en-tendencia-para-2020-se-popularizo-gracias-a-cartier-y-elsa-schiaparelli\/\" \/>\n<meta property=\"og:site_name\" content=\"Grazia M\u00e9xico y Latinoam\u00e9rica\" \/>\n<meta property=\"article:modified_time\" content=\"2020-10-12T13:30:51+00:00\" \/>\n<meta property=\"og:image\" content=\"https:\/\/graziamagazine.com\/mx\/wp-content\/uploads\/sites\/13\/2020\/07\/el-tono-de-rosa-en-tendencia-para-2020-se-popularizo-gracias-a-cartier-y-elsa-schiaparelli-destacada.jpg?fit=4973%2C3204\" \/>\n\t<meta property=\"og:image:width\" content=\"4973\" \/>\n\t<meta property=\"og:image:height\" content=\"3204\" \/>\n\t<meta property=\"og:image:type\" content=\"image\/jpeg\" \/>\n<meta name=\"twitter:card\" content=\"summary_large_image\" \/>\n<meta name=\"twitter:label1\" content=\"Est. reading time\" \/>\n\t<meta name=\"twitter:data1\" content=\"5 minutos\" \/>\n<script type=\"application\/ld+json\" class=\"yoast-schema-graph\">{\"@context\":\"https:\/\/schema.org\",\"@graph\":[{\"@type\":\"WebPage\",\"@id\":\"https:\/\/graziamagazine.com\/mx\/articles\/el-tono-de-rosa-en-tendencia-para-2020-se-popularizo-gracias-a-cartier-y-elsa-schiaparelli\/\",\"url\":\"https:\/\/graziamagazine.com\/mx\/articles\/el-tono-de-rosa-en-tendencia-para-2020-se-popularizo-gracias-a-cartier-y-elsa-schiaparelli\/\",\"name\":\"El tono de rosa en tendencia para 2020 se populariz\u00f3 gracias a Cartier y Elsa Schiaparelli | Grazia M\u00e9xico y Latinoam\u00e9rica\",\"isPartOf\":{\"@id\":\"https:\/\/graziamagazine.com\/mx\/#website\"},\"datePublished\":\"2020-07-27T18:15:41+00:00\",\"dateModified\":\"2020-10-12T13:30:51+00:00\",\"description\":\"El shocking pink y sus diferentes variaciones son la tendencia estelar para 2020. Te contamos c\u00f3mo se populariz\u00f3 hace d\u00e9cadas gracias a un diamante Cartier y una de las couturiers m\u00e1s famosas, Elsa Schiaparelli.\",\"breadcrumb\":{\"@id\":\"https:\/\/graziamagazine.com\/mx\/articles\/el-tono-de-rosa-en-tendencia-para-2020-se-popularizo-gracias-a-cartier-y-elsa-schiaparelli\/#breadcrumb\"},\"inLanguage\":\"es-MX\",\"potentialAction\":[{\"@type\":\"ReadAction\",\"target\":[\"https:\/\/graziamagazine.com\/mx\/articles\/el-tono-de-rosa-en-tendencia-para-2020-se-popularizo-gracias-a-cartier-y-elsa-schiaparelli\/\"]}]},{\"@type\":\"BreadcrumbList\",\"@id\":\"https:\/\/graziamagazine.com\/mx\/articles\/el-tono-de-rosa-en-tendencia-para-2020-se-popularizo-gracias-a-cartier-y-elsa-schiaparelli\/#breadcrumb\",\"itemListElement\":[{\"@type\":\"ListItem\",\"position\":1,\"name\":\"Home\",\"item\":\"https:\/\/graziamagazine.com\/mx\/\"},{\"@type\":\"ListItem\",\"position\":2,\"name\":\"El tono de rosa en tendencia para 2020 se populariz\u00f3 gracias a Cartier y Elsa Schiaparelli\"}]},{\"@type\":\"WebSite\",\"@id\":\"https:\/\/graziamagazine.com\/mx\/#website\",\"url\":\"https:\/\/graziamagazine.com\/mx\/\",\"name\":\"Grazia M\u00e9xico y Latinoam\u00e9rica\",\"description\":\"Grazia es moda, belleza y noticias  de actualidad \",\"potentialAction\":[{\"@type\":\"SearchAction\",\"target\":{\"@type\":\"EntryPoint\",\"urlTemplate\":\"https:\/\/graziamagazine.com\/mx\/?s={search_term_string}\"},\"query-input\":\"required name=search_term_string\"}],\"inLanguage\":\"es-MX\"}]}<\/script>\n<!-- \/ Yoast SEO Premium plugin. -->","yoast_head_json":{"title":"El tono de rosa en tendencia para 2020 se populariz\u00f3 gracias a Cartier y Elsa Schiaparelli | Grazia M\u00e9xico y Latinoam\u00e9rica","description":"El shocking pink y sus diferentes variaciones son la tendencia estelar para 2020. Te contamos c\u00f3mo se populariz\u00f3 hace d\u00e9cadas gracias a un diamante Cartier y una de las couturiers m\u00e1s famosas, Elsa Schiaparelli.","robots":{"index":"index","follow":"follow","max-snippet":"max-snippet:-1","max-image-preview":"max-image-preview:large","max-video-preview":"max-video-preview:-1"},"canonical":"https:\/\/graziamagazine.com\/mx\/articles\/el-tono-de-rosa-en-tendencia-para-2020-se-popularizo-gracias-a-cartier-y-elsa-schiaparelli\/","og_locale":"es_MX","og_type":"article","og_title":"El tono de rosa en tendencia para 2020 se populariz\u00f3 gracias a Cartier y Elsa Schiaparelli","og_description":"El shocking pink y sus diferentes variaciones son la tendencia estelar para 2020. Te contamos c\u00f3mo se populariz\u00f3 hace d\u00e9cadas gracias a un diamante Cartier y una de las couturiers m\u00e1s famosas, Elsa Schiaparelli.","og_url":"https:\/\/graziamagazine.com\/mx\/articles\/el-tono-de-rosa-en-tendencia-para-2020-se-popularizo-gracias-a-cartier-y-elsa-schiaparelli\/","og_site_name":"Grazia M\u00e9xico y Latinoam\u00e9rica","article_modified_time":"2020-10-12T13:30:51+00:00","og_image":[{"width":4973,"height":3204,"url":"https:\/\/graziamagazine.com\/mx\/wp-content\/uploads\/sites\/13\/2020\/07\/el-tono-de-rosa-en-tendencia-para-2020-se-popularizo-gracias-a-cartier-y-elsa-schiaparelli-destacada.jpg?fit=4973%2C3204","type":"image\/jpeg"}],"twitter_card":"summary_large_image","twitter_misc":{"Est. reading time":"5 minutos"},"schema":{"@context":"https:\/\/schema.org","@graph":[{"@type":"WebPage","@id":"https:\/\/graziamagazine.com\/mx\/articles\/el-tono-de-rosa-en-tendencia-para-2020-se-popularizo-gracias-a-cartier-y-elsa-schiaparelli\/","url":"https:\/\/graziamagazine.com\/mx\/articles\/el-tono-de-rosa-en-tendencia-para-2020-se-popularizo-gracias-a-cartier-y-elsa-schiaparelli\/","name":"El tono de rosa en tendencia para 2020 se populariz\u00f3 gracias a Cartier y Elsa Schiaparelli | Grazia M\u00e9xico y Latinoam\u00e9rica","isPartOf":{"@id":"https:\/\/graziamagazine.com\/mx\/#website"},"datePublished":"2020-07-27T18:15:41+00:00","dateModified":"2020-10-12T13:30:51+00:00","description":"El shocking pink y sus diferentes variaciones son la tendencia estelar para 2020. Te contamos c\u00f3mo se populariz\u00f3 hace d\u00e9cadas gracias a un diamante Cartier y una de las couturiers m\u00e1s famosas, Elsa Schiaparelli.","breadcrumb":{"@id":"https:\/\/graziamagazine.com\/mx\/articles\/el-tono-de-rosa-en-tendencia-para-2020-se-popularizo-gracias-a-cartier-y-elsa-schiaparelli\/#breadcrumb"},"inLanguage":"es-MX","potentialAction":[{"@type":"ReadAction","target":["https:\/\/graziamagazine.com\/mx\/articles\/el-tono-de-rosa-en-tendencia-para-2020-se-popularizo-gracias-a-cartier-y-elsa-schiaparelli\/"]}]},{"@type":"BreadcrumbList","@id":"https:\/\/graziamagazine.com\/mx\/articles\/el-tono-de-rosa-en-tendencia-para-2020-se-popularizo-gracias-a-cartier-y-elsa-schiaparelli\/#breadcrumb","itemListElement":[{"@type":"ListItem","position":1,"name":"Home","item":"https:\/\/graziamagazine.com\/mx\/"},{"@type":"ListItem","position":2,"name":"El tono de rosa en tendencia para 2020 se populariz\u00f3 gracias a Cartier y Elsa Schiaparelli"}]},{"@type":"WebSite","@id":"https:\/\/graziamagazine.com\/mx\/#website","url":"https:\/\/graziamagazine.com\/mx\/","name":"Grazia M\u00e9xico y Latinoam\u00e9rica","description":"Grazia es moda, belleza y noticias  de actualidad ","potentialAction":[{"@type":"SearchAction","target":{"@type":"EntryPoint","urlTemplate":"https:\/\/graziamagazine.com\/mx\/?s={search_term_string}"},"query-input":"required name=search_term_string"}],"inLanguage":"es-MX"}]}},"jetpack_sharing_enabled":true,"distributor_meta":false,"distributor_terms":false,"distributor_media":false,"distributor_original_site_name":"Grazia M\u00e9xico y Latinoam\u00e9rica","distributor_original_site_url":"https:\/\/graziamagazine.com\/mx","push-errors":false,"_links":{"self":[{"href":"https:\/\/graziamagazine.com\/mx\/wp-json\/wp\/v2\/articles\/87588"}],"collection":[{"href":"https:\/\/graziamagazine.com\/mx\/wp-json\/wp\/v2\/articles"}],"about":[{"href":"https:\/\/graziamagazine.com\/mx\/wp-json\/wp\/v2\/types\/articles"}],"author":[{"embeddable":true,"href":"https:\/\/graziamagazine.com\/mx\/wp-json\/wp\/v2\/users\/11656"}],"wp:featuredmedia":[{"embeddable":true,"href":"https:\/\/graziamagazine.com\/mx\/wp-json\/wp\/v2\/media\/87589"}],"wp:attachment":[{"href":"https:\/\/graziamagazine.com\/mx\/wp-json\/wp\/v2\/media?parent=87588"}],"wp:term":[{"taxonomy":"category","embeddable":true,"href":"https:\/\/graziamagazine.com\/mx\/wp-json\/wp\/v2\/categories?post=87588"}],"curies":[{"name":"wp","href":"https:\/\/api.w.org\/{rel}","templated":true}]}}