{"id":87531,"date":"2020-07-21T17:04:26","date_gmt":"2020-07-21T22:04:26","guid":{"rendered":"https:\/\/graziamagazine.com\/mx\/?post_type=articles&#038;p=87531"},"modified":"2020-07-24T13:24:35","modified_gmt":"2020-07-24T18:24:35","slug":"ross-y-rachel-estaban-en-un-break-david-schwimmer-hablo-sobre-la-iconica-escena-de-friends","status":"publish","type":"articles","link":"https:\/\/graziamagazine.com\/mx\/articles\/ross-y-rachel-estaban-en-un-break-david-schwimmer-hablo-sobre-la-iconica-escena-de-friends\/","title":{"rendered":"\u00bfRoss y Rachel estaban en un break? David Schwimmer habl\u00f3 sobre la ic\u00f3nica escena de Friends"},"content":{"rendered":"<p><strong>David Schwimmer<\/strong>, mejor conocido como <strong>Ross<\/strong>\u00a0<strong>Geller<\/strong> en <strong><em>Friends<\/em><\/strong><em>,\u00a0<\/em>ahora es uno de las protagonistas de\u00a0<em>Intelligence, <\/em>una exitosa serie que se estren\u00f3 antes este a\u00f1o. Sin embargo, todos seguimos recordando al gran personaje que interpret\u00f3 en una de las series m\u00e1s exitosas de nuestros tiempos; y si algo siempre estar\u00e1 vigente, es el debate de si Rachel y \u00e9l estaban en <em>break<\/em> o no.<\/p>\n<p>Durante una reuni\u00f3n virtual del programa <em>The Tonight Show<\/em>, Schwimmer habl\u00f3 de la ic\u00f3nica escena con Jimmy Fallon. Ya te sabes la historia: Ross sospecha de Rachel y su amistad con Mark, ella le dice que deber\u00edan tomarse un tiempo y \u00e9l va a buscar a\u00a0Chloe, con quien pasa la noche. A la ma\u00f1ana siguiente, Green regresa al departamento de Geller y retoman su relaci\u00f3n, pero gracias a Gunther ella se entera de la supuesta infidelidad y todo se termina. Pero bueno, \u00bfqu\u00e9 respondi\u00f3 David cuando el comediante le pregunt\u00f3 si cree que los personajes estaban o no en un <em>break<\/em>? &#8220;S\u00ed, ni siquiera es una pregunta. Estaban en un <em>break<\/em>&#8220;, contest\u00f3 el actor de 53 a\u00f1os. &#8220;La gente est\u00e1 tan apasionadamente dividida sobre si\u00a0[Ross y Rachel] estaban &#8216;en un <em>break<\/em>&#8216; &#8220;, agreg\u00f3.\u00a0\u00bfT\u00fa qu\u00e9 piensas?<\/p>\n<p>Adem\u00e1s, durante el <em>show<\/em> el tambi\u00e9n director y productor mencion\u00f3 que a menudo la gente le grita &#8220;Pivot&#8221; en la calle. Asimismo, dijo que muchos no pueden evitar gritarle &#8220;We were on a break!&#8221;.<\/p>\n<p><iframe loading=\"lazy\" title=\"David Schwimmer Picks a Side on Friends\u2019 \u201cWe Were on a Break\u201d Debate\" width=\"500\" height=\"281\" src=\"https:\/\/www.youtube.com\/embed\/B4ZLPo9WYJQ?feature=oembed\" frameborder=\"0\" allow=\"accelerometer; autoplay; encrypted-media; gyroscope; picture-in-picture\" allowfullscreen><\/iframe><\/p>\n<p>Por otro lado,\u00a0David Schwimmer habl\u00f3 de la anticipada\u00a0<a href=\"https:\/\/grazia.mx\/es-oficial-si-habra-reunion-de-friends\/\" target=\"_blank\" rel=\"noopener noreferrer\" target=\"_blank\">reuni\u00f3n<\/a> del elenco que ser\u00e1 transmitida pr\u00f3ximamente por HBO Max: &#8220;La reuni\u00f3n no tendr\u00e1 un gui\u00f3n, solo entrevistas divertidas y otras sorpresas, dijo.&#8221;Tenemos la esperanza de poder hacerla en agosto, pero esperaremos una o dos semanas para determinar si es seguro&#8221;.<\/p>\n<h5><em>*IMAGEN: Still Friends<\/em><\/h5>\n","protected":false},"author":11625,"featured_media":87532,"template":"","format":"standard","categories":[2],"acf":[],"yoast_head":"<!-- This site is optimized with the Yoast SEO Premium plugin v18.5 (Yoast SEO v20.4) - https:\/\/yoast.com\/wordpress\/plugins\/seo\/ -->\n<title>\u00bfRoss y Rachel estaban en un break? David Schwimmer habl\u00f3 sobre la ic\u00f3nica escena de Friends | Grazia M\u00e9xico y Latinoam\u00e9rica<\/title>\n<meta name=\"description\" content=\"&quot;We were on a break!&quot; es una de las frases m\u00e1s ic\u00f3nicas de Friends que nadie olvidar\u00e1 y que por a\u00f1os ha mantenido vigente el debate. Descubre qu\u00e9 mencion\u00f3 David Schwimmer al respecto.\" \/>\n<meta name=\"robots\" content=\"index, follow, max-snippet:-1, max-image-preview:large, max-video-preview:-1\" \/>\n<link rel=\"canonical\" href=\"https:\/\/graziamagazine.com\/mx\/articles\/ross-y-rachel-estaban-en-un-break-david-schwimmer-hablo-sobre-la-iconica-escena-de-friends\/\" \/>\n<meta property=\"og:locale\" content=\"es_MX\" \/>\n<meta property=\"og:type\" content=\"article\" \/>\n<meta property=\"og:title\" content=\"\u00bfRoss y Rachel estaban en un break? David Schwimmer habl\u00f3 sobre la ic\u00f3nica escena de Friends\" \/>\n<meta property=\"og:description\" content=\"&quot;We were on a break!&quot; es una de las frases m\u00e1s ic\u00f3nicas de Friends que nadie olvidar\u00e1 y que por a\u00f1os ha mantenido vigente el debate. Descubre qu\u00e9 mencion\u00f3 David Schwimmer al respecto.\" \/>\n<meta property=\"og:url\" content=\"https:\/\/graziamagazine.com\/mx\/articles\/ross-y-rachel-estaban-en-un-break-david-schwimmer-hablo-sobre-la-iconica-escena-de-friends\/\" \/>\n<meta property=\"og:site_name\" content=\"Grazia M\u00e9xico y Latinoam\u00e9rica\" \/>\n<meta property=\"article:modified_time\" content=\"2020-07-24T18:24:35+00:00\" \/>\n<meta property=\"og:image\" content=\"https:\/\/graziamagazine.com\/mx\/wp-content\/uploads\/sites\/13\/2020\/07\/ross-y-rachel-estaban-en-un-break-david-schwimmer-habla-sobre-la-iconica-escena-de-friends-destacada.jpg?fit=780%2C439\" \/>\n\t<meta property=\"og:image:width\" content=\"780\" \/>\n\t<meta property=\"og:image:height\" content=\"439\" \/>\n\t<meta property=\"og:image:type\" content=\"image\/jpeg\" \/>\n<meta name=\"twitter:card\" content=\"summary_large_image\" \/>\n<meta name=\"twitter:label1\" content=\"Est. reading time\" \/>\n\t<meta name=\"twitter:data1\" content=\"2 minutos\" \/>\n<script type=\"application\/ld+json\" class=\"yoast-schema-graph\">{\"@context\":\"https:\/\/schema.org\",\"@graph\":[{\"@type\":\"WebPage\",\"@id\":\"https:\/\/graziamagazine.com\/mx\/articles\/ross-y-rachel-estaban-en-un-break-david-schwimmer-hablo-sobre-la-iconica-escena-de-friends\/\",\"url\":\"https:\/\/graziamagazine.com\/mx\/articles\/ross-y-rachel-estaban-en-un-break-david-schwimmer-hablo-sobre-la-iconica-escena-de-friends\/\",\"name\":\"\u00bfRoss y Rachel estaban en un break? David Schwimmer habl\u00f3 sobre la ic\u00f3nica escena de Friends | Grazia M\u00e9xico y Latinoam\u00e9rica\",\"isPartOf\":{\"@id\":\"https:\/\/graziamagazine.com\/mx\/#website\"},\"datePublished\":\"2020-07-21T22:04:26+00:00\",\"dateModified\":\"2020-07-24T18:24:35+00:00\",\"description\":\"\\\"We were on a break!\\\" es una de las frases m\u00e1s ic\u00f3nicas de Friends que nadie olvidar\u00e1 y que por a\u00f1os ha mantenido vigente el debate. Descubre qu\u00e9 mencion\u00f3 David Schwimmer al respecto.\",\"breadcrumb\":{\"@id\":\"https:\/\/graziamagazine.com\/mx\/articles\/ross-y-rachel-estaban-en-un-break-david-schwimmer-hablo-sobre-la-iconica-escena-de-friends\/#breadcrumb\"},\"inLanguage\":\"es-MX\",\"potentialAction\":[{\"@type\":\"ReadAction\",\"target\":[\"https:\/\/graziamagazine.com\/mx\/articles\/ross-y-rachel-estaban-en-un-break-david-schwimmer-hablo-sobre-la-iconica-escena-de-friends\/\"]}]},{\"@type\":\"BreadcrumbList\",\"@id\":\"https:\/\/graziamagazine.com\/mx\/articles\/ross-y-rachel-estaban-en-un-break-david-schwimmer-hablo-sobre-la-iconica-escena-de-friends\/#breadcrumb\",\"itemListElement\":[{\"@type\":\"ListItem\",\"position\":1,\"name\":\"Home\",\"item\":\"https:\/\/graziamagazine.com\/mx\/\"},{\"@type\":\"ListItem\",\"position\":2,\"name\":\"\u00bfRoss y Rachel estaban en un break? David Schwimmer habl\u00f3 sobre la ic\u00f3nica escena de Friends\"}]},{\"@type\":\"WebSite\",\"@id\":\"https:\/\/graziamagazine.com\/mx\/#website\",\"url\":\"https:\/\/graziamagazine.com\/mx\/\",\"name\":\"Grazia M\u00e9xico y Latinoam\u00e9rica\",\"description\":\"Grazia es moda, belleza y noticias  de actualidad \",\"potentialAction\":[{\"@type\":\"SearchAction\",\"target\":{\"@type\":\"EntryPoint\",\"urlTemplate\":\"https:\/\/graziamagazine.com\/mx\/?s={search_term_string}\"},\"query-input\":\"required name=search_term_string\"}],\"inLanguage\":\"es-MX\"}]}<\/script>\n<!-- \/ Yoast SEO Premium plugin. -->","yoast_head_json":{"title":"\u00bfRoss y Rachel estaban en un break? David Schwimmer habl\u00f3 sobre la ic\u00f3nica escena de Friends | Grazia M\u00e9xico y Latinoam\u00e9rica","description":"\"We were on a break!\" es una de las frases m\u00e1s ic\u00f3nicas de Friends que nadie olvidar\u00e1 y que por a\u00f1os ha mantenido vigente el debate. Descubre qu\u00e9 mencion\u00f3 David Schwimmer al respecto.","robots":{"index":"index","follow":"follow","max-snippet":"max-snippet:-1","max-image-preview":"max-image-preview:large","max-video-preview":"max-video-preview:-1"},"canonical":"https:\/\/graziamagazine.com\/mx\/articles\/ross-y-rachel-estaban-en-un-break-david-schwimmer-hablo-sobre-la-iconica-escena-de-friends\/","og_locale":"es_MX","og_type":"article","og_title":"\u00bfRoss y Rachel estaban en un break? David Schwimmer habl\u00f3 sobre la ic\u00f3nica escena de Friends","og_description":"\"We were on a break!\" es una de las frases m\u00e1s ic\u00f3nicas de Friends que nadie olvidar\u00e1 y que por a\u00f1os ha mantenido vigente el debate. Descubre qu\u00e9 mencion\u00f3 David Schwimmer al respecto.","og_url":"https:\/\/graziamagazine.com\/mx\/articles\/ross-y-rachel-estaban-en-un-break-david-schwimmer-hablo-sobre-la-iconica-escena-de-friends\/","og_site_name":"Grazia M\u00e9xico y Latinoam\u00e9rica","article_modified_time":"2020-07-24T18:24:35+00:00","og_image":[{"width":780,"height":439,"url":"https:\/\/graziamagazine.com\/mx\/wp-content\/uploads\/sites\/13\/2020\/07\/ross-y-rachel-estaban-en-un-break-david-schwimmer-habla-sobre-la-iconica-escena-de-friends-destacada.jpg?fit=780%2C439","type":"image\/jpeg"}],"twitter_card":"summary_large_image","twitter_misc":{"Est. reading time":"2 minutos"},"schema":{"@context":"https:\/\/schema.org","@graph":[{"@type":"WebPage","@id":"https:\/\/graziamagazine.com\/mx\/articles\/ross-y-rachel-estaban-en-un-break-david-schwimmer-hablo-sobre-la-iconica-escena-de-friends\/","url":"https:\/\/graziamagazine.com\/mx\/articles\/ross-y-rachel-estaban-en-un-break-david-schwimmer-hablo-sobre-la-iconica-escena-de-friends\/","name":"\u00bfRoss y Rachel estaban en un break? David Schwimmer habl\u00f3 sobre la ic\u00f3nica escena de Friends | Grazia M\u00e9xico y Latinoam\u00e9rica","isPartOf":{"@id":"https:\/\/graziamagazine.com\/mx\/#website"},"datePublished":"2020-07-21T22:04:26+00:00","dateModified":"2020-07-24T18:24:35+00:00","description":"\"We were on a break!\" es una de las frases m\u00e1s ic\u00f3nicas de Friends que nadie olvidar\u00e1 y que por a\u00f1os ha mantenido vigente el debate. Descubre qu\u00e9 mencion\u00f3 David Schwimmer al respecto.","breadcrumb":{"@id":"https:\/\/graziamagazine.com\/mx\/articles\/ross-y-rachel-estaban-en-un-break-david-schwimmer-hablo-sobre-la-iconica-escena-de-friends\/#breadcrumb"},"inLanguage":"es-MX","potentialAction":[{"@type":"ReadAction","target":["https:\/\/graziamagazine.com\/mx\/articles\/ross-y-rachel-estaban-en-un-break-david-schwimmer-hablo-sobre-la-iconica-escena-de-friends\/"]}]},{"@type":"BreadcrumbList","@id":"https:\/\/graziamagazine.com\/mx\/articles\/ross-y-rachel-estaban-en-un-break-david-schwimmer-hablo-sobre-la-iconica-escena-de-friends\/#breadcrumb","itemListElement":[{"@type":"ListItem","position":1,"name":"Home","item":"https:\/\/graziamagazine.com\/mx\/"},{"@type":"ListItem","position":2,"name":"\u00bfRoss y Rachel estaban en un break? David Schwimmer habl\u00f3 sobre la ic\u00f3nica escena de Friends"}]},{"@type":"WebSite","@id":"https:\/\/graziamagazine.com\/mx\/#website","url":"https:\/\/graziamagazine.com\/mx\/","name":"Grazia M\u00e9xico y Latinoam\u00e9rica","description":"Grazia es moda, belleza y noticias  de actualidad ","potentialAction":[{"@type":"SearchAction","target":{"@type":"EntryPoint","urlTemplate":"https:\/\/graziamagazine.com\/mx\/?s={search_term_string}"},"query-input":"required name=search_term_string"}],"inLanguage":"es-MX"}]}},"jetpack_sharing_enabled":true,"distributor_meta":false,"distributor_terms":false,"distributor_media":false,"distributor_original_site_name":"Grazia M\u00e9xico y Latinoam\u00e9rica","distributor_original_site_url":"https:\/\/graziamagazine.com\/mx","push-errors":false,"_links":{"self":[{"href":"https:\/\/graziamagazine.com\/mx\/wp-json\/wp\/v2\/articles\/87531"}],"collection":[{"href":"https:\/\/graziamagazine.com\/mx\/wp-json\/wp\/v2\/articles"}],"about":[{"href":"https:\/\/graziamagazine.com\/mx\/wp-json\/wp\/v2\/types\/articles"}],"author":[{"embeddable":true,"href":"https:\/\/graziamagazine.com\/mx\/wp-json\/wp\/v2\/users\/11625"}],"wp:featuredmedia":[{"embeddable":true,"href":"https:\/\/graziamagazine.com\/mx\/wp-json\/wp\/v2\/media\/87532"}],"wp:attachment":[{"href":"https:\/\/graziamagazine.com\/mx\/wp-json\/wp\/v2\/media?parent=87531"}],"wp:term":[{"taxonomy":"category","embeddable":true,"href":"https:\/\/graziamagazine.com\/mx\/wp-json\/wp\/v2\/categories?post=87531"}],"curies":[{"name":"wp","href":"https:\/\/api.w.org\/{rel}","templated":true}]}}