{"id":87494,"date":"2020-07-18T00:15:42","date_gmt":"2020-07-18T05:15:42","guid":{"rendered":"https:\/\/graziamagazine.com\/mx\/?post_type=articles&#038;p=87494"},"modified":"2020-07-20T14:00:47","modified_gmt":"2020-07-20T19:00:47","slug":"wes-gordon-sobre-su-carrera-y-lo-que-ha-sido-para-el-estar-a-la-cabeza-creativa-de-carolina-herrera","status":"publish","type":"articles","link":"https:\/\/graziamagazine.com\/mx\/articles\/wes-gordon-sobre-su-carrera-y-lo-que-ha-sido-para-el-estar-a-la-cabeza-creativa-de-carolina-herrera\/","title":{"rendered":"Wes Gordon sobre su carrera y lo que ha sido para \u00e9l estar a la cabeza creativa de Carolina Herrera"},"content":{"rendered":"<p>Han pasado dos a\u00f1os desde que <strong>Wes Gordon<\/strong> lleg\u00f3 a la cabeza creativa de <strong>Carolina Herrera<\/strong>. El dise\u00f1ador estadounidense, graduado de Central Saint Martins, comenz\u00f3 su carrera como practicante de Oscar de la Renta y Tom Ford. Pero el sue\u00f1o por abrir su propia firma lo llev\u00f3 a mudarse a Nueva York. En 2017 su vida cambi\u00f3 por completo, fue nombrado consultor creativo de Carolina Herrera y un a\u00f1o m\u00e1s tarde tom\u00f3 las riendas luego de que la dise\u00f1adora anunciara su retiro.<\/p>\n<p>Hoy, Wes Gordon es aclamado por darle cierta frescura a la firma basada en la Gran Manzana. Su colecci\u00f3n debut llev\u00f3 los colores, los estampados, las siluetas y los vol\u00famenes al siguiente nivel, dejando que la elegancia protagonizara un caracter\u00edstico de la marca. Entrevistamos al creativo sobre sus inicios y c\u00f3mo ha logrado darle tanta frescura, sin perder la esencia, a sus propuestas en Carolina Herrera.<\/p>\n<p><img decoding=\"async\" class=\"alignnone size-large wp-image-89540\" src=\"https:\/\/grazia.mx\/wp-content\/uploads\/2020\/07\/wes-gordon-sobre-su-carrera-y-lo-que-ha-sido-para-el-estar-a-la-cabeza-creativa-de-carolina-herrera-1-700x1050.jpg\" alt=\"Wes Gordon sobre su carrera y lo que ha sido para \u00e9l estar a la cabeza creativa de Carolina Herrera\" \/><\/p>\n<p><strong><em>Grazia<\/em>: \u00bfC\u00f3mo comenz\u00f3 tu pasi\u00f3n por la moda?<\/strong><\/p>\n<p><strong>Wes Gordon<\/strong>: En la escuela, la clase de arte siempre fue mi favorita, y desarroll\u00e9 un amor por el cine. Me encant\u00f3 esta idea del\u00a0escapismo, este mundo creado a partir de un sue\u00f1o y el poder de la imagen visual, el poder de la ropa\u00a0y escenograf\u00eda. En mi adolescencia comenc\u00e9 a profundizar m\u00e1s en esta pasi\u00f3n y me di cuenta de que la moda pod\u00eda ser una carrera profesional.<\/p>\n<p>&nbsp;<\/p>\n<p><strong><em>G<\/em>: \u00bfC\u00f3mo te sentiste cuando viste por primera vez a una celebridad usando uno de tus dise\u00f1os para Carolina Herrera?<\/strong><\/p>\n<p><strong>WG<\/strong>: Fue emocionante, uno de los primeros momentos en la alfombra roja fue con Sarah Paulson en un vestido con\u00a0<em>paillette\u00a0<\/em>plateado en los Emmys, nos encanta vestir a mujeres que son audaces y atrevidas. Son mujeres seguras quienes se r\u00eden, se r\u00eden mucho, y cuando caminan van a su propio ritmo. Sin embargo, a\u00a0menudo me siento igual de emocionado de ver a una mujer caminando por la calle [y] pasando su d\u00eda en una pieza de Herrera.<\/p>\n<p>&nbsp;<\/p>\n<p><strong><em>G<\/em>:\u00a0Est\u00e1s consumido por la pasi\u00f3n de los viajes y cada una de tus colecciones intenta siempre inspirarse en varias partes del mundo. \u00bfC\u00f3mo fusionas tantos conceptos sin perder la esencia de Carolina Herrera?<\/strong><\/p>\n<p><strong>WG<\/strong>:\u00a0La mujer Carolina Herrera es la vida de la fiesta. Siempre me gusta pensar que en un d\u00eda gris y nublado,\u00a0y en un mar negro, nuestra mujer lleva un abrigo o un vestido en rosa vibrante. Ahora mismo tenemos que encontrar alegr\u00eda donde podamos y aferrarnos a ella, y esa siempre ser\u00e1 la inspiraci\u00f3n principal de todas mis colecciones.<\/p>\n<p>&nbsp;<\/p>\n<p><strong><em>G<\/em>: Cada temporada nos das dise\u00f1os alegres que no solo est\u00e1n en sinton\u00eda con nuestros tiempos, sino que tambi\u00e9n tienen una esencia perpetua. Por supuesto no tienes un plan para esto pero, \u00bfc\u00f3mo logras unir estos dos elementos: relevancia y atemporalidad?<\/strong><\/p>\n<p><strong>WG<\/strong>: Elementos como colores llamativos, siluetas dram\u00e1ticas, lunares y flores suntuosas siempre han sido \u00e1reas clave de inspiraci\u00f3n para las colecciones de Carolina Herrera. En este momento, cuando hay tanta conversaci\u00f3n sobre el prop\u00f3sito de la moda y la sostenibilidad, es importante dise\u00f1ar piezas que no sean solo para la temporada, sino que puedan vivir en el armario de una mujer a\u00f1o tras a\u00f1o.<\/p>\n<p>&nbsp;<\/p>\n<p><strong><em>G<\/em>:\u00a0Algunos de los proyectos que has lanzado en Carolina Herrera tienen una conexi\u00f3n profunda con tu infancia y el poder de la familia (por ejemplo, las tarjetas digitales para el D\u00eda de las Madres). Pero tus colecciones tambi\u00e9n vienen con esta idea en mente. \u00bfC\u00f3mo encuentras este v\u00ednculo entre sentimientos, emociones y moda?<\/strong><\/p>\n<p><strong>WG<\/strong>: La moda se trata de escapismo y de dejar volar tu imaginaci\u00f3n. El mundo en el que vivimos tiene tantas incertidumbres en este momento y la moda como forma de expresi\u00f3n deber\u00eda ser una forma de alegrar los momentos m\u00e1s oscuros.<\/p>\n<p>&nbsp;<\/p>\n<p><strong><em>G<\/em>: \u00bfCu\u00e1les son tus reflexiones sobre la cuarentena y la moda, y hacia d\u00f3nde crees que se dirige nuestra industria en tiempos de incertidumbre?<\/strong><\/p>\n<p><strong>WG<\/strong>: Los \u00faltimos meses han sido desafiantes para todos, pero ha sido un momento para aprender y apreciar las peque\u00f1as cosas que est\u00e1bamos demasiado ocupados para notar y para adaptarnos a un ritmo m\u00e1s lento. Como dise\u00f1ador, [tuve] tiempo de pensar realmente en lo que est\u00e1bamos creando y centrarnos en nuestro prop\u00f3sito y el prop\u00f3sito de cada pieza que creamos.<\/p>\n<h5><\/h5>\n<h5><em>*IM\u00c1GENES: Getty Images\/Cortes\u00eda Carolina Herrera<\/em><\/h5>\n","protected":false},"author":11636,"featured_media":87495,"template":"","format":"standard","categories":[4],"acf":[],"yoast_head":"<!-- This site is optimized with the Yoast SEO Premium plugin v18.5 (Yoast SEO v20.4) - https:\/\/yoast.com\/wordpress\/plugins\/seo\/ -->\n<title>Wes Gordon sobre su carrera y lo que ha sido para \u00e9l estar a la cabeza creativa de Carolina Herrera | Grazia M\u00e9xico y Latinoam\u00e9rica<\/title>\n<meta name=\"description\" content=\"El dise\u00f1ador al frente de Carolina Herrera, Wes Gordon, platica con Grazia M\u00e9xico y Latinoam\u00e9rica sobre su carrera en la firma.\" \/>\n<meta name=\"robots\" content=\"index, follow, max-snippet:-1, max-image-preview:large, max-video-preview:-1\" \/>\n<link rel=\"canonical\" href=\"https:\/\/graziamagazine.com\/mx\/articles\/wes-gordon-sobre-su-carrera-y-lo-que-ha-sido-para-el-estar-a-la-cabeza-creativa-de-carolina-herrera\/\" \/>\n<meta property=\"og:locale\" content=\"es_MX\" \/>\n<meta property=\"og:type\" content=\"article\" \/>\n<meta property=\"og:title\" content=\"Wes Gordon sobre su carrera y lo que ha sido para \u00e9l estar a la cabeza creativa de Carolina Herrera\" \/>\n<meta property=\"og:description\" content=\"El dise\u00f1ador al frente de Carolina Herrera, Wes Gordon, platica con Grazia M\u00e9xico y Latinoam\u00e9rica sobre su carrera en la firma.\" \/>\n<meta property=\"og:url\" content=\"https:\/\/graziamagazine.com\/mx\/articles\/wes-gordon-sobre-su-carrera-y-lo-que-ha-sido-para-el-estar-a-la-cabeza-creativa-de-carolina-herrera\/\" \/>\n<meta property=\"og:site_name\" content=\"Grazia M\u00e9xico y Latinoam\u00e9rica\" \/>\n<meta property=\"article:modified_time\" content=\"2020-07-20T19:00:47+00:00\" \/>\n<meta property=\"og:image\" content=\"https:\/\/graziamagazine.com\/mx\/wp-content\/uploads\/sites\/13\/2020\/07\/wes-gordon-sobre-su-carrera-y-lo-que-ha-sido-para-el-estar-a-la-cabeza-creativa-de-carolina-herrera-destacada.jpg?fit=1175%2C697\" \/>\n\t<meta property=\"og:image:width\" content=\"1175\" \/>\n\t<meta property=\"og:image:height\" content=\"697\" \/>\n\t<meta property=\"og:image:type\" content=\"image\/jpeg\" \/>\n<meta name=\"twitter:card\" content=\"summary_large_image\" \/>\n<meta name=\"twitter:label1\" content=\"Est. reading time\" \/>\n\t<meta name=\"twitter:data1\" content=\"4 minutos\" \/>\n<script type=\"application\/ld+json\" class=\"yoast-schema-graph\">{\"@context\":\"https:\/\/schema.org\",\"@graph\":[{\"@type\":\"WebPage\",\"@id\":\"https:\/\/graziamagazine.com\/mx\/articles\/wes-gordon-sobre-su-carrera-y-lo-que-ha-sido-para-el-estar-a-la-cabeza-creativa-de-carolina-herrera\/\",\"url\":\"https:\/\/graziamagazine.com\/mx\/articles\/wes-gordon-sobre-su-carrera-y-lo-que-ha-sido-para-el-estar-a-la-cabeza-creativa-de-carolina-herrera\/\",\"name\":\"Wes Gordon sobre su carrera y lo que ha sido para \u00e9l estar a la cabeza creativa de Carolina Herrera | Grazia M\u00e9xico y Latinoam\u00e9rica\",\"isPartOf\":{\"@id\":\"https:\/\/graziamagazine.com\/mx\/#website\"},\"datePublished\":\"2020-07-18T05:15:42+00:00\",\"dateModified\":\"2020-07-20T19:00:47+00:00\",\"description\":\"El dise\u00f1ador al frente de Carolina Herrera, Wes Gordon, platica con Grazia M\u00e9xico y Latinoam\u00e9rica sobre su carrera en la firma.\",\"breadcrumb\":{\"@id\":\"https:\/\/graziamagazine.com\/mx\/articles\/wes-gordon-sobre-su-carrera-y-lo-que-ha-sido-para-el-estar-a-la-cabeza-creativa-de-carolina-herrera\/#breadcrumb\"},\"inLanguage\":\"es-MX\",\"potentialAction\":[{\"@type\":\"ReadAction\",\"target\":[\"https:\/\/graziamagazine.com\/mx\/articles\/wes-gordon-sobre-su-carrera-y-lo-que-ha-sido-para-el-estar-a-la-cabeza-creativa-de-carolina-herrera\/\"]}]},{\"@type\":\"BreadcrumbList\",\"@id\":\"https:\/\/graziamagazine.com\/mx\/articles\/wes-gordon-sobre-su-carrera-y-lo-que-ha-sido-para-el-estar-a-la-cabeza-creativa-de-carolina-herrera\/#breadcrumb\",\"itemListElement\":[{\"@type\":\"ListItem\",\"position\":1,\"name\":\"Home\",\"item\":\"https:\/\/graziamagazine.com\/mx\/\"},{\"@type\":\"ListItem\",\"position\":2,\"name\":\"Wes Gordon sobre su carrera y lo que ha sido para \u00e9l estar a la cabeza creativa de Carolina Herrera\"}]},{\"@type\":\"WebSite\",\"@id\":\"https:\/\/graziamagazine.com\/mx\/#website\",\"url\":\"https:\/\/graziamagazine.com\/mx\/\",\"name\":\"Grazia M\u00e9xico y Latinoam\u00e9rica\",\"description\":\"Grazia es moda, belleza y noticias  de actualidad \",\"potentialAction\":[{\"@type\":\"SearchAction\",\"target\":{\"@type\":\"EntryPoint\",\"urlTemplate\":\"https:\/\/graziamagazine.com\/mx\/?s={search_term_string}\"},\"query-input\":\"required name=search_term_string\"}],\"inLanguage\":\"es-MX\"}]}<\/script>\n<!-- \/ Yoast SEO Premium plugin. -->","yoast_head_json":{"title":"Wes Gordon sobre su carrera y lo que ha sido para \u00e9l estar a la cabeza creativa de Carolina Herrera | Grazia M\u00e9xico y Latinoam\u00e9rica","description":"El dise\u00f1ador al frente de Carolina Herrera, Wes Gordon, platica con Grazia M\u00e9xico y Latinoam\u00e9rica sobre su carrera en la firma.","robots":{"index":"index","follow":"follow","max-snippet":"max-snippet:-1","max-image-preview":"max-image-preview:large","max-video-preview":"max-video-preview:-1"},"canonical":"https:\/\/graziamagazine.com\/mx\/articles\/wes-gordon-sobre-su-carrera-y-lo-que-ha-sido-para-el-estar-a-la-cabeza-creativa-de-carolina-herrera\/","og_locale":"es_MX","og_type":"article","og_title":"Wes Gordon sobre su carrera y lo que ha sido para \u00e9l estar a la cabeza creativa de Carolina Herrera","og_description":"El dise\u00f1ador al frente de Carolina Herrera, Wes Gordon, platica con Grazia M\u00e9xico y Latinoam\u00e9rica sobre su carrera en la firma.","og_url":"https:\/\/graziamagazine.com\/mx\/articles\/wes-gordon-sobre-su-carrera-y-lo-que-ha-sido-para-el-estar-a-la-cabeza-creativa-de-carolina-herrera\/","og_site_name":"Grazia M\u00e9xico y Latinoam\u00e9rica","article_modified_time":"2020-07-20T19:00:47+00:00","og_image":[{"width":1175,"height":697,"url":"https:\/\/graziamagazine.com\/mx\/wp-content\/uploads\/sites\/13\/2020\/07\/wes-gordon-sobre-su-carrera-y-lo-que-ha-sido-para-el-estar-a-la-cabeza-creativa-de-carolina-herrera-destacada.jpg?fit=1175%2C697","type":"image\/jpeg"}],"twitter_card":"summary_large_image","twitter_misc":{"Est. reading time":"4 minutos"},"schema":{"@context":"https:\/\/schema.org","@graph":[{"@type":"WebPage","@id":"https:\/\/graziamagazine.com\/mx\/articles\/wes-gordon-sobre-su-carrera-y-lo-que-ha-sido-para-el-estar-a-la-cabeza-creativa-de-carolina-herrera\/","url":"https:\/\/graziamagazine.com\/mx\/articles\/wes-gordon-sobre-su-carrera-y-lo-que-ha-sido-para-el-estar-a-la-cabeza-creativa-de-carolina-herrera\/","name":"Wes Gordon sobre su carrera y lo que ha sido para \u00e9l estar a la cabeza creativa de Carolina Herrera | Grazia M\u00e9xico y Latinoam\u00e9rica","isPartOf":{"@id":"https:\/\/graziamagazine.com\/mx\/#website"},"datePublished":"2020-07-18T05:15:42+00:00","dateModified":"2020-07-20T19:00:47+00:00","description":"El dise\u00f1ador al frente de Carolina Herrera, Wes Gordon, platica con Grazia M\u00e9xico y Latinoam\u00e9rica sobre su carrera en la firma.","breadcrumb":{"@id":"https:\/\/graziamagazine.com\/mx\/articles\/wes-gordon-sobre-su-carrera-y-lo-que-ha-sido-para-el-estar-a-la-cabeza-creativa-de-carolina-herrera\/#breadcrumb"},"inLanguage":"es-MX","potentialAction":[{"@type":"ReadAction","target":["https:\/\/graziamagazine.com\/mx\/articles\/wes-gordon-sobre-su-carrera-y-lo-que-ha-sido-para-el-estar-a-la-cabeza-creativa-de-carolina-herrera\/"]}]},{"@type":"BreadcrumbList","@id":"https:\/\/graziamagazine.com\/mx\/articles\/wes-gordon-sobre-su-carrera-y-lo-que-ha-sido-para-el-estar-a-la-cabeza-creativa-de-carolina-herrera\/#breadcrumb","itemListElement":[{"@type":"ListItem","position":1,"name":"Home","item":"https:\/\/graziamagazine.com\/mx\/"},{"@type":"ListItem","position":2,"name":"Wes Gordon sobre su carrera y lo que ha sido para \u00e9l estar a la cabeza creativa de Carolina Herrera"}]},{"@type":"WebSite","@id":"https:\/\/graziamagazine.com\/mx\/#website","url":"https:\/\/graziamagazine.com\/mx\/","name":"Grazia M\u00e9xico y Latinoam\u00e9rica","description":"Grazia es moda, belleza y noticias  de actualidad ","potentialAction":[{"@type":"SearchAction","target":{"@type":"EntryPoint","urlTemplate":"https:\/\/graziamagazine.com\/mx\/?s={search_term_string}"},"query-input":"required name=search_term_string"}],"inLanguage":"es-MX"}]}},"jetpack_sharing_enabled":true,"distributor_meta":false,"distributor_terms":false,"distributor_media":false,"distributor_original_site_name":"Grazia M\u00e9xico y Latinoam\u00e9rica","distributor_original_site_url":"https:\/\/graziamagazine.com\/mx","push-errors":false,"_links":{"self":[{"href":"https:\/\/graziamagazine.com\/mx\/wp-json\/wp\/v2\/articles\/87494"}],"collection":[{"href":"https:\/\/graziamagazine.com\/mx\/wp-json\/wp\/v2\/articles"}],"about":[{"href":"https:\/\/graziamagazine.com\/mx\/wp-json\/wp\/v2\/types\/articles"}],"author":[{"embeddable":true,"href":"https:\/\/graziamagazine.com\/mx\/wp-json\/wp\/v2\/users\/11636"}],"wp:featuredmedia":[{"embeddable":true,"href":"https:\/\/graziamagazine.com\/mx\/wp-json\/wp\/v2\/media\/87495"}],"wp:attachment":[{"href":"https:\/\/graziamagazine.com\/mx\/wp-json\/wp\/v2\/media?parent=87494"}],"wp:term":[{"taxonomy":"category","embeddable":true,"href":"https:\/\/graziamagazine.com\/mx\/wp-json\/wp\/v2\/categories?post=87494"}],"curies":[{"name":"wp","href":"https:\/\/api.w.org\/{rel}","templated":true}]}}