{"id":87432,"date":"2020-07-14T13:27:58","date_gmt":"2020-07-14T18:27:58","guid":{"rendered":"https:\/\/graziamagazine.com\/mx\/?post_type=articles&#038;p=87432"},"modified":"2020-07-14T16:15:56","modified_gmt":"2020-07-14T21:15:56","slug":"los-vestidos-que-usaremos-en-primavera-verano-2021-son-firmados-por-prada","status":"publish","type":"articles","link":"https:\/\/graziamagazine.com\/mx\/articles\/los-vestidos-que-usaremos-en-primavera-verano-2021-son-firmados-por-prada\/","title":{"rendered":"Los vestidos que usaremos en primavera-verano 2021 son firmados por Prada"},"content":{"rendered":"<p>Si hab\u00eda una presentaci\u00f3n que nos emocionaba esta temporada digital de &#8220;pasarelas&#8221; \u2014entre comillas porque en realidad se ha tratado de cortometrajes\u2014, esa era <strong>Prada<\/strong>. <strong>Miuccia Prada<\/strong> no escatim\u00f3 en traer su caracter\u00edstico minimalismo noventero de regreso con prendas estructuradas, de cortes limpios y su ic\u00f3nico emblema, el triangulo, incrustado en los distintos dise\u00f1os. La colecci\u00f3n <strong>primavera-verano 2021<\/strong>, fue una lecci\u00f3n en estilo y buen gusto, dividida en facetas y presentada a trav\u00e9s del ojo de cinco artistas, de ah\u00ed el nombre\u00a0<em><a href=\"https:\/\/grazia.mx\/ve-aqui-la-pasarela-de-prada-primavera-verano-2021\/\" target=\"_blank\" rel=\"noopener noreferrer\" target=\"_blank\"><strong>Prada Multiple Views<\/strong><\/a>.<\/em><\/p>\n<p><img decoding=\"async\" class=\"alignnone size-full wp-image-89279\" src=\"https:\/\/grazia.mx\/wp-content\/uploads\/2020\/07\/los-vestidos-que-usaremos-en-primavera-verano-2020-son-firmados-por-prada-1.jpg\" alt=\"\" \/><\/p>\n<p><img decoding=\"async\" class=\"alignnone size-large wp-image-89281\" src=\"https:\/\/grazia.mx\/wp-content\/uploads\/2020\/07\/los-vestidos-que-usaremos-en-primavera-verano-2020-son-firmados-por-prada-3.jpg\" alt=\"\" \/><\/p>\n<p><img decoding=\"async\" class=\"alignnone size-full wp-image-89280\" src=\"https:\/\/grazia.mx\/wp-content\/uploads\/2020\/07\/los-vestidos-que-usaremos-en-primavera-verano-2020-son-firmados-por-prada-2.jpg\" alt=\"\" \/><\/p>\n<p>En una paleta de color neutra, con uno que otro destello colorido \u2014un abrigo y un vestido, ambos floreados, y bolsos en tonos sorbete\u2014, la propuesta pinta la gu\u00eda mandatoria que debemos seguir. Pero si de algo en espec\u00edfico hay que hablar es de los vestidos que ya se han convertido en nuestra obsesi\u00f3n. Explorando los distintos cortes y siluetas de esta prenda \u2014en\u00a0<em>strapless<\/em>,\u00a0<em>babydoll<\/em>,\u00a0<em>ball gowns<\/em> cortos, vestidos lenceros, en &#8216;A&#8217;, camiseros\u2014, es claro que Prada quiere que esa feminidad sea la protagonista de la temporada. Los combina con\u00a0<em>stirrup\u00a0leggings<\/em> o medias y\u00a0<em>flats<\/em> o\u00a0<em>slingbacks<\/em>, y\u00a0conjugan una manera \u00fanica de vestir, desmitificando la frescura del verano y poni\u00e9ndole cierto dinamismo a la ecuaci\u00f3n.<\/p>\n<p><img decoding=\"async\" class=\"alignnone size-full wp-image-89282\" src=\"https:\/\/grazia.mx\/wp-content\/uploads\/2020\/07\/los-vestidos-que-usaremos-en-primavera-verano-2020-son-firmados-por-prada-4.jpg\" alt=\"\" \/><\/p>\n<p><img decoding=\"async\" class=\"alignnone size-large wp-image-89283\" src=\"https:\/\/grazia.mx\/wp-content\/uploads\/2020\/07\/los-vestidos-que-usaremos-en-primavera-verano-2020-son-firmados-por-prada-5.jpg\" alt=\"\" \/><\/p>\n<p>En el minimalismo existe cierta sensualidad y Prada nos la dio con <em>slip<\/em> <em>dresses<\/em>, inspirados en su colecci\u00f3n oto\u00f1o-invierno 1994,\u00a0que fusionan encajes y saten. A ello se le une un\u00a0<em>babydoll<\/em> perfectamente construido y confeccionado, de ca\u00edda r\u00edgida. Sin embargo, si\u00a0precisamos en\u00a0<em>highlights<\/em> \u2014aunque confesamos es dif\u00edcil escoger uno\u2014, es imposible ignorar aquel vestido <em>midi<\/em>\u00a0con escote profundo\u00a0en &#8216;V&#8217;, visto en el primer cap\u00edtulo por Willy Vanderperre, que sin problema podr\u00eda integrarse a nuestro cl\u00f3set como un cl\u00e1sico\u00a0<em>Little Black Dress<\/em>. O que nos dices de ese\u00a0<em>ball dress<\/em>\u00a0con cors\u00e9 y en cintura natural con detalles en encaje blanco (del segundo cap\u00edtulo por Juergen Teller) que logran un sublime\u00a0<em>B&amp;W<\/em> y le dan dimensi\u00f3n al volumen de la falda. Por \u00faltimo, hablemos de los camiseros, en blanco y gris, que si de imprescindibles se tratar\u00e1 entonces estos cumplen el requisito.<\/p>\n<p><img decoding=\"async\" class=\"alignnone size-full wp-image-89284\" src=\"https:\/\/grazia.mx\/wp-content\/uploads\/2020\/07\/los-vestidos-que-usaremos-en-primavera-verano-2020-son-firmados-por-prada-6.jpg\" alt=\"\" \/><\/p>\n<p><img decoding=\"async\" class=\"alignnone size-large wp-image-89285\" src=\"https:\/\/grazia.mx\/wp-content\/uploads\/2020\/07\/los-vestidos-que-usaremos-en-primavera-verano-2020-son-firmados-por-prada-7.jpg\" alt=\"\" \/><\/p>\n<p><img decoding=\"async\" class=\"alignnone size-large wp-image-89286\" src=\"https:\/\/grazia.mx\/wp-content\/uploads\/2020\/07\/los-vestidos-que-usaremos-en-primavera-verano-2020-son-firmados-por-prada-8.jpg\" alt=\"\" \/><\/p>\n<h5><\/h5>\n<h5><em>*IM\u00c1GENES: Cortes\u00eda Prada<\/em><\/h5>\n","protected":false},"author":11641,"featured_media":87433,"template":"","format":"standard","categories":[4],"acf":[],"yoast_head":"<!-- This site is optimized with the Yoast SEO Premium plugin v18.5 (Yoast SEO v20.4) - https:\/\/yoast.com\/wordpress\/plugins\/seo\/ -->\n<title>Los vestidos que usaremos en primavera-verano 2021 son firmados por Prada | Grazia M\u00e9xico y Latinoam\u00e9rica<\/title>\n<meta name=\"description\" content=\"A trav\u00e9s de una art\u00edstica presentaci\u00f3n dividida en cinco cap\u00edtulos, Prada nos ense\u00f1\u00f3 a llevar vestidos para primavera-verano 2021 con elegancia y dinamismo.\" \/>\n<meta name=\"robots\" content=\"index, follow, max-snippet:-1, max-image-preview:large, max-video-preview:-1\" \/>\n<link rel=\"canonical\" href=\"https:\/\/graziamagazine.com\/mx\/articles\/los-vestidos-que-usaremos-en-primavera-verano-2021-son-firmados-por-prada\/\" \/>\n<meta property=\"og:locale\" content=\"es_MX\" \/>\n<meta property=\"og:type\" content=\"article\" \/>\n<meta property=\"og:title\" content=\"Los vestidos que usaremos en primavera-verano 2021 son firmados por Prada\" \/>\n<meta property=\"og:description\" content=\"A trav\u00e9s de una art\u00edstica presentaci\u00f3n dividida en cinco cap\u00edtulos, Prada nos ense\u00f1\u00f3 a llevar vestidos para primavera-verano 2021 con elegancia y dinamismo.\" \/>\n<meta property=\"og:url\" content=\"https:\/\/graziamagazine.com\/mx\/articles\/los-vestidos-que-usaremos-en-primavera-verano-2021-son-firmados-por-prada\/\" \/>\n<meta property=\"og:site_name\" content=\"Grazia M\u00e9xico y Latinoam\u00e9rica\" \/>\n<meta property=\"article:modified_time\" content=\"2020-07-14T21:15:56+00:00\" \/>\n<meta property=\"og:image\" content=\"https:\/\/graziamagazine.com\/mx\/wp-content\/uploads\/sites\/13\/2020\/07\/Prada-Multiple-Views-SS21_Juergen-Teller_01-copy.jpg?fit=1807%2C1150\" \/>\n\t<meta property=\"og:image:width\" content=\"1807\" \/>\n\t<meta property=\"og:image:height\" content=\"1150\" \/>\n\t<meta property=\"og:image:type\" content=\"image\/jpeg\" \/>\n<meta name=\"twitter:card\" content=\"summary_large_image\" \/>\n<meta name=\"twitter:label1\" content=\"Est. reading time\" \/>\n\t<meta name=\"twitter:data1\" content=\"2 minutos\" \/>\n<script type=\"application\/ld+json\" class=\"yoast-schema-graph\">{\"@context\":\"https:\/\/schema.org\",\"@graph\":[{\"@type\":\"WebPage\",\"@id\":\"https:\/\/graziamagazine.com\/mx\/articles\/los-vestidos-que-usaremos-en-primavera-verano-2021-son-firmados-por-prada\/\",\"url\":\"https:\/\/graziamagazine.com\/mx\/articles\/los-vestidos-que-usaremos-en-primavera-verano-2021-son-firmados-por-prada\/\",\"name\":\"Los vestidos que usaremos en primavera-verano 2021 son firmados por Prada | Grazia M\u00e9xico y Latinoam\u00e9rica\",\"isPartOf\":{\"@id\":\"https:\/\/graziamagazine.com\/mx\/#website\"},\"datePublished\":\"2020-07-14T18:27:58+00:00\",\"dateModified\":\"2020-07-14T21:15:56+00:00\",\"description\":\"A trav\u00e9s de una art\u00edstica presentaci\u00f3n dividida en cinco cap\u00edtulos, Prada nos ense\u00f1\u00f3 a llevar vestidos para primavera-verano 2021 con elegancia y dinamismo.\",\"breadcrumb\":{\"@id\":\"https:\/\/graziamagazine.com\/mx\/articles\/los-vestidos-que-usaremos-en-primavera-verano-2021-son-firmados-por-prada\/#breadcrumb\"},\"inLanguage\":\"es-MX\",\"potentialAction\":[{\"@type\":\"ReadAction\",\"target\":[\"https:\/\/graziamagazine.com\/mx\/articles\/los-vestidos-que-usaremos-en-primavera-verano-2021-son-firmados-por-prada\/\"]}]},{\"@type\":\"BreadcrumbList\",\"@id\":\"https:\/\/graziamagazine.com\/mx\/articles\/los-vestidos-que-usaremos-en-primavera-verano-2021-son-firmados-por-prada\/#breadcrumb\",\"itemListElement\":[{\"@type\":\"ListItem\",\"position\":1,\"name\":\"Home\",\"item\":\"https:\/\/graziamagazine.com\/mx\/\"},{\"@type\":\"ListItem\",\"position\":2,\"name\":\"Los vestidos que usaremos en primavera-verano 2021 son firmados por Prada\"}]},{\"@type\":\"WebSite\",\"@id\":\"https:\/\/graziamagazine.com\/mx\/#website\",\"url\":\"https:\/\/graziamagazine.com\/mx\/\",\"name\":\"Grazia M\u00e9xico y Latinoam\u00e9rica\",\"description\":\"Grazia es moda, belleza y noticias  de actualidad \",\"potentialAction\":[{\"@type\":\"SearchAction\",\"target\":{\"@type\":\"EntryPoint\",\"urlTemplate\":\"https:\/\/graziamagazine.com\/mx\/?s={search_term_string}\"},\"query-input\":\"required name=search_term_string\"}],\"inLanguage\":\"es-MX\"}]}<\/script>\n<!-- \/ Yoast SEO Premium plugin. -->","yoast_head_json":{"title":"Los vestidos que usaremos en primavera-verano 2021 son firmados por Prada | Grazia M\u00e9xico y Latinoam\u00e9rica","description":"A trav\u00e9s de una art\u00edstica presentaci\u00f3n dividida en cinco cap\u00edtulos, Prada nos ense\u00f1\u00f3 a llevar vestidos para primavera-verano 2021 con elegancia y dinamismo.","robots":{"index":"index","follow":"follow","max-snippet":"max-snippet:-1","max-image-preview":"max-image-preview:large","max-video-preview":"max-video-preview:-1"},"canonical":"https:\/\/graziamagazine.com\/mx\/articles\/los-vestidos-que-usaremos-en-primavera-verano-2021-son-firmados-por-prada\/","og_locale":"es_MX","og_type":"article","og_title":"Los vestidos que usaremos en primavera-verano 2021 son firmados por Prada","og_description":"A trav\u00e9s de una art\u00edstica presentaci\u00f3n dividida en cinco cap\u00edtulos, Prada nos ense\u00f1\u00f3 a llevar vestidos para primavera-verano 2021 con elegancia y dinamismo.","og_url":"https:\/\/graziamagazine.com\/mx\/articles\/los-vestidos-que-usaremos-en-primavera-verano-2021-son-firmados-por-prada\/","og_site_name":"Grazia M\u00e9xico y Latinoam\u00e9rica","article_modified_time":"2020-07-14T21:15:56+00:00","og_image":[{"width":1807,"height":1150,"url":"https:\/\/graziamagazine.com\/mx\/wp-content\/uploads\/sites\/13\/2020\/07\/Prada-Multiple-Views-SS21_Juergen-Teller_01-copy.jpg?fit=1807%2C1150","type":"image\/jpeg"}],"twitter_card":"summary_large_image","twitter_misc":{"Est. reading time":"2 minutos"},"schema":{"@context":"https:\/\/schema.org","@graph":[{"@type":"WebPage","@id":"https:\/\/graziamagazine.com\/mx\/articles\/los-vestidos-que-usaremos-en-primavera-verano-2021-son-firmados-por-prada\/","url":"https:\/\/graziamagazine.com\/mx\/articles\/los-vestidos-que-usaremos-en-primavera-verano-2021-son-firmados-por-prada\/","name":"Los vestidos que usaremos en primavera-verano 2021 son firmados por Prada | Grazia M\u00e9xico y Latinoam\u00e9rica","isPartOf":{"@id":"https:\/\/graziamagazine.com\/mx\/#website"},"datePublished":"2020-07-14T18:27:58+00:00","dateModified":"2020-07-14T21:15:56+00:00","description":"A trav\u00e9s de una art\u00edstica presentaci\u00f3n dividida en cinco cap\u00edtulos, Prada nos ense\u00f1\u00f3 a llevar vestidos para primavera-verano 2021 con elegancia y dinamismo.","breadcrumb":{"@id":"https:\/\/graziamagazine.com\/mx\/articles\/los-vestidos-que-usaremos-en-primavera-verano-2021-son-firmados-por-prada\/#breadcrumb"},"inLanguage":"es-MX","potentialAction":[{"@type":"ReadAction","target":["https:\/\/graziamagazine.com\/mx\/articles\/los-vestidos-que-usaremos-en-primavera-verano-2021-son-firmados-por-prada\/"]}]},{"@type":"BreadcrumbList","@id":"https:\/\/graziamagazine.com\/mx\/articles\/los-vestidos-que-usaremos-en-primavera-verano-2021-son-firmados-por-prada\/#breadcrumb","itemListElement":[{"@type":"ListItem","position":1,"name":"Home","item":"https:\/\/graziamagazine.com\/mx\/"},{"@type":"ListItem","position":2,"name":"Los vestidos que usaremos en primavera-verano 2021 son firmados por Prada"}]},{"@type":"WebSite","@id":"https:\/\/graziamagazine.com\/mx\/#website","url":"https:\/\/graziamagazine.com\/mx\/","name":"Grazia M\u00e9xico y Latinoam\u00e9rica","description":"Grazia es moda, belleza y noticias  de actualidad ","potentialAction":[{"@type":"SearchAction","target":{"@type":"EntryPoint","urlTemplate":"https:\/\/graziamagazine.com\/mx\/?s={search_term_string}"},"query-input":"required name=search_term_string"}],"inLanguage":"es-MX"}]}},"jetpack_sharing_enabled":true,"distributor_meta":false,"distributor_terms":false,"distributor_media":false,"distributor_original_site_name":"Grazia M\u00e9xico y Latinoam\u00e9rica","distributor_original_site_url":"https:\/\/graziamagazine.com\/mx","push-errors":false,"_links":{"self":[{"href":"https:\/\/graziamagazine.com\/mx\/wp-json\/wp\/v2\/articles\/87432"}],"collection":[{"href":"https:\/\/graziamagazine.com\/mx\/wp-json\/wp\/v2\/articles"}],"about":[{"href":"https:\/\/graziamagazine.com\/mx\/wp-json\/wp\/v2\/types\/articles"}],"author":[{"embeddable":true,"href":"https:\/\/graziamagazine.com\/mx\/wp-json\/wp\/v2\/users\/11641"}],"wp:featuredmedia":[{"embeddable":true,"href":"https:\/\/graziamagazine.com\/mx\/wp-json\/wp\/v2\/media\/87433"}],"wp:attachment":[{"href":"https:\/\/graziamagazine.com\/mx\/wp-json\/wp\/v2\/media?parent=87432"}],"wp:term":[{"taxonomy":"category","embeddable":true,"href":"https:\/\/graziamagazine.com\/mx\/wp-json\/wp\/v2\/categories?post=87432"}],"curies":[{"name":"wp","href":"https:\/\/api.w.org\/{rel}","templated":true}]}}