{"id":87276,"date":"2020-07-06T12:17:21","date_gmt":"2020-07-06T17:17:21","guid":{"rendered":"https:\/\/graziamagazine.com\/mx\/?post_type=articles&#038;p=87276"},"modified":"2020-07-08T17:23:47","modified_gmt":"2020-07-08T22:23:47","slug":"4-veces-que-la-moda-se-inspiro-en-el-estilo-unico-de-frida-kahlo","status":"publish","type":"articles","link":"https:\/\/graziamagazine.com\/mx\/articles\/4-veces-que-la-moda-se-inspiro-en-el-estilo-unico-de-frida-kahlo\/","title":{"rendered":"4 veces que la moda se inspir\u00f3 en el estilo \u00fanico de Frida Kahlo"},"content":{"rendered":"<p><span style=\"line-height: 1.5\">Por d\u00e9cadas,<strong> Frida Kahlo <\/strong>ha tenido un impacto alrededor del mundo no solo con su arte surrealista, sino tambi\u00e9n con ese estilo \u00fanico que representa el folclor mexicano. La autora de &#8220;Las dos Fridas&#8221; es la \u00fanica artista femenina alrededor del mundo cuya imagen se reconoce al instante, pues<\/span><span style=\"line-height: 1.5\">\u00a0se convirti\u00f3 en una de las mujeres m\u00e1s emblem\u00e1ticas del siglo XX, igual que Marilyn Monroe y Jackie Kennedy. <\/span><\/p>\n<p><span style=\"line-height: 1.5\">La mezcla de elementos mexicanos y europeos como las flores, los bordados, los rebozos y la combinaci\u00f3n de texturas son caracter\u00edsticas que la representan y cuentan historias de pasi\u00f3n, romance, dolor y sufrimiento. Pero algo que muy pocos saben, es que todo este conjunto de referencias reflejan declaraciones pol\u00edticas y un medio de expresi\u00f3n que desafiaba las normas de g\u00e9nero.\u00a0<\/span><\/p>\n<p><img decoding=\"async\" class=\"alignnone size-full wp-image-88813\" src=\"https:\/\/grazia.mx\/wp-content\/uploads\/2020\/07\/4-veces-que-la-moda-se-inspiro-en-el-estilo-unico-de-frida-kahlo-1.jpg\" alt=\"\" \/><\/p>\n<p>Frida representa el orgullo cultural y por a\u00f1os ha inspirado a la industria de la moda.\u00a0Te dejamos cuatro colecciones que rescatan su estilo inigualable:<\/p>\n<h3><span style=\"line-height: 1.5\">Moschino<\/span><span style=\"line-height: 1.5\">\u00a0<\/span><\/h3>\n<p>Las siluetas en seda, los colores vibrantes y los enormes estampados de flores fueron la base de esta propuesta para primavera-verano 2012. Los encajes, bordados, telas fluidas y una prenda que alude a los rebozos fueron protagonistas junto a coronas de flores y trenzas como las que Frida siempre usaba.<\/p>\n<p><a href=\"http:\/\/www.gettyimages.es\/detail\/127239088\"id=\"5QVTi8NkTa52QtvNuJGcvA\" class=\"gie-slideshow\" style=\"color: #a7a7a7;text-decoration: none;font-weight: normal !important;border: none\"  target=\"_blank\" rel=\"noopener noreferrer\" target=\"_blank\">Embed from Getty Images<\/a>window.gie=window.gie||function(c){(gie.q=gie.q||[]).push(c)};gie(function(){gie.widgets.load({id:&#8217;5QVTi8NkTa52QtvNuJGcvA&#8217;,sig:&#8217;COIDTLqFjOLu_yuwu0Z_H25dT-0MtnLA_BHp9isSbqM=&#8217;,w:&#8217;395px&#8217;,h:&#8217;594px&#8217;,items:&#8217;127239088,127239159,127239135,127239123&#8242;,caption: true ,tld:&#8217;es&#8217;,is360: false })});<\/p>\n<h3>Jean Paul Gaultier<\/h3>\n<p>Para primavera-verano 1998, el creativo franc\u00e9s ideo una serie de 79 siluetas dram\u00e1ticas inspiradas en Frida Kahlo y Marilyn Manson, mostrando artesan\u00eda y sastrer\u00eda de confecci\u00f3n impecable y un <em>show<\/em> alucinante donde reinaban las frutas y el folclor de un mercado mexicano colorido. Las modelos lucieron coronas de flores, unicejas y algunas lloraban l\u00e1grimas de sangre.<\/p>\n<p><a href=\"http:\/\/www.gettyimages.es\/detail\/124127644\"id=\"WpCBNJwTTspnB-iAZadhZA\" class=\"gie-slideshow\" style=\"color: #a7a7a7;text-decoration: none;font-weight: normal !important;border: none\"  target=\"_blank\" rel=\"noopener noreferrer\" target=\"_blank\">Embed from Getty Images<\/a>window.gie=window.gie||function(c){(gie.q=gie.q||[]).push(c)};gie(function(){gie.widgets.load({id:&#8217;WpCBNJwTTspnB-iAZadhZA&#8217;,sig:&#8217;np7_aswlfa-Dd94rNWWHWtwvhCex-B-KPmUwHOREd_Q=&#8217;,w:&#8217;392px&#8217;,h:&#8217;594px&#8217;,items:&#8217;124127644,124127630,124127625,124053869&#8242;,caption: true ,tld:&#8217;es&#8217;,is360: false })});<\/p>\n<h3>Alberta Ferretti<\/h3>\n<p>La dise\u00f1adora italiana tom\u00f3 referencias tradicionales del estilo de la artista para primavera-verano 2014 y cre\u00f3 una colecci\u00f3n donde el algod\u00f3n, los holanes, bordados, encajes y flores brillantes fueron protagonistas junto a aretes XXL.<\/p>\n<p><a href=\"http:\/\/www.gettyimages.es\/detail\/180949417\"id=\"Z7ctdWovS5R2iEZlhoFxGQ\" class=\"gie-slideshow\" style=\"color: #a7a7a7;text-decoration: none;font-weight: normal !important;border: none\"  target=\"_blank\" rel=\"noopener noreferrer\" target=\"_blank\">Embed from Getty Images<\/a>window.gie=window.gie||function(c){(gie.q=gie.q||[]).push(c)};gie(function(){gie.widgets.load({id:&#8217;Z7ctdWovS5R2iEZlhoFxGQ&#8217;,sig:&#8217;xliKhutYeegaCzKaG93HYE_0Z0r8I7SFRF8JKDGeAcE=&#8217;,w:&#8217;396px&#8217;,h:&#8217;594px&#8217;,items:&#8217;180949417,181658267,181658260,181658292&#8242;,caption: true ,tld:&#8217;es&#8217;,is360: false })});<\/p>\n<h3>Kenzo<\/h3>\n<p>Antonio Marras hizo un tributo a Kahlo con sutiles y poco obvias referencias a sus pinturas y al D\u00eda de Muertos con vestidos y faldas fluidas, construidas en materiales estampados con flores y patrones gr\u00e1ficos tradicionales de la cultura mexicana. La vibra folcl\u00f3rica fue creada bajo una paleta de tonos oscuros, tales como el verde oliva, rojo y marr\u00f3n. Adem\u00e1s, el detalle estelar fueron las trenzas que representan a la artista.<\/p>\n<p><a href=\"http:\/\/www.gettyimages.es\/detail\/127611824\"id=\"LkdTYr8LQSBnZizKBMf3AQ\" class=\"gie-slideshow\" style=\"color: #a7a7a7;text-decoration: none;font-weight: normal !important;border: none\"  target=\"_blank\" rel=\"noopener noreferrer\" target=\"_blank\">Embed from Getty Images<\/a>window.gie=window.gie||function(c){(gie.q=gie.q||[]).push(c)};gie(function(){gie.widgets.load({id:&#8217;LkdTYr8LQSBnZizKBMf3AQ&#8217;,sig:&#8217;OmA6dF_K-ju6zWyIhE8yOJshqzRemDBkKrU4qcNpQBc=&#8217;,w:&#8217;396px&#8217;,h:&#8217;594px&#8217;,items:&#8217;127611824,109814091,109813072,109814618&#8242;,caption: true ,tld:&#8217;es&#8217;,is360: false })});<\/p>\n<h5><em>*IM\u00c1GENES: Getty Images<\/em><\/h5>\n","protected":false},"author":11656,"featured_media":87277,"template":"","format":"standard","categories":[4],"acf":[],"yoast_head":"<!-- This site is optimized with the Yoast SEO Premium plugin v18.5 (Yoast SEO v20.4) - https:\/\/yoast.com\/wordpress\/plugins\/seo\/ -->\n<title>4 veces que la moda se inspir\u00f3 en el estilo \u00fanico de Frida Kahlo | Grazia M\u00e9xico y Latinoam\u00e9rica<\/title>\n<meta name=\"description\" content=\"Frida Kahlo representa el folclor mexicano y su estilo ha sido inspiraci\u00f3n de muchos creativos alrededor del mundo. Te dejamos cuatro propuestas inspiradas en la artista que amar\u00e1s.\" \/>\n<meta name=\"robots\" content=\"index, follow, max-snippet:-1, max-image-preview:large, max-video-preview:-1\" \/>\n<link rel=\"canonical\" href=\"https:\/\/graziamagazine.com\/mx\/articles\/4-veces-que-la-moda-se-inspiro-en-el-estilo-unico-de-frida-kahlo\/\" \/>\n<meta property=\"og:locale\" content=\"es_MX\" \/>\n<meta property=\"og:type\" content=\"article\" \/>\n<meta property=\"og:title\" content=\"4 veces que la moda se inspir\u00f3 en el estilo \u00fanico de Frida Kahlo\" \/>\n<meta property=\"og:description\" content=\"Frida Kahlo representa el folclor mexicano y su estilo ha sido inspiraci\u00f3n de muchos creativos alrededor del mundo. Te dejamos cuatro propuestas inspiradas en la artista que amar\u00e1s.\" \/>\n<meta property=\"og:url\" content=\"https:\/\/graziamagazine.com\/mx\/articles\/4-veces-que-la-moda-se-inspiro-en-el-estilo-unico-de-frida-kahlo\/\" \/>\n<meta property=\"og:site_name\" content=\"Grazia M\u00e9xico y Latinoam\u00e9rica\" \/>\n<meta property=\"article:modified_time\" content=\"2020-07-08T22:23:47+00:00\" \/>\n<meta property=\"og:image\" content=\"https:\/\/graziamagazine.com\/mx\/wp-content\/uploads\/sites\/13\/2020\/07\/5-veces-que-la-moda-se-inspiro-en-el-estilo-unico-de-frida-kahlo-destacada.jpg?fit=3004%2C1743\" \/>\n\t<meta property=\"og:image:width\" content=\"3004\" \/>\n\t<meta property=\"og:image:height\" content=\"1743\" \/>\n\t<meta property=\"og:image:type\" content=\"image\/jpeg\" \/>\n<meta name=\"twitter:card\" content=\"summary_large_image\" \/>\n<meta name=\"twitter:label1\" content=\"Est. reading time\" \/>\n\t<meta name=\"twitter:data1\" content=\"3 minutos\" \/>\n<script type=\"application\/ld+json\" class=\"yoast-schema-graph\">{\"@context\":\"https:\/\/schema.org\",\"@graph\":[{\"@type\":\"WebPage\",\"@id\":\"https:\/\/graziamagazine.com\/mx\/articles\/4-veces-que-la-moda-se-inspiro-en-el-estilo-unico-de-frida-kahlo\/\",\"url\":\"https:\/\/graziamagazine.com\/mx\/articles\/4-veces-que-la-moda-se-inspiro-en-el-estilo-unico-de-frida-kahlo\/\",\"name\":\"4 veces que la moda se inspir\u00f3 en el estilo \u00fanico de Frida Kahlo | Grazia M\u00e9xico y Latinoam\u00e9rica\",\"isPartOf\":{\"@id\":\"https:\/\/graziamagazine.com\/mx\/#website\"},\"datePublished\":\"2020-07-06T17:17:21+00:00\",\"dateModified\":\"2020-07-08T22:23:47+00:00\",\"description\":\"Frida Kahlo representa el folclor mexicano y su estilo ha sido inspiraci\u00f3n de muchos creativos alrededor del mundo. Te dejamos cuatro propuestas inspiradas en la artista que amar\u00e1s.\",\"breadcrumb\":{\"@id\":\"https:\/\/graziamagazine.com\/mx\/articles\/4-veces-que-la-moda-se-inspiro-en-el-estilo-unico-de-frida-kahlo\/#breadcrumb\"},\"inLanguage\":\"es-MX\",\"potentialAction\":[{\"@type\":\"ReadAction\",\"target\":[\"https:\/\/graziamagazine.com\/mx\/articles\/4-veces-que-la-moda-se-inspiro-en-el-estilo-unico-de-frida-kahlo\/\"]}]},{\"@type\":\"BreadcrumbList\",\"@id\":\"https:\/\/graziamagazine.com\/mx\/articles\/4-veces-que-la-moda-se-inspiro-en-el-estilo-unico-de-frida-kahlo\/#breadcrumb\",\"itemListElement\":[{\"@type\":\"ListItem\",\"position\":1,\"name\":\"Home\",\"item\":\"https:\/\/graziamagazine.com\/mx\/\"},{\"@type\":\"ListItem\",\"position\":2,\"name\":\"4 veces que la moda se inspir\u00f3 en el estilo \u00fanico de Frida Kahlo\"}]},{\"@type\":\"WebSite\",\"@id\":\"https:\/\/graziamagazine.com\/mx\/#website\",\"url\":\"https:\/\/graziamagazine.com\/mx\/\",\"name\":\"Grazia M\u00e9xico y Latinoam\u00e9rica\",\"description\":\"Grazia es moda, belleza y noticias  de actualidad \",\"potentialAction\":[{\"@type\":\"SearchAction\",\"target\":{\"@type\":\"EntryPoint\",\"urlTemplate\":\"https:\/\/graziamagazine.com\/mx\/?s={search_term_string}\"},\"query-input\":\"required name=search_term_string\"}],\"inLanguage\":\"es-MX\"}]}<\/script>\n<!-- \/ Yoast SEO Premium plugin. -->","yoast_head_json":{"title":"4 veces que la moda se inspir\u00f3 en el estilo \u00fanico de Frida Kahlo | Grazia M\u00e9xico y Latinoam\u00e9rica","description":"Frida Kahlo representa el folclor mexicano y su estilo ha sido inspiraci\u00f3n de muchos creativos alrededor del mundo. Te dejamos cuatro propuestas inspiradas en la artista que amar\u00e1s.","robots":{"index":"index","follow":"follow","max-snippet":"max-snippet:-1","max-image-preview":"max-image-preview:large","max-video-preview":"max-video-preview:-1"},"canonical":"https:\/\/graziamagazine.com\/mx\/articles\/4-veces-que-la-moda-se-inspiro-en-el-estilo-unico-de-frida-kahlo\/","og_locale":"es_MX","og_type":"article","og_title":"4 veces que la moda se inspir\u00f3 en el estilo \u00fanico de Frida Kahlo","og_description":"Frida Kahlo representa el folclor mexicano y su estilo ha sido inspiraci\u00f3n de muchos creativos alrededor del mundo. Te dejamos cuatro propuestas inspiradas en la artista que amar\u00e1s.","og_url":"https:\/\/graziamagazine.com\/mx\/articles\/4-veces-que-la-moda-se-inspiro-en-el-estilo-unico-de-frida-kahlo\/","og_site_name":"Grazia M\u00e9xico y Latinoam\u00e9rica","article_modified_time":"2020-07-08T22:23:47+00:00","og_image":[{"width":3004,"height":1743,"url":"https:\/\/graziamagazine.com\/mx\/wp-content\/uploads\/sites\/13\/2020\/07\/5-veces-que-la-moda-se-inspiro-en-el-estilo-unico-de-frida-kahlo-destacada.jpg?fit=3004%2C1743","type":"image\/jpeg"}],"twitter_card":"summary_large_image","twitter_misc":{"Est. reading time":"3 minutos"},"schema":{"@context":"https:\/\/schema.org","@graph":[{"@type":"WebPage","@id":"https:\/\/graziamagazine.com\/mx\/articles\/4-veces-que-la-moda-se-inspiro-en-el-estilo-unico-de-frida-kahlo\/","url":"https:\/\/graziamagazine.com\/mx\/articles\/4-veces-que-la-moda-se-inspiro-en-el-estilo-unico-de-frida-kahlo\/","name":"4 veces que la moda se inspir\u00f3 en el estilo \u00fanico de Frida Kahlo | Grazia M\u00e9xico y Latinoam\u00e9rica","isPartOf":{"@id":"https:\/\/graziamagazine.com\/mx\/#website"},"datePublished":"2020-07-06T17:17:21+00:00","dateModified":"2020-07-08T22:23:47+00:00","description":"Frida Kahlo representa el folclor mexicano y su estilo ha sido inspiraci\u00f3n de muchos creativos alrededor del mundo. Te dejamos cuatro propuestas inspiradas en la artista que amar\u00e1s.","breadcrumb":{"@id":"https:\/\/graziamagazine.com\/mx\/articles\/4-veces-que-la-moda-se-inspiro-en-el-estilo-unico-de-frida-kahlo\/#breadcrumb"},"inLanguage":"es-MX","potentialAction":[{"@type":"ReadAction","target":["https:\/\/graziamagazine.com\/mx\/articles\/4-veces-que-la-moda-se-inspiro-en-el-estilo-unico-de-frida-kahlo\/"]}]},{"@type":"BreadcrumbList","@id":"https:\/\/graziamagazine.com\/mx\/articles\/4-veces-que-la-moda-se-inspiro-en-el-estilo-unico-de-frida-kahlo\/#breadcrumb","itemListElement":[{"@type":"ListItem","position":1,"name":"Home","item":"https:\/\/graziamagazine.com\/mx\/"},{"@type":"ListItem","position":2,"name":"4 veces que la moda se inspir\u00f3 en el estilo \u00fanico de Frida Kahlo"}]},{"@type":"WebSite","@id":"https:\/\/graziamagazine.com\/mx\/#website","url":"https:\/\/graziamagazine.com\/mx\/","name":"Grazia M\u00e9xico y Latinoam\u00e9rica","description":"Grazia es moda, belleza y noticias  de actualidad ","potentialAction":[{"@type":"SearchAction","target":{"@type":"EntryPoint","urlTemplate":"https:\/\/graziamagazine.com\/mx\/?s={search_term_string}"},"query-input":"required name=search_term_string"}],"inLanguage":"es-MX"}]}},"jetpack_sharing_enabled":true,"distributor_meta":false,"distributor_terms":false,"distributor_media":false,"distributor_original_site_name":"Grazia M\u00e9xico y Latinoam\u00e9rica","distributor_original_site_url":"https:\/\/graziamagazine.com\/mx","push-errors":false,"_links":{"self":[{"href":"https:\/\/graziamagazine.com\/mx\/wp-json\/wp\/v2\/articles\/87276"}],"collection":[{"href":"https:\/\/graziamagazine.com\/mx\/wp-json\/wp\/v2\/articles"}],"about":[{"href":"https:\/\/graziamagazine.com\/mx\/wp-json\/wp\/v2\/types\/articles"}],"author":[{"embeddable":true,"href":"https:\/\/graziamagazine.com\/mx\/wp-json\/wp\/v2\/users\/11656"}],"wp:featuredmedia":[{"embeddable":true,"href":"https:\/\/graziamagazine.com\/mx\/wp-json\/wp\/v2\/media\/87277"}],"wp:attachment":[{"href":"https:\/\/graziamagazine.com\/mx\/wp-json\/wp\/v2\/media?parent=87276"}],"wp:term":[{"taxonomy":"category","embeddable":true,"href":"https:\/\/graziamagazine.com\/mx\/wp-json\/wp\/v2\/categories?post=87276"}],"curies":[{"name":"wp","href":"https:\/\/api.w.org\/{rel}","templated":true}]}}