{"id":86915,"date":"2021-06-28T08:50:33","date_gmt":"2021-06-28T13:50:33","guid":{"rendered":"https:\/\/graziamagazine.com\/mx\/?post_type=articles&#038;p=86915"},"modified":"2021-06-28T09:53:42","modified_gmt":"2021-06-28T14:53:42","slug":"pride-una-celebracion-a-la-comunidad-lgbtq-2","status":"publish","type":"articles","link":"https:\/\/graziamagazine.com\/mx\/articles\/pride-una-celebracion-a-la-comunidad-lgbtq-2\/","title":{"rendered":"Pride: Una celebraci\u00f3n a la comunidad LGBTQ+"},"content":{"rendered":"<p><span style=\"line-height: 1.5\">Hablemos de lo que realmente significa <\/span><em style=\"line-height: 1.5\"><strong>Pride<\/strong><\/em><span style=\"line-height: 1.5\">.<\/span><\/p>\n<p><em>Pride<\/em> no es para celebrarse un d\u00eda al a\u00f1o, ni un mes. La inclusi\u00f3n no significa otra cosa m\u00e1s que respeto y la lucha no valdr\u00e1 la pena hasta que logremos trascender sin etiquetas. Que las siguientes generaciones comprendan que un matrimonio es solo eso, y que categorizarlo es despectivo\u00a0\u2014\u00bfpor qu\u00e9 hay que llamarlo \u201cmatrimonio gay\u201d?\u2014; o &#8220;salir del cl\u00f3set&#8221; no sea un paso dif\u00edcil de superar, sino un momento cotidiano como lo es empezar una relaci\u00f3n de novios. Nadie debe ponerse l\u00edmites por prejuicios sociales, porque el placer m\u00e1s grande de la vida es compartirla con quien realmente queremos sin explicaciones. Vestirnos de los colores del arco iris o portar la bandera no es suficiente para celebrar a la comunidad. El cambio est\u00e1 en los valores y en la empat\u00eda.<\/p>\n<p>Este a\u00f1o por la emergencia sanitaria festival<em> Pride<\/em> en el \u00c1ngel de la Independencia no se llevar\u00e1 a cabo en su forma tradicional, sin embargo, la buena noticia es que nuestro pa\u00eds no dejar\u00e1 pasar esta simb\u00f3lica fecha y celebrar\u00e1 el evento de forma de digital, ofreciendo una serie de actividades el s\u00e1bado 26 de junio desde las 12:00 p.m.<\/p>\n<blockquote class=\"twitter-tweet\" data-width=\"500\" data-dnt=\"true\">\n<p lang=\"es\" dir=\"ltr\">Este es el cartel de la XLIII Marcha del Orgullo LGBT de la Ciudad de M\u00e9xico 2021 en su modalidad Digital.<\/p>\n<p>Arte de: <a href=\"https:\/\/twitter.com\/lobopanzaverde?ref_src=twsrc%5Etfw\" target=\"_blank\">@lobopanzaverde<\/a> <a href=\"https:\/\/twitter.com\/hashtag\/ResitenciaYUnidad?src=hash&amp;ref_src=twsrc%5Etfw\" target=\"_blank\">#ResitenciaYUnidad<\/a> <a href=\"https:\/\/twitter.com\/hashtag\/LoRadicalEsLaEmpat%C3%ADa?src=hash&amp;ref_src=twsrc%5Etfw\" target=\"_blank\">#LoRadicalEsLaEmpat\u00eda<\/a> <a href=\"https:\/\/t.co\/szm6CfNlsC\" target=\"_blank\">pic.twitter.com\/szm6CfNlsC<\/a><\/p>\n<p>&mdash; Marcha LGBT CDMX \ud83c\udff3\ufe0f\u200d\ud83c\udf08\ud83c\uddf2\ud83c\uddfd (@MarchaLGBTCDMX) <a href=\"https:\/\/twitter.com\/MarchaLGBTCDMX\/status\/1395756279314800657?ref_src=twsrc%5Etfw\" target=\"_blank\">May 21, 2021<\/a><\/p><\/blockquote>\n<p><script async src=\"https:\/\/platform.twitter.com\/widgets.js\" charset=\"utf-8\"><\/script><\/p>\n<p>Y aunque la lucha haya tomado m\u00e1s fuerza en los \u00faltimos a\u00f1os, su historia comienza casi a principios del siglo pasado:<\/p>\n<h3><strong><span style=\"line-height: 1.5\">1924<\/span><\/strong><\/h3>\n<p><span style=\"line-height: 1.5\">&#8220;Amistad y libertad&#8221; era el lema del primer grupo defensor de los derechos gay en 1924 liderado por Henri Berger, quien despu\u00e9s fund\u00f3 la primer sociedad para derechos humanos en Chicago.<\/span><\/p>\n<h3><strong><span style=\"line-height: 1.5\">1958 &#8211; 1969<\/span><\/strong><\/h3>\n<p><span style=\"line-height: 1.5\">En 1958 la Suprema Corte de Justicia en Estados Unidos fall\u00f3 a favor de los derechos de los gays, sin duda un gran paso en la historia para la comunidad LGBT. Sin embargo, a finales de los cincuenta y principios de los sesenta, los miembros de la comunidad eran desterrados de los establecimientos p\u00fablicos.\u00a0<\/span>Fue en 1969 que la polic\u00eda estadounidense organiz\u00f3 una redada en <em>The Stonewall Inn<\/em>, un bar gay en la ciudad de Nueva York<em>. <\/em>El evento se convirti\u00f3 en una protesta violenta, la que hoy conocemos como los\u00a0<strong><em>Stonewall riots<\/em><\/strong>, y se le considera el inicio de la lucha contra los derechos de la comunidad LGBTQ.<\/p>\n<h3><strong>1973 &#8211; 2000<\/strong><\/h3>\n<p>1973 es quiz\u00e1 el m\u00e1s importantes en la historia, siendo en el que se borr\u00f3 a la comunidad de la lista de enfermedades mentales tras a\u00f1os de an\u00e1lisis e investigaci\u00f3n. Luego del logro, en 1987, el estadounidense Barney Frank se declar\u00f3 voluntariamente gay, siendo el primer pol\u00edtico en la historia. En el 2000, el estado de Vermont toma el gran paso de legalizar el matrimonio del mismo sexo.<\/p>\n<h3><strong>2009 &#8211; 2021<\/strong><\/h3>\n<p>En 2009 fue que el presidente <strong>Obama <\/strong>firm\u00f3 una nueva ley a favor de los derechos de la comunidad tras dos asesinatos a una persona por ser gay y a la otra por ser de color. El presidente declar\u00f3 la discriminaci\u00f3n de este tipo como un crimen.<\/p>\n<p>El a\u00f1o pasado se levant\u00f3 en Nueva York un monumento conmemorativo a los disturbios de <strong><em>Stonewall\u00a0<\/em><\/strong>y fue dedicado a Marsha P.Johnson y Sylvia Rivera, activistas que jugaron roles muy importantes en la lucha a favor de los derechos de la comunidad LGBTQ.<\/p>\n<p>Despu\u00e9s de todos los sucesos en Estados Unidos, Pride se celebra en distintas partes del mundo y es importante mencionar que aunque en M\u00e9xico se legaliz\u00f3 el matrimonio gay en 2010 y las marchas en el \u00c1ngel de la Independencia sean masivas, a\u00fan falta mucho por aprender para poder aplicar uno de los valores m\u00e1s importantes: el respeto.<\/p>\n<h5><em>*IM\u00c1GENES: Getty Images<\/em><\/h5>\n","protected":false},"author":11656,"featured_media":86916,"template":"","format":"standard","categories":[1],"acf":[],"yoast_head":"<!-- This site is optimized with the Yoast SEO Premium plugin v18.5 (Yoast SEO v20.4) - https:\/\/yoast.com\/wordpress\/plugins\/seo\/ -->\n<title>Pride: Una celebraci\u00f3n a la comunidad LGBTQ+ | Grazia M\u00e9xico y Latinoam\u00e9rica<\/title>\n<meta name=\"description\" content=\"Adem\u00e1s de celebrar a la comunidad LGBTQ este mes, tomemos la oportunidad de estar en casa para detenernos a pensar si realmente estamos contribuyendo al cambio.\" \/>\n<meta name=\"robots\" content=\"index, follow, max-snippet:-1, max-image-preview:large, max-video-preview:-1\" \/>\n<link rel=\"canonical\" href=\"https:\/\/graziamagazine.com\/mx\/articles\/pride-una-celebracion-a-la-comunidad-lgbtq-2\/\" \/>\n<meta property=\"og:locale\" content=\"es_MX\" \/>\n<meta property=\"og:type\" content=\"article\" \/>\n<meta property=\"og:title\" content=\"Pride: Una celebraci\u00f3n a la comunidad LGBTQ+\" \/>\n<meta property=\"og:description\" content=\"Adem\u00e1s de celebrar a la comunidad LGBTQ este mes, tomemos la oportunidad de estar en casa para detenernos a pensar si realmente estamos contribuyendo al cambio.\" \/>\n<meta property=\"og:url\" content=\"https:\/\/graziamagazine.com\/mx\/articles\/pride-una-celebracion-a-la-comunidad-lgbtq-2\/\" \/>\n<meta property=\"og:site_name\" content=\"Grazia M\u00e9xico y Latinoam\u00e9rica\" \/>\n<meta property=\"article:modified_time\" content=\"2021-06-28T14:53:42+00:00\" \/>\n<meta property=\"og:image\" content=\"https:\/\/graziamagazine.com\/mx\/wp-content\/uploads\/sites\/13\/2020\/06\/lo-que-realmente-significa-pride.jpg?fit=1024%2C683\" \/>\n\t<meta property=\"og:image:width\" content=\"1024\" \/>\n\t<meta property=\"og:image:height\" content=\"683\" \/>\n\t<meta property=\"og:image:type\" content=\"image\/jpeg\" \/>\n<meta name=\"twitter:card\" content=\"summary_large_image\" \/>\n<meta name=\"twitter:label1\" content=\"Est. reading time\" \/>\n\t<meta name=\"twitter:data1\" content=\"3 minutos\" \/>\n<script type=\"application\/ld+json\" class=\"yoast-schema-graph\">{\"@context\":\"https:\/\/schema.org\",\"@graph\":[{\"@type\":\"WebPage\",\"@id\":\"https:\/\/graziamagazine.com\/mx\/articles\/pride-una-celebracion-a-la-comunidad-lgbtq-2\/\",\"url\":\"https:\/\/graziamagazine.com\/mx\/articles\/pride-una-celebracion-a-la-comunidad-lgbtq-2\/\",\"name\":\"Pride: Una celebraci\u00f3n a la comunidad LGBTQ+ | Grazia M\u00e9xico y Latinoam\u00e9rica\",\"isPartOf\":{\"@id\":\"https:\/\/graziamagazine.com\/mx\/#website\"},\"datePublished\":\"2021-06-28T13:50:33+00:00\",\"dateModified\":\"2021-06-28T14:53:42+00:00\",\"description\":\"Adem\u00e1s de celebrar a la comunidad LGBTQ este mes, tomemos la oportunidad de estar en casa para detenernos a pensar si realmente estamos contribuyendo al cambio.\",\"breadcrumb\":{\"@id\":\"https:\/\/graziamagazine.com\/mx\/articles\/pride-una-celebracion-a-la-comunidad-lgbtq-2\/#breadcrumb\"},\"inLanguage\":\"es-MX\",\"potentialAction\":[{\"@type\":\"ReadAction\",\"target\":[\"https:\/\/graziamagazine.com\/mx\/articles\/pride-una-celebracion-a-la-comunidad-lgbtq-2\/\"]}]},{\"@type\":\"BreadcrumbList\",\"@id\":\"https:\/\/graziamagazine.com\/mx\/articles\/pride-una-celebracion-a-la-comunidad-lgbtq-2\/#breadcrumb\",\"itemListElement\":[{\"@type\":\"ListItem\",\"position\":1,\"name\":\"Home\",\"item\":\"https:\/\/graziamagazine.com\/mx\/\"},{\"@type\":\"ListItem\",\"position\":2,\"name\":\"Pride: Una celebraci\u00f3n a la comunidad LGBTQ+\"}]},{\"@type\":\"WebSite\",\"@id\":\"https:\/\/graziamagazine.com\/mx\/#website\",\"url\":\"https:\/\/graziamagazine.com\/mx\/\",\"name\":\"Grazia M\u00e9xico y Latinoam\u00e9rica\",\"description\":\"Grazia es moda, belleza y noticias  de actualidad \",\"potentialAction\":[{\"@type\":\"SearchAction\",\"target\":{\"@type\":\"EntryPoint\",\"urlTemplate\":\"https:\/\/graziamagazine.com\/mx\/?s={search_term_string}\"},\"query-input\":\"required name=search_term_string\"}],\"inLanguage\":\"es-MX\"}]}<\/script>\n<!-- \/ Yoast SEO Premium plugin. -->","yoast_head_json":{"title":"Pride: Una celebraci\u00f3n a la comunidad LGBTQ+ | Grazia M\u00e9xico y Latinoam\u00e9rica","description":"Adem\u00e1s de celebrar a la comunidad LGBTQ este mes, tomemos la oportunidad de estar en casa para detenernos a pensar si realmente estamos contribuyendo al cambio.","robots":{"index":"index","follow":"follow","max-snippet":"max-snippet:-1","max-image-preview":"max-image-preview:large","max-video-preview":"max-video-preview:-1"},"canonical":"https:\/\/graziamagazine.com\/mx\/articles\/pride-una-celebracion-a-la-comunidad-lgbtq-2\/","og_locale":"es_MX","og_type":"article","og_title":"Pride: Una celebraci\u00f3n a la comunidad LGBTQ+","og_description":"Adem\u00e1s de celebrar a la comunidad LGBTQ este mes, tomemos la oportunidad de estar en casa para detenernos a pensar si realmente estamos contribuyendo al cambio.","og_url":"https:\/\/graziamagazine.com\/mx\/articles\/pride-una-celebracion-a-la-comunidad-lgbtq-2\/","og_site_name":"Grazia M\u00e9xico y Latinoam\u00e9rica","article_modified_time":"2021-06-28T14:53:42+00:00","og_image":[{"width":1024,"height":683,"url":"https:\/\/graziamagazine.com\/mx\/wp-content\/uploads\/sites\/13\/2020\/06\/lo-que-realmente-significa-pride.jpg?fit=1024%2C683","type":"image\/jpeg"}],"twitter_card":"summary_large_image","twitter_misc":{"Est. reading time":"3 minutos"},"schema":{"@context":"https:\/\/schema.org","@graph":[{"@type":"WebPage","@id":"https:\/\/graziamagazine.com\/mx\/articles\/pride-una-celebracion-a-la-comunidad-lgbtq-2\/","url":"https:\/\/graziamagazine.com\/mx\/articles\/pride-una-celebracion-a-la-comunidad-lgbtq-2\/","name":"Pride: Una celebraci\u00f3n a la comunidad LGBTQ+ | Grazia M\u00e9xico y Latinoam\u00e9rica","isPartOf":{"@id":"https:\/\/graziamagazine.com\/mx\/#website"},"datePublished":"2021-06-28T13:50:33+00:00","dateModified":"2021-06-28T14:53:42+00:00","description":"Adem\u00e1s de celebrar a la comunidad LGBTQ este mes, tomemos la oportunidad de estar en casa para detenernos a pensar si realmente estamos contribuyendo al cambio.","breadcrumb":{"@id":"https:\/\/graziamagazine.com\/mx\/articles\/pride-una-celebracion-a-la-comunidad-lgbtq-2\/#breadcrumb"},"inLanguage":"es-MX","potentialAction":[{"@type":"ReadAction","target":["https:\/\/graziamagazine.com\/mx\/articles\/pride-una-celebracion-a-la-comunidad-lgbtq-2\/"]}]},{"@type":"BreadcrumbList","@id":"https:\/\/graziamagazine.com\/mx\/articles\/pride-una-celebracion-a-la-comunidad-lgbtq-2\/#breadcrumb","itemListElement":[{"@type":"ListItem","position":1,"name":"Home","item":"https:\/\/graziamagazine.com\/mx\/"},{"@type":"ListItem","position":2,"name":"Pride: Una celebraci\u00f3n a la comunidad LGBTQ+"}]},{"@type":"WebSite","@id":"https:\/\/graziamagazine.com\/mx\/#website","url":"https:\/\/graziamagazine.com\/mx\/","name":"Grazia M\u00e9xico y Latinoam\u00e9rica","description":"Grazia es moda, belleza y noticias  de actualidad ","potentialAction":[{"@type":"SearchAction","target":{"@type":"EntryPoint","urlTemplate":"https:\/\/graziamagazine.com\/mx\/?s={search_term_string}"},"query-input":"required name=search_term_string"}],"inLanguage":"es-MX"}]}},"jetpack_sharing_enabled":true,"distributor_meta":false,"distributor_terms":false,"distributor_media":false,"distributor_original_site_name":"Grazia M\u00e9xico y Latinoam\u00e9rica","distributor_original_site_url":"https:\/\/graziamagazine.com\/mx","push-errors":false,"_links":{"self":[{"href":"https:\/\/graziamagazine.com\/mx\/wp-json\/wp\/v2\/articles\/86915"}],"collection":[{"href":"https:\/\/graziamagazine.com\/mx\/wp-json\/wp\/v2\/articles"}],"about":[{"href":"https:\/\/graziamagazine.com\/mx\/wp-json\/wp\/v2\/types\/articles"}],"author":[{"embeddable":true,"href":"https:\/\/graziamagazine.com\/mx\/wp-json\/wp\/v2\/users\/11656"}],"wp:featuredmedia":[{"embeddable":true,"href":"https:\/\/graziamagazine.com\/mx\/wp-json\/wp\/v2\/media\/86916"}],"wp:attachment":[{"href":"https:\/\/graziamagazine.com\/mx\/wp-json\/wp\/v2\/media?parent=86915"}],"wp:term":[{"taxonomy":"category","embeddable":true,"href":"https:\/\/graziamagazine.com\/mx\/wp-json\/wp\/v2\/categories?post=86915"}],"curies":[{"name":"wp","href":"https:\/\/api.w.org\/{rel}","templated":true}]}}