{"id":86658,"date":"2021-06-22T12:55:32","date_gmt":"2021-06-22T17:55:32","guid":{"rendered":"https:\/\/graziamagazine.com\/mx\/?post_type=articles&#038;p=86658"},"modified":"2021-06-22T12:58:25","modified_gmt":"2021-06-22T17:58:25","slug":"las-frases-mas-iconicas-de-meryl-streep-en-the-devil-wears-prada","status":"publish","type":"articles","link":"https:\/\/graziamagazine.com\/mx\/articles\/las-frases-mas-iconicas-de-meryl-streep-en-the-devil-wears-prada\/","title":{"rendered":"Las frases m\u00e1s ic\u00f3nicas de Meryl Streep en The Devil Wears Prada"},"content":{"rendered":"<p>Si hay alg\u00fan personaje ic\u00f3nico del cine para todos los fan\u00e1ticos de la moda, es el de <strong>Meryl Streep<\/strong> como <strong>Miranda Priestly<\/strong>. La adaptaci\u00f3n del libro escrito por <strong>Lauren Weisberger<\/strong>,\u00a0<strong><em>The Devil Wears Prada<\/em><\/strong>, puso en el radar del mundo entero a la industria de la moda como un verdadero sue\u00f1o profesional. Todos a\u00f1oraban ser <strong>Andy Sachs<\/strong> y trabajar para la el diablo que vest\u00eda a la moda.<\/p>\n<p><img decoding=\"async\" src=\"https:\/\/media.giphy.com\/media\/nO7ipz2UeYoM0\/giphy.gif\" \/><\/p>\n<p>El papel de Meryl como la editora m\u00e1s aclamada trascendi\u00f3, no solo por el gran porte y estilo que profes\u00f3 (trabajo atribuido a la gran dise\u00f1adora de vestuario y estilista Patricia Fields), sino por las c\u00e9lebres frases que dej\u00f3 y que hoy son parte del culto. Analizamos las m\u00e1s ic\u00f3nicas y las moralejas detr\u00e1s de ellas.<\/p>\n<h3><em>Florals? For Spring? Groundbreaking<\/em><\/h3>\n<p><img decoding=\"async\" src=\"https:\/\/media.giphy.com\/media\/RymyrV8uz8A36\/giphy.gif\" \/><\/p>\n<p>En la junta editorial una editora propone hacer una selecci\u00f3n de accesorios florales para la primavera. Pero para Miranda, las flores son bastante obvias&#8230; y tiene raz\u00f3n. Lo mejor es prescindir de lo evidente y pensar m\u00e1s all\u00e1 del\u00a0<em>mainstream<\/em>.<\/p>\n<p>&nbsp;<\/p>\n<h3><em>It&#8217;s not turquoise, it&#8217;s not lapis; it&#8217;s actually cerulean<\/em><\/h3>\n<p><img decoding=\"async\" src=\"https:\/\/media.giphy.com\/media\/cO2qtahBaqltS\/giphy.gif\" \/><\/p>\n<p>Una lecci\u00f3n en la gama de azul que igual nos remite al debate que hubo sobre el verdadero color del vestido Alta Costura Valentino de Lady Gaga para los Golden Globes de 2019. \u00bfLa lecci\u00f3n? Estudiar teor\u00eda del color al derecho y al rev\u00e9s.<\/p>\n<p>&nbsp;<\/p>\n<h3><em>Is there some reason that my coffee isn&#8217;t here?<\/em><\/h3>\n<p><img decoding=\"async\" src=\"https:\/\/media.giphy.com\/media\/Tt1D0O3lya6sM\/giphy.gif\" \/><\/p>\n<p>No hay ma\u00f1ana sin caf\u00e9&#8230; y aunque suene muy clich\u00e9 la declaraci\u00f3n, en realidad para muchas no hay inicio del d\u00eda sin una buena taza de caf\u00e9. No importa c\u00f3mo lo tomes, una bebida caliente siempre nos ayudar\u00e1 a activarnos.<\/p>\n<p>&nbsp;<\/p>\n<h3><em>You have no style or sense of fashion&#8230;<\/em><\/h3>\n<p><img decoding=\"async\" src=\"https:\/\/media.giphy.com\/media\/b8Wa0uAcDh5ew\/giphy.gif\" \/><\/p>\n<p>El estilo es propio y comunica tu personalidad. Aunque en el filme la moda y las tendencias sean el tema, no necesitas seguir el \u00faltimo grito de las pasarelas para transmitir qui\u00e9n eres.<\/p>\n<p>&nbsp;<\/p>\n<h3><em>Everybody wants to be us<\/em><\/h3>\n<p><img decoding=\"async\" src=\"https:\/\/media.giphy.com\/media\/3o72F3lOmSJjJZLZW8\/giphy.gif\" \/><\/p>\n<p>\u00bfQui\u00e9n no quiere ser Miranda y Andy? Pero lejos de hablar sobre sus carreras en el mundo editorial, hay que verle el lado bueno a esta frase. Cuando logramos cumplir nuestras metas y ser exitosas en lo que hacemos, levantamos miradas por todos lados.<\/p>\n<h5><\/h5>\n<h5><em>*IMAGEN: Film Still The Devil Wears Prada<\/em><\/h5>\n","protected":false},"author":11656,"featured_media":86659,"template":"","format":"standard","categories":[2],"acf":[],"yoast_head":"<!-- This site is optimized with the Yoast SEO Premium plugin v18.5 (Yoast SEO v20.4) - https:\/\/yoast.com\/wordpress\/plugins\/seo\/ -->\n<title>Las frases m\u00e1s ic\u00f3nicas de Meryl Streep en The Devil Wears Prada | Grazia M\u00e9xico y Latinoam\u00e9rica<\/title>\n<meta name=\"description\" content=\"The Devil Wears Prada sigue siendo un referente para todos los fan\u00e1ticos de la moda. Aunque amemos a Andy, Miranda Priestly es el alma del filme.\" \/>\n<meta name=\"robots\" content=\"index, follow, max-snippet:-1, max-image-preview:large, max-video-preview:-1\" \/>\n<link rel=\"canonical\" href=\"https:\/\/graziamagazine.com\/mx\/articles\/las-frases-mas-iconicas-de-meryl-streep-en-the-devil-wears-prada\/\" \/>\n<meta property=\"og:locale\" content=\"es_MX\" \/>\n<meta property=\"og:type\" content=\"article\" \/>\n<meta property=\"og:title\" content=\"Las frases m\u00e1s ic\u00f3nicas de Meryl Streep en The Devil Wears Prada\" \/>\n<meta property=\"og:description\" content=\"The Devil Wears Prada sigue siendo un referente para todos los fan\u00e1ticos de la moda. Aunque amemos a Andy, Miranda Priestly es el alma del filme.\" \/>\n<meta property=\"og:url\" content=\"https:\/\/graziamagazine.com\/mx\/articles\/las-frases-mas-iconicas-de-meryl-streep-en-the-devil-wears-prada\/\" \/>\n<meta property=\"og:site_name\" content=\"Grazia M\u00e9xico y Latinoam\u00e9rica\" \/>\n<meta property=\"article:modified_time\" content=\"2021-06-22T17:58:25+00:00\" \/>\n<meta property=\"og:image\" content=\"https:\/\/graziamagazine.com\/mx\/wp-content\/uploads\/sites\/13\/2020\/06\/las-frases-mas-iconicas-de-meryl-streep-en-the-devil-wear-prada-destacada.jpg?fit=2960%2C2036\" \/>\n\t<meta property=\"og:image:width\" content=\"2960\" \/>\n\t<meta property=\"og:image:height\" content=\"2036\" \/>\n\t<meta property=\"og:image:type\" content=\"image\/jpeg\" \/>\n<meta name=\"twitter:card\" content=\"summary_large_image\" \/>\n<meta name=\"twitter:label1\" content=\"Est. reading time\" \/>\n\t<meta name=\"twitter:data1\" content=\"2 minutos\" \/>\n<script type=\"application\/ld+json\" class=\"yoast-schema-graph\">{\"@context\":\"https:\/\/schema.org\",\"@graph\":[{\"@type\":\"WebPage\",\"@id\":\"https:\/\/graziamagazine.com\/mx\/articles\/las-frases-mas-iconicas-de-meryl-streep-en-the-devil-wears-prada\/\",\"url\":\"https:\/\/graziamagazine.com\/mx\/articles\/las-frases-mas-iconicas-de-meryl-streep-en-the-devil-wears-prada\/\",\"name\":\"Las frases m\u00e1s ic\u00f3nicas de Meryl Streep en The Devil Wears Prada | Grazia M\u00e9xico y Latinoam\u00e9rica\",\"isPartOf\":{\"@id\":\"https:\/\/graziamagazine.com\/mx\/#website\"},\"datePublished\":\"2021-06-22T17:55:32+00:00\",\"dateModified\":\"2021-06-22T17:58:25+00:00\",\"description\":\"The Devil Wears Prada sigue siendo un referente para todos los fan\u00e1ticos de la moda. Aunque amemos a Andy, Miranda Priestly es el alma del filme.\",\"breadcrumb\":{\"@id\":\"https:\/\/graziamagazine.com\/mx\/articles\/las-frases-mas-iconicas-de-meryl-streep-en-the-devil-wears-prada\/#breadcrumb\"},\"inLanguage\":\"es-MX\",\"potentialAction\":[{\"@type\":\"ReadAction\",\"target\":[\"https:\/\/graziamagazine.com\/mx\/articles\/las-frases-mas-iconicas-de-meryl-streep-en-the-devil-wears-prada\/\"]}]},{\"@type\":\"BreadcrumbList\",\"@id\":\"https:\/\/graziamagazine.com\/mx\/articles\/las-frases-mas-iconicas-de-meryl-streep-en-the-devil-wears-prada\/#breadcrumb\",\"itemListElement\":[{\"@type\":\"ListItem\",\"position\":1,\"name\":\"Home\",\"item\":\"https:\/\/graziamagazine.com\/mx\/\"},{\"@type\":\"ListItem\",\"position\":2,\"name\":\"Las frases m\u00e1s ic\u00f3nicas de Meryl Streep en The Devil Wears Prada\"}]},{\"@type\":\"WebSite\",\"@id\":\"https:\/\/graziamagazine.com\/mx\/#website\",\"url\":\"https:\/\/graziamagazine.com\/mx\/\",\"name\":\"Grazia M\u00e9xico y Latinoam\u00e9rica\",\"description\":\"Grazia es moda, belleza y noticias  de actualidad \",\"potentialAction\":[{\"@type\":\"SearchAction\",\"target\":{\"@type\":\"EntryPoint\",\"urlTemplate\":\"https:\/\/graziamagazine.com\/mx\/?s={search_term_string}\"},\"query-input\":\"required name=search_term_string\"}],\"inLanguage\":\"es-MX\"}]}<\/script>\n<!-- \/ Yoast SEO Premium plugin. -->","yoast_head_json":{"title":"Las frases m\u00e1s ic\u00f3nicas de Meryl Streep en The Devil Wears Prada | Grazia M\u00e9xico y Latinoam\u00e9rica","description":"The Devil Wears Prada sigue siendo un referente para todos los fan\u00e1ticos de la moda. Aunque amemos a Andy, Miranda Priestly es el alma del filme.","robots":{"index":"index","follow":"follow","max-snippet":"max-snippet:-1","max-image-preview":"max-image-preview:large","max-video-preview":"max-video-preview:-1"},"canonical":"https:\/\/graziamagazine.com\/mx\/articles\/las-frases-mas-iconicas-de-meryl-streep-en-the-devil-wears-prada\/","og_locale":"es_MX","og_type":"article","og_title":"Las frases m\u00e1s ic\u00f3nicas de Meryl Streep en The Devil Wears Prada","og_description":"The Devil Wears Prada sigue siendo un referente para todos los fan\u00e1ticos de la moda. Aunque amemos a Andy, Miranda Priestly es el alma del filme.","og_url":"https:\/\/graziamagazine.com\/mx\/articles\/las-frases-mas-iconicas-de-meryl-streep-en-the-devil-wears-prada\/","og_site_name":"Grazia M\u00e9xico y Latinoam\u00e9rica","article_modified_time":"2021-06-22T17:58:25+00:00","og_image":[{"width":2960,"height":2036,"url":"https:\/\/graziamagazine.com\/mx\/wp-content\/uploads\/sites\/13\/2020\/06\/las-frases-mas-iconicas-de-meryl-streep-en-the-devil-wear-prada-destacada.jpg?fit=2960%2C2036","type":"image\/jpeg"}],"twitter_card":"summary_large_image","twitter_misc":{"Est. reading time":"2 minutos"},"schema":{"@context":"https:\/\/schema.org","@graph":[{"@type":"WebPage","@id":"https:\/\/graziamagazine.com\/mx\/articles\/las-frases-mas-iconicas-de-meryl-streep-en-the-devil-wears-prada\/","url":"https:\/\/graziamagazine.com\/mx\/articles\/las-frases-mas-iconicas-de-meryl-streep-en-the-devil-wears-prada\/","name":"Las frases m\u00e1s ic\u00f3nicas de Meryl Streep en The Devil Wears Prada | Grazia M\u00e9xico y Latinoam\u00e9rica","isPartOf":{"@id":"https:\/\/graziamagazine.com\/mx\/#website"},"datePublished":"2021-06-22T17:55:32+00:00","dateModified":"2021-06-22T17:58:25+00:00","description":"The Devil Wears Prada sigue siendo un referente para todos los fan\u00e1ticos de la moda. Aunque amemos a Andy, Miranda Priestly es el alma del filme.","breadcrumb":{"@id":"https:\/\/graziamagazine.com\/mx\/articles\/las-frases-mas-iconicas-de-meryl-streep-en-the-devil-wears-prada\/#breadcrumb"},"inLanguage":"es-MX","potentialAction":[{"@type":"ReadAction","target":["https:\/\/graziamagazine.com\/mx\/articles\/las-frases-mas-iconicas-de-meryl-streep-en-the-devil-wears-prada\/"]}]},{"@type":"BreadcrumbList","@id":"https:\/\/graziamagazine.com\/mx\/articles\/las-frases-mas-iconicas-de-meryl-streep-en-the-devil-wears-prada\/#breadcrumb","itemListElement":[{"@type":"ListItem","position":1,"name":"Home","item":"https:\/\/graziamagazine.com\/mx\/"},{"@type":"ListItem","position":2,"name":"Las frases m\u00e1s ic\u00f3nicas de Meryl Streep en The Devil Wears Prada"}]},{"@type":"WebSite","@id":"https:\/\/graziamagazine.com\/mx\/#website","url":"https:\/\/graziamagazine.com\/mx\/","name":"Grazia M\u00e9xico y Latinoam\u00e9rica","description":"Grazia es moda, belleza y noticias  de actualidad ","potentialAction":[{"@type":"SearchAction","target":{"@type":"EntryPoint","urlTemplate":"https:\/\/graziamagazine.com\/mx\/?s={search_term_string}"},"query-input":"required name=search_term_string"}],"inLanguage":"es-MX"}]}},"jetpack_sharing_enabled":true,"distributor_meta":false,"distributor_terms":false,"distributor_media":false,"distributor_original_site_name":"Grazia M\u00e9xico y Latinoam\u00e9rica","distributor_original_site_url":"https:\/\/graziamagazine.com\/mx","push-errors":false,"_links":{"self":[{"href":"https:\/\/graziamagazine.com\/mx\/wp-json\/wp\/v2\/articles\/86658"}],"collection":[{"href":"https:\/\/graziamagazine.com\/mx\/wp-json\/wp\/v2\/articles"}],"about":[{"href":"https:\/\/graziamagazine.com\/mx\/wp-json\/wp\/v2\/types\/articles"}],"author":[{"embeddable":true,"href":"https:\/\/graziamagazine.com\/mx\/wp-json\/wp\/v2\/users\/11656"}],"wp:featuredmedia":[{"embeddable":true,"href":"https:\/\/graziamagazine.com\/mx\/wp-json\/wp\/v2\/media\/86659"}],"wp:attachment":[{"href":"https:\/\/graziamagazine.com\/mx\/wp-json\/wp\/v2\/media?parent=86658"}],"wp:term":[{"taxonomy":"category","embeddable":true,"href":"https:\/\/graziamagazine.com\/mx\/wp-json\/wp\/v2\/categories?post=86658"}],"curies":[{"name":"wp","href":"https:\/\/api.w.org\/{rel}","templated":true}]}}