{"id":85291,"date":"2020-04-30T10:51:49","date_gmt":"2020-04-30T15:51:49","guid":{"rendered":"https:\/\/graziamagazine.com\/mx\/?p=85291"},"modified":"2020-04-30T10:55:24","modified_gmt":"2020-04-30T15:55:24","slug":"el-ceo-de-pinterest-lanza-una-app-para-realizar-un-autodiagnostico-por-covid-19","status":"publish","type":"articles","link":"https:\/\/graziamagazine.com\/mx\/articles\/el-ceo-de-pinterest-lanza-una-app-para-realizar-un-autodiagnostico-por-covid-19\/","title":{"rendered":"El CEO de Pinterest lanza una app para realizar un autodiagn\u00f3stico por COVID-19"},"content":{"rendered":"<p>El CEO y cofundador de nuestra red social favorita para inspirarnos, <strong>Pinterest<\/strong>,\u00a0<strong>Ben Silbermann<\/strong>, ha lanzado una app para autodiagnosticarte por coronavirus. La idea surgi\u00f3 ante la falta de pruebas a nivel mundial y fue un trabajo colaborativo con cient\u00edficos de reconocidas instituciones de investigaci\u00f3n como Harvard y MIT.<\/p>\n<p>Denominada <strong>How We Feel<\/strong>, la aplicaci\u00f3n te pide datos tan simples como tu edad, sexo, c\u00f3digo postal y, posterior, enlistar algunos s\u00edntomas. \u00a0No solo te dar\u00e1 un diagn\u00f3stico, sino que tu caso entrar\u00e1 dentro de una base de datos para detectar nuevos brotes, claro que todos tus datos estar\u00e1n protegidos. Adem\u00e1s, la app te permite ver cu\u00e1ntos casos o personas con s\u00edntomas hay a tu alrededor.<\/p>\n<blockquote class=\"twitter-tweet\" data-width=\"500\" data-dnt=\"true\">\n<p lang=\"en\" dir=\"ltr\">We worked with scientists at the world\u2019s leading research institutions, like <a href=\"https:\/\/twitter.com\/XihongLin?ref_src=twsrc%5Etfw\" target=\"_blank\">@XihongLin<\/a> and <a href=\"https:\/\/twitter.com\/kinggary?ref_src=twsrc%5Etfw\" target=\"_blank\">@KingGary<\/a> at <a href=\"https:\/\/twitter.com\/Harvard?ref_src=twsrc%5Etfw\" target=\"_blank\">@Harvard<\/a> and my friend <a href=\"https:\/\/twitter.com\/zhangf?ref_src=twsrc%5Etfw\" target=\"_blank\">@ZhangF<\/a> at <a href=\"https:\/\/twitter.com\/MIT?ref_src=twsrc%5Etfw\" target=\"_blank\">@MIT<\/a>. Researchers will use the aggregate data to detect new outbreaks, identify at-risk groups and see if measures are working.<\/p>\n<p>&mdash; Ben Silbermann (@8en) <a href=\"https:\/\/twitter.com\/8en\/status\/1245857780495343616?ref_src=twsrc%5Etfw\" target=\"_blank\">April 2, 2020<\/a><\/p><\/blockquote>\n<p><script async src=\"https:\/\/platform.twitter.com\/widgets.js\" charset=\"utf-8\"><\/script><\/p>\n<p>Ben recomienda a los usuarios de la aplicaci\u00f3n que lleven a cabo un autodiagn\u00f3stico diario para as\u00ed ofrecer informaci\u00f3n actualizada de la pandemia. Adem\u00e1s, por cada descarga que se realice, el CEO de Pinterest donar\u00e1 comida a trav\u00e9s de la organizaci\u00f3n Feeding America<em>.<\/em><\/p>\n<p>La aplicaci\u00f3n se est\u00e1 disponible para dispositivos\u00a0iOS y Android en el idioma ingl\u00e9s.<\/p>\n<h5><\/h5>\n<h5><em>*IMAGEN: Getty Images<\/em><\/h5>\n","protected":false},"author":11645,"featured_media":85342,"template":"","format":"standard","categories":[114],"acf":[],"yoast_head":"<!-- This site is optimized with the Yoast SEO Premium plugin v18.5 (Yoast SEO v20.4) - https:\/\/yoast.com\/wordpress\/plugins\/seo\/ -->\n<title>El CEO de Pinterest lanza una app para realizar un autodiagn\u00f3stico por COVID-19 | Grazia M\u00e9xico y Latinoam\u00e9rica<\/title>\n<meta name=\"description\" content=\"En tiempos de pandemia la tecnolog\u00eda ha ayudado, no solo a cient\u00edficos, sino tambi\u00e9n a personas que est\u00e1n en busca de un diagnostico r\u00e1pido.\" \/>\n<meta name=\"robots\" content=\"index, follow, max-snippet:-1, max-image-preview:large, max-video-preview:-1\" \/>\n<link rel=\"canonical\" href=\"https:\/\/graziamagazine.com\/mx\/articles\/el-ceo-de-pinterest-lanza-una-app-para-realizar-un-autodiagnostico-por-covid-19\/\" \/>\n<meta property=\"og:locale\" content=\"es_MX\" \/>\n<meta property=\"og:type\" content=\"article\" \/>\n<meta property=\"og:title\" content=\"El CEO de Pinterest lanza una app para realizar un autodiagn\u00f3stico por COVID-19\" \/>\n<meta property=\"og:description\" content=\"En tiempos de pandemia la tecnolog\u00eda ha ayudado, no solo a cient\u00edficos, sino tambi\u00e9n a personas que est\u00e1n en busca de un diagnostico r\u00e1pido.\" \/>\n<meta property=\"og:url\" content=\"https:\/\/graziamagazine.com\/mx\/articles\/el-ceo-de-pinterest-lanza-una-app-para-realizar-un-autodiagnostico-por-covid-19\/\" \/>\n<meta property=\"og:site_name\" content=\"Grazia M\u00e9xico y Latinoam\u00e9rica\" \/>\n<meta property=\"article:modified_time\" content=\"2020-04-30T15:55:24+00:00\" \/>\n<meta property=\"og:image\" content=\"https:\/\/graziamagazine.com\/mx\/wp-content\/uploads\/sites\/13\/2020\/04\/el-ceo-de-pinterest-lanza-una-app-para-realizar-un-autodiagnostico-por-covid-19-destacada.jpg?fit=1890%2C1260\" \/>\n\t<meta property=\"og:image:width\" content=\"1890\" \/>\n\t<meta property=\"og:image:height\" content=\"1260\" \/>\n\t<meta property=\"og:image:type\" content=\"image\/jpeg\" \/>\n<meta name=\"twitter:card\" content=\"summary_large_image\" \/>\n<meta name=\"twitter:label1\" content=\"Est. reading time\" \/>\n\t<meta name=\"twitter:data1\" content=\"1 minuto\" \/>\n<script type=\"application\/ld+json\" class=\"yoast-schema-graph\">{\"@context\":\"https:\/\/schema.org\",\"@graph\":[{\"@type\":\"WebPage\",\"@id\":\"https:\/\/graziamagazine.com\/mx\/articles\/el-ceo-de-pinterest-lanza-una-app-para-realizar-un-autodiagnostico-por-covid-19\/\",\"url\":\"https:\/\/graziamagazine.com\/mx\/articles\/el-ceo-de-pinterest-lanza-una-app-para-realizar-un-autodiagnostico-por-covid-19\/\",\"name\":\"El CEO de Pinterest lanza una app para realizar un autodiagn\u00f3stico por COVID-19 | Grazia M\u00e9xico y Latinoam\u00e9rica\",\"isPartOf\":{\"@id\":\"https:\/\/graziamagazine.com\/mx\/#website\"},\"datePublished\":\"2020-04-30T15:51:49+00:00\",\"dateModified\":\"2020-04-30T15:55:24+00:00\",\"description\":\"En tiempos de pandemia la tecnolog\u00eda ha ayudado, no solo a cient\u00edficos, sino tambi\u00e9n a personas que est\u00e1n en busca de un diagnostico r\u00e1pido.\",\"breadcrumb\":{\"@id\":\"https:\/\/graziamagazine.com\/mx\/articles\/el-ceo-de-pinterest-lanza-una-app-para-realizar-un-autodiagnostico-por-covid-19\/#breadcrumb\"},\"inLanguage\":\"es-MX\",\"potentialAction\":[{\"@type\":\"ReadAction\",\"target\":[\"https:\/\/graziamagazine.com\/mx\/articles\/el-ceo-de-pinterest-lanza-una-app-para-realizar-un-autodiagnostico-por-covid-19\/\"]}]},{\"@type\":\"BreadcrumbList\",\"@id\":\"https:\/\/graziamagazine.com\/mx\/articles\/el-ceo-de-pinterest-lanza-una-app-para-realizar-un-autodiagnostico-por-covid-19\/#breadcrumb\",\"itemListElement\":[{\"@type\":\"ListItem\",\"position\":1,\"name\":\"Home\",\"item\":\"https:\/\/graziamagazine.com\/mx\/\"},{\"@type\":\"ListItem\",\"position\":2,\"name\":\"El CEO de Pinterest lanza una app para realizar un autodiagn\u00f3stico por COVID-19\"}]},{\"@type\":\"WebSite\",\"@id\":\"https:\/\/graziamagazine.com\/mx\/#website\",\"url\":\"https:\/\/graziamagazine.com\/mx\/\",\"name\":\"Grazia M\u00e9xico y Latinoam\u00e9rica\",\"description\":\"Grazia es moda, belleza y noticias  de actualidad \",\"potentialAction\":[{\"@type\":\"SearchAction\",\"target\":{\"@type\":\"EntryPoint\",\"urlTemplate\":\"https:\/\/graziamagazine.com\/mx\/?s={search_term_string}\"},\"query-input\":\"required name=search_term_string\"}],\"inLanguage\":\"es-MX\"}]}<\/script>\n<!-- \/ Yoast SEO Premium plugin. -->","yoast_head_json":{"title":"El CEO de Pinterest lanza una app para realizar un autodiagn\u00f3stico por COVID-19 | Grazia M\u00e9xico y Latinoam\u00e9rica","description":"En tiempos de pandemia la tecnolog\u00eda ha ayudado, no solo a cient\u00edficos, sino tambi\u00e9n a personas que est\u00e1n en busca de un diagnostico r\u00e1pido.","robots":{"index":"index","follow":"follow","max-snippet":"max-snippet:-1","max-image-preview":"max-image-preview:large","max-video-preview":"max-video-preview:-1"},"canonical":"https:\/\/graziamagazine.com\/mx\/articles\/el-ceo-de-pinterest-lanza-una-app-para-realizar-un-autodiagnostico-por-covid-19\/","og_locale":"es_MX","og_type":"article","og_title":"El CEO de Pinterest lanza una app para realizar un autodiagn\u00f3stico por COVID-19","og_description":"En tiempos de pandemia la tecnolog\u00eda ha ayudado, no solo a cient\u00edficos, sino tambi\u00e9n a personas que est\u00e1n en busca de un diagnostico r\u00e1pido.","og_url":"https:\/\/graziamagazine.com\/mx\/articles\/el-ceo-de-pinterest-lanza-una-app-para-realizar-un-autodiagnostico-por-covid-19\/","og_site_name":"Grazia M\u00e9xico y Latinoam\u00e9rica","article_modified_time":"2020-04-30T15:55:24+00:00","og_image":[{"width":1890,"height":1260,"url":"https:\/\/graziamagazine.com\/mx\/wp-content\/uploads\/sites\/13\/2020\/04\/el-ceo-de-pinterest-lanza-una-app-para-realizar-un-autodiagnostico-por-covid-19-destacada.jpg?fit=1890%2C1260","type":"image\/jpeg"}],"twitter_card":"summary_large_image","twitter_misc":{"Est. reading time":"1 minuto"},"schema":{"@context":"https:\/\/schema.org","@graph":[{"@type":"WebPage","@id":"https:\/\/graziamagazine.com\/mx\/articles\/el-ceo-de-pinterest-lanza-una-app-para-realizar-un-autodiagnostico-por-covid-19\/","url":"https:\/\/graziamagazine.com\/mx\/articles\/el-ceo-de-pinterest-lanza-una-app-para-realizar-un-autodiagnostico-por-covid-19\/","name":"El CEO de Pinterest lanza una app para realizar un autodiagn\u00f3stico por COVID-19 | Grazia M\u00e9xico y Latinoam\u00e9rica","isPartOf":{"@id":"https:\/\/graziamagazine.com\/mx\/#website"},"datePublished":"2020-04-30T15:51:49+00:00","dateModified":"2020-04-30T15:55:24+00:00","description":"En tiempos de pandemia la tecnolog\u00eda ha ayudado, no solo a cient\u00edficos, sino tambi\u00e9n a personas que est\u00e1n en busca de un diagnostico r\u00e1pido.","breadcrumb":{"@id":"https:\/\/graziamagazine.com\/mx\/articles\/el-ceo-de-pinterest-lanza-una-app-para-realizar-un-autodiagnostico-por-covid-19\/#breadcrumb"},"inLanguage":"es-MX","potentialAction":[{"@type":"ReadAction","target":["https:\/\/graziamagazine.com\/mx\/articles\/el-ceo-de-pinterest-lanza-una-app-para-realizar-un-autodiagnostico-por-covid-19\/"]}]},{"@type":"BreadcrumbList","@id":"https:\/\/graziamagazine.com\/mx\/articles\/el-ceo-de-pinterest-lanza-una-app-para-realizar-un-autodiagnostico-por-covid-19\/#breadcrumb","itemListElement":[{"@type":"ListItem","position":1,"name":"Home","item":"https:\/\/graziamagazine.com\/mx\/"},{"@type":"ListItem","position":2,"name":"El CEO de Pinterest lanza una app para realizar un autodiagn\u00f3stico por COVID-19"}]},{"@type":"WebSite","@id":"https:\/\/graziamagazine.com\/mx\/#website","url":"https:\/\/graziamagazine.com\/mx\/","name":"Grazia M\u00e9xico y Latinoam\u00e9rica","description":"Grazia es moda, belleza y noticias  de actualidad ","potentialAction":[{"@type":"SearchAction","target":{"@type":"EntryPoint","urlTemplate":"https:\/\/graziamagazine.com\/mx\/?s={search_term_string}"},"query-input":"required name=search_term_string"}],"inLanguage":"es-MX"}]}},"jetpack_sharing_enabled":true,"distributor_meta":false,"distributor_terms":false,"distributor_media":false,"distributor_original_site_name":"Grazia M\u00e9xico y Latinoam\u00e9rica","distributor_original_site_url":"https:\/\/graziamagazine.com\/mx","push-errors":false,"_links":{"self":[{"href":"https:\/\/graziamagazine.com\/mx\/wp-json\/wp\/v2\/articles\/85291"}],"collection":[{"href":"https:\/\/graziamagazine.com\/mx\/wp-json\/wp\/v2\/articles"}],"about":[{"href":"https:\/\/graziamagazine.com\/mx\/wp-json\/wp\/v2\/types\/articles"}],"author":[{"embeddable":true,"href":"https:\/\/graziamagazine.com\/mx\/wp-json\/wp\/v2\/users\/11645"}],"wp:featuredmedia":[{"embeddable":true,"href":"https:\/\/graziamagazine.com\/mx\/wp-json\/wp\/v2\/media\/85342"}],"wp:attachment":[{"href":"https:\/\/graziamagazine.com\/mx\/wp-json\/wp\/v2\/media?parent=85291"}],"wp:term":[{"taxonomy":"category","embeddable":true,"href":"https:\/\/graziamagazine.com\/mx\/wp-json\/wp\/v2\/categories?post=85291"}],"curies":[{"name":"wp","href":"https:\/\/api.w.org\/{rel}","templated":true}]}}