{"id":85229,"date":"2020-04-28T14:23:25","date_gmt":"2020-04-28T19:23:25","guid":{"rendered":"https:\/\/graziamagazine.com\/mx\/?p=85229"},"modified":"2020-04-28T14:24:34","modified_gmt":"2020-04-28T19:24:34","slug":"asi-celebro-prince-harry-el-aniversario-75-de-la-serie-animada-thomas-friends","status":"publish","type":"articles","link":"https:\/\/graziamagazine.com\/mx\/articles\/asi-celebro-prince-harry-el-aniversario-75-de-la-serie-animada-thomas-friends\/","title":{"rendered":"As\u00ed celebr\u00f3 Prince Harry\u00a0el aniversario 75 de la serie animada Thomas &#038; Friends"},"content":{"rendered":"<p>Un nuevo episodio de\u00a0<em><strong>Thomas &amp; Friends: The Royal Engine, <\/strong><\/em>la serie animada, ser\u00e1 lanzado el viernes para conmemorar su aniversario n\u00famero 75. Para que fuera m\u00e1s especial la celebraci\u00f3n, Prince Harry grab\u00f3 un mensaje desde enero, donde se ve sentado junto a una chimenea, leyendo un libro con el mismo t\u00edtulo del cap\u00edtulo en cuesti\u00f3n.<\/p>\n<p>Este especial de 22 minutos cuenta una historia de nuevas aventuras con su abuela, la reina Elizabeth II, y su padre, Prince Charles y adem\u00e1s\u00a0incluye un tren real denominado\u00a0<em>Duchess of Loughborough <\/em>(Duquesa de\u00a0Loughborough), haciendo referencia a su esposa, Meghan Markle, pues este par visit\u00f3 la universidad de\u00a0Loughborough en septiembre hace dos a\u00f1os.<\/p>\n<p>Este episodio fue grabado en enero de este a\u00f1o, aunque nadie sabe si la monarca brit\u00e1nica y su hijo autorizaron que su nombre y su imagen se usaran en \u00e9l. Y as\u00ed como reporta <a href=\"https:\/\/www.dailymail.co.uk\/news\/article-8263449\/Prince-Harry-records-message-Thomas-Tank-Engine.html\" target=\"_blank\" rel=\"noopener\" target=\"_blank\"><em>Daily Mail<\/em><\/a>, el Palacio de Buckingham se neg\u00f3 a declarar algo al respecto. Ya veremos qu\u00e9 dice la monarca estos d\u00edas&#8230;<\/p>\n<p><img decoding=\"async\" src=\"https:\/\/media.giphy.com\/media\/e3TgADRJEK82Q\/giphy.gif\" \/><\/p>\n<p>Por otro lado, seg\u00fan <a href=\"https:\/\/edition.cnn.com\/2020\/04\/28\/entertainment\/prince-harry-thomas-friends-scli-intl\/index.html\" target=\"_blank\" rel=\"noopener\" target=\"_blank\"><em>CNN<\/em><\/a>, en un comunicado emitido por Mattel, se coment\u00f3 que el hijo menor de Lady Diana era fan\u00e1tico de la serie animada cuando era ni\u00f1o.\u00a0&#8220;<em>Thomas the Tank Engine<\/em> ha sido una cara familiar y reconfortante para muchas familias durante estos 75 a\u00f1os, entreteniendo, educando e inspirando a a los ni\u00f1os en problemas importantes a trav\u00e9s de historias y personajes emocionantes.<\/p>\n<div class=\"zn-body__paragraph\">&#8220;Thomas the Tank Engine has been a comforting, familiar face to so many families over the last 75 years &#8212; entertaining, educating and inspiring children on important issues through exciting stories and characters. Tengo buenos recuerdos de haber crecido con <em>Thomas &amp; Friends\u00a0<\/em>y haberme transportado a nuevos lugares a trav\u00e9s de sus aventuras&#8221;, coment\u00f3.<\/div>\n<p>Adem\u00e1s, agreg\u00f3 que se siento honrado de haber formado parte del proyecto, y seg\u00fan los reportes, el acuerdo es que las ganancias del nuevo episodio ir\u00e1n directamente a proyectos de medio ambiente y sostenibilidad dentro de <a href=\"https:\/\/travalyst.org\/\" target=\"_blank\" rel=\"noopener\" target=\"_blank\"><em>Travalyst<\/em><\/a>, una iniciativa que cre\u00f3 Harry con el fin de cambiar para bien el impacto en el medio ambiente que causan los viajes.<\/p>\n<p>Por otro lado, Harry anunci\u00f3 esta semana su primer proyecto despu\u00e9s de Megxit. Se trata de\u00a0<a href=\"https:\/\/headfit.org\/home\/\" target=\"_blank\" rel=\"noopener\" target=\"_blank\">HeadFIT<\/a>, un programa que brindar\u00e1 apoyo 24\/7 al personal militar de Reino Unido con respecto a salud mental.<\/p>\n<h5><em>*IMAGEN: Getty Images<\/em><\/h5>\n","protected":false},"author":11656,"featured_media":85257,"template":"","format":"standard","categories":[2],"acf":[],"yoast_head":"<!-- This site is optimized with the Yoast SEO Premium plugin v18.5 (Yoast SEO v20.4) - https:\/\/yoast.com\/wordpress\/plugins\/seo\/ -->\n<title>As\u00ed celebr\u00f3 Prince Harry\u00a0el aniversario 75 de la serie animada Thomas &amp; Friends | Grazia M\u00e9xico y Latinoam\u00e9rica<\/title>\n<meta name=\"description\" content=\"Thomas &amp; Friends lanzar\u00e1 un nuevo cap\u00edtulo por su aniversario 75 donde la reina Elizabeth y Prince Charles son protagonistas y as\u00ed lo celebra Prince Harry.\" \/>\n<meta name=\"robots\" content=\"index, follow, max-snippet:-1, max-image-preview:large, max-video-preview:-1\" \/>\n<link rel=\"canonical\" href=\"https:\/\/graziamagazine.com\/mx\/articles\/asi-celebro-prince-harry-el-aniversario-75-de-la-serie-animada-thomas-friends\/\" \/>\n<meta property=\"og:locale\" content=\"es_MX\" \/>\n<meta property=\"og:type\" content=\"article\" \/>\n<meta property=\"og:title\" content=\"As\u00ed celebr\u00f3 Prince Harry\u00a0el aniversario 75 de la serie animada Thomas &amp; Friends\" \/>\n<meta property=\"og:description\" content=\"Thomas &amp; Friends lanzar\u00e1 un nuevo cap\u00edtulo por su aniversario 75 donde la reina Elizabeth y Prince Charles son protagonistas y as\u00ed lo celebra Prince Harry.\" \/>\n<meta property=\"og:url\" content=\"https:\/\/graziamagazine.com\/mx\/articles\/asi-celebro-prince-harry-el-aniversario-75-de-la-serie-animada-thomas-friends\/\" \/>\n<meta property=\"og:site_name\" content=\"Grazia M\u00e9xico y Latinoam\u00e9rica\" \/>\n<meta property=\"article:modified_time\" content=\"2020-04-28T19:24:34+00:00\" \/>\n<meta property=\"og:image\" content=\"https:\/\/graziamagazine.com\/mx\/wp-content\/uploads\/sites\/13\/2020\/04\/prince-harry-getty.jpg?fit=675%2C379\" \/>\n\t<meta property=\"og:image:width\" content=\"675\" \/>\n\t<meta property=\"og:image:height\" content=\"379\" \/>\n\t<meta property=\"og:image:type\" content=\"image\/jpeg\" \/>\n<meta name=\"twitter:card\" content=\"summary_large_image\" \/>\n<meta name=\"twitter:label1\" content=\"Est. reading time\" \/>\n\t<meta name=\"twitter:data1\" content=\"2 minutos\" \/>\n<script type=\"application\/ld+json\" class=\"yoast-schema-graph\">{\"@context\":\"https:\/\/schema.org\",\"@graph\":[{\"@type\":\"WebPage\",\"@id\":\"https:\/\/graziamagazine.com\/mx\/articles\/asi-celebro-prince-harry-el-aniversario-75-de-la-serie-animada-thomas-friends\/\",\"url\":\"https:\/\/graziamagazine.com\/mx\/articles\/asi-celebro-prince-harry-el-aniversario-75-de-la-serie-animada-thomas-friends\/\",\"name\":\"As\u00ed celebr\u00f3 Prince Harry\u00a0el aniversario 75 de la serie animada Thomas & Friends | Grazia M\u00e9xico y Latinoam\u00e9rica\",\"isPartOf\":{\"@id\":\"https:\/\/graziamagazine.com\/mx\/#website\"},\"datePublished\":\"2020-04-28T19:23:25+00:00\",\"dateModified\":\"2020-04-28T19:24:34+00:00\",\"description\":\"Thomas & Friends lanzar\u00e1 un nuevo cap\u00edtulo por su aniversario 75 donde la reina Elizabeth y Prince Charles son protagonistas y as\u00ed lo celebra Prince Harry.\",\"breadcrumb\":{\"@id\":\"https:\/\/graziamagazine.com\/mx\/articles\/asi-celebro-prince-harry-el-aniversario-75-de-la-serie-animada-thomas-friends\/#breadcrumb\"},\"inLanguage\":\"es-MX\",\"potentialAction\":[{\"@type\":\"ReadAction\",\"target\":[\"https:\/\/graziamagazine.com\/mx\/articles\/asi-celebro-prince-harry-el-aniversario-75-de-la-serie-animada-thomas-friends\/\"]}]},{\"@type\":\"BreadcrumbList\",\"@id\":\"https:\/\/graziamagazine.com\/mx\/articles\/asi-celebro-prince-harry-el-aniversario-75-de-la-serie-animada-thomas-friends\/#breadcrumb\",\"itemListElement\":[{\"@type\":\"ListItem\",\"position\":1,\"name\":\"Home\",\"item\":\"https:\/\/graziamagazine.com\/mx\/\"},{\"@type\":\"ListItem\",\"position\":2,\"name\":\"As\u00ed celebr\u00f3 Prince Harry\u00a0el aniversario 75 de la serie animada Thomas &#038; Friends\"}]},{\"@type\":\"WebSite\",\"@id\":\"https:\/\/graziamagazine.com\/mx\/#website\",\"url\":\"https:\/\/graziamagazine.com\/mx\/\",\"name\":\"Grazia M\u00e9xico y Latinoam\u00e9rica\",\"description\":\"Grazia es moda, belleza y noticias  de actualidad \",\"potentialAction\":[{\"@type\":\"SearchAction\",\"target\":{\"@type\":\"EntryPoint\",\"urlTemplate\":\"https:\/\/graziamagazine.com\/mx\/?s={search_term_string}\"},\"query-input\":\"required name=search_term_string\"}],\"inLanguage\":\"es-MX\"}]}<\/script>\n<!-- \/ Yoast SEO Premium plugin. -->","yoast_head_json":{"title":"As\u00ed celebr\u00f3 Prince Harry\u00a0el aniversario 75 de la serie animada Thomas & Friends | Grazia M\u00e9xico y Latinoam\u00e9rica","description":"Thomas & Friends lanzar\u00e1 un nuevo cap\u00edtulo por su aniversario 75 donde la reina Elizabeth y Prince Charles son protagonistas y as\u00ed lo celebra Prince Harry.","robots":{"index":"index","follow":"follow","max-snippet":"max-snippet:-1","max-image-preview":"max-image-preview:large","max-video-preview":"max-video-preview:-1"},"canonical":"https:\/\/graziamagazine.com\/mx\/articles\/asi-celebro-prince-harry-el-aniversario-75-de-la-serie-animada-thomas-friends\/","og_locale":"es_MX","og_type":"article","og_title":"As\u00ed celebr\u00f3 Prince Harry\u00a0el aniversario 75 de la serie animada Thomas & Friends","og_description":"Thomas & Friends lanzar\u00e1 un nuevo cap\u00edtulo por su aniversario 75 donde la reina Elizabeth y Prince Charles son protagonistas y as\u00ed lo celebra Prince Harry.","og_url":"https:\/\/graziamagazine.com\/mx\/articles\/asi-celebro-prince-harry-el-aniversario-75-de-la-serie-animada-thomas-friends\/","og_site_name":"Grazia M\u00e9xico y Latinoam\u00e9rica","article_modified_time":"2020-04-28T19:24:34+00:00","og_image":[{"width":675,"height":379,"url":"https:\/\/graziamagazine.com\/mx\/wp-content\/uploads\/sites\/13\/2020\/04\/prince-harry-getty.jpg?fit=675%2C379","type":"image\/jpeg"}],"twitter_card":"summary_large_image","twitter_misc":{"Est. reading time":"2 minutos"},"schema":{"@context":"https:\/\/schema.org","@graph":[{"@type":"WebPage","@id":"https:\/\/graziamagazine.com\/mx\/articles\/asi-celebro-prince-harry-el-aniversario-75-de-la-serie-animada-thomas-friends\/","url":"https:\/\/graziamagazine.com\/mx\/articles\/asi-celebro-prince-harry-el-aniversario-75-de-la-serie-animada-thomas-friends\/","name":"As\u00ed celebr\u00f3 Prince Harry\u00a0el aniversario 75 de la serie animada Thomas & Friends | Grazia M\u00e9xico y Latinoam\u00e9rica","isPartOf":{"@id":"https:\/\/graziamagazine.com\/mx\/#website"},"datePublished":"2020-04-28T19:23:25+00:00","dateModified":"2020-04-28T19:24:34+00:00","description":"Thomas & Friends lanzar\u00e1 un nuevo cap\u00edtulo por su aniversario 75 donde la reina Elizabeth y Prince Charles son protagonistas y as\u00ed lo celebra Prince Harry.","breadcrumb":{"@id":"https:\/\/graziamagazine.com\/mx\/articles\/asi-celebro-prince-harry-el-aniversario-75-de-la-serie-animada-thomas-friends\/#breadcrumb"},"inLanguage":"es-MX","potentialAction":[{"@type":"ReadAction","target":["https:\/\/graziamagazine.com\/mx\/articles\/asi-celebro-prince-harry-el-aniversario-75-de-la-serie-animada-thomas-friends\/"]}]},{"@type":"BreadcrumbList","@id":"https:\/\/graziamagazine.com\/mx\/articles\/asi-celebro-prince-harry-el-aniversario-75-de-la-serie-animada-thomas-friends\/#breadcrumb","itemListElement":[{"@type":"ListItem","position":1,"name":"Home","item":"https:\/\/graziamagazine.com\/mx\/"},{"@type":"ListItem","position":2,"name":"As\u00ed celebr\u00f3 Prince Harry\u00a0el aniversario 75 de la serie animada Thomas &#038; Friends"}]},{"@type":"WebSite","@id":"https:\/\/graziamagazine.com\/mx\/#website","url":"https:\/\/graziamagazine.com\/mx\/","name":"Grazia M\u00e9xico y Latinoam\u00e9rica","description":"Grazia es moda, belleza y noticias  de actualidad ","potentialAction":[{"@type":"SearchAction","target":{"@type":"EntryPoint","urlTemplate":"https:\/\/graziamagazine.com\/mx\/?s={search_term_string}"},"query-input":"required name=search_term_string"}],"inLanguage":"es-MX"}]}},"jetpack_sharing_enabled":true,"distributor_meta":false,"distributor_terms":false,"distributor_media":false,"distributor_original_site_name":"Grazia M\u00e9xico y Latinoam\u00e9rica","distributor_original_site_url":"https:\/\/graziamagazine.com\/mx","push-errors":false,"_links":{"self":[{"href":"https:\/\/graziamagazine.com\/mx\/wp-json\/wp\/v2\/articles\/85229"}],"collection":[{"href":"https:\/\/graziamagazine.com\/mx\/wp-json\/wp\/v2\/articles"}],"about":[{"href":"https:\/\/graziamagazine.com\/mx\/wp-json\/wp\/v2\/types\/articles"}],"author":[{"embeddable":true,"href":"https:\/\/graziamagazine.com\/mx\/wp-json\/wp\/v2\/users\/11656"}],"wp:featuredmedia":[{"embeddable":true,"href":"https:\/\/graziamagazine.com\/mx\/wp-json\/wp\/v2\/media\/85257"}],"wp:attachment":[{"href":"https:\/\/graziamagazine.com\/mx\/wp-json\/wp\/v2\/media?parent=85229"}],"wp:term":[{"taxonomy":"category","embeddable":true,"href":"https:\/\/graziamagazine.com\/mx\/wp-json\/wp\/v2\/categories?post=85229"}],"curies":[{"name":"wp","href":"https:\/\/api.w.org\/{rel}","templated":true}]}}