{"id":85216,"date":"2020-04-28T10:42:50","date_gmt":"2020-04-28T15:42:50","guid":{"rendered":"https:\/\/graziamagazine.com\/mx\/?p=85216"},"modified":"2020-04-28T10:47:25","modified_gmt":"2020-04-28T15:47:25","slug":"julie-andrews-estaria-feliz-de-regresar-a-la-pantalla-grande-con-the-princess-diaries-3","status":"publish","type":"articles","link":"https:\/\/graziamagazine.com\/mx\/articles\/julie-andrews-estaria-feliz-de-regresar-a-la-pantalla-grande-con-the-princess-diaries-3\/","title":{"rendered":"Julie Andrews estar\u00eda feliz de regresar a la pantalla grande con The Princess Diaries 3"},"content":{"rendered":"<p>Como sabes, <strong><em>The Princess Diaries<\/em><\/strong> \u2014nuestra pel\u00edcula favorita de los 2000\u2014 es protagonizada por<strong> Anne Hatahway y Julie Andrews<\/strong>, quienes interpretan a <strong>Mia Thermopolis<\/strong> y su abuela\u00a0<strong>Clarisse Renaldi<\/strong>, reina de Genovia. Este filme se estren\u00f3 en 2001 siendo todo un \u00e9xito y su secuela se lanz\u00f3 tres a\u00f1os despu\u00e9s, en 2004, cuando Mia se enamora de Nicholas, encarnado por Chris Pine.<\/p>\n<p>Muchos disfrutamos much\u00edsimo ese filme lleno de emoci\u00f3n que hoy recordamos con nostalgia, pero la buena noticia es que muy pronto regresar\u00e1 con una tercera parte para la que Julie ya est\u00e1 m\u00e1s que lista.<\/p>\n<p><img decoding=\"async\" src=\"https:\/\/media.giphy.com\/media\/qH3n13KWYgM9i\/giphy.gif\" \/><\/p>\n<p>La actriz que tambi\u00e9n da vida a Mary Poppins en la cinta de 1964, tuvo una conversaci\u00f3n con <em>The Talk <\/em>de<em> CBS <\/em>seg\u00fan los reportes de\u00a0<a href=\"https:\/\/people.com\/movies\/julie-andrews-isnt-sure-its-the-right-timing-for-princess-diaries-3-im-old-and-crotchety\/\" target=\"_blank\" rel=\"noopener\" target=\"_blank\"><em>People<\/em><\/a>, donde revel\u00f3 que no ha escuchado de planes concretos para la pel\u00edcula. &#8220;Hace mucho que no se habla de eso, pero nada ha estado en mi escritorio o algo parecido&#8221;, dijo la actriz sobre una posible tercera parte. &#8220;Creo que lo har\u00eda. Me estoy volviendo vieja e irritable. No s\u00e9 si sea el momento adecuado, pero creo que trabajar con Annie otra vez ser\u00eda encantador. Y s\u00ed, seguro que estar\u00eda dispuesta a hacerlo. Creo que deber\u00edamos esperar a ver si llega el gui\u00f3n, solo esperar eso&#8221;, agreg\u00f3.<\/p>\n<p>Hace un a\u00f1o, la brit\u00e1nica dijo en\u00a0<em>Entertainment Tonight <\/em>que le encantar\u00eda participar en una secuela. &#8220;Si Anne quiere que sea yo&#8221;, comparti\u00f3.\u00a0Por otro lado, ese mismo a\u00f1o Anne Hathaway revel\u00f3 en\u00a0<em>Watch What Happens Live\u00a0<\/em>que un gui\u00f3n para la tercera parte ya estaba escrito. Y s\u00ed, tambi\u00e9n coment\u00f3 que esta nueva entrega podr\u00eda incluir a Julie.<\/p>\n<p>A nosotras nos encantar\u00eda ver una tercera parte donde Andrews le de vida a la reina Clarisse. \u00bfY a ti?<\/p>\n<h5><em>*IMAGEN: Film Still The Princess Diaries<\/em><\/h5>\n","protected":false},"author":11656,"featured_media":85223,"template":"","format":"standard","categories":[2],"acf":[],"yoast_head":"<!-- This site is optimized with the Yoast SEO Premium plugin v18.5 (Yoast SEO v20.4) - https:\/\/yoast.com\/wordpress\/plugins\/seo\/ -->\n<title>Julie Andrews estar\u00eda feliz de regresar a la pantalla grande con The Princess Diaries 3 | Grazia M\u00e9xico y Latinoam\u00e9rica<\/title>\n<meta name=\"description\" content=\"Julie Andrews revel\u00f3 en una entrevista que le gustar\u00eda participar en la tercera parte de The Princess Diaries, aunque siente que ahora no es el momento.\" \/>\n<meta name=\"robots\" content=\"index, follow, max-snippet:-1, max-image-preview:large, max-video-preview:-1\" \/>\n<link rel=\"canonical\" href=\"https:\/\/graziamagazine.com\/mx\/articles\/julie-andrews-estaria-feliz-de-regresar-a-la-pantalla-grande-con-the-princess-diaries-3\/\" \/>\n<meta property=\"og:locale\" content=\"es_MX\" \/>\n<meta property=\"og:type\" content=\"article\" \/>\n<meta property=\"og:title\" content=\"Julie Andrews estar\u00eda feliz de regresar a la pantalla grande con The Princess Diaries 3\" \/>\n<meta property=\"og:description\" content=\"Julie Andrews revel\u00f3 en una entrevista que le gustar\u00eda participar en la tercera parte de The Princess Diaries, aunque siente que ahora no es el momento.\" \/>\n<meta property=\"og:url\" content=\"https:\/\/graziamagazine.com\/mx\/articles\/julie-andrews-estaria-feliz-de-regresar-a-la-pantalla-grande-con-the-princess-diaries-3\/\" \/>\n<meta property=\"og:site_name\" content=\"Grazia M\u00e9xico y Latinoam\u00e9rica\" \/>\n<meta property=\"article:modified_time\" content=\"2020-04-28T15:47:25+00:00\" \/>\n<meta property=\"og:image\" content=\"https:\/\/graziamagazine.com\/mx\/wp-content\/uploads\/sites\/13\/2020\/04\/julie-andrews-estaria-feliz-de-regresar-a-la-pantalla-grande-con-the-princess-diaries-3-destacada.png?fit=1000%2C615\" \/>\n\t<meta property=\"og:image:width\" content=\"1000\" \/>\n\t<meta property=\"og:image:height\" content=\"615\" \/>\n\t<meta property=\"og:image:type\" content=\"image\/png\" \/>\n<meta name=\"twitter:card\" content=\"summary_large_image\" \/>\n<meta name=\"twitter:label1\" content=\"Est. reading time\" \/>\n\t<meta name=\"twitter:data1\" content=\"2 minutos\" \/>\n<script type=\"application\/ld+json\" class=\"yoast-schema-graph\">{\"@context\":\"https:\/\/schema.org\",\"@graph\":[{\"@type\":\"WebPage\",\"@id\":\"https:\/\/graziamagazine.com\/mx\/articles\/julie-andrews-estaria-feliz-de-regresar-a-la-pantalla-grande-con-the-princess-diaries-3\/\",\"url\":\"https:\/\/graziamagazine.com\/mx\/articles\/julie-andrews-estaria-feliz-de-regresar-a-la-pantalla-grande-con-the-princess-diaries-3\/\",\"name\":\"Julie Andrews estar\u00eda feliz de regresar a la pantalla grande con The Princess Diaries 3 | Grazia M\u00e9xico y Latinoam\u00e9rica\",\"isPartOf\":{\"@id\":\"https:\/\/graziamagazine.com\/mx\/#website\"},\"datePublished\":\"2020-04-28T15:42:50+00:00\",\"dateModified\":\"2020-04-28T15:47:25+00:00\",\"description\":\"Julie Andrews revel\u00f3 en una entrevista que le gustar\u00eda participar en la tercera parte de The Princess Diaries, aunque siente que ahora no es el momento.\",\"breadcrumb\":{\"@id\":\"https:\/\/graziamagazine.com\/mx\/articles\/julie-andrews-estaria-feliz-de-regresar-a-la-pantalla-grande-con-the-princess-diaries-3\/#breadcrumb\"},\"inLanguage\":\"es-MX\",\"potentialAction\":[{\"@type\":\"ReadAction\",\"target\":[\"https:\/\/graziamagazine.com\/mx\/articles\/julie-andrews-estaria-feliz-de-regresar-a-la-pantalla-grande-con-the-princess-diaries-3\/\"]}]},{\"@type\":\"BreadcrumbList\",\"@id\":\"https:\/\/graziamagazine.com\/mx\/articles\/julie-andrews-estaria-feliz-de-regresar-a-la-pantalla-grande-con-the-princess-diaries-3\/#breadcrumb\",\"itemListElement\":[{\"@type\":\"ListItem\",\"position\":1,\"name\":\"Home\",\"item\":\"https:\/\/graziamagazine.com\/mx\/\"},{\"@type\":\"ListItem\",\"position\":2,\"name\":\"Julie Andrews estar\u00eda feliz de regresar a la pantalla grande con The Princess Diaries 3\"}]},{\"@type\":\"WebSite\",\"@id\":\"https:\/\/graziamagazine.com\/mx\/#website\",\"url\":\"https:\/\/graziamagazine.com\/mx\/\",\"name\":\"Grazia M\u00e9xico y Latinoam\u00e9rica\",\"description\":\"Grazia es moda, belleza y noticias  de actualidad \",\"potentialAction\":[{\"@type\":\"SearchAction\",\"target\":{\"@type\":\"EntryPoint\",\"urlTemplate\":\"https:\/\/graziamagazine.com\/mx\/?s={search_term_string}\"},\"query-input\":\"required name=search_term_string\"}],\"inLanguage\":\"es-MX\"}]}<\/script>\n<!-- \/ Yoast SEO Premium plugin. -->","yoast_head_json":{"title":"Julie Andrews estar\u00eda feliz de regresar a la pantalla grande con The Princess Diaries 3 | Grazia M\u00e9xico y Latinoam\u00e9rica","description":"Julie Andrews revel\u00f3 en una entrevista que le gustar\u00eda participar en la tercera parte de The Princess Diaries, aunque siente que ahora no es el momento.","robots":{"index":"index","follow":"follow","max-snippet":"max-snippet:-1","max-image-preview":"max-image-preview:large","max-video-preview":"max-video-preview:-1"},"canonical":"https:\/\/graziamagazine.com\/mx\/articles\/julie-andrews-estaria-feliz-de-regresar-a-la-pantalla-grande-con-the-princess-diaries-3\/","og_locale":"es_MX","og_type":"article","og_title":"Julie Andrews estar\u00eda feliz de regresar a la pantalla grande con The Princess Diaries 3","og_description":"Julie Andrews revel\u00f3 en una entrevista que le gustar\u00eda participar en la tercera parte de The Princess Diaries, aunque siente que ahora no es el momento.","og_url":"https:\/\/graziamagazine.com\/mx\/articles\/julie-andrews-estaria-feliz-de-regresar-a-la-pantalla-grande-con-the-princess-diaries-3\/","og_site_name":"Grazia M\u00e9xico y Latinoam\u00e9rica","article_modified_time":"2020-04-28T15:47:25+00:00","og_image":[{"width":1000,"height":615,"url":"https:\/\/graziamagazine.com\/mx\/wp-content\/uploads\/sites\/13\/2020\/04\/julie-andrews-estaria-feliz-de-regresar-a-la-pantalla-grande-con-the-princess-diaries-3-destacada.png?fit=1000%2C615","type":"image\/png"}],"twitter_card":"summary_large_image","twitter_misc":{"Est. reading time":"2 minutos"},"schema":{"@context":"https:\/\/schema.org","@graph":[{"@type":"WebPage","@id":"https:\/\/graziamagazine.com\/mx\/articles\/julie-andrews-estaria-feliz-de-regresar-a-la-pantalla-grande-con-the-princess-diaries-3\/","url":"https:\/\/graziamagazine.com\/mx\/articles\/julie-andrews-estaria-feliz-de-regresar-a-la-pantalla-grande-con-the-princess-diaries-3\/","name":"Julie Andrews estar\u00eda feliz de regresar a la pantalla grande con The Princess Diaries 3 | Grazia M\u00e9xico y Latinoam\u00e9rica","isPartOf":{"@id":"https:\/\/graziamagazine.com\/mx\/#website"},"datePublished":"2020-04-28T15:42:50+00:00","dateModified":"2020-04-28T15:47:25+00:00","description":"Julie Andrews revel\u00f3 en una entrevista que le gustar\u00eda participar en la tercera parte de The Princess Diaries, aunque siente que ahora no es el momento.","breadcrumb":{"@id":"https:\/\/graziamagazine.com\/mx\/articles\/julie-andrews-estaria-feliz-de-regresar-a-la-pantalla-grande-con-the-princess-diaries-3\/#breadcrumb"},"inLanguage":"es-MX","potentialAction":[{"@type":"ReadAction","target":["https:\/\/graziamagazine.com\/mx\/articles\/julie-andrews-estaria-feliz-de-regresar-a-la-pantalla-grande-con-the-princess-diaries-3\/"]}]},{"@type":"BreadcrumbList","@id":"https:\/\/graziamagazine.com\/mx\/articles\/julie-andrews-estaria-feliz-de-regresar-a-la-pantalla-grande-con-the-princess-diaries-3\/#breadcrumb","itemListElement":[{"@type":"ListItem","position":1,"name":"Home","item":"https:\/\/graziamagazine.com\/mx\/"},{"@type":"ListItem","position":2,"name":"Julie Andrews estar\u00eda feliz de regresar a la pantalla grande con The Princess Diaries 3"}]},{"@type":"WebSite","@id":"https:\/\/graziamagazine.com\/mx\/#website","url":"https:\/\/graziamagazine.com\/mx\/","name":"Grazia M\u00e9xico y Latinoam\u00e9rica","description":"Grazia es moda, belleza y noticias  de actualidad ","potentialAction":[{"@type":"SearchAction","target":{"@type":"EntryPoint","urlTemplate":"https:\/\/graziamagazine.com\/mx\/?s={search_term_string}"},"query-input":"required name=search_term_string"}],"inLanguage":"es-MX"}]}},"jetpack_sharing_enabled":true,"distributor_meta":false,"distributor_terms":false,"distributor_media":false,"distributor_original_site_name":"Grazia M\u00e9xico y Latinoam\u00e9rica","distributor_original_site_url":"https:\/\/graziamagazine.com\/mx","push-errors":false,"_links":{"self":[{"href":"https:\/\/graziamagazine.com\/mx\/wp-json\/wp\/v2\/articles\/85216"}],"collection":[{"href":"https:\/\/graziamagazine.com\/mx\/wp-json\/wp\/v2\/articles"}],"about":[{"href":"https:\/\/graziamagazine.com\/mx\/wp-json\/wp\/v2\/types\/articles"}],"author":[{"embeddable":true,"href":"https:\/\/graziamagazine.com\/mx\/wp-json\/wp\/v2\/users\/11656"}],"wp:featuredmedia":[{"embeddable":true,"href":"https:\/\/graziamagazine.com\/mx\/wp-json\/wp\/v2\/media\/85223"}],"wp:attachment":[{"href":"https:\/\/graziamagazine.com\/mx\/wp-json\/wp\/v2\/media?parent=85216"}],"wp:term":[{"taxonomy":"category","embeddable":true,"href":"https:\/\/graziamagazine.com\/mx\/wp-json\/wp\/v2\/categories?post=85216"}],"curies":[{"name":"wp","href":"https:\/\/api.w.org\/{rel}","templated":true}]}}